{"id":602,"date":"2025-10-31T23:13:17","date_gmt":"2025-10-31T23:13:17","guid":{"rendered":"https:\/\/www.africascoop.net\/?p=602"},"modified":"2025-10-31T23:20:23","modified_gmt":"2025-10-31T23:20:23","slug":"dakar-le-reji-reunit-experts-et-journalistes-autour-des-defis-de-linformation-en-contexte-de-crise-securitaire","status":"publish","type":"post","link":"https:\/\/www.africascoop.net\/index.php\/2025\/10\/31\/dakar-le-reji-reunit-experts-et-journalistes-autour-des-defis-de-linformation-en-contexte-de-crise-securitaire\/","title":{"rendered":"DAKAR\u00a0: \u00a0Le REJI r\u00e9unit experts et journalistes autour des d\u00e9fis de l\u2019information en contexte de crise s\u00e9curitaire"},"content":{"rendered":"\n<figure class=\"wp-block-image size-large\"><img loading=\"lazy\" decoding=\"async\" width=\"1024\" height=\"576\" src=\"https:\/\/www.africascoop.net\/wp-content\/uploads\/2025\/10\/Sans-titre-2-copie-21-1024x576.jpg\" alt=\"\" class=\"wp-image-603\" srcset=\"https:\/\/www.africascoop.net\/wp-content\/uploads\/2025\/10\/Sans-titre-2-copie-21-1024x576.jpg 1024w, https:\/\/www.africascoop.net\/wp-content\/uploads\/2025\/10\/Sans-titre-2-copie-21-300x169.jpg 300w, https:\/\/www.africascoop.net\/wp-content\/uploads\/2025\/10\/Sans-titre-2-copie-21-768x432.jpg 768w, https:\/\/www.africascoop.net\/wp-content\/uploads\/2025\/10\/Sans-titre-2-copie-21.jpg 1366w\" sizes=\"auto, (max-width: 1024px) 100vw, 1024px\" \/><\/figure>\n\n\n\n<p><strong><em>Le R\u00e9seau Dupont-Verlon pour le journalisme d\u2019investigation a organis\u00e9 ce vendredi 31 octobre 2025, sa conf\u00e9rence annuelle sur le th\u00e8me \u00ab Conflits et terrorisme en Afrique : les d\u00e9fis des journalistes \u00bb. Cette rencontre riche en analyses et en t\u00e9moignages a \u00e9t\u00e9 marqu\u00e9e par un panel, anim\u00e9 par des figures reconnues du monde m\u00e9diatique. Il s\u00b4agit de\u00a0: Sadibou Marong de Reporters sans fronti\u00e8res (RSF), Bilal Tairou de l\u2019AFCA et Mouminy Camara du CESTI.<\/em><\/strong><\/p>\n\n\n\n<p>La rencontre a d\u00e9but\u00e9 par une br\u00e8ve c\u00e9r\u00e9monie d\u2019ouverture, marqu\u00e9e par les interventions de la pr\u00e9sidente du REJI, du repr\u00e9sentant de la Convention des journalistes reporters du S\u00e9n\u00e9gal, du repr\u00e9sentant du CESTI et du pr\u00e9sident de la Maison de la Presse.<\/p>\n\n\n\n<p>D\u00e8s l\u2019ouverture des d\u00e9bats, le ton \u00e9tait donn\u00e9 par le repr\u00e9sentant de Reporters sans fronti\u00e8res (RSF), Sadibou Marong, qui a tir\u00e9 la sonnette d\u2019alarme sur le niveau inqui\u00e9tant de la libert\u00e9 d\u2019expression en Afrique, en prenant l\u2019exemple de l\u2019\u00c9rythr\u00e9e, class\u00e9e derni\u00e8re au classement mondial de la libert\u00e9 de la presse (180e place). Selon lui, dans de nombreux pays africains, les journalistes exercent leur m\u00e9tier dans des conditions particuli\u00e8rement difficiles.<br>Abordant la situation du Sahel, M. Marong a soulign\u00e9 que celle-ci \u00ab n\u2019est pas facile \u00bb et que \u00ab l\u2019Alliance des \u00c9tats du Sahel (AES) tente de contr\u00f4ler le narratif \u00bb.<\/p>\n\n\n\n<p>De son c\u00f4t\u00e9, Mouminy Camara a insist\u00e9 sur l\u2019importance de la formation par les pairs, estimant que \u00ab les journalistes doivent aller sur le terrain et s\u2019auto\u00e9valuer \u00bb. Il a \u00e9galement mis en avant la n\u00e9cessit\u00e9 d\u2019une formation de qualit\u00e9 et de l\u2019ind\u00e9pendance dans le traitement de l\u2019information, gages de s\u00e9curit\u00e9 et de professionnalisme pour les journalistes.<\/p>\n\n\n\n<p>Pour sa part, Bilal Tairou de l\u2019AFCA a abord\u00e9 la question sous l\u2019angle de la d\u00e9sinformation et de l\u2019importance du fact-checking. Selon lui, cette pratique permet de lutter efficacement contre la m\u00e9sinformation. Il a plaid\u00e9 pour une meilleure formation et un accompagnement par le mentorat, indispensables pour promouvoir un journalisme de qualit\u00e9, ajoutant que \u00ab la guerre des narratifs se joue aujourd\u2019hui sur les r\u00e9seaux sociaux \u00bb.<\/p>\n\n\n\n<p>Les \u00e9changes se sont achev\u00e9s sur un appel fort \u00e0 la solidarit\u00e9 entre professionnels et \u00e0 la protection accrue de la presse africaine. Dans un continent o\u00f9 la v\u00e9rit\u00e9 est souvent mise en danger, le journalisme d\u2019investigation reste plus que jamais une arme pacifique pour d\u00e9fendre la libert\u00e9 et la justice.<\/p>\n\n\n\n<p><strong>Par Djibrilla Tour\u00e9<\/strong><\/p>\n","protected":false},"excerpt":{"rendered":"<p>Le R\u00e9seau Dupont-Verlon pour le journalisme d\u2019investigation a organis\u00e9 ce vendredi 31 octobre 2025, sa conf\u00e9rence annuelle sur<\/p>\n","protected":false},"author":3,"featured_media":0,"comment_status":"open","ping_status":"open","sticky":false,"template":"","format":"standard","meta":{"footnotes":""},"categories":[4,36],"tags":[],"class_list":["post-602","post","type-post","status-publish","format-standard","hentry","category-a-la-une","category-exclusif"],"yoast_head":"<!-- This site is optimized with the Yoast SEO plugin v26.0 - https:\/\/yoast.com\/wordpress\/plugins\/seo\/ -->\n<title>DAKAR\u00a0: \u00a0Le REJI r\u00e9unit experts et journalistes autour des d\u00e9fis de l\u2019information en contexte de crise s\u00e9curitaire - Actualit\u00e9s Africaines<\/title>\n<meta name=\"robots\" content=\"index, follow, max-snippet:-1, max-image-preview:large, max-video-preview:-1\" \/>\n<link rel=\"canonical\" href=\"https:\/\/www.africascoop.net\/index.php\/2025\/10\/31\/dakar-le-reji-reunit-experts-et-journalistes-autour-des-defis-de-linformation-en-contexte-de-crise-securitaire\/\" \/>\n<meta property=\"og:locale\" content=\"fr_FR\" \/>\n<meta property=\"og:type\" content=\"article\" \/>\n<meta property=\"og:title\" content=\"DAKAR\u00a0: \u00a0Le REJI r\u00e9unit experts et journalistes autour des d\u00e9fis de l\u2019information en contexte de crise s\u00e9curitaire - Actualit\u00e9s Africaines\" \/>\n<meta property=\"og:description\" content=\"Le R\u00e9seau Dupont-Verlon pour le journalisme d\u2019investigation a organis\u00e9 ce vendredi 31 octobre 2025, sa conf\u00e9rence annuelle sur\" \/>\n<meta property=\"og:url\" content=\"https:\/\/www.africascoop.net\/index.php\/2025\/10\/31\/dakar-le-reji-reunit-experts-et-journalistes-autour-des-defis-de-linformation-en-contexte-de-crise-securitaire\/\" \/>\n<meta property=\"og:site_name\" content=\"Actualit\u00e9s Africaines\" \/>\n<meta property=\"article:published_time\" content=\"2025-10-31T23:13:17+00:00\" \/>\n<meta property=\"article:modified_time\" content=\"2025-10-31T23:20:23+00:00\" \/>\n<meta property=\"og:image\" content=\"https:\/\/www.africascoop.net\/wp-content\/uploads\/2025\/10\/Sans-titre-2-copie-21-1024x576.jpg\" \/>\n<meta name=\"author\" content=\"Africascoop\" \/>\n<meta name=\"twitter:card\" content=\"summary_large_image\" \/>\n<meta name=\"twitter:label1\" content=\"\u00c9crit par\" \/>\n\t<meta name=\"twitter:data1\" content=\"Africascoop\" \/>\n\t<meta name=\"twitter:label2\" content=\"Dur\u00e9e de lecture estim\u00e9e\" \/>\n\t<meta name=\"twitter:data2\" content=\"3 minutes\" \/>\n<script type=\"application\/ld+json\" class=\"yoast-schema-graph\">{\"@context\":\"https:\/\/schema.org\",\"@graph\":[{\"@type\":\"Article\",\"@id\":\"https:\/\/www.africascoop.net\/index.php\/2025\/10\/31\/dakar-le-reji-reunit-experts-et-journalistes-autour-des-defis-de-linformation-en-contexte-de-crise-securitaire\/#article\",\"isPartOf\":{\"@id\":\"https:\/\/www.africascoop.net\/index.php\/2025\/10\/31\/dakar-le-reji-reunit-experts-et-journalistes-autour-des-defis-de-linformation-en-contexte-de-crise-securitaire\/\"},\"author\":{\"name\":\"Africascoop\",\"@id\":\"https:\/\/www.africascoop.net\/#\/schema\/person\/2cbcc632c110d739d93a6b196c67230a\"},\"headline\":\"DAKAR\u00a0: \u00a0Le REJI r\u00e9unit experts et journalistes autour des d\u00e9fis de l\u2019information en contexte de crise s\u00e9curitaire\",\"datePublished\":\"2025-10-31T23:13:17+00:00\",\"dateModified\":\"2025-10-31T23:20:23+00:00\",\"mainEntityOfPage\":{\"@id\":\"https:\/\/www.africascoop.net\/index.php\/2025\/10\/31\/dakar-le-reji-reunit-experts-et-journalistes-autour-des-defis-de-linformation-en-contexte-de-crise-securitaire\/\"},\"wordCount\":460,\"commentCount\":0,\"publisher\":{\"@id\":\"https:\/\/www.africascoop.net\/#organization\"},\"image\":{\"@id\":\"https:\/\/www.africascoop.net\/index.php\/2025\/10\/31\/dakar-le-reji-reunit-experts-et-journalistes-autour-des-defis-de-linformation-en-contexte-de-crise-securitaire\/#primaryimage\"},\"thumbnailUrl\":\"https:\/\/www.africascoop.net\/wp-content\/uploads\/2025\/10\/Sans-titre-2-copie-21-1024x576.jpg\",\"articleSection\":[\"A la Une\",\"Exclusif\"],\"inLanguage\":\"fr-FR\",\"potentialAction\":[{\"@type\":\"CommentAction\",\"name\":\"Comment\",\"target\":[\"https:\/\/www.africascoop.net\/index.php\/2025\/10\/31\/dakar-le-reji-reunit-experts-et-journalistes-autour-des-defis-de-linformation-en-contexte-de-crise-securitaire\/#respond\"]}]},{\"@type\":\"WebPage\",\"@id\":\"https:\/\/www.africascoop.net\/index.php\/2025\/10\/31\/dakar-le-reji-reunit-experts-et-journalistes-autour-des-defis-de-linformation-en-contexte-de-crise-securitaire\/\",\"url\":\"https:\/\/www.africascoop.net\/index.php\/2025\/10\/31\/dakar-le-reji-reunit-experts-et-journalistes-autour-des-defis-de-linformation-en-contexte-de-crise-securitaire\/\",\"name\":\"DAKAR\u00a0: \u00a0Le REJI r\u00e9unit experts et journalistes autour des d\u00e9fis de l\u2019information en contexte de crise s\u00e9curitaire - Actualit\u00e9s Africaines\",\"isPartOf\":{\"@id\":\"https:\/\/www.africascoop.net\/#website\"},\"primaryImageOfPage\":{\"@id\":\"https:\/\/www.africascoop.net\/index.php\/2025\/10\/31\/dakar-le-reji-reunit-experts-et-journalistes-autour-des-defis-de-linformation-en-contexte-de-crise-securitaire\/#primaryimage\"},\"image\":{\"@id\":\"https:\/\/www.africascoop.net\/index.php\/2025\/10\/31\/dakar-le-reji-reunit-experts-et-journalistes-autour-des-defis-de-linformation-en-contexte-de-crise-securitaire\/#primaryimage\"},\"thumbnailUrl\":\"https:\/\/www.africascoop.net\/wp-content\/uploads\/2025\/10\/Sans-titre-2-copie-21-1024x576.jpg\",\"datePublished\":\"2025-10-31T23:13:17+00:00\",\"dateModified\":\"2025-10-31T23:20:23+00:00\",\"breadcrumb\":{\"@id\":\"https:\/\/www.africascoop.net\/index.php\/2025\/10\/31\/dakar-le-reji-reunit-experts-et-journalistes-autour-des-defis-de-linformation-en-contexte-de-crise-securitaire\/#breadcrumb\"},\"inLanguage\":\"fr-FR\",\"potentialAction\":[{\"@type\":\"ReadAction\",\"target\":[\"https:\/\/www.africascoop.net\/index.php\/2025\/10\/31\/dakar-le-reji-reunit-experts-et-journalistes-autour-des-defis-de-linformation-en-contexte-de-crise-securitaire\/\"]}]},{\"@type\":\"ImageObject\",\"inLanguage\":\"fr-FR\",\"@id\":\"https:\/\/www.africascoop.net\/index.php\/2025\/10\/31\/dakar-le-reji-reunit-experts-et-journalistes-autour-des-defis-de-linformation-en-contexte-de-crise-securitaire\/#primaryimage\",\"url\":\"https:\/\/www.africascoop.net\/wp-content\/uploads\/2025\/10\/Sans-titre-2-copie-21.jpg\",\"contentUrl\":\"https:\/\/www.africascoop.net\/wp-content\/uploads\/2025\/10\/Sans-titre-2-copie-21.jpg\",\"width\":1366,\"height\":768},{\"@type\":\"BreadcrumbList\",\"@id\":\"https:\/\/www.africascoop.net\/index.php\/2025\/10\/31\/dakar-le-reji-reunit-experts-et-journalistes-autour-des-defis-de-linformation-en-contexte-de-crise-securitaire\/#breadcrumb\",\"itemListElement\":[{\"@type\":\"ListItem\",\"position\":1,\"name\":\"Accueil\",\"item\":\"https:\/\/www.africascoop.net\/\"},{\"@type\":\"ListItem\",\"position\":2,\"name\":\"DAKAR\u00a0: \u00a0Le REJI r\u00e9unit experts et journalistes autour des d\u00e9fis de l\u2019information en contexte de crise s\u00e9curitaire\"}]},{\"@type\":\"WebSite\",\"@id\":\"https:\/\/www.africascoop.net\/#website\",\"url\":\"https:\/\/www.africascoop.net\/\",\"name\":\"Actualit\u00e9s Africaines\",\"description\":\"\",\"publisher\":{\"@id\":\"https:\/\/www.africascoop.net\/#organization\"},\"potentialAction\":[{\"@type\":\"SearchAction\",\"target\":{\"@type\":\"EntryPoint\",\"urlTemplate\":\"https:\/\/www.africascoop.net\/?s={search_term_string}\"},\"query-input\":{\"@type\":\"PropertyValueSpecification\",\"valueRequired\":true,\"valueName\":\"search_term_string\"}}],\"inLanguage\":\"fr-FR\"},{\"@type\":\"Organization\",\"@id\":\"https:\/\/www.africascoop.net\/#organization\",\"name\":\"Actualit\u00e9s Africaines\",\"url\":\"https:\/\/www.africascoop.net\/\",\"logo\":{\"@type\":\"ImageObject\",\"inLanguage\":\"fr-FR\",\"@id\":\"https:\/\/www.africascoop.net\/#\/schema\/logo\/image\/\",\"url\":\"https:\/\/www.africascoop.net\/wp-content\/uploads\/2025\/09\/cropped-logo-2.jpg\",\"contentUrl\":\"https:\/\/www.africascoop.net\/wp-content\/uploads\/2025\/09\/cropped-logo-2.jpg\",\"width\":945,\"height\":591,\"caption\":\"Actualit\u00e9s Africaines\"},\"image\":{\"@id\":\"https:\/\/www.africascoop.net\/#\/schema\/logo\/image\/\"}},{\"@type\":\"Person\",\"@id\":\"https:\/\/www.africascoop.net\/#\/schema\/person\/2cbcc632c110d739d93a6b196c67230a\",\"name\":\"Africascoop\",\"image\":{\"@type\":\"ImageObject\",\"inLanguage\":\"fr-FR\",\"@id\":\"https:\/\/www.africascoop.net\/#\/schema\/person\/image\/\",\"url\":\"https:\/\/secure.gravatar.com\/avatar\/230d851f5173f64fe9487b948bd2daf02707ef49aea942bc1bdad649c82025b9?s=96&d=mm&r=g\",\"contentUrl\":\"https:\/\/secure.gravatar.com\/avatar\/230d851f5173f64fe9487b948bd2daf02707ef49aea942bc1bdad649c82025b9?s=96&d=mm&r=g\",\"caption\":\"Africascoop\"},\"url\":\"https:\/\/www.africascoop.net\/index.php\/author\/jul\/\"}]}<\/script>\n<!-- \/ Yoast SEO plugin. -->","yoast_head_json":{"title":"DAKAR\u00a0: \u00a0Le REJI r\u00e9unit experts et journalistes autour des d\u00e9fis de l\u2019information en contexte de crise s\u00e9curitaire - Actualit\u00e9s Africaines","robots":{"index":"index","follow":"follow","max-snippet":"max-snippet:-1","max-image-preview":"max-image-preview:large","max-video-preview":"max-video-preview:-1"},"canonical":"https:\/\/www.africascoop.net\/index.php\/2025\/10\/31\/dakar-le-reji-reunit-experts-et-journalistes-autour-des-defis-de-linformation-en-contexte-de-crise-securitaire\/","og_locale":"fr_FR","og_type":"article","og_title":"DAKAR\u00a0: \u00a0Le REJI r\u00e9unit experts et journalistes autour des d\u00e9fis de l\u2019information en contexte de crise s\u00e9curitaire - Actualit\u00e9s Africaines","og_description":"Le R\u00e9seau Dupont-Verlon pour le journalisme d\u2019investigation a organis\u00e9 ce vendredi 31 octobre 2025, sa conf\u00e9rence annuelle sur","og_url":"https:\/\/www.africascoop.net\/index.php\/2025\/10\/31\/dakar-le-reji-reunit-experts-et-journalistes-autour-des-defis-de-linformation-en-contexte-de-crise-securitaire\/","og_site_name":"Actualit\u00e9s Africaines","article_published_time":"2025-10-31T23:13:17+00:00","article_modified_time":"2025-10-31T23:20:23+00:00","og_image":[{"url":"https:\/\/www.africascoop.net\/wp-content\/uploads\/2025\/10\/Sans-titre-2-copie-21-1024x576.jpg","type":"","width":"","height":""}],"author":"Africascoop","twitter_card":"summary_large_image","twitter_misc":{"\u00c9crit par":"Africascoop","Dur\u00e9e de lecture estim\u00e9e":"3 minutes"},"schema":{"@context":"https:\/\/schema.org","@graph":[{"@type":"Article","@id":"https:\/\/www.africascoop.net\/index.php\/2025\/10\/31\/dakar-le-reji-reunit-experts-et-journalistes-autour-des-defis-de-linformation-en-contexte-de-crise-securitaire\/#article","isPartOf":{"@id":"https:\/\/www.africascoop.net\/index.php\/2025\/10\/31\/dakar-le-reji-reunit-experts-et-journalistes-autour-des-defis-de-linformation-en-contexte-de-crise-securitaire\/"},"author":{"name":"Africascoop","@id":"https:\/\/www.africascoop.net\/#\/schema\/person\/2cbcc632c110d739d93a6b196c67230a"},"headline":"DAKAR\u00a0: \u00a0Le REJI r\u00e9unit experts et journalistes autour des d\u00e9fis de l\u2019information en contexte de crise s\u00e9curitaire","datePublished":"2025-10-31T23:13:17+00:00","dateModified":"2025-10-31T23:20:23+00:00","mainEntityOfPage":{"@id":"https:\/\/www.africascoop.net\/index.php\/2025\/10\/31\/dakar-le-reji-reunit-experts-et-journalistes-autour-des-defis-de-linformation-en-contexte-de-crise-securitaire\/"},"wordCount":460,"commentCount":0,"publisher":{"@id":"https:\/\/www.africascoop.net\/#organization"},"image":{"@id":"https:\/\/www.africascoop.net\/index.php\/2025\/10\/31\/dakar-le-reji-reunit-experts-et-journalistes-autour-des-defis-de-linformation-en-contexte-de-crise-securitaire\/#primaryimage"},"thumbnailUrl":"https:\/\/www.africascoop.net\/wp-content\/uploads\/2025\/10\/Sans-titre-2-copie-21-1024x576.jpg","articleSection":["A la Une","Exclusif"],"inLanguage":"fr-FR","potentialAction":[{"@type":"CommentAction","name":"Comment","target":["https:\/\/www.africascoop.net\/index.php\/2025\/10\/31\/dakar-le-reji-reunit-experts-et-journalistes-autour-des-defis-de-linformation-en-contexte-de-crise-securitaire\/#respond"]}]},{"@type":"WebPage","@id":"https:\/\/www.africascoop.net\/index.php\/2025\/10\/31\/dakar-le-reji-reunit-experts-et-journalistes-autour-des-defis-de-linformation-en-contexte-de-crise-securitaire\/","url":"https:\/\/www.africascoop.net\/index.php\/2025\/10\/31\/dakar-le-reji-reunit-experts-et-journalistes-autour-des-defis-de-linformation-en-contexte-de-crise-securitaire\/","name":"DAKAR\u00a0: \u00a0Le REJI r\u00e9unit experts et journalistes autour des d\u00e9fis de l\u2019information en contexte de crise s\u00e9curitaire - Actualit\u00e9s Africaines","isPartOf":{"@id":"https:\/\/www.africascoop.net\/#website"},"primaryImageOfPage":{"@id":"https:\/\/www.africascoop.net\/index.php\/2025\/10\/31\/dakar-le-reji-reunit-experts-et-journalistes-autour-des-defis-de-linformation-en-contexte-de-crise-securitaire\/#primaryimage"},"image":{"@id":"https:\/\/www.africascoop.net\/index.php\/2025\/10\/31\/dakar-le-reji-reunit-experts-et-journalistes-autour-des-defis-de-linformation-en-contexte-de-crise-securitaire\/#primaryimage"},"thumbnailUrl":"https:\/\/www.africascoop.net\/wp-content\/uploads\/2025\/10\/Sans-titre-2-copie-21-1024x576.jpg","datePublished":"2025-10-31T23:13:17+00:00","dateModified":"2025-10-31T23:20:23+00:00","breadcrumb":{"@id":"https:\/\/www.africascoop.net\/index.php\/2025\/10\/31\/dakar-le-reji-reunit-experts-et-journalistes-autour-des-defis-de-linformation-en-contexte-de-crise-securitaire\/#breadcrumb"},"inLanguage":"fr-FR","potentialAction":[{"@type":"ReadAction","target":["https:\/\/www.africascoop.net\/index.php\/2025\/10\/31\/dakar-le-reji-reunit-experts-et-journalistes-autour-des-defis-de-linformation-en-contexte-de-crise-securitaire\/"]}]},{"@type":"ImageObject","inLanguage":"fr-FR","@id":"https:\/\/www.africascoop.net\/index.php\/2025\/10\/31\/dakar-le-reji-reunit-experts-et-journalistes-autour-des-defis-de-linformation-en-contexte-de-crise-securitaire\/#primaryimage","url":"https:\/\/www.africascoop.net\/wp-content\/uploads\/2025\/10\/Sans-titre-2-copie-21.jpg","contentUrl":"https:\/\/www.africascoop.net\/wp-content\/uploads\/2025\/10\/Sans-titre-2-copie-21.jpg","width":1366,"height":768},{"@type":"BreadcrumbList","@id":"https:\/\/www.africascoop.net\/index.php\/2025\/10\/31\/dakar-le-reji-reunit-experts-et-journalistes-autour-des-defis-de-linformation-en-contexte-de-crise-securitaire\/#breadcrumb","itemListElement":[{"@type":"ListItem","position":1,"name":"Accueil","item":"https:\/\/www.africascoop.net\/"},{"@type":"ListItem","position":2,"name":"DAKAR\u00a0: \u00a0Le REJI r\u00e9unit experts et journalistes autour des d\u00e9fis de l\u2019information en contexte de crise s\u00e9curitaire"}]},{"@type":"WebSite","@id":"https:\/\/www.africascoop.net\/#website","url":"https:\/\/www.africascoop.net\/","name":"Actualit\u00e9s Africaines","description":"","publisher":{"@id":"https:\/\/www.africascoop.net\/#organization"},"potentialAction":[{"@type":"SearchAction","target":{"@type":"EntryPoint","urlTemplate":"https:\/\/www.africascoop.net\/?s={search_term_string}"},"query-input":{"@type":"PropertyValueSpecification","valueRequired":true,"valueName":"search_term_string"}}],"inLanguage":"fr-FR"},{"@type":"Organization","@id":"https:\/\/www.africascoop.net\/#organization","name":"Actualit\u00e9s Africaines","url":"https:\/\/www.africascoop.net\/","logo":{"@type":"ImageObject","inLanguage":"fr-FR","@id":"https:\/\/www.africascoop.net\/#\/schema\/logo\/image\/","url":"https:\/\/www.africascoop.net\/wp-content\/uploads\/2025\/09\/cropped-logo-2.jpg","contentUrl":"https:\/\/www.africascoop.net\/wp-content\/uploads\/2025\/09\/cropped-logo-2.jpg","width":945,"height":591,"caption":"Actualit\u00e9s Africaines"},"image":{"@id":"https:\/\/www.africascoop.net\/#\/schema\/logo\/image\/"}},{"@type":"Person","@id":"https:\/\/www.africascoop.net\/#\/schema\/person\/2cbcc632c110d739d93a6b196c67230a","name":"Africascoop","image":{"@type":"ImageObject","inLanguage":"fr-FR","@id":"https:\/\/www.africascoop.net\/#\/schema\/person\/image\/","url":"https:\/\/secure.gravatar.com\/avatar\/230d851f5173f64fe9487b948bd2daf02707ef49aea942bc1bdad649c82025b9?s=96&d=mm&r=g","contentUrl":"https:\/\/secure.gravatar.com\/avatar\/230d851f5173f64fe9487b948bd2daf02707ef49aea942bc1bdad649c82025b9?s=96&d=mm&r=g","caption":"Africascoop"},"url":"https:\/\/www.africascoop.net\/index.php\/author\/jul\/"}]}},"_links":{"self":[{"href":"https:\/\/www.africascoop.net\/index.php\/wp-json\/wp\/v2\/posts\/602","targetHints":{"allow":["GET"]}}],"collection":[{"href":"https:\/\/www.africascoop.net\/index.php\/wp-json\/wp\/v2\/posts"}],"about":[{"href":"https:\/\/www.africascoop.net\/index.php\/wp-json\/wp\/v2\/types\/post"}],"author":[{"embeddable":true,"href":"https:\/\/www.africascoop.net\/index.php\/wp-json\/wp\/v2\/users\/3"}],"replies":[{"embeddable":true,"href":"https:\/\/www.africascoop.net\/index.php\/wp-json\/wp\/v2\/comments?post=602"}],"version-history":[{"count":4,"href":"https:\/\/www.africascoop.net\/index.php\/wp-json\/wp\/v2\/posts\/602\/revisions"}],"predecessor-version":[{"id":607,"href":"https:\/\/www.africascoop.net\/index.php\/wp-json\/wp\/v2\/posts\/602\/revisions\/607"}],"wp:attachment":[{"href":"https:\/\/www.africascoop.net\/index.php\/wp-json\/wp\/v2\/media?parent=602"}],"wp:term":[{"taxonomy":"category","embeddable":true,"href":"https:\/\/www.africascoop.net\/index.php\/wp-json\/wp\/v2\/categories?post=602"},{"taxonomy":"post_tag","embeddable":true,"href":"https:\/\/www.africascoop.net\/index.php\/wp-json\/wp\/v2\/tags?post=602"}],"curies":[{"name":"wp","href":"https:\/\/api.w.org\/{rel}","templated":true}]}}