{"id":617,"date":"2025-11-02T16:11:39","date_gmt":"2025-11-02T16:11:39","guid":{"rendered":"https:\/\/www.africascoop.net\/?p=617"},"modified":"2025-11-02T16:12:10","modified_gmt":"2025-11-02T16:12:10","slug":"edito-une-cooperation-sous-perfusion-entre-le-mali-et-la-mauritanie","status":"publish","type":"post","link":"https:\/\/www.africascoop.net\/index.php\/2025\/11\/02\/edito-une-cooperation-sous-perfusion-entre-le-mali-et-la-mauritanie\/","title":{"rendered":"\u00c9dito : Une coop\u00e9ration sous perfusion entre le Mali et la Mauritanie"},"content":{"rendered":"\n<figure class=\"wp-block-image size-large\"><img loading=\"lazy\" decoding=\"async\" width=\"1024\" height=\"576\" src=\"https:\/\/www.africascoop.net\/wp-content\/uploads\/2025\/11\/Mali-mauritanie-1024x576.jpg\" alt=\"\" class=\"wp-image-618\" srcset=\"https:\/\/www.africascoop.net\/wp-content\/uploads\/2025\/11\/Mali-mauritanie-1024x576.jpg 1024w, https:\/\/www.africascoop.net\/wp-content\/uploads\/2025\/11\/Mali-mauritanie-300x169.jpg 300w, https:\/\/www.africascoop.net\/wp-content\/uploads\/2025\/11\/Mali-mauritanie-768x432.jpg 768w, https:\/\/www.africascoop.net\/wp-content\/uploads\/2025\/11\/Mali-mauritanie.jpg 1366w\" sizes=\"auto, (max-width: 1024px) 100vw, 1024px\" \/><\/figure>\n\n\n\n<p><strong><em>Accus\u00e9e d\u2019abriter sur son territoire des groupes terroristes, la Mauritanie a choisi le silence comme r\u00e9ponse. Depuis quelque temps d\u00e9j\u00e0, des voix affirment que ce voisin du Mali offrirait soutien et refuge \u00e0 des narcotrafiquants et \u00e0 des combattants arm\u00e9s.<\/em><\/strong><\/p>\n\n\n\n<p>Face \u00e0 cette situation, Bamako a pris une d\u00e9cision radicale : fermer sa fronti\u00e8re avec la Mauritanie, et ce, en pleine p\u00e9riode de transhumance. Une mesure aux cons\u00e9quences lourdes, car chaque ann\u00e9e, des \u00e9leveurs mauritaniens traversent le territoire malien pour acc\u00e9der \u00e0 l\u2019eau et au p\u00e2turage indispensables \u00e0 leurs troupeaux.<\/p>\n\n\n\n<p>Cette fermeture n\u2019est pas un hasard. Elle intervient \u00e0 un moment strat\u00e9gique, r\u00e9v\u00e9lant la volont\u00e9 du Mali d\u2019exprimer son m\u00e9contentement vis-\u00e0-vis d\u2019une coop\u00e9ration jug\u00e9e d\u00e9s\u00e9quilibr\u00e9e. Le message est clair : la complicit\u00e9 pr\u00e9sum\u00e9e envers les groupes arm\u00e9s ne sera plus tol\u00e9r\u00e9e.<\/p>\n\n\n\n<p>Sur les r\u00e9seaux sociaux, les r\u00e9actions ne se font pas attendre. Certains responsables mauritaniens appellent \u00e0 la r\u00e9ouverture urgente des fronti\u00e8res, d\u2019autres plaident pour la cl\u00e9mence des autorit\u00e9s maliennes. La tension monte, les malentendus s\u2019accumulent.<\/p>\n\n\n\n<p>Mais faut-il vraiment en arriver l\u00e0 ? Les diff\u00e9rends entre \u00c9tats voisins devraient pouvoir se r\u00e9soudre par le dialogue, et non par la rupture. Le Mali et la Mauritanie partagent une histoire, une culture et des int\u00e9r\u00eats communs trop profonds pour \u00eatre sacrifi\u00e9s sur l\u2019autel des incompr\u00e9hensions.<\/p>\n\n\n\n<p>Il est temps, pour les deux gouvernements, de renouer le fil du dialogue, de d\u00e9passer les rancunes diplomatiques et de penser d\u2019abord aux populations, qui ne demandent qu\u2019une chose : vivre en paix, ensemble.<\/p>\n\n\n\n<p><strong>Par Djibrilla Tour\u00e9<\/strong><\/p>\n","protected":false},"excerpt":{"rendered":"<p>Accus\u00e9e d\u2019abriter sur son territoire des groupes terroristes, la Mauritanie a choisi le silence comme r\u00e9ponse. Depuis quelque<\/p>\n","protected":false},"author":3,"featured_media":0,"comment_status":"open","ping_status":"open","sticky":false,"template":"","format":"standard","meta":{"footnotes":""},"categories":[36,7],"tags":[],"class_list":["post-617","post","type-post","status-publish","format-standard","hentry","category-exclusif","category-securite"],"yoast_head":"<!-- This site is optimized with the Yoast SEO plugin v26.0 - https:\/\/yoast.com\/wordpress\/plugins\/seo\/ -->\n<title>\u00c9dito : Une coop\u00e9ration sous perfusion entre le Mali et la Mauritanie - Actualit\u00e9s Africaines<\/title>\n<meta name=\"robots\" content=\"index, follow, max-snippet:-1, max-image-preview:large, max-video-preview:-1\" \/>\n<link rel=\"canonical\" href=\"https:\/\/www.africascoop.net\/index.php\/2025\/11\/02\/edito-une-cooperation-sous-perfusion-entre-le-mali-et-la-mauritanie\/\" \/>\n<meta property=\"og:locale\" content=\"fr_FR\" \/>\n<meta property=\"og:type\" content=\"article\" \/>\n<meta property=\"og:title\" content=\"\u00c9dito : Une coop\u00e9ration sous perfusion entre le Mali et la Mauritanie - Actualit\u00e9s Africaines\" \/>\n<meta property=\"og:description\" content=\"Accus\u00e9e d\u2019abriter sur son territoire des groupes terroristes, la Mauritanie a choisi le silence comme r\u00e9ponse. Depuis quelque\" \/>\n<meta property=\"og:url\" content=\"https:\/\/www.africascoop.net\/index.php\/2025\/11\/02\/edito-une-cooperation-sous-perfusion-entre-le-mali-et-la-mauritanie\/\" \/>\n<meta property=\"og:site_name\" content=\"Actualit\u00e9s Africaines\" \/>\n<meta property=\"article:published_time\" content=\"2025-11-02T16:11:39+00:00\" \/>\n<meta property=\"article:modified_time\" content=\"2025-11-02T16:12:10+00:00\" \/>\n<meta property=\"og:image\" content=\"https:\/\/www.africascoop.net\/wp-content\/uploads\/2025\/11\/Mali-mauritanie-1024x576.jpg\" \/>\n<meta name=\"author\" content=\"Africascoop\" \/>\n<meta name=\"twitter:card\" content=\"summary_large_image\" \/>\n<meta name=\"twitter:label1\" content=\"\u00c9crit par\" \/>\n\t<meta name=\"twitter:data1\" content=\"Africascoop\" \/>\n\t<meta name=\"twitter:label2\" content=\"Dur\u00e9e de lecture estim\u00e9e\" \/>\n\t<meta name=\"twitter:data2\" content=\"2 minutes\" \/>\n<script type=\"application\/ld+json\" class=\"yoast-schema-graph\">{\"@context\":\"https:\/\/schema.org\",\"@graph\":[{\"@type\":\"Article\",\"@id\":\"https:\/\/www.africascoop.net\/index.php\/2025\/11\/02\/edito-une-cooperation-sous-perfusion-entre-le-mali-et-la-mauritanie\/#article\",\"isPartOf\":{\"@id\":\"https:\/\/www.africascoop.net\/index.php\/2025\/11\/02\/edito-une-cooperation-sous-perfusion-entre-le-mali-et-la-mauritanie\/\"},\"author\":{\"name\":\"Africascoop\",\"@id\":\"https:\/\/www.africascoop.net\/#\/schema\/person\/2cbcc632c110d739d93a6b196c67230a\"},\"headline\":\"\u00c9dito : Une coop\u00e9ration sous perfusion entre le Mali et la Mauritanie\",\"datePublished\":\"2025-11-02T16:11:39+00:00\",\"dateModified\":\"2025-11-02T16:12:10+00:00\",\"mainEntityOfPage\":{\"@id\":\"https:\/\/www.africascoop.net\/index.php\/2025\/11\/02\/edito-une-cooperation-sous-perfusion-entre-le-mali-et-la-mauritanie\/\"},\"wordCount\":300,\"commentCount\":0,\"publisher\":{\"@id\":\"https:\/\/www.africascoop.net\/#organization\"},\"image\":{\"@id\":\"https:\/\/www.africascoop.net\/index.php\/2025\/11\/02\/edito-une-cooperation-sous-perfusion-entre-le-mali-et-la-mauritanie\/#primaryimage\"},\"thumbnailUrl\":\"https:\/\/www.africascoop.net\/wp-content\/uploads\/2025\/11\/Mali-mauritanie-1024x576.jpg\",\"articleSection\":[\"Exclusif\",\"S\u00e9curit\u00e9\"],\"inLanguage\":\"fr-FR\",\"potentialAction\":[{\"@type\":\"CommentAction\",\"name\":\"Comment\",\"target\":[\"https:\/\/www.africascoop.net\/index.php\/2025\/11\/02\/edito-une-cooperation-sous-perfusion-entre-le-mali-et-la-mauritanie\/#respond\"]}]},{\"@type\":\"WebPage\",\"@id\":\"https:\/\/www.africascoop.net\/index.php\/2025\/11\/02\/edito-une-cooperation-sous-perfusion-entre-le-mali-et-la-mauritanie\/\",\"url\":\"https:\/\/www.africascoop.net\/index.php\/2025\/11\/02\/edito-une-cooperation-sous-perfusion-entre-le-mali-et-la-mauritanie\/\",\"name\":\"\u00c9dito : Une coop\u00e9ration sous perfusion entre le Mali et la Mauritanie - Actualit\u00e9s Africaines\",\"isPartOf\":{\"@id\":\"https:\/\/www.africascoop.net\/#website\"},\"primaryImageOfPage\":{\"@id\":\"https:\/\/www.africascoop.net\/index.php\/2025\/11\/02\/edito-une-cooperation-sous-perfusion-entre-le-mali-et-la-mauritanie\/#primaryimage\"},\"image\":{\"@id\":\"https:\/\/www.africascoop.net\/index.php\/2025\/11\/02\/edito-une-cooperation-sous-perfusion-entre-le-mali-et-la-mauritanie\/#primaryimage\"},\"thumbnailUrl\":\"https:\/\/www.africascoop.net\/wp-content\/uploads\/2025\/11\/Mali-mauritanie-1024x576.jpg\",\"datePublished\":\"2025-11-02T16:11:39+00:00\",\"dateModified\":\"2025-11-02T16:12:10+00:00\",\"breadcrumb\":{\"@id\":\"https:\/\/www.africascoop.net\/index.php\/2025\/11\/02\/edito-une-cooperation-sous-perfusion-entre-le-mali-et-la-mauritanie\/#breadcrumb\"},\"inLanguage\":\"fr-FR\",\"potentialAction\":[{\"@type\":\"ReadAction\",\"target\":[\"https:\/\/www.africascoop.net\/index.php\/2025\/11\/02\/edito-une-cooperation-sous-perfusion-entre-le-mali-et-la-mauritanie\/\"]}]},{\"@type\":\"ImageObject\",\"inLanguage\":\"fr-FR\",\"@id\":\"https:\/\/www.africascoop.net\/index.php\/2025\/11\/02\/edito-une-cooperation-sous-perfusion-entre-le-mali-et-la-mauritanie\/#primaryimage\",\"url\":\"https:\/\/www.africascoop.net\/wp-content\/uploads\/2025\/11\/Mali-mauritanie.jpg\",\"contentUrl\":\"https:\/\/www.africascoop.net\/wp-content\/uploads\/2025\/11\/Mali-mauritanie.jpg\",\"width\":1366,\"height\":768},{\"@type\":\"BreadcrumbList\",\"@id\":\"https:\/\/www.africascoop.net\/index.php\/2025\/11\/02\/edito-une-cooperation-sous-perfusion-entre-le-mali-et-la-mauritanie\/#breadcrumb\",\"itemListElement\":[{\"@type\":\"ListItem\",\"position\":1,\"name\":\"Accueil\",\"item\":\"https:\/\/www.africascoop.net\/\"},{\"@type\":\"ListItem\",\"position\":2,\"name\":\"\u00c9dito : Une coop\u00e9ration sous perfusion entre le Mali et la Mauritanie\"}]},{\"@type\":\"WebSite\",\"@id\":\"https:\/\/www.africascoop.net\/#website\",\"url\":\"https:\/\/www.africascoop.net\/\",\"name\":\"Actualit\u00e9s Africaines\",\"description\":\"\",\"publisher\":{\"@id\":\"https:\/\/www.africascoop.net\/#organization\"},\"potentialAction\":[{\"@type\":\"SearchAction\",\"target\":{\"@type\":\"EntryPoint\",\"urlTemplate\":\"https:\/\/www.africascoop.net\/?s={search_term_string}\"},\"query-input\":{\"@type\":\"PropertyValueSpecification\",\"valueRequired\":true,\"valueName\":\"search_term_string\"}}],\"inLanguage\":\"fr-FR\"},{\"@type\":\"Organization\",\"@id\":\"https:\/\/www.africascoop.net\/#organization\",\"name\":\"Actualit\u00e9s Africaines\",\"url\":\"https:\/\/www.africascoop.net\/\",\"logo\":{\"@type\":\"ImageObject\",\"inLanguage\":\"fr-FR\",\"@id\":\"https:\/\/www.africascoop.net\/#\/schema\/logo\/image\/\",\"url\":\"https:\/\/www.africascoop.net\/wp-content\/uploads\/2025\/09\/cropped-logo-2.jpg\",\"contentUrl\":\"https:\/\/www.africascoop.net\/wp-content\/uploads\/2025\/09\/cropped-logo-2.jpg\",\"width\":945,\"height\":591,\"caption\":\"Actualit\u00e9s Africaines\"},\"image\":{\"@id\":\"https:\/\/www.africascoop.net\/#\/schema\/logo\/image\/\"}},{\"@type\":\"Person\",\"@id\":\"https:\/\/www.africascoop.net\/#\/schema\/person\/2cbcc632c110d739d93a6b196c67230a\",\"name\":\"Africascoop\",\"image\":{\"@type\":\"ImageObject\",\"inLanguage\":\"fr-FR\",\"@id\":\"https:\/\/www.africascoop.net\/#\/schema\/person\/image\/\",\"url\":\"https:\/\/secure.gravatar.com\/avatar\/230d851f5173f64fe9487b948bd2daf02707ef49aea942bc1bdad649c82025b9?s=96&d=mm&r=g\",\"contentUrl\":\"https:\/\/secure.gravatar.com\/avatar\/230d851f5173f64fe9487b948bd2daf02707ef49aea942bc1bdad649c82025b9?s=96&d=mm&r=g\",\"caption\":\"Africascoop\"},\"url\":\"https:\/\/www.africascoop.net\/index.php\/author\/jul\/\"}]}<\/script>\n<!-- \/ Yoast SEO plugin. -->","yoast_head_json":{"title":"\u00c9dito : Une coop\u00e9ration sous perfusion entre le Mali et la Mauritanie - Actualit\u00e9s Africaines","robots":{"index":"index","follow":"follow","max-snippet":"max-snippet:-1","max-image-preview":"max-image-preview:large","max-video-preview":"max-video-preview:-1"},"canonical":"https:\/\/www.africascoop.net\/index.php\/2025\/11\/02\/edito-une-cooperation-sous-perfusion-entre-le-mali-et-la-mauritanie\/","og_locale":"fr_FR","og_type":"article","og_title":"\u00c9dito : Une coop\u00e9ration sous perfusion entre le Mali et la Mauritanie - Actualit\u00e9s Africaines","og_description":"Accus\u00e9e d\u2019abriter sur son territoire des groupes terroristes, la Mauritanie a choisi le silence comme r\u00e9ponse. Depuis quelque","og_url":"https:\/\/www.africascoop.net\/index.php\/2025\/11\/02\/edito-une-cooperation-sous-perfusion-entre-le-mali-et-la-mauritanie\/","og_site_name":"Actualit\u00e9s Africaines","article_published_time":"2025-11-02T16:11:39+00:00","article_modified_time":"2025-11-02T16:12:10+00:00","og_image":[{"url":"https:\/\/www.africascoop.net\/wp-content\/uploads\/2025\/11\/Mali-mauritanie-1024x576.jpg","type":"","width":"","height":""}],"author":"Africascoop","twitter_card":"summary_large_image","twitter_misc":{"\u00c9crit par":"Africascoop","Dur\u00e9e de lecture estim\u00e9e":"2 minutes"},"schema":{"@context":"https:\/\/schema.org","@graph":[{"@type":"Article","@id":"https:\/\/www.africascoop.net\/index.php\/2025\/11\/02\/edito-une-cooperation-sous-perfusion-entre-le-mali-et-la-mauritanie\/#article","isPartOf":{"@id":"https:\/\/www.africascoop.net\/index.php\/2025\/11\/02\/edito-une-cooperation-sous-perfusion-entre-le-mali-et-la-mauritanie\/"},"author":{"name":"Africascoop","@id":"https:\/\/www.africascoop.net\/#\/schema\/person\/2cbcc632c110d739d93a6b196c67230a"},"headline":"\u00c9dito : Une coop\u00e9ration sous perfusion entre le Mali et la Mauritanie","datePublished":"2025-11-02T16:11:39+00:00","dateModified":"2025-11-02T16:12:10+00:00","mainEntityOfPage":{"@id":"https:\/\/www.africascoop.net\/index.php\/2025\/11\/02\/edito-une-cooperation-sous-perfusion-entre-le-mali-et-la-mauritanie\/"},"wordCount":300,"commentCount":0,"publisher":{"@id":"https:\/\/www.africascoop.net\/#organization"},"image":{"@id":"https:\/\/www.africascoop.net\/index.php\/2025\/11\/02\/edito-une-cooperation-sous-perfusion-entre-le-mali-et-la-mauritanie\/#primaryimage"},"thumbnailUrl":"https:\/\/www.africascoop.net\/wp-content\/uploads\/2025\/11\/Mali-mauritanie-1024x576.jpg","articleSection":["Exclusif","S\u00e9curit\u00e9"],"inLanguage":"fr-FR","potentialAction":[{"@type":"CommentAction","name":"Comment","target":["https:\/\/www.africascoop.net\/index.php\/2025\/11\/02\/edito-une-cooperation-sous-perfusion-entre-le-mali-et-la-mauritanie\/#respond"]}]},{"@type":"WebPage","@id":"https:\/\/www.africascoop.net\/index.php\/2025\/11\/02\/edito-une-cooperation-sous-perfusion-entre-le-mali-et-la-mauritanie\/","url":"https:\/\/www.africascoop.net\/index.php\/2025\/11\/02\/edito-une-cooperation-sous-perfusion-entre-le-mali-et-la-mauritanie\/","name":"\u00c9dito : Une coop\u00e9ration sous perfusion entre le Mali et la Mauritanie - Actualit\u00e9s Africaines","isPartOf":{"@id":"https:\/\/www.africascoop.net\/#website"},"primaryImageOfPage":{"@id":"https:\/\/www.africascoop.net\/index.php\/2025\/11\/02\/edito-une-cooperation-sous-perfusion-entre-le-mali-et-la-mauritanie\/#primaryimage"},"image":{"@id":"https:\/\/www.africascoop.net\/index.php\/2025\/11\/02\/edito-une-cooperation-sous-perfusion-entre-le-mali-et-la-mauritanie\/#primaryimage"},"thumbnailUrl":"https:\/\/www.africascoop.net\/wp-content\/uploads\/2025\/11\/Mali-mauritanie-1024x576.jpg","datePublished":"2025-11-02T16:11:39+00:00","dateModified":"2025-11-02T16:12:10+00:00","breadcrumb":{"@id":"https:\/\/www.africascoop.net\/index.php\/2025\/11\/02\/edito-une-cooperation-sous-perfusion-entre-le-mali-et-la-mauritanie\/#breadcrumb"},"inLanguage":"fr-FR","potentialAction":[{"@type":"ReadAction","target":["https:\/\/www.africascoop.net\/index.php\/2025\/11\/02\/edito-une-cooperation-sous-perfusion-entre-le-mali-et-la-mauritanie\/"]}]},{"@type":"ImageObject","inLanguage":"fr-FR","@id":"https:\/\/www.africascoop.net\/index.php\/2025\/11\/02\/edito-une-cooperation-sous-perfusion-entre-le-mali-et-la-mauritanie\/#primaryimage","url":"https:\/\/www.africascoop.net\/wp-content\/uploads\/2025\/11\/Mali-mauritanie.jpg","contentUrl":"https:\/\/www.africascoop.net\/wp-content\/uploads\/2025\/11\/Mali-mauritanie.jpg","width":1366,"height":768},{"@type":"BreadcrumbList","@id":"https:\/\/www.africascoop.net\/index.php\/2025\/11\/02\/edito-une-cooperation-sous-perfusion-entre-le-mali-et-la-mauritanie\/#breadcrumb","itemListElement":[{"@type":"ListItem","position":1,"name":"Accueil","item":"https:\/\/www.africascoop.net\/"},{"@type":"ListItem","position":2,"name":"\u00c9dito : Une coop\u00e9ration sous perfusion entre le Mali et la Mauritanie"}]},{"@type":"WebSite","@id":"https:\/\/www.africascoop.net\/#website","url":"https:\/\/www.africascoop.net\/","name":"Actualit\u00e9s Africaines","description":"","publisher":{"@id":"https:\/\/www.africascoop.net\/#organization"},"potentialAction":[{"@type":"SearchAction","target":{"@type":"EntryPoint","urlTemplate":"https:\/\/www.africascoop.net\/?s={search_term_string}"},"query-input":{"@type":"PropertyValueSpecification","valueRequired":true,"valueName":"search_term_string"}}],"inLanguage":"fr-FR"},{"@type":"Organization","@id":"https:\/\/www.africascoop.net\/#organization","name":"Actualit\u00e9s Africaines","url":"https:\/\/www.africascoop.net\/","logo":{"@type":"ImageObject","inLanguage":"fr-FR","@id":"https:\/\/www.africascoop.net\/#\/schema\/logo\/image\/","url":"https:\/\/www.africascoop.net\/wp-content\/uploads\/2025\/09\/cropped-logo-2.jpg","contentUrl":"https:\/\/www.africascoop.net\/wp-content\/uploads\/2025\/09\/cropped-logo-2.jpg","width":945,"height":591,"caption":"Actualit\u00e9s Africaines"},"image":{"@id":"https:\/\/www.africascoop.net\/#\/schema\/logo\/image\/"}},{"@type":"Person","@id":"https:\/\/www.africascoop.net\/#\/schema\/person\/2cbcc632c110d739d93a6b196c67230a","name":"Africascoop","image":{"@type":"ImageObject","inLanguage":"fr-FR","@id":"https:\/\/www.africascoop.net\/#\/schema\/person\/image\/","url":"https:\/\/secure.gravatar.com\/avatar\/230d851f5173f64fe9487b948bd2daf02707ef49aea942bc1bdad649c82025b9?s=96&d=mm&r=g","contentUrl":"https:\/\/secure.gravatar.com\/avatar\/230d851f5173f64fe9487b948bd2daf02707ef49aea942bc1bdad649c82025b9?s=96&d=mm&r=g","caption":"Africascoop"},"url":"https:\/\/www.africascoop.net\/index.php\/author\/jul\/"}]}},"_links":{"self":[{"href":"https:\/\/www.africascoop.net\/index.php\/wp-json\/wp\/v2\/posts\/617","targetHints":{"allow":["GET"]}}],"collection":[{"href":"https:\/\/www.africascoop.net\/index.php\/wp-json\/wp\/v2\/posts"}],"about":[{"href":"https:\/\/www.africascoop.net\/index.php\/wp-json\/wp\/v2\/types\/post"}],"author":[{"embeddable":true,"href":"https:\/\/www.africascoop.net\/index.php\/wp-json\/wp\/v2\/users\/3"}],"replies":[{"embeddable":true,"href":"https:\/\/www.africascoop.net\/index.php\/wp-json\/wp\/v2\/comments?post=617"}],"version-history":[{"count":1,"href":"https:\/\/www.africascoop.net\/index.php\/wp-json\/wp\/v2\/posts\/617\/revisions"}],"predecessor-version":[{"id":619,"href":"https:\/\/www.africascoop.net\/index.php\/wp-json\/wp\/v2\/posts\/617\/revisions\/619"}],"wp:attachment":[{"href":"https:\/\/www.africascoop.net\/index.php\/wp-json\/wp\/v2\/media?parent=617"}],"wp:term":[{"taxonomy":"category","embeddable":true,"href":"https:\/\/www.africascoop.net\/index.php\/wp-json\/wp\/v2\/categories?post=617"},{"taxonomy":"post_tag","embeddable":true,"href":"https:\/\/www.africascoop.net\/index.php\/wp-json\/wp\/v2\/tags?post=617"}],"curies":[{"name":"wp","href":"https:\/\/api.w.org\/{rel}","templated":true}]}}