{"id":620,"date":"2025-11-03T13:10:40","date_gmt":"2025-11-03T13:10:40","guid":{"rendered":"https:\/\/www.africascoop.net\/?p=620"},"modified":"2025-11-03T13:11:11","modified_gmt":"2025-11-03T13:11:11","slug":"65e-anniversaire-de-larmee-burkinabe-le-president-traore-appelle-le-peuple-a-soutenir-la-revolution-progressiste-populaire","status":"publish","type":"post","link":"https:\/\/www.africascoop.net\/index.php\/2025\/11\/03\/65e-anniversaire-de-larmee-burkinabe-le-president-traore-appelle-le-peuple-a-soutenir-la-revolution-progressiste-populaire\/","title":{"rendered":"65e anniversaire de l\u2019arm\u00e9e burkinab\u00e8 : le pr\u00e9sident Traor\u00e9 appelle le peuple \u00e0 soutenir la R\u00e9volution progressiste populaire"},"content":{"rendered":"\n<figure class=\"wp-block-image size-large\"><img loading=\"lazy\" decoding=\"async\" width=\"1024\" height=\"576\" src=\"https:\/\/www.africascoop.net\/wp-content\/uploads\/2025\/11\/FAN-1024x576.jpg\" alt=\"\" class=\"wp-image-621\" srcset=\"https:\/\/www.africascoop.net\/wp-content\/uploads\/2025\/11\/FAN-1024x576.jpg 1024w, https:\/\/www.africascoop.net\/wp-content\/uploads\/2025\/11\/FAN-300x169.jpg 300w, https:\/\/www.africascoop.net\/wp-content\/uploads\/2025\/11\/FAN-768x432.jpg 768w, https:\/\/www.africascoop.net\/wp-content\/uploads\/2025\/11\/FAN.jpg 1366w\" sizes=\"auto, (max-width: 1024px) 100vw, 1024px\" \/><\/figure>\n\n\n\n<p><strong><em>L\u2019arm\u00e9e burkinab\u00e8 a c\u00e9l\u00e9br\u00e9, ce 1er novembre 2025 \u00e0 D\u00e9dougou, le 65e anniversaire de sa cr\u00e9ation. Une comm\u00e9moration plac\u00e9e sous le signe de la r\u00e9silience, dans un contexte s\u00e9curitaire toujours marqu\u00e9 par les attaques djihadistes qui continuent d\u2019\u00e9prouver le pays.<\/em><\/strong><\/p>\n\n\n\n<p>Soixante-cinq ann\u00e9es d\u2019engagement, de discipline et de sacrifices pour la d\u00e9fense de la nation. Cette \u00e9dition a mis en lumi\u00e8re le r\u00f4le central des Forces arm\u00e9es nationales (FAN) dans la refondation du Burkina Faso, \u00e0 travers le th\u00e8me : \u00ab Les forces arm\u00e9es nationales engag\u00e9es avec le peuple dans la R\u00e9volution progressiste populaire pour la d\u00e9fense souveraine du territoire \u00bb.<\/p>\n\n\n\n<p>Un th\u00e8me qui traduit la vision du capitaine Ibrahim Traor\u00e9 et du peuple burkinab\u00e8, r\u00e9solument tourn\u00e9s vers une r\u00e9volution souverainiste et populaire. Le pr\u00e9sident du Faso a, \u00e0 cette occasion, rendu un hommage appuy\u00e9 aux soldats tomb\u00e9s pour la patrie ainsi qu\u2019\u00e0 ceux qui, au p\u00e9ril de leur vie, continuent de d\u00e9fendre le territoire national.<\/p>\n\n\n\n<p>Dans son message, le chef de l\u2019\u00c9tat a une nouvelle fois invit\u00e9 le peuple \u00e0 renforcer son engagement aux c\u00f4t\u00e9s des Forces arm\u00e9es nationales, afin de consolider les acquis de la R\u00e9volution progressiste populaire et d\u2019assurer la souverainet\u00e9 totale du Burkina Faso.<\/p>\n\n\n\n<p>Par Djibrilla Tour\u00e9<\/p>\n","protected":false},"excerpt":{"rendered":"<p>L\u2019arm\u00e9e burkinab\u00e8 a c\u00e9l\u00e9br\u00e9, ce 1er novembre 2025 \u00e0 D\u00e9dougou, le 65e anniversaire de sa cr\u00e9ation. Une comm\u00e9moration<\/p>\n","protected":false},"author":3,"featured_media":0,"comment_status":"open","ping_status":"open","sticky":false,"template":"","format":"standard","meta":{"footnotes":""},"categories":[36,9],"tags":[],"class_list":["post-620","post","type-post","status-publish","format-standard","hentry","category-exclusif","category-politique"],"yoast_head":"<!-- This site is optimized with the Yoast SEO plugin v26.0 - https:\/\/yoast.com\/wordpress\/plugins\/seo\/ -->\n<title>65e anniversaire de l\u2019arm\u00e9e burkinab\u00e8 : le pr\u00e9sident Traor\u00e9 appelle le peuple \u00e0 soutenir la R\u00e9volution progressiste populaire - Actualit\u00e9s Africaines<\/title>\n<meta name=\"robots\" content=\"index, follow, max-snippet:-1, max-image-preview:large, max-video-preview:-1\" \/>\n<link rel=\"canonical\" href=\"https:\/\/www.africascoop.net\/index.php\/2025\/11\/03\/65e-anniversaire-de-larmee-burkinabe-le-president-traore-appelle-le-peuple-a-soutenir-la-revolution-progressiste-populaire\/\" \/>\n<meta property=\"og:locale\" content=\"fr_FR\" \/>\n<meta property=\"og:type\" content=\"article\" \/>\n<meta property=\"og:title\" content=\"65e anniversaire de l\u2019arm\u00e9e burkinab\u00e8 : le pr\u00e9sident Traor\u00e9 appelle le peuple \u00e0 soutenir la R\u00e9volution progressiste populaire - Actualit\u00e9s Africaines\" \/>\n<meta property=\"og:description\" content=\"L\u2019arm\u00e9e burkinab\u00e8 a c\u00e9l\u00e9br\u00e9, ce 1er novembre 2025 \u00e0 D\u00e9dougou, le 65e anniversaire de sa cr\u00e9ation. Une comm\u00e9moration\" \/>\n<meta property=\"og:url\" content=\"https:\/\/www.africascoop.net\/index.php\/2025\/11\/03\/65e-anniversaire-de-larmee-burkinabe-le-president-traore-appelle-le-peuple-a-soutenir-la-revolution-progressiste-populaire\/\" \/>\n<meta property=\"og:site_name\" content=\"Actualit\u00e9s Africaines\" \/>\n<meta property=\"article:published_time\" content=\"2025-11-03T13:10:40+00:00\" \/>\n<meta property=\"article:modified_time\" content=\"2025-11-03T13:11:11+00:00\" \/>\n<meta property=\"og:image\" content=\"https:\/\/www.africascoop.net\/wp-content\/uploads\/2025\/11\/FAN-1024x576.jpg\" \/>\n<meta name=\"author\" content=\"Africascoop\" \/>\n<meta name=\"twitter:card\" content=\"summary_large_image\" \/>\n<meta name=\"twitter:label1\" content=\"\u00c9crit par\" \/>\n\t<meta name=\"twitter:data1\" content=\"Africascoop\" \/>\n\t<meta name=\"twitter:label2\" content=\"Dur\u00e9e de lecture estim\u00e9e\" \/>\n\t<meta name=\"twitter:data2\" content=\"2 minutes\" \/>\n<script type=\"application\/ld+json\" class=\"yoast-schema-graph\">{\"@context\":\"https:\/\/schema.org\",\"@graph\":[{\"@type\":\"Article\",\"@id\":\"https:\/\/www.africascoop.net\/index.php\/2025\/11\/03\/65e-anniversaire-de-larmee-burkinabe-le-president-traore-appelle-le-peuple-a-soutenir-la-revolution-progressiste-populaire\/#article\",\"isPartOf\":{\"@id\":\"https:\/\/www.africascoop.net\/index.php\/2025\/11\/03\/65e-anniversaire-de-larmee-burkinabe-le-president-traore-appelle-le-peuple-a-soutenir-la-revolution-progressiste-populaire\/\"},\"author\":{\"name\":\"Africascoop\",\"@id\":\"https:\/\/www.africascoop.net\/#\/schema\/person\/2cbcc632c110d739d93a6b196c67230a\"},\"headline\":\"65e anniversaire de l\u2019arm\u00e9e burkinab\u00e8 : le pr\u00e9sident Traor\u00e9 appelle le peuple \u00e0 soutenir la R\u00e9volution progressiste populaire\",\"datePublished\":\"2025-11-03T13:10:40+00:00\",\"dateModified\":\"2025-11-03T13:11:11+00:00\",\"mainEntityOfPage\":{\"@id\":\"https:\/\/www.africascoop.net\/index.php\/2025\/11\/03\/65e-anniversaire-de-larmee-burkinabe-le-president-traore-appelle-le-peuple-a-soutenir-la-revolution-progressiste-populaire\/\"},\"wordCount\":248,\"commentCount\":0,\"publisher\":{\"@id\":\"https:\/\/www.africascoop.net\/#organization\"},\"image\":{\"@id\":\"https:\/\/www.africascoop.net\/index.php\/2025\/11\/03\/65e-anniversaire-de-larmee-burkinabe-le-president-traore-appelle-le-peuple-a-soutenir-la-revolution-progressiste-populaire\/#primaryimage\"},\"thumbnailUrl\":\"https:\/\/www.africascoop.net\/wp-content\/uploads\/2025\/11\/FAN-1024x576.jpg\",\"articleSection\":[\"Exclusif\",\"Politique\"],\"inLanguage\":\"fr-FR\",\"potentialAction\":[{\"@type\":\"CommentAction\",\"name\":\"Comment\",\"target\":[\"https:\/\/www.africascoop.net\/index.php\/2025\/11\/03\/65e-anniversaire-de-larmee-burkinabe-le-president-traore-appelle-le-peuple-a-soutenir-la-revolution-progressiste-populaire\/#respond\"]}]},{\"@type\":\"WebPage\",\"@id\":\"https:\/\/www.africascoop.net\/index.php\/2025\/11\/03\/65e-anniversaire-de-larmee-burkinabe-le-president-traore-appelle-le-peuple-a-soutenir-la-revolution-progressiste-populaire\/\",\"url\":\"https:\/\/www.africascoop.net\/index.php\/2025\/11\/03\/65e-anniversaire-de-larmee-burkinabe-le-president-traore-appelle-le-peuple-a-soutenir-la-revolution-progressiste-populaire\/\",\"name\":\"65e anniversaire de l\u2019arm\u00e9e burkinab\u00e8 : le pr\u00e9sident Traor\u00e9 appelle le peuple \u00e0 soutenir la R\u00e9volution progressiste populaire - Actualit\u00e9s Africaines\",\"isPartOf\":{\"@id\":\"https:\/\/www.africascoop.net\/#website\"},\"primaryImageOfPage\":{\"@id\":\"https:\/\/www.africascoop.net\/index.php\/2025\/11\/03\/65e-anniversaire-de-larmee-burkinabe-le-president-traore-appelle-le-peuple-a-soutenir-la-revolution-progressiste-populaire\/#primaryimage\"},\"image\":{\"@id\":\"https:\/\/www.africascoop.net\/index.php\/2025\/11\/03\/65e-anniversaire-de-larmee-burkinabe-le-president-traore-appelle-le-peuple-a-soutenir-la-revolution-progressiste-populaire\/#primaryimage\"},\"thumbnailUrl\":\"https:\/\/www.africascoop.net\/wp-content\/uploads\/2025\/11\/FAN-1024x576.jpg\",\"datePublished\":\"2025-11-03T13:10:40+00:00\",\"dateModified\":\"2025-11-03T13:11:11+00:00\",\"breadcrumb\":{\"@id\":\"https:\/\/www.africascoop.net\/index.php\/2025\/11\/03\/65e-anniversaire-de-larmee-burkinabe-le-president-traore-appelle-le-peuple-a-soutenir-la-revolution-progressiste-populaire\/#breadcrumb\"},\"inLanguage\":\"fr-FR\",\"potentialAction\":[{\"@type\":\"ReadAction\",\"target\":[\"https:\/\/www.africascoop.net\/index.php\/2025\/11\/03\/65e-anniversaire-de-larmee-burkinabe-le-president-traore-appelle-le-peuple-a-soutenir-la-revolution-progressiste-populaire\/\"]}]},{\"@type\":\"ImageObject\",\"inLanguage\":\"fr-FR\",\"@id\":\"https:\/\/www.africascoop.net\/index.php\/2025\/11\/03\/65e-anniversaire-de-larmee-burkinabe-le-president-traore-appelle-le-peuple-a-soutenir-la-revolution-progressiste-populaire\/#primaryimage\",\"url\":\"https:\/\/www.africascoop.net\/wp-content\/uploads\/2025\/11\/FAN.jpg\",\"contentUrl\":\"https:\/\/www.africascoop.net\/wp-content\/uploads\/2025\/11\/FAN.jpg\",\"width\":1366,\"height\":768},{\"@type\":\"BreadcrumbList\",\"@id\":\"https:\/\/www.africascoop.net\/index.php\/2025\/11\/03\/65e-anniversaire-de-larmee-burkinabe-le-president-traore-appelle-le-peuple-a-soutenir-la-revolution-progressiste-populaire\/#breadcrumb\",\"itemListElement\":[{\"@type\":\"ListItem\",\"position\":1,\"name\":\"Accueil\",\"item\":\"https:\/\/www.africascoop.net\/\"},{\"@type\":\"ListItem\",\"position\":2,\"name\":\"65e anniversaire de l\u2019arm\u00e9e burkinab\u00e8 : le pr\u00e9sident Traor\u00e9 appelle le peuple \u00e0 soutenir la R\u00e9volution progressiste populaire\"}]},{\"@type\":\"WebSite\",\"@id\":\"https:\/\/www.africascoop.net\/#website\",\"url\":\"https:\/\/www.africascoop.net\/\",\"name\":\"Actualit\u00e9s Africaines\",\"description\":\"\",\"publisher\":{\"@id\":\"https:\/\/www.africascoop.net\/#organization\"},\"potentialAction\":[{\"@type\":\"SearchAction\",\"target\":{\"@type\":\"EntryPoint\",\"urlTemplate\":\"https:\/\/www.africascoop.net\/?s={search_term_string}\"},\"query-input\":{\"@type\":\"PropertyValueSpecification\",\"valueRequired\":true,\"valueName\":\"search_term_string\"}}],\"inLanguage\":\"fr-FR\"},{\"@type\":\"Organization\",\"@id\":\"https:\/\/www.africascoop.net\/#organization\",\"name\":\"Actualit\u00e9s Africaines\",\"url\":\"https:\/\/www.africascoop.net\/\",\"logo\":{\"@type\":\"ImageObject\",\"inLanguage\":\"fr-FR\",\"@id\":\"https:\/\/www.africascoop.net\/#\/schema\/logo\/image\/\",\"url\":\"https:\/\/www.africascoop.net\/wp-content\/uploads\/2025\/09\/cropped-logo-2.jpg\",\"contentUrl\":\"https:\/\/www.africascoop.net\/wp-content\/uploads\/2025\/09\/cropped-logo-2.jpg\",\"width\":945,\"height\":591,\"caption\":\"Actualit\u00e9s Africaines\"},\"image\":{\"@id\":\"https:\/\/www.africascoop.net\/#\/schema\/logo\/image\/\"}},{\"@type\":\"Person\",\"@id\":\"https:\/\/www.africascoop.net\/#\/schema\/person\/2cbcc632c110d739d93a6b196c67230a\",\"name\":\"Africascoop\",\"image\":{\"@type\":\"ImageObject\",\"inLanguage\":\"fr-FR\",\"@id\":\"https:\/\/www.africascoop.net\/#\/schema\/person\/image\/\",\"url\":\"https:\/\/secure.gravatar.com\/avatar\/230d851f5173f64fe9487b948bd2daf02707ef49aea942bc1bdad649c82025b9?s=96&d=mm&r=g\",\"contentUrl\":\"https:\/\/secure.gravatar.com\/avatar\/230d851f5173f64fe9487b948bd2daf02707ef49aea942bc1bdad649c82025b9?s=96&d=mm&r=g\",\"caption\":\"Africascoop\"},\"url\":\"https:\/\/www.africascoop.net\/index.php\/author\/jul\/\"}]}<\/script>\n<!-- \/ Yoast SEO plugin. -->","yoast_head_json":{"title":"65e anniversaire de l\u2019arm\u00e9e burkinab\u00e8 : le pr\u00e9sident Traor\u00e9 appelle le peuple \u00e0 soutenir la R\u00e9volution progressiste populaire - Actualit\u00e9s Africaines","robots":{"index":"index","follow":"follow","max-snippet":"max-snippet:-1","max-image-preview":"max-image-preview:large","max-video-preview":"max-video-preview:-1"},"canonical":"https:\/\/www.africascoop.net\/index.php\/2025\/11\/03\/65e-anniversaire-de-larmee-burkinabe-le-president-traore-appelle-le-peuple-a-soutenir-la-revolution-progressiste-populaire\/","og_locale":"fr_FR","og_type":"article","og_title":"65e anniversaire de l\u2019arm\u00e9e burkinab\u00e8 : le pr\u00e9sident Traor\u00e9 appelle le peuple \u00e0 soutenir la R\u00e9volution progressiste populaire - Actualit\u00e9s Africaines","og_description":"L\u2019arm\u00e9e burkinab\u00e8 a c\u00e9l\u00e9br\u00e9, ce 1er novembre 2025 \u00e0 D\u00e9dougou, le 65e anniversaire de sa cr\u00e9ation. Une comm\u00e9moration","og_url":"https:\/\/www.africascoop.net\/index.php\/2025\/11\/03\/65e-anniversaire-de-larmee-burkinabe-le-president-traore-appelle-le-peuple-a-soutenir-la-revolution-progressiste-populaire\/","og_site_name":"Actualit\u00e9s Africaines","article_published_time":"2025-11-03T13:10:40+00:00","article_modified_time":"2025-11-03T13:11:11+00:00","og_image":[{"url":"https:\/\/www.africascoop.net\/wp-content\/uploads\/2025\/11\/FAN-1024x576.jpg","type":"","width":"","height":""}],"author":"Africascoop","twitter_card":"summary_large_image","twitter_misc":{"\u00c9crit par":"Africascoop","Dur\u00e9e de lecture estim\u00e9e":"2 minutes"},"schema":{"@context":"https:\/\/schema.org","@graph":[{"@type":"Article","@id":"https:\/\/www.africascoop.net\/index.php\/2025\/11\/03\/65e-anniversaire-de-larmee-burkinabe-le-president-traore-appelle-le-peuple-a-soutenir-la-revolution-progressiste-populaire\/#article","isPartOf":{"@id":"https:\/\/www.africascoop.net\/index.php\/2025\/11\/03\/65e-anniversaire-de-larmee-burkinabe-le-president-traore-appelle-le-peuple-a-soutenir-la-revolution-progressiste-populaire\/"},"author":{"name":"Africascoop","@id":"https:\/\/www.africascoop.net\/#\/schema\/person\/2cbcc632c110d739d93a6b196c67230a"},"headline":"65e anniversaire de l\u2019arm\u00e9e burkinab\u00e8 : le pr\u00e9sident Traor\u00e9 appelle le peuple \u00e0 soutenir la R\u00e9volution progressiste populaire","datePublished":"2025-11-03T13:10:40+00:00","dateModified":"2025-11-03T13:11:11+00:00","mainEntityOfPage":{"@id":"https:\/\/www.africascoop.net\/index.php\/2025\/11\/03\/65e-anniversaire-de-larmee-burkinabe-le-president-traore-appelle-le-peuple-a-soutenir-la-revolution-progressiste-populaire\/"},"wordCount":248,"commentCount":0,"publisher":{"@id":"https:\/\/www.africascoop.net\/#organization"},"image":{"@id":"https:\/\/www.africascoop.net\/index.php\/2025\/11\/03\/65e-anniversaire-de-larmee-burkinabe-le-president-traore-appelle-le-peuple-a-soutenir-la-revolution-progressiste-populaire\/#primaryimage"},"thumbnailUrl":"https:\/\/www.africascoop.net\/wp-content\/uploads\/2025\/11\/FAN-1024x576.jpg","articleSection":["Exclusif","Politique"],"inLanguage":"fr-FR","potentialAction":[{"@type":"CommentAction","name":"Comment","target":["https:\/\/www.africascoop.net\/index.php\/2025\/11\/03\/65e-anniversaire-de-larmee-burkinabe-le-president-traore-appelle-le-peuple-a-soutenir-la-revolution-progressiste-populaire\/#respond"]}]},{"@type":"WebPage","@id":"https:\/\/www.africascoop.net\/index.php\/2025\/11\/03\/65e-anniversaire-de-larmee-burkinabe-le-president-traore-appelle-le-peuple-a-soutenir-la-revolution-progressiste-populaire\/","url":"https:\/\/www.africascoop.net\/index.php\/2025\/11\/03\/65e-anniversaire-de-larmee-burkinabe-le-president-traore-appelle-le-peuple-a-soutenir-la-revolution-progressiste-populaire\/","name":"65e anniversaire de l\u2019arm\u00e9e burkinab\u00e8 : le pr\u00e9sident Traor\u00e9 appelle le peuple \u00e0 soutenir la R\u00e9volution progressiste populaire - Actualit\u00e9s Africaines","isPartOf":{"@id":"https:\/\/www.africascoop.net\/#website"},"primaryImageOfPage":{"@id":"https:\/\/www.africascoop.net\/index.php\/2025\/11\/03\/65e-anniversaire-de-larmee-burkinabe-le-president-traore-appelle-le-peuple-a-soutenir-la-revolution-progressiste-populaire\/#primaryimage"},"image":{"@id":"https:\/\/www.africascoop.net\/index.php\/2025\/11\/03\/65e-anniversaire-de-larmee-burkinabe-le-president-traore-appelle-le-peuple-a-soutenir-la-revolution-progressiste-populaire\/#primaryimage"},"thumbnailUrl":"https:\/\/www.africascoop.net\/wp-content\/uploads\/2025\/11\/FAN-1024x576.jpg","datePublished":"2025-11-03T13:10:40+00:00","dateModified":"2025-11-03T13:11:11+00:00","breadcrumb":{"@id":"https:\/\/www.africascoop.net\/index.php\/2025\/11\/03\/65e-anniversaire-de-larmee-burkinabe-le-president-traore-appelle-le-peuple-a-soutenir-la-revolution-progressiste-populaire\/#breadcrumb"},"inLanguage":"fr-FR","potentialAction":[{"@type":"ReadAction","target":["https:\/\/www.africascoop.net\/index.php\/2025\/11\/03\/65e-anniversaire-de-larmee-burkinabe-le-president-traore-appelle-le-peuple-a-soutenir-la-revolution-progressiste-populaire\/"]}]},{"@type":"ImageObject","inLanguage":"fr-FR","@id":"https:\/\/www.africascoop.net\/index.php\/2025\/11\/03\/65e-anniversaire-de-larmee-burkinabe-le-president-traore-appelle-le-peuple-a-soutenir-la-revolution-progressiste-populaire\/#primaryimage","url":"https:\/\/www.africascoop.net\/wp-content\/uploads\/2025\/11\/FAN.jpg","contentUrl":"https:\/\/www.africascoop.net\/wp-content\/uploads\/2025\/11\/FAN.jpg","width":1366,"height":768},{"@type":"BreadcrumbList","@id":"https:\/\/www.africascoop.net\/index.php\/2025\/11\/03\/65e-anniversaire-de-larmee-burkinabe-le-president-traore-appelle-le-peuple-a-soutenir-la-revolution-progressiste-populaire\/#breadcrumb","itemListElement":[{"@type":"ListItem","position":1,"name":"Accueil","item":"https:\/\/www.africascoop.net\/"},{"@type":"ListItem","position":2,"name":"65e anniversaire de l\u2019arm\u00e9e burkinab\u00e8 : le pr\u00e9sident Traor\u00e9 appelle le peuple \u00e0 soutenir la R\u00e9volution progressiste populaire"}]},{"@type":"WebSite","@id":"https:\/\/www.africascoop.net\/#website","url":"https:\/\/www.africascoop.net\/","name":"Actualit\u00e9s Africaines","description":"","publisher":{"@id":"https:\/\/www.africascoop.net\/#organization"},"potentialAction":[{"@type":"SearchAction","target":{"@type":"EntryPoint","urlTemplate":"https:\/\/www.africascoop.net\/?s={search_term_string}"},"query-input":{"@type":"PropertyValueSpecification","valueRequired":true,"valueName":"search_term_string"}}],"inLanguage":"fr-FR"},{"@type":"Organization","@id":"https:\/\/www.africascoop.net\/#organization","name":"Actualit\u00e9s Africaines","url":"https:\/\/www.africascoop.net\/","logo":{"@type":"ImageObject","inLanguage":"fr-FR","@id":"https:\/\/www.africascoop.net\/#\/schema\/logo\/image\/","url":"https:\/\/www.africascoop.net\/wp-content\/uploads\/2025\/09\/cropped-logo-2.jpg","contentUrl":"https:\/\/www.africascoop.net\/wp-content\/uploads\/2025\/09\/cropped-logo-2.jpg","width":945,"height":591,"caption":"Actualit\u00e9s Africaines"},"image":{"@id":"https:\/\/www.africascoop.net\/#\/schema\/logo\/image\/"}},{"@type":"Person","@id":"https:\/\/www.africascoop.net\/#\/schema\/person\/2cbcc632c110d739d93a6b196c67230a","name":"Africascoop","image":{"@type":"ImageObject","inLanguage":"fr-FR","@id":"https:\/\/www.africascoop.net\/#\/schema\/person\/image\/","url":"https:\/\/secure.gravatar.com\/avatar\/230d851f5173f64fe9487b948bd2daf02707ef49aea942bc1bdad649c82025b9?s=96&d=mm&r=g","contentUrl":"https:\/\/secure.gravatar.com\/avatar\/230d851f5173f64fe9487b948bd2daf02707ef49aea942bc1bdad649c82025b9?s=96&d=mm&r=g","caption":"Africascoop"},"url":"https:\/\/www.africascoop.net\/index.php\/author\/jul\/"}]}},"_links":{"self":[{"href":"https:\/\/www.africascoop.net\/index.php\/wp-json\/wp\/v2\/posts\/620","targetHints":{"allow":["GET"]}}],"collection":[{"href":"https:\/\/www.africascoop.net\/index.php\/wp-json\/wp\/v2\/posts"}],"about":[{"href":"https:\/\/www.africascoop.net\/index.php\/wp-json\/wp\/v2\/types\/post"}],"author":[{"embeddable":true,"href":"https:\/\/www.africascoop.net\/index.php\/wp-json\/wp\/v2\/users\/3"}],"replies":[{"embeddable":true,"href":"https:\/\/www.africascoop.net\/index.php\/wp-json\/wp\/v2\/comments?post=620"}],"version-history":[{"count":1,"href":"https:\/\/www.africascoop.net\/index.php\/wp-json\/wp\/v2\/posts\/620\/revisions"}],"predecessor-version":[{"id":622,"href":"https:\/\/www.africascoop.net\/index.php\/wp-json\/wp\/v2\/posts\/620\/revisions\/622"}],"wp:attachment":[{"href":"https:\/\/www.africascoop.net\/index.php\/wp-json\/wp\/v2\/media?parent=620"}],"wp:term":[{"taxonomy":"category","embeddable":true,"href":"https:\/\/www.africascoop.net\/index.php\/wp-json\/wp\/v2\/categories?post=620"},{"taxonomy":"post_tag","embeddable":true,"href":"https:\/\/www.africascoop.net\/index.php\/wp-json\/wp\/v2\/tags?post=620"}],"curies":[{"name":"wp","href":"https:\/\/api.w.org\/{rel}","templated":true}]}}