{"id":646,"date":"2025-11-05T10:23:58","date_gmt":"2025-11-05T10:23:58","guid":{"rendered":"https:\/\/www.africascoop.net\/?p=646"},"modified":"2025-11-05T10:24:28","modified_gmt":"2025-11-05T10:24:28","slug":"la-cedeao-demonte-le-narratif-dun-conflit-religieux-au-nigeria","status":"publish","type":"post","link":"https:\/\/www.africascoop.net\/index.php\/2025\/11\/05\/la-cedeao-demonte-le-narratif-dun-conflit-religieux-au-nigeria\/","title":{"rendered":"La CEDEAO d\u00e9monte le narratif d\u2019un conflit religieux au Nigeria"},"content":{"rendered":"\n<figure class=\"wp-block-image size-large\"><img loading=\"lazy\" decoding=\"async\" width=\"1024\" height=\"576\" src=\"https:\/\/www.africascoop.net\/wp-content\/uploads\/2025\/11\/CEDEAO-1024x576.jpg\" alt=\"\" class=\"wp-image-647\" srcset=\"https:\/\/www.africascoop.net\/wp-content\/uploads\/2025\/11\/CEDEAO-1024x576.jpg 1024w, https:\/\/www.africascoop.net\/wp-content\/uploads\/2025\/11\/CEDEAO-300x169.jpg 300w, https:\/\/www.africascoop.net\/wp-content\/uploads\/2025\/11\/CEDEAO-768x432.jpg 768w, https:\/\/www.africascoop.net\/wp-content\/uploads\/2025\/11\/CEDEAO.jpg 1366w\" sizes=\"auto, (max-width: 1024px) 100vw, 1024px\" \/><\/figure>\n\n\n\n<p>Dans un r\u00e9cent communiqu\u00e9, la Communaut\u00e9 \u00e9conomique des \u00c9tats de l\u2019Afrique de l\u2019Ouest (CEDEAO) a condamn\u00e9 les attaques terroristes qui continuent de frapper la r\u00e9gion. L\u2019organisation d\u00e9nonce le fait que \u00ab les auteurs de ces actes de violence prennent pour cible des civils innocents de toutes confessions religieuses, y compris des musulmans, des chr\u00e9tiens et des adeptes d&rsquo;autres religions \u00bb.<\/p>\n\n\n\n<p>La CEDEAO a \u00e9galement appel\u00e9 ses partenaires internationaux \u00e0 renforcer leur appui aux \u00c9tats membres dans la lutte contre le terrorisme. Elle rejette par ailleurs le narratif selon lequel \u00ab ces groupes terroristes cibleraient un groupe particulier ou qu&rsquo;il y aurait un g\u00e9nocide d&rsquo;un groupe religieux dans la r\u00e9gion \u00bb.<\/p>\n\n\n\n<p>Ce communiqu\u00e9 intervient \u00e0 la suite des d\u00e9clarations de l\u2019ancien pr\u00e9sident am\u00e9ricain Donald Trump, qui avait affirm\u00e9 que les terroristes visaient sp\u00e9cifiquement certaines confessions religieuses au Nigeria.<\/p>\n\n\n\n<p>Par Djibrilla Tour\u00e9<\/p>\n","protected":false},"excerpt":{"rendered":"<p>Dans un r\u00e9cent communiqu\u00e9, la Communaut\u00e9 \u00e9conomique des \u00c9tats de l\u2019Afrique de l\u2019Ouest (CEDEAO) a condamn\u00e9 les attaques<\/p>\n","protected":false},"author":3,"featured_media":0,"comment_status":"open","ping_status":"open","sticky":false,"template":"","format":"standard","meta":{"footnotes":""},"categories":[36,9],"tags":[],"class_list":["post-646","post","type-post","status-publish","format-standard","hentry","category-exclusif","category-politique"],"yoast_head":"<!-- This site is optimized with the Yoast SEO plugin v26.0 - https:\/\/yoast.com\/wordpress\/plugins\/seo\/ -->\n<title>La CEDEAO d\u00e9monte le narratif d\u2019un conflit religieux au Nigeria - Actualit\u00e9s Africaines<\/title>\n<meta name=\"robots\" content=\"index, follow, max-snippet:-1, max-image-preview:large, max-video-preview:-1\" \/>\n<link rel=\"canonical\" href=\"https:\/\/www.africascoop.net\/index.php\/2025\/11\/05\/la-cedeao-demonte-le-narratif-dun-conflit-religieux-au-nigeria\/\" \/>\n<meta property=\"og:locale\" content=\"fr_FR\" \/>\n<meta property=\"og:type\" content=\"article\" \/>\n<meta property=\"og:title\" content=\"La CEDEAO d\u00e9monte le narratif d\u2019un conflit religieux au Nigeria - Actualit\u00e9s Africaines\" \/>\n<meta property=\"og:description\" content=\"Dans un r\u00e9cent communiqu\u00e9, la Communaut\u00e9 \u00e9conomique des \u00c9tats de l\u2019Afrique de l\u2019Ouest (CEDEAO) a condamn\u00e9 les attaques\" \/>\n<meta property=\"og:url\" content=\"https:\/\/www.africascoop.net\/index.php\/2025\/11\/05\/la-cedeao-demonte-le-narratif-dun-conflit-religieux-au-nigeria\/\" \/>\n<meta property=\"og:site_name\" content=\"Actualit\u00e9s Africaines\" \/>\n<meta property=\"article:published_time\" content=\"2025-11-05T10:23:58+00:00\" \/>\n<meta property=\"article:modified_time\" content=\"2025-11-05T10:24:28+00:00\" \/>\n<meta property=\"og:image\" content=\"https:\/\/www.africascoop.net\/wp-content\/uploads\/2025\/11\/CEDEAO-1024x576.jpg\" \/>\n<meta name=\"author\" content=\"Africascoop\" \/>\n<meta name=\"twitter:card\" content=\"summary_large_image\" \/>\n<meta name=\"twitter:label1\" content=\"\u00c9crit par\" \/>\n\t<meta name=\"twitter:data1\" content=\"Africascoop\" \/>\n\t<meta name=\"twitter:label2\" content=\"Dur\u00e9e de lecture estim\u00e9e\" \/>\n\t<meta name=\"twitter:data2\" content=\"1 minute\" \/>\n<script type=\"application\/ld+json\" class=\"yoast-schema-graph\">{\"@context\":\"https:\/\/schema.org\",\"@graph\":[{\"@type\":\"Article\",\"@id\":\"https:\/\/www.africascoop.net\/index.php\/2025\/11\/05\/la-cedeao-demonte-le-narratif-dun-conflit-religieux-au-nigeria\/#article\",\"isPartOf\":{\"@id\":\"https:\/\/www.africascoop.net\/index.php\/2025\/11\/05\/la-cedeao-demonte-le-narratif-dun-conflit-religieux-au-nigeria\/\"},\"author\":{\"name\":\"Africascoop\",\"@id\":\"https:\/\/www.africascoop.net\/#\/schema\/person\/2cbcc632c110d739d93a6b196c67230a\"},\"headline\":\"La CEDEAO d\u00e9monte le narratif d\u2019un conflit religieux au Nigeria\",\"datePublished\":\"2025-11-05T10:23:58+00:00\",\"dateModified\":\"2025-11-05T10:24:28+00:00\",\"mainEntityOfPage\":{\"@id\":\"https:\/\/www.africascoop.net\/index.php\/2025\/11\/05\/la-cedeao-demonte-le-narratif-dun-conflit-religieux-au-nigeria\/\"},\"wordCount\":163,\"commentCount\":0,\"publisher\":{\"@id\":\"https:\/\/www.africascoop.net\/#organization\"},\"image\":{\"@id\":\"https:\/\/www.africascoop.net\/index.php\/2025\/11\/05\/la-cedeao-demonte-le-narratif-dun-conflit-religieux-au-nigeria\/#primaryimage\"},\"thumbnailUrl\":\"https:\/\/www.africascoop.net\/wp-content\/uploads\/2025\/11\/CEDEAO-1024x576.jpg\",\"articleSection\":[\"Exclusif\",\"Politique\"],\"inLanguage\":\"fr-FR\",\"potentialAction\":[{\"@type\":\"CommentAction\",\"name\":\"Comment\",\"target\":[\"https:\/\/www.africascoop.net\/index.php\/2025\/11\/05\/la-cedeao-demonte-le-narratif-dun-conflit-religieux-au-nigeria\/#respond\"]}]},{\"@type\":\"WebPage\",\"@id\":\"https:\/\/www.africascoop.net\/index.php\/2025\/11\/05\/la-cedeao-demonte-le-narratif-dun-conflit-religieux-au-nigeria\/\",\"url\":\"https:\/\/www.africascoop.net\/index.php\/2025\/11\/05\/la-cedeao-demonte-le-narratif-dun-conflit-religieux-au-nigeria\/\",\"name\":\"La CEDEAO d\u00e9monte le narratif d\u2019un conflit religieux au Nigeria - Actualit\u00e9s Africaines\",\"isPartOf\":{\"@id\":\"https:\/\/www.africascoop.net\/#website\"},\"primaryImageOfPage\":{\"@id\":\"https:\/\/www.africascoop.net\/index.php\/2025\/11\/05\/la-cedeao-demonte-le-narratif-dun-conflit-religieux-au-nigeria\/#primaryimage\"},\"image\":{\"@id\":\"https:\/\/www.africascoop.net\/index.php\/2025\/11\/05\/la-cedeao-demonte-le-narratif-dun-conflit-religieux-au-nigeria\/#primaryimage\"},\"thumbnailUrl\":\"https:\/\/www.africascoop.net\/wp-content\/uploads\/2025\/11\/CEDEAO-1024x576.jpg\",\"datePublished\":\"2025-11-05T10:23:58+00:00\",\"dateModified\":\"2025-11-05T10:24:28+00:00\",\"breadcrumb\":{\"@id\":\"https:\/\/www.africascoop.net\/index.php\/2025\/11\/05\/la-cedeao-demonte-le-narratif-dun-conflit-religieux-au-nigeria\/#breadcrumb\"},\"inLanguage\":\"fr-FR\",\"potentialAction\":[{\"@type\":\"ReadAction\",\"target\":[\"https:\/\/www.africascoop.net\/index.php\/2025\/11\/05\/la-cedeao-demonte-le-narratif-dun-conflit-religieux-au-nigeria\/\"]}]},{\"@type\":\"ImageObject\",\"inLanguage\":\"fr-FR\",\"@id\":\"https:\/\/www.africascoop.net\/index.php\/2025\/11\/05\/la-cedeao-demonte-le-narratif-dun-conflit-religieux-au-nigeria\/#primaryimage\",\"url\":\"https:\/\/www.africascoop.net\/wp-content\/uploads\/2025\/11\/CEDEAO.jpg\",\"contentUrl\":\"https:\/\/www.africascoop.net\/wp-content\/uploads\/2025\/11\/CEDEAO.jpg\",\"width\":1366,\"height\":768},{\"@type\":\"BreadcrumbList\",\"@id\":\"https:\/\/www.africascoop.net\/index.php\/2025\/11\/05\/la-cedeao-demonte-le-narratif-dun-conflit-religieux-au-nigeria\/#breadcrumb\",\"itemListElement\":[{\"@type\":\"ListItem\",\"position\":1,\"name\":\"Accueil\",\"item\":\"https:\/\/www.africascoop.net\/\"},{\"@type\":\"ListItem\",\"position\":2,\"name\":\"La CEDEAO d\u00e9monte le narratif d\u2019un conflit religieux au Nigeria\"}]},{\"@type\":\"WebSite\",\"@id\":\"https:\/\/www.africascoop.net\/#website\",\"url\":\"https:\/\/www.africascoop.net\/\",\"name\":\"Actualit\u00e9s Africaines\",\"description\":\"\",\"publisher\":{\"@id\":\"https:\/\/www.africascoop.net\/#organization\"},\"potentialAction\":[{\"@type\":\"SearchAction\",\"target\":{\"@type\":\"EntryPoint\",\"urlTemplate\":\"https:\/\/www.africascoop.net\/?s={search_term_string}\"},\"query-input\":{\"@type\":\"PropertyValueSpecification\",\"valueRequired\":true,\"valueName\":\"search_term_string\"}}],\"inLanguage\":\"fr-FR\"},{\"@type\":\"Organization\",\"@id\":\"https:\/\/www.africascoop.net\/#organization\",\"name\":\"Actualit\u00e9s Africaines\",\"url\":\"https:\/\/www.africascoop.net\/\",\"logo\":{\"@type\":\"ImageObject\",\"inLanguage\":\"fr-FR\",\"@id\":\"https:\/\/www.africascoop.net\/#\/schema\/logo\/image\/\",\"url\":\"https:\/\/www.africascoop.net\/wp-content\/uploads\/2025\/09\/cropped-logo-2.jpg\",\"contentUrl\":\"https:\/\/www.africascoop.net\/wp-content\/uploads\/2025\/09\/cropped-logo-2.jpg\",\"width\":945,\"height\":591,\"caption\":\"Actualit\u00e9s Africaines\"},\"image\":{\"@id\":\"https:\/\/www.africascoop.net\/#\/schema\/logo\/image\/\"}},{\"@type\":\"Person\",\"@id\":\"https:\/\/www.africascoop.net\/#\/schema\/person\/2cbcc632c110d739d93a6b196c67230a\",\"name\":\"Africascoop\",\"image\":{\"@type\":\"ImageObject\",\"inLanguage\":\"fr-FR\",\"@id\":\"https:\/\/www.africascoop.net\/#\/schema\/person\/image\/\",\"url\":\"https:\/\/secure.gravatar.com\/avatar\/230d851f5173f64fe9487b948bd2daf02707ef49aea942bc1bdad649c82025b9?s=96&d=mm&r=g\",\"contentUrl\":\"https:\/\/secure.gravatar.com\/avatar\/230d851f5173f64fe9487b948bd2daf02707ef49aea942bc1bdad649c82025b9?s=96&d=mm&r=g\",\"caption\":\"Africascoop\"},\"url\":\"https:\/\/www.africascoop.net\/index.php\/author\/jul\/\"}]}<\/script>\n<!-- \/ Yoast SEO plugin. -->","yoast_head_json":{"title":"La CEDEAO d\u00e9monte le narratif d\u2019un conflit religieux au Nigeria - Actualit\u00e9s Africaines","robots":{"index":"index","follow":"follow","max-snippet":"max-snippet:-1","max-image-preview":"max-image-preview:large","max-video-preview":"max-video-preview:-1"},"canonical":"https:\/\/www.africascoop.net\/index.php\/2025\/11\/05\/la-cedeao-demonte-le-narratif-dun-conflit-religieux-au-nigeria\/","og_locale":"fr_FR","og_type":"article","og_title":"La CEDEAO d\u00e9monte le narratif d\u2019un conflit religieux au Nigeria - Actualit\u00e9s Africaines","og_description":"Dans un r\u00e9cent communiqu\u00e9, la Communaut\u00e9 \u00e9conomique des \u00c9tats de l\u2019Afrique de l\u2019Ouest (CEDEAO) a condamn\u00e9 les attaques","og_url":"https:\/\/www.africascoop.net\/index.php\/2025\/11\/05\/la-cedeao-demonte-le-narratif-dun-conflit-religieux-au-nigeria\/","og_site_name":"Actualit\u00e9s Africaines","article_published_time":"2025-11-05T10:23:58+00:00","article_modified_time":"2025-11-05T10:24:28+00:00","og_image":[{"url":"https:\/\/www.africascoop.net\/wp-content\/uploads\/2025\/11\/CEDEAO-1024x576.jpg","type":"","width":"","height":""}],"author":"Africascoop","twitter_card":"summary_large_image","twitter_misc":{"\u00c9crit par":"Africascoop","Dur\u00e9e de lecture estim\u00e9e":"1 minute"},"schema":{"@context":"https:\/\/schema.org","@graph":[{"@type":"Article","@id":"https:\/\/www.africascoop.net\/index.php\/2025\/11\/05\/la-cedeao-demonte-le-narratif-dun-conflit-religieux-au-nigeria\/#article","isPartOf":{"@id":"https:\/\/www.africascoop.net\/index.php\/2025\/11\/05\/la-cedeao-demonte-le-narratif-dun-conflit-religieux-au-nigeria\/"},"author":{"name":"Africascoop","@id":"https:\/\/www.africascoop.net\/#\/schema\/person\/2cbcc632c110d739d93a6b196c67230a"},"headline":"La CEDEAO d\u00e9monte le narratif d\u2019un conflit religieux au Nigeria","datePublished":"2025-11-05T10:23:58+00:00","dateModified":"2025-11-05T10:24:28+00:00","mainEntityOfPage":{"@id":"https:\/\/www.africascoop.net\/index.php\/2025\/11\/05\/la-cedeao-demonte-le-narratif-dun-conflit-religieux-au-nigeria\/"},"wordCount":163,"commentCount":0,"publisher":{"@id":"https:\/\/www.africascoop.net\/#organization"},"image":{"@id":"https:\/\/www.africascoop.net\/index.php\/2025\/11\/05\/la-cedeao-demonte-le-narratif-dun-conflit-religieux-au-nigeria\/#primaryimage"},"thumbnailUrl":"https:\/\/www.africascoop.net\/wp-content\/uploads\/2025\/11\/CEDEAO-1024x576.jpg","articleSection":["Exclusif","Politique"],"inLanguage":"fr-FR","potentialAction":[{"@type":"CommentAction","name":"Comment","target":["https:\/\/www.africascoop.net\/index.php\/2025\/11\/05\/la-cedeao-demonte-le-narratif-dun-conflit-religieux-au-nigeria\/#respond"]}]},{"@type":"WebPage","@id":"https:\/\/www.africascoop.net\/index.php\/2025\/11\/05\/la-cedeao-demonte-le-narratif-dun-conflit-religieux-au-nigeria\/","url":"https:\/\/www.africascoop.net\/index.php\/2025\/11\/05\/la-cedeao-demonte-le-narratif-dun-conflit-religieux-au-nigeria\/","name":"La CEDEAO d\u00e9monte le narratif d\u2019un conflit religieux au Nigeria - Actualit\u00e9s Africaines","isPartOf":{"@id":"https:\/\/www.africascoop.net\/#website"},"primaryImageOfPage":{"@id":"https:\/\/www.africascoop.net\/index.php\/2025\/11\/05\/la-cedeao-demonte-le-narratif-dun-conflit-religieux-au-nigeria\/#primaryimage"},"image":{"@id":"https:\/\/www.africascoop.net\/index.php\/2025\/11\/05\/la-cedeao-demonte-le-narratif-dun-conflit-religieux-au-nigeria\/#primaryimage"},"thumbnailUrl":"https:\/\/www.africascoop.net\/wp-content\/uploads\/2025\/11\/CEDEAO-1024x576.jpg","datePublished":"2025-11-05T10:23:58+00:00","dateModified":"2025-11-05T10:24:28+00:00","breadcrumb":{"@id":"https:\/\/www.africascoop.net\/index.php\/2025\/11\/05\/la-cedeao-demonte-le-narratif-dun-conflit-religieux-au-nigeria\/#breadcrumb"},"inLanguage":"fr-FR","potentialAction":[{"@type":"ReadAction","target":["https:\/\/www.africascoop.net\/index.php\/2025\/11\/05\/la-cedeao-demonte-le-narratif-dun-conflit-religieux-au-nigeria\/"]}]},{"@type":"ImageObject","inLanguage":"fr-FR","@id":"https:\/\/www.africascoop.net\/index.php\/2025\/11\/05\/la-cedeao-demonte-le-narratif-dun-conflit-religieux-au-nigeria\/#primaryimage","url":"https:\/\/www.africascoop.net\/wp-content\/uploads\/2025\/11\/CEDEAO.jpg","contentUrl":"https:\/\/www.africascoop.net\/wp-content\/uploads\/2025\/11\/CEDEAO.jpg","width":1366,"height":768},{"@type":"BreadcrumbList","@id":"https:\/\/www.africascoop.net\/index.php\/2025\/11\/05\/la-cedeao-demonte-le-narratif-dun-conflit-religieux-au-nigeria\/#breadcrumb","itemListElement":[{"@type":"ListItem","position":1,"name":"Accueil","item":"https:\/\/www.africascoop.net\/"},{"@type":"ListItem","position":2,"name":"La CEDEAO d\u00e9monte le narratif d\u2019un conflit religieux au Nigeria"}]},{"@type":"WebSite","@id":"https:\/\/www.africascoop.net\/#website","url":"https:\/\/www.africascoop.net\/","name":"Actualit\u00e9s Africaines","description":"","publisher":{"@id":"https:\/\/www.africascoop.net\/#organization"},"potentialAction":[{"@type":"SearchAction","target":{"@type":"EntryPoint","urlTemplate":"https:\/\/www.africascoop.net\/?s={search_term_string}"},"query-input":{"@type":"PropertyValueSpecification","valueRequired":true,"valueName":"search_term_string"}}],"inLanguage":"fr-FR"},{"@type":"Organization","@id":"https:\/\/www.africascoop.net\/#organization","name":"Actualit\u00e9s Africaines","url":"https:\/\/www.africascoop.net\/","logo":{"@type":"ImageObject","inLanguage":"fr-FR","@id":"https:\/\/www.africascoop.net\/#\/schema\/logo\/image\/","url":"https:\/\/www.africascoop.net\/wp-content\/uploads\/2025\/09\/cropped-logo-2.jpg","contentUrl":"https:\/\/www.africascoop.net\/wp-content\/uploads\/2025\/09\/cropped-logo-2.jpg","width":945,"height":591,"caption":"Actualit\u00e9s Africaines"},"image":{"@id":"https:\/\/www.africascoop.net\/#\/schema\/logo\/image\/"}},{"@type":"Person","@id":"https:\/\/www.africascoop.net\/#\/schema\/person\/2cbcc632c110d739d93a6b196c67230a","name":"Africascoop","image":{"@type":"ImageObject","inLanguage":"fr-FR","@id":"https:\/\/www.africascoop.net\/#\/schema\/person\/image\/","url":"https:\/\/secure.gravatar.com\/avatar\/230d851f5173f64fe9487b948bd2daf02707ef49aea942bc1bdad649c82025b9?s=96&d=mm&r=g","contentUrl":"https:\/\/secure.gravatar.com\/avatar\/230d851f5173f64fe9487b948bd2daf02707ef49aea942bc1bdad649c82025b9?s=96&d=mm&r=g","caption":"Africascoop"},"url":"https:\/\/www.africascoop.net\/index.php\/author\/jul\/"}]}},"_links":{"self":[{"href":"https:\/\/www.africascoop.net\/index.php\/wp-json\/wp\/v2\/posts\/646","targetHints":{"allow":["GET"]}}],"collection":[{"href":"https:\/\/www.africascoop.net\/index.php\/wp-json\/wp\/v2\/posts"}],"about":[{"href":"https:\/\/www.africascoop.net\/index.php\/wp-json\/wp\/v2\/types\/post"}],"author":[{"embeddable":true,"href":"https:\/\/www.africascoop.net\/index.php\/wp-json\/wp\/v2\/users\/3"}],"replies":[{"embeddable":true,"href":"https:\/\/www.africascoop.net\/index.php\/wp-json\/wp\/v2\/comments?post=646"}],"version-history":[{"count":1,"href":"https:\/\/www.africascoop.net\/index.php\/wp-json\/wp\/v2\/posts\/646\/revisions"}],"predecessor-version":[{"id":648,"href":"https:\/\/www.africascoop.net\/index.php\/wp-json\/wp\/v2\/posts\/646\/revisions\/648"}],"wp:attachment":[{"href":"https:\/\/www.africascoop.net\/index.php\/wp-json\/wp\/v2\/media?parent=646"}],"wp:term":[{"taxonomy":"category","embeddable":true,"href":"https:\/\/www.africascoop.net\/index.php\/wp-json\/wp\/v2\/categories?post=646"},{"taxonomy":"post_tag","embeddable":true,"href":"https:\/\/www.africascoop.net\/index.php\/wp-json\/wp\/v2\/tags?post=646"}],"curies":[{"name":"wp","href":"https:\/\/api.w.org\/{rel}","templated":true}]}}