{"id":649,"date":"2025-11-05T19:28:12","date_gmt":"2025-11-05T19:28:12","guid":{"rendered":"https:\/\/www.africascoop.net\/?p=649"},"modified":"2025-11-05T19:28:22","modified_gmt":"2025-11-05T19:28:22","slug":"penurie-du-carburant-la-ministre-oumou-sall-seck-en-premiere-ligne-aux-cotes-des-maliens","status":"publish","type":"post","link":"https:\/\/www.africascoop.net\/index.php\/2025\/11\/05\/penurie-du-carburant-la-ministre-oumou-sall-seck-en-premiere-ligne-aux-cotes-des-maliens\/","title":{"rendered":"P\u00e9nurie du carburant : la ministre Oumou Sall Seck en premi\u00e8re ligne aux c\u00f4t\u00e9s des Maliens"},"content":{"rendered":"\n<figure class=\"wp-block-image size-large\"><img loading=\"lazy\" decoding=\"async\" width=\"1024\" height=\"576\" src=\"https:\/\/www.africascoop.net\/wp-content\/uploads\/2025\/11\/oumou-sall-1024x576.jpg\" alt=\"\" class=\"wp-image-650\" srcset=\"https:\/\/www.africascoop.net\/wp-content\/uploads\/2025\/11\/oumou-sall-1024x576.jpg 1024w, https:\/\/www.africascoop.net\/wp-content\/uploads\/2025\/11\/oumou-sall-300x169.jpg 300w, https:\/\/www.africascoop.net\/wp-content\/uploads\/2025\/11\/oumou-sall-768x432.jpg 768w, https:\/\/www.africascoop.net\/wp-content\/uploads\/2025\/11\/oumou-sall.jpg 1366w\" sizes=\"auto, (max-width: 1024px) 100vw, 1024px\" \/><\/figure>\n\n\n\n<p>&nbsp;<strong><em>En pleine p\u00e9nurie de carburant qui secoue le pays depuis plusieurs jours, la ministre de l\u2019Entrepreneuriat national, de l\u2019Emploi et de la Formation professionnelle, Madame Oumou Sall Seck, s\u2019est rendue ce mardi dans plusieurs stations-service de la capitale. Une visite marqu\u00e9e par la volont\u00e9 affirm\u00e9e du gouvernement de rester \u00e0 l\u2019\u00e9coute des citoyens et de leur t\u00e9moigner un soutien concret dans cette p\u00e9riode difficile.<\/em><\/strong><\/p>\n\n\n\n<p>Sous un soleil de plomb et face \u00e0 des files interminables d\u2019automobilistes, la ministre a \u00e9chang\u00e9 directement avec les usagers et les g\u00e9rants de stations-service. \u00c0 travers cette d\u00e9marche, elle a voulu, selon ses propres mots, \u00ab saluer la r\u00e9silience et la discipline du peuple malien \u00bb confront\u00e9 \u00e0 cette crise conjoncturelle.<\/p>\n\n\n\n<p>\u00ab J\u2019ai remarqu\u00e9 une population r\u00e9siliente et disciplin\u00e9e, consciente des enjeux et des d\u00e9fis que traverse le pays. Je suis venue transmettre la reconnaissance de Son Excellence, le Pr\u00e9sident de la Transition, au peuple malien pour sa patience et sa d\u00e9termination \u00bb, a-t-elle d\u00e9clar\u00e9.<\/p>\n\n\n\n<p>Pour Madame Oumou Sall Seck, cette visite n\u2019\u00e9tait pas seulement symbolique : elle traduisait la volont\u00e9 du gouvernement de rester proche des r\u00e9alit\u00e9s du terrain et de r\u00e9affirmer la solidarit\u00e9 nationale. \u00ab Notre pr\u00e9sence ici signifie que les plus hautes autorit\u00e9s reconnaissent les efforts et la pers\u00e9v\u00e9rance des populations. C\u2019est ensemble, dans la solidarit\u00e9 et la v\u00e9rit\u00e9, que nous reconstruirons le Malikura que nous voulons \u00bb, a-t-elle ajout\u00e9.<\/p>\n\n\n\n<p>La ministre a \u00e9galement salu\u00e9 l\u2019engagement des jeunes mobilis\u00e9s aux c\u00f4t\u00e9s des forces de l\u2019ordre pour le maintien du calme. Parmi eux, plusieurs b\u00e9n\u00e9ficiaires des programmes d\u2019insertion initi\u00e9s par le gouvernement, notamment la 13e contingent du programme de stage de l&rsquo;APEJ, qui regroupe plus de 2 500 jeunes.<\/p>\n\n\n\n<p>\u00ab Le Pr\u00e9sident est avec ces jeunes. Leur pr\u00e9sence ici est la preuve que les efforts du gouvernement portent leurs fruits. C\u2019est un retour d\u2019engagement, un signe de confiance \u00bb, a-t-elle soulign\u00e9 avec fiert\u00e9.<\/p>\n\n\n\n<p>Au-del\u00e0 des difficult\u00e9s d\u2019approvisionnement, cette visite aura surtout permis de renforcer le lien de confiance entre les autorit\u00e9s et les citoyens. Pour Oumou Sall Seck, le message est clair : la stabilit\u00e9, la s\u00e9curit\u00e9 et la prosp\u00e9rit\u00e9 du Mali passeront par l\u2019unit\u00e9 et le patriotisme de tous.<\/p>\n\n\n\n<p>Encadr\u00e9 :<\/p>\n\n\n\n<p>\u00ab C\u2019est notre comportement, ce sont les actes que nous posons qui construiront ce pays. Donnons le bon exemple, celui de patriotes engag\u00e9s pour la stabilit\u00e9 et l\u2019\u00e9mergence du Mali. \u00bb Oumou Sall Seck, ministre de l\u2019Entrepreneuriat national, de l\u2019Emploi et de la Formation professionnelle<\/p>\n\n\n\n<p>Abdrahamane&nbsp;Baba&nbsp;Kouyat\u00e9<\/p>\n","protected":false},"excerpt":{"rendered":"<p>&nbsp;En pleine p\u00e9nurie de carburant qui secoue le pays depuis plusieurs jours, la ministre de l\u2019Entrepreneuriat national, de<\/p>\n","protected":false},"author":3,"featured_media":0,"comment_status":"open","ping_status":"open","sticky":false,"template":"","format":"standard","meta":{"footnotes":""},"categories":[8,36],"tags":[],"class_list":["post-649","post","type-post","status-publish","format-standard","hentry","category-economie","category-exclusif"],"yoast_head":"<!-- This site is optimized with the Yoast SEO plugin v26.0 - https:\/\/yoast.com\/wordpress\/plugins\/seo\/ -->\n<title>P\u00e9nurie du carburant : la ministre Oumou Sall Seck en premi\u00e8re ligne aux c\u00f4t\u00e9s des Maliens - Actualit\u00e9s Africaines<\/title>\n<meta name=\"robots\" content=\"index, follow, max-snippet:-1, max-image-preview:large, max-video-preview:-1\" \/>\n<link rel=\"canonical\" href=\"https:\/\/www.africascoop.net\/index.php\/2025\/11\/05\/penurie-du-carburant-la-ministre-oumou-sall-seck-en-premiere-ligne-aux-cotes-des-maliens\/\" \/>\n<meta property=\"og:locale\" content=\"fr_FR\" \/>\n<meta property=\"og:type\" content=\"article\" \/>\n<meta property=\"og:title\" content=\"P\u00e9nurie du carburant : la ministre Oumou Sall Seck en premi\u00e8re ligne aux c\u00f4t\u00e9s des Maliens - Actualit\u00e9s Africaines\" \/>\n<meta property=\"og:description\" content=\"&nbsp;En pleine p\u00e9nurie de carburant qui secoue le pays depuis plusieurs jours, la ministre de l\u2019Entrepreneuriat national, de\" \/>\n<meta property=\"og:url\" content=\"https:\/\/www.africascoop.net\/index.php\/2025\/11\/05\/penurie-du-carburant-la-ministre-oumou-sall-seck-en-premiere-ligne-aux-cotes-des-maliens\/\" \/>\n<meta property=\"og:site_name\" content=\"Actualit\u00e9s Africaines\" \/>\n<meta property=\"article:published_time\" content=\"2025-11-05T19:28:12+00:00\" \/>\n<meta property=\"article:modified_time\" content=\"2025-11-05T19:28:22+00:00\" \/>\n<meta property=\"og:image\" content=\"https:\/\/www.africascoop.net\/wp-content\/uploads\/2025\/11\/oumou-sall-1024x576.jpg\" \/>\n<meta name=\"author\" content=\"Africascoop\" \/>\n<meta name=\"twitter:card\" content=\"summary_large_image\" \/>\n<meta name=\"twitter:label1\" content=\"\u00c9crit par\" \/>\n\t<meta name=\"twitter:data1\" content=\"Africascoop\" \/>\n\t<meta name=\"twitter:label2\" content=\"Dur\u00e9e de lecture estim\u00e9e\" \/>\n\t<meta name=\"twitter:data2\" content=\"3 minutes\" \/>\n<script type=\"application\/ld+json\" class=\"yoast-schema-graph\">{\"@context\":\"https:\/\/schema.org\",\"@graph\":[{\"@type\":\"Article\",\"@id\":\"https:\/\/www.africascoop.net\/index.php\/2025\/11\/05\/penurie-du-carburant-la-ministre-oumou-sall-seck-en-premiere-ligne-aux-cotes-des-maliens\/#article\",\"isPartOf\":{\"@id\":\"https:\/\/www.africascoop.net\/index.php\/2025\/11\/05\/penurie-du-carburant-la-ministre-oumou-sall-seck-en-premiere-ligne-aux-cotes-des-maliens\/\"},\"author\":{\"name\":\"Africascoop\",\"@id\":\"https:\/\/www.africascoop.net\/#\/schema\/person\/2cbcc632c110d739d93a6b196c67230a\"},\"headline\":\"P\u00e9nurie du carburant : la ministre Oumou Sall Seck en premi\u00e8re ligne aux c\u00f4t\u00e9s des Maliens\",\"datePublished\":\"2025-11-05T19:28:12+00:00\",\"dateModified\":\"2025-11-05T19:28:22+00:00\",\"mainEntityOfPage\":{\"@id\":\"https:\/\/www.africascoop.net\/index.php\/2025\/11\/05\/penurie-du-carburant-la-ministre-oumou-sall-seck-en-premiere-ligne-aux-cotes-des-maliens\/\"},\"wordCount\":465,\"commentCount\":0,\"publisher\":{\"@id\":\"https:\/\/www.africascoop.net\/#organization\"},\"image\":{\"@id\":\"https:\/\/www.africascoop.net\/index.php\/2025\/11\/05\/penurie-du-carburant-la-ministre-oumou-sall-seck-en-premiere-ligne-aux-cotes-des-maliens\/#primaryimage\"},\"thumbnailUrl\":\"https:\/\/www.africascoop.net\/wp-content\/uploads\/2025\/11\/oumou-sall-1024x576.jpg\",\"articleSection\":[\"\u00c9conomie\",\"Exclusif\"],\"inLanguage\":\"fr-FR\",\"potentialAction\":[{\"@type\":\"CommentAction\",\"name\":\"Comment\",\"target\":[\"https:\/\/www.africascoop.net\/index.php\/2025\/11\/05\/penurie-du-carburant-la-ministre-oumou-sall-seck-en-premiere-ligne-aux-cotes-des-maliens\/#respond\"]}]},{\"@type\":\"WebPage\",\"@id\":\"https:\/\/www.africascoop.net\/index.php\/2025\/11\/05\/penurie-du-carburant-la-ministre-oumou-sall-seck-en-premiere-ligne-aux-cotes-des-maliens\/\",\"url\":\"https:\/\/www.africascoop.net\/index.php\/2025\/11\/05\/penurie-du-carburant-la-ministre-oumou-sall-seck-en-premiere-ligne-aux-cotes-des-maliens\/\",\"name\":\"P\u00e9nurie du carburant : la ministre Oumou Sall Seck en premi\u00e8re ligne aux c\u00f4t\u00e9s des Maliens - Actualit\u00e9s Africaines\",\"isPartOf\":{\"@id\":\"https:\/\/www.africascoop.net\/#website\"},\"primaryImageOfPage\":{\"@id\":\"https:\/\/www.africascoop.net\/index.php\/2025\/11\/05\/penurie-du-carburant-la-ministre-oumou-sall-seck-en-premiere-ligne-aux-cotes-des-maliens\/#primaryimage\"},\"image\":{\"@id\":\"https:\/\/www.africascoop.net\/index.php\/2025\/11\/05\/penurie-du-carburant-la-ministre-oumou-sall-seck-en-premiere-ligne-aux-cotes-des-maliens\/#primaryimage\"},\"thumbnailUrl\":\"https:\/\/www.africascoop.net\/wp-content\/uploads\/2025\/11\/oumou-sall-1024x576.jpg\",\"datePublished\":\"2025-11-05T19:28:12+00:00\",\"dateModified\":\"2025-11-05T19:28:22+00:00\",\"breadcrumb\":{\"@id\":\"https:\/\/www.africascoop.net\/index.php\/2025\/11\/05\/penurie-du-carburant-la-ministre-oumou-sall-seck-en-premiere-ligne-aux-cotes-des-maliens\/#breadcrumb\"},\"inLanguage\":\"fr-FR\",\"potentialAction\":[{\"@type\":\"ReadAction\",\"target\":[\"https:\/\/www.africascoop.net\/index.php\/2025\/11\/05\/penurie-du-carburant-la-ministre-oumou-sall-seck-en-premiere-ligne-aux-cotes-des-maliens\/\"]}]},{\"@type\":\"ImageObject\",\"inLanguage\":\"fr-FR\",\"@id\":\"https:\/\/www.africascoop.net\/index.php\/2025\/11\/05\/penurie-du-carburant-la-ministre-oumou-sall-seck-en-premiere-ligne-aux-cotes-des-maliens\/#primaryimage\",\"url\":\"https:\/\/www.africascoop.net\/wp-content\/uploads\/2025\/11\/oumou-sall.jpg\",\"contentUrl\":\"https:\/\/www.africascoop.net\/wp-content\/uploads\/2025\/11\/oumou-sall.jpg\",\"width\":1366,\"height\":768},{\"@type\":\"BreadcrumbList\",\"@id\":\"https:\/\/www.africascoop.net\/index.php\/2025\/11\/05\/penurie-du-carburant-la-ministre-oumou-sall-seck-en-premiere-ligne-aux-cotes-des-maliens\/#breadcrumb\",\"itemListElement\":[{\"@type\":\"ListItem\",\"position\":1,\"name\":\"Accueil\",\"item\":\"https:\/\/www.africascoop.net\/\"},{\"@type\":\"ListItem\",\"position\":2,\"name\":\"P\u00e9nurie du carburant : la ministre Oumou Sall Seck en premi\u00e8re ligne aux c\u00f4t\u00e9s des Maliens\"}]},{\"@type\":\"WebSite\",\"@id\":\"https:\/\/www.africascoop.net\/#website\",\"url\":\"https:\/\/www.africascoop.net\/\",\"name\":\"Actualit\u00e9s Africaines\",\"description\":\"\",\"publisher\":{\"@id\":\"https:\/\/www.africascoop.net\/#organization\"},\"potentialAction\":[{\"@type\":\"SearchAction\",\"target\":{\"@type\":\"EntryPoint\",\"urlTemplate\":\"https:\/\/www.africascoop.net\/?s={search_term_string}\"},\"query-input\":{\"@type\":\"PropertyValueSpecification\",\"valueRequired\":true,\"valueName\":\"search_term_string\"}}],\"inLanguage\":\"fr-FR\"},{\"@type\":\"Organization\",\"@id\":\"https:\/\/www.africascoop.net\/#organization\",\"name\":\"Actualit\u00e9s Africaines\",\"url\":\"https:\/\/www.africascoop.net\/\",\"logo\":{\"@type\":\"ImageObject\",\"inLanguage\":\"fr-FR\",\"@id\":\"https:\/\/www.africascoop.net\/#\/schema\/logo\/image\/\",\"url\":\"https:\/\/www.africascoop.net\/wp-content\/uploads\/2025\/09\/cropped-logo-2.jpg\",\"contentUrl\":\"https:\/\/www.africascoop.net\/wp-content\/uploads\/2025\/09\/cropped-logo-2.jpg\",\"width\":945,\"height\":591,\"caption\":\"Actualit\u00e9s Africaines\"},\"image\":{\"@id\":\"https:\/\/www.africascoop.net\/#\/schema\/logo\/image\/\"}},{\"@type\":\"Person\",\"@id\":\"https:\/\/www.africascoop.net\/#\/schema\/person\/2cbcc632c110d739d93a6b196c67230a\",\"name\":\"Africascoop\",\"image\":{\"@type\":\"ImageObject\",\"inLanguage\":\"fr-FR\",\"@id\":\"https:\/\/www.africascoop.net\/#\/schema\/person\/image\/\",\"url\":\"https:\/\/secure.gravatar.com\/avatar\/230d851f5173f64fe9487b948bd2daf02707ef49aea942bc1bdad649c82025b9?s=96&d=mm&r=g\",\"contentUrl\":\"https:\/\/secure.gravatar.com\/avatar\/230d851f5173f64fe9487b948bd2daf02707ef49aea942bc1bdad649c82025b9?s=96&d=mm&r=g\",\"caption\":\"Africascoop\"},\"url\":\"https:\/\/www.africascoop.net\/index.php\/author\/jul\/\"}]}<\/script>\n<!-- \/ Yoast SEO plugin. -->","yoast_head_json":{"title":"P\u00e9nurie du carburant : la ministre Oumou Sall Seck en premi\u00e8re ligne aux c\u00f4t\u00e9s des Maliens - Actualit\u00e9s Africaines","robots":{"index":"index","follow":"follow","max-snippet":"max-snippet:-1","max-image-preview":"max-image-preview:large","max-video-preview":"max-video-preview:-1"},"canonical":"https:\/\/www.africascoop.net\/index.php\/2025\/11\/05\/penurie-du-carburant-la-ministre-oumou-sall-seck-en-premiere-ligne-aux-cotes-des-maliens\/","og_locale":"fr_FR","og_type":"article","og_title":"P\u00e9nurie du carburant : la ministre Oumou Sall Seck en premi\u00e8re ligne aux c\u00f4t\u00e9s des Maliens - Actualit\u00e9s Africaines","og_description":"&nbsp;En pleine p\u00e9nurie de carburant qui secoue le pays depuis plusieurs jours, la ministre de l\u2019Entrepreneuriat national, de","og_url":"https:\/\/www.africascoop.net\/index.php\/2025\/11\/05\/penurie-du-carburant-la-ministre-oumou-sall-seck-en-premiere-ligne-aux-cotes-des-maliens\/","og_site_name":"Actualit\u00e9s Africaines","article_published_time":"2025-11-05T19:28:12+00:00","article_modified_time":"2025-11-05T19:28:22+00:00","og_image":[{"url":"https:\/\/www.africascoop.net\/wp-content\/uploads\/2025\/11\/oumou-sall-1024x576.jpg","type":"","width":"","height":""}],"author":"Africascoop","twitter_card":"summary_large_image","twitter_misc":{"\u00c9crit par":"Africascoop","Dur\u00e9e de lecture estim\u00e9e":"3 minutes"},"schema":{"@context":"https:\/\/schema.org","@graph":[{"@type":"Article","@id":"https:\/\/www.africascoop.net\/index.php\/2025\/11\/05\/penurie-du-carburant-la-ministre-oumou-sall-seck-en-premiere-ligne-aux-cotes-des-maliens\/#article","isPartOf":{"@id":"https:\/\/www.africascoop.net\/index.php\/2025\/11\/05\/penurie-du-carburant-la-ministre-oumou-sall-seck-en-premiere-ligne-aux-cotes-des-maliens\/"},"author":{"name":"Africascoop","@id":"https:\/\/www.africascoop.net\/#\/schema\/person\/2cbcc632c110d739d93a6b196c67230a"},"headline":"P\u00e9nurie du carburant : la ministre Oumou Sall Seck en premi\u00e8re ligne aux c\u00f4t\u00e9s des Maliens","datePublished":"2025-11-05T19:28:12+00:00","dateModified":"2025-11-05T19:28:22+00:00","mainEntityOfPage":{"@id":"https:\/\/www.africascoop.net\/index.php\/2025\/11\/05\/penurie-du-carburant-la-ministre-oumou-sall-seck-en-premiere-ligne-aux-cotes-des-maliens\/"},"wordCount":465,"commentCount":0,"publisher":{"@id":"https:\/\/www.africascoop.net\/#organization"},"image":{"@id":"https:\/\/www.africascoop.net\/index.php\/2025\/11\/05\/penurie-du-carburant-la-ministre-oumou-sall-seck-en-premiere-ligne-aux-cotes-des-maliens\/#primaryimage"},"thumbnailUrl":"https:\/\/www.africascoop.net\/wp-content\/uploads\/2025\/11\/oumou-sall-1024x576.jpg","articleSection":["\u00c9conomie","Exclusif"],"inLanguage":"fr-FR","potentialAction":[{"@type":"CommentAction","name":"Comment","target":["https:\/\/www.africascoop.net\/index.php\/2025\/11\/05\/penurie-du-carburant-la-ministre-oumou-sall-seck-en-premiere-ligne-aux-cotes-des-maliens\/#respond"]}]},{"@type":"WebPage","@id":"https:\/\/www.africascoop.net\/index.php\/2025\/11\/05\/penurie-du-carburant-la-ministre-oumou-sall-seck-en-premiere-ligne-aux-cotes-des-maliens\/","url":"https:\/\/www.africascoop.net\/index.php\/2025\/11\/05\/penurie-du-carburant-la-ministre-oumou-sall-seck-en-premiere-ligne-aux-cotes-des-maliens\/","name":"P\u00e9nurie du carburant : la ministre Oumou Sall Seck en premi\u00e8re ligne aux c\u00f4t\u00e9s des Maliens - Actualit\u00e9s Africaines","isPartOf":{"@id":"https:\/\/www.africascoop.net\/#website"},"primaryImageOfPage":{"@id":"https:\/\/www.africascoop.net\/index.php\/2025\/11\/05\/penurie-du-carburant-la-ministre-oumou-sall-seck-en-premiere-ligne-aux-cotes-des-maliens\/#primaryimage"},"image":{"@id":"https:\/\/www.africascoop.net\/index.php\/2025\/11\/05\/penurie-du-carburant-la-ministre-oumou-sall-seck-en-premiere-ligne-aux-cotes-des-maliens\/#primaryimage"},"thumbnailUrl":"https:\/\/www.africascoop.net\/wp-content\/uploads\/2025\/11\/oumou-sall-1024x576.jpg","datePublished":"2025-11-05T19:28:12+00:00","dateModified":"2025-11-05T19:28:22+00:00","breadcrumb":{"@id":"https:\/\/www.africascoop.net\/index.php\/2025\/11\/05\/penurie-du-carburant-la-ministre-oumou-sall-seck-en-premiere-ligne-aux-cotes-des-maliens\/#breadcrumb"},"inLanguage":"fr-FR","potentialAction":[{"@type":"ReadAction","target":["https:\/\/www.africascoop.net\/index.php\/2025\/11\/05\/penurie-du-carburant-la-ministre-oumou-sall-seck-en-premiere-ligne-aux-cotes-des-maliens\/"]}]},{"@type":"ImageObject","inLanguage":"fr-FR","@id":"https:\/\/www.africascoop.net\/index.php\/2025\/11\/05\/penurie-du-carburant-la-ministre-oumou-sall-seck-en-premiere-ligne-aux-cotes-des-maliens\/#primaryimage","url":"https:\/\/www.africascoop.net\/wp-content\/uploads\/2025\/11\/oumou-sall.jpg","contentUrl":"https:\/\/www.africascoop.net\/wp-content\/uploads\/2025\/11\/oumou-sall.jpg","width":1366,"height":768},{"@type":"BreadcrumbList","@id":"https:\/\/www.africascoop.net\/index.php\/2025\/11\/05\/penurie-du-carburant-la-ministre-oumou-sall-seck-en-premiere-ligne-aux-cotes-des-maliens\/#breadcrumb","itemListElement":[{"@type":"ListItem","position":1,"name":"Accueil","item":"https:\/\/www.africascoop.net\/"},{"@type":"ListItem","position":2,"name":"P\u00e9nurie du carburant : la ministre Oumou Sall Seck en premi\u00e8re ligne aux c\u00f4t\u00e9s des Maliens"}]},{"@type":"WebSite","@id":"https:\/\/www.africascoop.net\/#website","url":"https:\/\/www.africascoop.net\/","name":"Actualit\u00e9s Africaines","description":"","publisher":{"@id":"https:\/\/www.africascoop.net\/#organization"},"potentialAction":[{"@type":"SearchAction","target":{"@type":"EntryPoint","urlTemplate":"https:\/\/www.africascoop.net\/?s={search_term_string}"},"query-input":{"@type":"PropertyValueSpecification","valueRequired":true,"valueName":"search_term_string"}}],"inLanguage":"fr-FR"},{"@type":"Organization","@id":"https:\/\/www.africascoop.net\/#organization","name":"Actualit\u00e9s Africaines","url":"https:\/\/www.africascoop.net\/","logo":{"@type":"ImageObject","inLanguage":"fr-FR","@id":"https:\/\/www.africascoop.net\/#\/schema\/logo\/image\/","url":"https:\/\/www.africascoop.net\/wp-content\/uploads\/2025\/09\/cropped-logo-2.jpg","contentUrl":"https:\/\/www.africascoop.net\/wp-content\/uploads\/2025\/09\/cropped-logo-2.jpg","width":945,"height":591,"caption":"Actualit\u00e9s Africaines"},"image":{"@id":"https:\/\/www.africascoop.net\/#\/schema\/logo\/image\/"}},{"@type":"Person","@id":"https:\/\/www.africascoop.net\/#\/schema\/person\/2cbcc632c110d739d93a6b196c67230a","name":"Africascoop","image":{"@type":"ImageObject","inLanguage":"fr-FR","@id":"https:\/\/www.africascoop.net\/#\/schema\/person\/image\/","url":"https:\/\/secure.gravatar.com\/avatar\/230d851f5173f64fe9487b948bd2daf02707ef49aea942bc1bdad649c82025b9?s=96&d=mm&r=g","contentUrl":"https:\/\/secure.gravatar.com\/avatar\/230d851f5173f64fe9487b948bd2daf02707ef49aea942bc1bdad649c82025b9?s=96&d=mm&r=g","caption":"Africascoop"},"url":"https:\/\/www.africascoop.net\/index.php\/author\/jul\/"}]}},"_links":{"self":[{"href":"https:\/\/www.africascoop.net\/index.php\/wp-json\/wp\/v2\/posts\/649","targetHints":{"allow":["GET"]}}],"collection":[{"href":"https:\/\/www.africascoop.net\/index.php\/wp-json\/wp\/v2\/posts"}],"about":[{"href":"https:\/\/www.africascoop.net\/index.php\/wp-json\/wp\/v2\/types\/post"}],"author":[{"embeddable":true,"href":"https:\/\/www.africascoop.net\/index.php\/wp-json\/wp\/v2\/users\/3"}],"replies":[{"embeddable":true,"href":"https:\/\/www.africascoop.net\/index.php\/wp-json\/wp\/v2\/comments?post=649"}],"version-history":[{"count":1,"href":"https:\/\/www.africascoop.net\/index.php\/wp-json\/wp\/v2\/posts\/649\/revisions"}],"predecessor-version":[{"id":651,"href":"https:\/\/www.africascoop.net\/index.php\/wp-json\/wp\/v2\/posts\/649\/revisions\/651"}],"wp:attachment":[{"href":"https:\/\/www.africascoop.net\/index.php\/wp-json\/wp\/v2\/media?parent=649"}],"wp:term":[{"taxonomy":"category","embeddable":true,"href":"https:\/\/www.africascoop.net\/index.php\/wp-json\/wp\/v2\/categories?post=649"},{"taxonomy":"post_tag","embeddable":true,"href":"https:\/\/www.africascoop.net\/index.php\/wp-json\/wp\/v2\/tags?post=649"}],"curies":[{"name":"wp","href":"https:\/\/api.w.org\/{rel}","templated":true}]}}