{"id":658,"date":"2025-11-06T21:27:19","date_gmt":"2025-11-06T21:27:19","guid":{"rendered":"https:\/\/www.africascoop.net\/?p=658"},"modified":"2025-11-06T21:27:50","modified_gmt":"2025-11-06T21:27:50","slug":"koro-mali-le-hcr-et-ses-partenaires-au-chevet-des-refugies","status":"publish","type":"post","link":"https:\/\/www.africascoop.net\/index.php\/2025\/11\/06\/koro-mali-le-hcr-et-ses-partenaires-au-chevet-des-refugies\/","title":{"rendered":"Koro (Mali) : le HCR et ses partenaires au chevet des r\u00e9fugi\u00e9s"},"content":{"rendered":"\n<figure class=\"wp-block-image size-large\"><img loading=\"lazy\" decoding=\"async\" width=\"1024\" height=\"576\" src=\"https:\/\/www.africascoop.net\/wp-content\/uploads\/2025\/11\/HCR1-1024x576.jpg\" alt=\"\" class=\"wp-image-659\" srcset=\"https:\/\/www.africascoop.net\/wp-content\/uploads\/2025\/11\/HCR1-1024x576.jpg 1024w, https:\/\/www.africascoop.net\/wp-content\/uploads\/2025\/11\/HCR1-300x169.jpg 300w, https:\/\/www.africascoop.net\/wp-content\/uploads\/2025\/11\/HCR1-768x432.jpg 768w, https:\/\/www.africascoop.net\/wp-content\/uploads\/2025\/11\/HCR1.jpg 1366w\" sizes=\"auto, (max-width: 1024px) 100vw, 1024px\" \/><\/figure>\n\n\n\n<p><strong><em>\u00c0 Koro, dans le centre du Mali, le Haut-Commissariat des Nations Unies pour les R\u00e9fugi\u00e9s (HCR) et ses partenaires humanitaires viennent de franchir une nouvelle \u00e9tape dans l\u2019accompagnement des r\u00e9fugi\u00e9s. Un site sp\u00e9cialement am\u00e9nag\u00e9 vient d\u2019\u00eatre mis \u00e0 leur disposition, offrant un cadre de vie plus digne \u00e0 des centaines de familles qui vivaient jusque-l\u00e0 dans les \u00e9coles de la ville.<\/em><\/strong><\/p>\n\n\n\n<p>Selon un rapport du HCR dat\u00e9 du 3 octobre, plus de 209 m\u00e9nages, soit 809 personnes, ont b\u00e9n\u00e9fici\u00e9 de la construction d\u2019un nouveau site \u00e9quip\u00e9, garantissant de meilleures conditions de vie. Le projet a \u00e9t\u00e9 mis en \u0153uvre avec l\u2019appui de plusieurs partenaires, dont le Programme alimentaire mondial (PAM), l\u2019UNICEF, les ONG NRC, ACTED, DRC et le CICR.<\/p>\n\n\n\n<p>Avant la relocalisation, la coalition de partenaires a r\u00e9habilit\u00e9 plusieurs \u00e9coles, r\u00e9par\u00e9 les latrines et restaur\u00e9 les tables-bancs utilis\u00e9s par les enfants. Sur le nouveau site, plus de 231 abris d\u2019urgence ont \u00e9t\u00e9 construits gr\u00e2ce \u00e0 l\u2019approche Cash for Work, une strat\u00e9gie qui consiste \u00e0 r\u00e9mun\u00e9rer quotidiennement les volontaires pour les travaux r\u00e9alis\u00e9s.<\/p>\n\n\n\n<p>Le HCR et ses partenaires indiquent \u00e9galement avoir form\u00e9 plus de 60 leaders communautaires, dont des associations de femmes, des leaders religieux et traditionnels. En parall\u00e8le, 44 cas individuels et 12 familles ont b\u00e9n\u00e9fici\u00e9 d\u2019un appui financier direct.<\/p>\n\n\n\n<p>Les efforts humanitaires ne se sont pas limit\u00e9s \u00e0 l\u2019h\u00e9bergement. Au total, 867 femmes et jeunes filles ont re\u00e7u des kits de dignit\u00e9 comprenant savons, sous-v\u00eatements, chaussures, pagnes, seaux et moustiquaires. Des organisations comme Save the Children, Care International et YA-G ont, de leur c\u00f4t\u00e9, apport\u00e9 une aide financi\u00e8re inconditionnelle \u00e0 800 familles chacune. Le CICR a fourni une assistance mon\u00e9taire conditionnelle (vivres) \u00e0 1 200 m\u00e9nages, tandis que DRC a soutenu 258 m\u00e9nages, soit 772 individus, par des transferts en esp\u00e8ces.<\/p>\n\n\n\n<p>Pour am\u00e9liorer l\u2019acc\u00e8s \u00e0 l\u2019eau potable, le HCR a construit un forage SHVA et install\u00e9 quatre cuves de 5 000 litres. L\u2019ONG ACTED est en train d\u2019\u00e9difier trois blocs de latrines, et l\u2019UNICEF a fourni 50 dalles destin\u00e9es \u00e0 renforcer l\u2019hygi\u00e8ne sur le site.<\/p>\n\n\n\n<p>Fid\u00e8le \u00e0 sa mission, le PAM poursuit la distribution de vivres, notamment aux femmes enceintes, femmes allaitantes et enfants de 0 \u00e0 23 mois.<\/p>\n\n\n\n<p>De son c\u00f4t\u00e9, le gouvernement du Mali, \u00e0 travers le minist\u00e8re de l\u2019Administration territoriale et de la D\u00e9centralisation (MATD), a conduit une \u00e9valuation approfondie avec les partenaires techniques et financiers afin d\u2019apporter une r\u00e9ponse coordonn\u00e9e et durable \u00e0 la situation humanitaire.<\/p>\n\n\n\n<p><strong>Par Djibrilla Tour\u00e9<\/strong><\/p>\n\n\n\n<p><\/p>\n","protected":false},"excerpt":{"rendered":"<p>\u00c0 Koro, dans le centre du Mali, le Haut-Commissariat des Nations Unies pour les R\u00e9fugi\u00e9s (HCR) et ses<\/p>\n","protected":false},"author":3,"featured_media":0,"comment_status":"open","ping_status":"open","sticky":false,"template":"","format":"standard","meta":{"footnotes":""},"categories":[36,35],"tags":[],"class_list":["post-658","post","type-post","status-publish","format-standard","hentry","category-exclusif","category-societe"],"yoast_head":"<!-- This site is optimized with the Yoast SEO plugin v26.0 - https:\/\/yoast.com\/wordpress\/plugins\/seo\/ -->\n<title>Koro (Mali) : le HCR et ses partenaires au chevet des r\u00e9fugi\u00e9s - Actualit\u00e9s Africaines<\/title>\n<meta name=\"robots\" content=\"index, follow, max-snippet:-1, max-image-preview:large, max-video-preview:-1\" \/>\n<link rel=\"canonical\" href=\"https:\/\/www.africascoop.net\/index.php\/2025\/11\/06\/koro-mali-le-hcr-et-ses-partenaires-au-chevet-des-refugies\/\" \/>\n<meta property=\"og:locale\" content=\"fr_FR\" \/>\n<meta property=\"og:type\" content=\"article\" \/>\n<meta property=\"og:title\" content=\"Koro (Mali) : le HCR et ses partenaires au chevet des r\u00e9fugi\u00e9s - Actualit\u00e9s Africaines\" \/>\n<meta property=\"og:description\" content=\"\u00c0 Koro, dans le centre du Mali, le Haut-Commissariat des Nations Unies pour les R\u00e9fugi\u00e9s (HCR) et ses\" \/>\n<meta property=\"og:url\" content=\"https:\/\/www.africascoop.net\/index.php\/2025\/11\/06\/koro-mali-le-hcr-et-ses-partenaires-au-chevet-des-refugies\/\" \/>\n<meta property=\"og:site_name\" content=\"Actualit\u00e9s Africaines\" \/>\n<meta property=\"article:published_time\" content=\"2025-11-06T21:27:19+00:00\" \/>\n<meta property=\"article:modified_time\" content=\"2025-11-06T21:27:50+00:00\" \/>\n<meta property=\"og:image\" content=\"https:\/\/www.africascoop.net\/wp-content\/uploads\/2025\/11\/HCR1-1024x576.jpg\" \/>\n<meta name=\"author\" content=\"Africascoop\" \/>\n<meta name=\"twitter:card\" content=\"summary_large_image\" \/>\n<meta name=\"twitter:label1\" content=\"\u00c9crit par\" \/>\n\t<meta name=\"twitter:data1\" content=\"Africascoop\" \/>\n\t<meta name=\"twitter:label2\" content=\"Dur\u00e9e de lecture estim\u00e9e\" \/>\n\t<meta name=\"twitter:data2\" content=\"3 minutes\" \/>\n<script type=\"application\/ld+json\" class=\"yoast-schema-graph\">{\"@context\":\"https:\/\/schema.org\",\"@graph\":[{\"@type\":\"Article\",\"@id\":\"https:\/\/www.africascoop.net\/index.php\/2025\/11\/06\/koro-mali-le-hcr-et-ses-partenaires-au-chevet-des-refugies\/#article\",\"isPartOf\":{\"@id\":\"https:\/\/www.africascoop.net\/index.php\/2025\/11\/06\/koro-mali-le-hcr-et-ses-partenaires-au-chevet-des-refugies\/\"},\"author\":{\"name\":\"Africascoop\",\"@id\":\"https:\/\/www.africascoop.net\/#\/schema\/person\/2cbcc632c110d739d93a6b196c67230a\"},\"headline\":\"Koro (Mali) : le HCR et ses partenaires au chevet des r\u00e9fugi\u00e9s\",\"datePublished\":\"2025-11-06T21:27:19+00:00\",\"dateModified\":\"2025-11-06T21:27:50+00:00\",\"mainEntityOfPage\":{\"@id\":\"https:\/\/www.africascoop.net\/index.php\/2025\/11\/06\/koro-mali-le-hcr-et-ses-partenaires-au-chevet-des-refugies\/\"},\"wordCount\":443,\"commentCount\":0,\"publisher\":{\"@id\":\"https:\/\/www.africascoop.net\/#organization\"},\"image\":{\"@id\":\"https:\/\/www.africascoop.net\/index.php\/2025\/11\/06\/koro-mali-le-hcr-et-ses-partenaires-au-chevet-des-refugies\/#primaryimage\"},\"thumbnailUrl\":\"https:\/\/www.africascoop.net\/wp-content\/uploads\/2025\/11\/HCR1-1024x576.jpg\",\"articleSection\":[\"Exclusif\",\"Soci\u00e9t\u00e9\"],\"inLanguage\":\"fr-FR\",\"potentialAction\":[{\"@type\":\"CommentAction\",\"name\":\"Comment\",\"target\":[\"https:\/\/www.africascoop.net\/index.php\/2025\/11\/06\/koro-mali-le-hcr-et-ses-partenaires-au-chevet-des-refugies\/#respond\"]}]},{\"@type\":\"WebPage\",\"@id\":\"https:\/\/www.africascoop.net\/index.php\/2025\/11\/06\/koro-mali-le-hcr-et-ses-partenaires-au-chevet-des-refugies\/\",\"url\":\"https:\/\/www.africascoop.net\/index.php\/2025\/11\/06\/koro-mali-le-hcr-et-ses-partenaires-au-chevet-des-refugies\/\",\"name\":\"Koro (Mali) : le HCR et ses partenaires au chevet des r\u00e9fugi\u00e9s - Actualit\u00e9s Africaines\",\"isPartOf\":{\"@id\":\"https:\/\/www.africascoop.net\/#website\"},\"primaryImageOfPage\":{\"@id\":\"https:\/\/www.africascoop.net\/index.php\/2025\/11\/06\/koro-mali-le-hcr-et-ses-partenaires-au-chevet-des-refugies\/#primaryimage\"},\"image\":{\"@id\":\"https:\/\/www.africascoop.net\/index.php\/2025\/11\/06\/koro-mali-le-hcr-et-ses-partenaires-au-chevet-des-refugies\/#primaryimage\"},\"thumbnailUrl\":\"https:\/\/www.africascoop.net\/wp-content\/uploads\/2025\/11\/HCR1-1024x576.jpg\",\"datePublished\":\"2025-11-06T21:27:19+00:00\",\"dateModified\":\"2025-11-06T21:27:50+00:00\",\"breadcrumb\":{\"@id\":\"https:\/\/www.africascoop.net\/index.php\/2025\/11\/06\/koro-mali-le-hcr-et-ses-partenaires-au-chevet-des-refugies\/#breadcrumb\"},\"inLanguage\":\"fr-FR\",\"potentialAction\":[{\"@type\":\"ReadAction\",\"target\":[\"https:\/\/www.africascoop.net\/index.php\/2025\/11\/06\/koro-mali-le-hcr-et-ses-partenaires-au-chevet-des-refugies\/\"]}]},{\"@type\":\"ImageObject\",\"inLanguage\":\"fr-FR\",\"@id\":\"https:\/\/www.africascoop.net\/index.php\/2025\/11\/06\/koro-mali-le-hcr-et-ses-partenaires-au-chevet-des-refugies\/#primaryimage\",\"url\":\"https:\/\/www.africascoop.net\/wp-content\/uploads\/2025\/11\/HCR1.jpg\",\"contentUrl\":\"https:\/\/www.africascoop.net\/wp-content\/uploads\/2025\/11\/HCR1.jpg\",\"width\":1366,\"height\":768},{\"@type\":\"BreadcrumbList\",\"@id\":\"https:\/\/www.africascoop.net\/index.php\/2025\/11\/06\/koro-mali-le-hcr-et-ses-partenaires-au-chevet-des-refugies\/#breadcrumb\",\"itemListElement\":[{\"@type\":\"ListItem\",\"position\":1,\"name\":\"Accueil\",\"item\":\"https:\/\/www.africascoop.net\/\"},{\"@type\":\"ListItem\",\"position\":2,\"name\":\"Koro (Mali) : le HCR et ses partenaires au chevet des r\u00e9fugi\u00e9s\"}]},{\"@type\":\"WebSite\",\"@id\":\"https:\/\/www.africascoop.net\/#website\",\"url\":\"https:\/\/www.africascoop.net\/\",\"name\":\"Actualit\u00e9s Africaines\",\"description\":\"\",\"publisher\":{\"@id\":\"https:\/\/www.africascoop.net\/#organization\"},\"potentialAction\":[{\"@type\":\"SearchAction\",\"target\":{\"@type\":\"EntryPoint\",\"urlTemplate\":\"https:\/\/www.africascoop.net\/?s={search_term_string}\"},\"query-input\":{\"@type\":\"PropertyValueSpecification\",\"valueRequired\":true,\"valueName\":\"search_term_string\"}}],\"inLanguage\":\"fr-FR\"},{\"@type\":\"Organization\",\"@id\":\"https:\/\/www.africascoop.net\/#organization\",\"name\":\"Actualit\u00e9s Africaines\",\"url\":\"https:\/\/www.africascoop.net\/\",\"logo\":{\"@type\":\"ImageObject\",\"inLanguage\":\"fr-FR\",\"@id\":\"https:\/\/www.africascoop.net\/#\/schema\/logo\/image\/\",\"url\":\"https:\/\/www.africascoop.net\/wp-content\/uploads\/2025\/09\/cropped-logo-2.jpg\",\"contentUrl\":\"https:\/\/www.africascoop.net\/wp-content\/uploads\/2025\/09\/cropped-logo-2.jpg\",\"width\":945,\"height\":591,\"caption\":\"Actualit\u00e9s Africaines\"},\"image\":{\"@id\":\"https:\/\/www.africascoop.net\/#\/schema\/logo\/image\/\"}},{\"@type\":\"Person\",\"@id\":\"https:\/\/www.africascoop.net\/#\/schema\/person\/2cbcc632c110d739d93a6b196c67230a\",\"name\":\"Africascoop\",\"image\":{\"@type\":\"ImageObject\",\"inLanguage\":\"fr-FR\",\"@id\":\"https:\/\/www.africascoop.net\/#\/schema\/person\/image\/\",\"url\":\"https:\/\/secure.gravatar.com\/avatar\/230d851f5173f64fe9487b948bd2daf02707ef49aea942bc1bdad649c82025b9?s=96&d=mm&r=g\",\"contentUrl\":\"https:\/\/secure.gravatar.com\/avatar\/230d851f5173f64fe9487b948bd2daf02707ef49aea942bc1bdad649c82025b9?s=96&d=mm&r=g\",\"caption\":\"Africascoop\"},\"url\":\"https:\/\/www.africascoop.net\/index.php\/author\/jul\/\"}]}<\/script>\n<!-- \/ Yoast SEO plugin. -->","yoast_head_json":{"title":"Koro (Mali) : le HCR et ses partenaires au chevet des r\u00e9fugi\u00e9s - Actualit\u00e9s Africaines","robots":{"index":"index","follow":"follow","max-snippet":"max-snippet:-1","max-image-preview":"max-image-preview:large","max-video-preview":"max-video-preview:-1"},"canonical":"https:\/\/www.africascoop.net\/index.php\/2025\/11\/06\/koro-mali-le-hcr-et-ses-partenaires-au-chevet-des-refugies\/","og_locale":"fr_FR","og_type":"article","og_title":"Koro (Mali) : le HCR et ses partenaires au chevet des r\u00e9fugi\u00e9s - Actualit\u00e9s Africaines","og_description":"\u00c0 Koro, dans le centre du Mali, le Haut-Commissariat des Nations Unies pour les R\u00e9fugi\u00e9s (HCR) et ses","og_url":"https:\/\/www.africascoop.net\/index.php\/2025\/11\/06\/koro-mali-le-hcr-et-ses-partenaires-au-chevet-des-refugies\/","og_site_name":"Actualit\u00e9s Africaines","article_published_time":"2025-11-06T21:27:19+00:00","article_modified_time":"2025-11-06T21:27:50+00:00","og_image":[{"url":"https:\/\/www.africascoop.net\/wp-content\/uploads\/2025\/11\/HCR1-1024x576.jpg","type":"","width":"","height":""}],"author":"Africascoop","twitter_card":"summary_large_image","twitter_misc":{"\u00c9crit par":"Africascoop","Dur\u00e9e de lecture estim\u00e9e":"3 minutes"},"schema":{"@context":"https:\/\/schema.org","@graph":[{"@type":"Article","@id":"https:\/\/www.africascoop.net\/index.php\/2025\/11\/06\/koro-mali-le-hcr-et-ses-partenaires-au-chevet-des-refugies\/#article","isPartOf":{"@id":"https:\/\/www.africascoop.net\/index.php\/2025\/11\/06\/koro-mali-le-hcr-et-ses-partenaires-au-chevet-des-refugies\/"},"author":{"name":"Africascoop","@id":"https:\/\/www.africascoop.net\/#\/schema\/person\/2cbcc632c110d739d93a6b196c67230a"},"headline":"Koro (Mali) : le HCR et ses partenaires au chevet des r\u00e9fugi\u00e9s","datePublished":"2025-11-06T21:27:19+00:00","dateModified":"2025-11-06T21:27:50+00:00","mainEntityOfPage":{"@id":"https:\/\/www.africascoop.net\/index.php\/2025\/11\/06\/koro-mali-le-hcr-et-ses-partenaires-au-chevet-des-refugies\/"},"wordCount":443,"commentCount":0,"publisher":{"@id":"https:\/\/www.africascoop.net\/#organization"},"image":{"@id":"https:\/\/www.africascoop.net\/index.php\/2025\/11\/06\/koro-mali-le-hcr-et-ses-partenaires-au-chevet-des-refugies\/#primaryimage"},"thumbnailUrl":"https:\/\/www.africascoop.net\/wp-content\/uploads\/2025\/11\/HCR1-1024x576.jpg","articleSection":["Exclusif","Soci\u00e9t\u00e9"],"inLanguage":"fr-FR","potentialAction":[{"@type":"CommentAction","name":"Comment","target":["https:\/\/www.africascoop.net\/index.php\/2025\/11\/06\/koro-mali-le-hcr-et-ses-partenaires-au-chevet-des-refugies\/#respond"]}]},{"@type":"WebPage","@id":"https:\/\/www.africascoop.net\/index.php\/2025\/11\/06\/koro-mali-le-hcr-et-ses-partenaires-au-chevet-des-refugies\/","url":"https:\/\/www.africascoop.net\/index.php\/2025\/11\/06\/koro-mali-le-hcr-et-ses-partenaires-au-chevet-des-refugies\/","name":"Koro (Mali) : le HCR et ses partenaires au chevet des r\u00e9fugi\u00e9s - Actualit\u00e9s Africaines","isPartOf":{"@id":"https:\/\/www.africascoop.net\/#website"},"primaryImageOfPage":{"@id":"https:\/\/www.africascoop.net\/index.php\/2025\/11\/06\/koro-mali-le-hcr-et-ses-partenaires-au-chevet-des-refugies\/#primaryimage"},"image":{"@id":"https:\/\/www.africascoop.net\/index.php\/2025\/11\/06\/koro-mali-le-hcr-et-ses-partenaires-au-chevet-des-refugies\/#primaryimage"},"thumbnailUrl":"https:\/\/www.africascoop.net\/wp-content\/uploads\/2025\/11\/HCR1-1024x576.jpg","datePublished":"2025-11-06T21:27:19+00:00","dateModified":"2025-11-06T21:27:50+00:00","breadcrumb":{"@id":"https:\/\/www.africascoop.net\/index.php\/2025\/11\/06\/koro-mali-le-hcr-et-ses-partenaires-au-chevet-des-refugies\/#breadcrumb"},"inLanguage":"fr-FR","potentialAction":[{"@type":"ReadAction","target":["https:\/\/www.africascoop.net\/index.php\/2025\/11\/06\/koro-mali-le-hcr-et-ses-partenaires-au-chevet-des-refugies\/"]}]},{"@type":"ImageObject","inLanguage":"fr-FR","@id":"https:\/\/www.africascoop.net\/index.php\/2025\/11\/06\/koro-mali-le-hcr-et-ses-partenaires-au-chevet-des-refugies\/#primaryimage","url":"https:\/\/www.africascoop.net\/wp-content\/uploads\/2025\/11\/HCR1.jpg","contentUrl":"https:\/\/www.africascoop.net\/wp-content\/uploads\/2025\/11\/HCR1.jpg","width":1366,"height":768},{"@type":"BreadcrumbList","@id":"https:\/\/www.africascoop.net\/index.php\/2025\/11\/06\/koro-mali-le-hcr-et-ses-partenaires-au-chevet-des-refugies\/#breadcrumb","itemListElement":[{"@type":"ListItem","position":1,"name":"Accueil","item":"https:\/\/www.africascoop.net\/"},{"@type":"ListItem","position":2,"name":"Koro (Mali) : le HCR et ses partenaires au chevet des r\u00e9fugi\u00e9s"}]},{"@type":"WebSite","@id":"https:\/\/www.africascoop.net\/#website","url":"https:\/\/www.africascoop.net\/","name":"Actualit\u00e9s Africaines","description":"","publisher":{"@id":"https:\/\/www.africascoop.net\/#organization"},"potentialAction":[{"@type":"SearchAction","target":{"@type":"EntryPoint","urlTemplate":"https:\/\/www.africascoop.net\/?s={search_term_string}"},"query-input":{"@type":"PropertyValueSpecification","valueRequired":true,"valueName":"search_term_string"}}],"inLanguage":"fr-FR"},{"@type":"Organization","@id":"https:\/\/www.africascoop.net\/#organization","name":"Actualit\u00e9s Africaines","url":"https:\/\/www.africascoop.net\/","logo":{"@type":"ImageObject","inLanguage":"fr-FR","@id":"https:\/\/www.africascoop.net\/#\/schema\/logo\/image\/","url":"https:\/\/www.africascoop.net\/wp-content\/uploads\/2025\/09\/cropped-logo-2.jpg","contentUrl":"https:\/\/www.africascoop.net\/wp-content\/uploads\/2025\/09\/cropped-logo-2.jpg","width":945,"height":591,"caption":"Actualit\u00e9s Africaines"},"image":{"@id":"https:\/\/www.africascoop.net\/#\/schema\/logo\/image\/"}},{"@type":"Person","@id":"https:\/\/www.africascoop.net\/#\/schema\/person\/2cbcc632c110d739d93a6b196c67230a","name":"Africascoop","image":{"@type":"ImageObject","inLanguage":"fr-FR","@id":"https:\/\/www.africascoop.net\/#\/schema\/person\/image\/","url":"https:\/\/secure.gravatar.com\/avatar\/230d851f5173f64fe9487b948bd2daf02707ef49aea942bc1bdad649c82025b9?s=96&d=mm&r=g","contentUrl":"https:\/\/secure.gravatar.com\/avatar\/230d851f5173f64fe9487b948bd2daf02707ef49aea942bc1bdad649c82025b9?s=96&d=mm&r=g","caption":"Africascoop"},"url":"https:\/\/www.africascoop.net\/index.php\/author\/jul\/"}]}},"_links":{"self":[{"href":"https:\/\/www.africascoop.net\/index.php\/wp-json\/wp\/v2\/posts\/658","targetHints":{"allow":["GET"]}}],"collection":[{"href":"https:\/\/www.africascoop.net\/index.php\/wp-json\/wp\/v2\/posts"}],"about":[{"href":"https:\/\/www.africascoop.net\/index.php\/wp-json\/wp\/v2\/types\/post"}],"author":[{"embeddable":true,"href":"https:\/\/www.africascoop.net\/index.php\/wp-json\/wp\/v2\/users\/3"}],"replies":[{"embeddable":true,"href":"https:\/\/www.africascoop.net\/index.php\/wp-json\/wp\/v2\/comments?post=658"}],"version-history":[{"count":1,"href":"https:\/\/www.africascoop.net\/index.php\/wp-json\/wp\/v2\/posts\/658\/revisions"}],"predecessor-version":[{"id":660,"href":"https:\/\/www.africascoop.net\/index.php\/wp-json\/wp\/v2\/posts\/658\/revisions\/660"}],"wp:attachment":[{"href":"https:\/\/www.africascoop.net\/index.php\/wp-json\/wp\/v2\/media?parent=658"}],"wp:term":[{"taxonomy":"category","embeddable":true,"href":"https:\/\/www.africascoop.net\/index.php\/wp-json\/wp\/v2\/categories?post=658"},{"taxonomy":"post_tag","embeddable":true,"href":"https:\/\/www.africascoop.net\/index.php\/wp-json\/wp\/v2\/tags?post=658"}],"curies":[{"name":"wp","href":"https:\/\/api.w.org\/{rel}","templated":true}]}}