{"id":662,"date":"2025-11-07T10:50:08","date_gmt":"2025-11-07T10:50:08","guid":{"rendered":"https:\/\/www.africascoop.net\/?p=662"},"modified":"2025-11-07T10:50:12","modified_gmt":"2025-11-07T10:50:12","slug":"cma-cgm-et-le-mali-quand-le-droit-maritime-rencontre-la-souverainete-economique","status":"publish","type":"post","link":"https:\/\/www.africascoop.net\/index.php\/2025\/11\/07\/cma-cgm-et-le-mali-quand-le-droit-maritime-rencontre-la-souverainete-economique\/","title":{"rendered":"CMA-CGM et le Mali : quand le droit maritime rencontre la souverainet\u00e9 \u00e9conomique"},"content":{"rendered":"\n<figure class=\"wp-block-image size-large\"><img loading=\"lazy\" decoding=\"async\" width=\"1024\" height=\"576\" src=\"https:\/\/www.africascoop.net\/wp-content\/uploads\/2025\/11\/12-1024x576.jpg\" alt=\"\" class=\"wp-image-663\" srcset=\"https:\/\/www.africascoop.net\/wp-content\/uploads\/2025\/11\/12-1024x576.jpg 1024w, https:\/\/www.africascoop.net\/wp-content\/uploads\/2025\/11\/12-300x169.jpg 300w, https:\/\/www.africascoop.net\/wp-content\/uploads\/2025\/11\/12-768x432.jpg 768w, https:\/\/www.africascoop.net\/wp-content\/uploads\/2025\/11\/12.jpg 1366w\" sizes=\"auto, (max-width: 1024px) 100vw, 1024px\" \/><\/figure>\n\n\n\n<p><strong><em>Dans une analyse publi\u00e9e ce 6 novembre 2025, l\u2019ancien ministre de la Justice, Mamadou Isma\u00efla Konat\u00e9, revient sur la d\u00e9cision du groupe CMA-CGM de suspendre, puis de maintenir finalement, ses services routiers vers le Mali. Pour l\u2019avocat aux barreaux du Mali et de Paris, cet \u00e9pisode illustre \u00e0 la fois la fragilit\u00e9 logistique d\u2019un pays enclav\u00e9 et la maturit\u00e9 juridique d\u2019une entreprise qui a pr\u00e9f\u00e9r\u00e9 la coop\u00e9ration au d\u00e9sengagement.<\/em><\/strong><\/p>\n\n\n\n<p>Selon Me Konat\u00e9, l\u2019annonce faite le 4 novembre par le g\u00e9ant du transport maritime, invoquant les risques s\u00e9curitaires et la p\u00e9nurie de carburant sur les corridors reliant le Mali aux ports d\u2019Abidjan, de Dakar, de Tema et de Conakry, a sem\u00e9 un doute l\u00e9gitime dans les milieux \u00e9conomiques. \u00ab Une telle suspension, dans un pays dont plus de 90 % du commerce ext\u00e9rieur d\u00e9pend de ces axes, \u00e9quivalait \u00e0 un choc logistique \u00bb, estime-t-il. Mais, ajoute-t-il, la r\u00e9action rapide des autorit\u00e9s maliennes a permis d\u2019\u00e9viter le pire. \u00ab Le minist\u00e8re des Transports et des Infrastructures a engag\u00e9 un dialogue constructif avec les responsables de CMA-CGM, aboutissant \u00e0 une r\u00e9vision de la d\u00e9cision initiale. \u00bb<\/p>\n\n\n\n<p>L\u2019ancien garde des Sceaux salue la posture du groupe fran\u00e7ais, qui a pr\u00e9f\u00e9r\u00e9 maintenir ses activit\u00e9s, malgr\u00e9 les retards et la hausse des co\u00fbts. \u00ab En renon\u00e7ant \u00e0 invoquer durablement la force majeure, CMA-CGM a d\u00e9montr\u00e9 qu\u2019il est possible d\u2019adopter une lecture responsable du droit. La force majeure n\u2019est pas une \u00e9chappatoire, mais une facult\u00e9 qui doit s\u2019exercer avec discernement, dans le respect des obligations contractuelles et du contexte \u00e9conomique. \u00bb Pour lui, ce revirement constitue une le\u00e7on sur la proportionnalit\u00e9 du risque et sur la primaut\u00e9 du dialogue entre partenaires \u00e9conomiques.<\/p>\n\n\n\n<p>Mamadou Isma\u00efla Konat\u00e9 souligne que cette d\u00e9cision a permis d\u2019\u00e9viter une paralysie du commerce malien, m\u00eame si les d\u00e9fis restent importants. \u00ab Les surco\u00fbts li\u00e9s \u00e0 la s\u00e9curit\u00e9, l\u2019allongement des d\u00e9lais et la d\u00e9pendance persistante \u00e0 des infrastructures fragiles appellent une r\u00e9flexion structurelle. Le Mali doit investir dans des corridors plus s\u00fbrs et plus autonomes pour r\u00e9duire sa vuln\u00e9rabilit\u00e9. \u00bb<\/p>\n\n\n\n<p>L\u2019ancien ministre conclut que cet \u00e9pisode est porteur d\u2019un message clair : \u00ab La souverainet\u00e9 logistique ne se d\u00e9cr\u00e8te pas, elle se construit. CMA-CGM a illustr\u00e9 qu\u2019entre prudence juridique et responsabilit\u00e9 \u00e9conomique, un \u00e9quilibre est possible. Le Mali, de son c\u00f4t\u00e9, doit renforcer ses capacit\u00e9s pour que sa r\u00e9silience ne d\u00e9pende plus uniquement de la bonne volont\u00e9 de ses partenaires. \u00bb<\/p>\n\n\n\n<p>Pour Mamadou Isma\u00efla Konat\u00e9, cette affaire d\u00e9passe le cadre du commerce : elle interroge la souverainet\u00e9 \u00e9conomique des \u00c9tats africains et leur capacit\u00e9 \u00e0 n\u00e9gocier d\u2019\u00e9gal \u00e0 \u00e9gal avec les grands op\u00e9rateurs internationaux.<\/p>\n\n\n\n<p>Par&nbsp;ABK<\/p>\n","protected":false},"excerpt":{"rendered":"<p>Dans une analyse publi\u00e9e ce 6 novembre 2025, l\u2019ancien ministre de la Justice, Mamadou Isma\u00efla Konat\u00e9, revient sur<\/p>\n","protected":false},"author":3,"featured_media":0,"comment_status":"open","ping_status":"open","sticky":false,"template":"","format":"standard","meta":{"footnotes":""},"categories":[8,36],"tags":[],"class_list":["post-662","post","type-post","status-publish","format-standard","hentry","category-economie","category-exclusif"],"yoast_head":"<!-- This site is optimized with the Yoast SEO plugin v26.0 - https:\/\/yoast.com\/wordpress\/plugins\/seo\/ -->\n<title>CMA-CGM et le Mali : quand le droit maritime rencontre la souverainet\u00e9 \u00e9conomique - Actualit\u00e9s Africaines<\/title>\n<meta name=\"robots\" content=\"index, follow, max-snippet:-1, max-image-preview:large, max-video-preview:-1\" \/>\n<link rel=\"canonical\" href=\"http:\/\/www.africascoop.net\/index.php\/2025\/11\/07\/cma-cgm-et-le-mali-quand-le-droit-maritime-rencontre-la-souverainete-economique\/\" \/>\n<meta property=\"og:locale\" content=\"fr_FR\" \/>\n<meta property=\"og:type\" content=\"article\" \/>\n<meta property=\"og:title\" content=\"CMA-CGM et le Mali : quand le droit maritime rencontre la souverainet\u00e9 \u00e9conomique - Actualit\u00e9s Africaines\" \/>\n<meta property=\"og:description\" content=\"Dans une analyse publi\u00e9e ce 6 novembre 2025, l\u2019ancien ministre de la Justice, Mamadou Isma\u00efla Konat\u00e9, revient sur\" \/>\n<meta property=\"og:url\" content=\"http:\/\/www.africascoop.net\/index.php\/2025\/11\/07\/cma-cgm-et-le-mali-quand-le-droit-maritime-rencontre-la-souverainete-economique\/\" \/>\n<meta property=\"og:site_name\" content=\"Actualit\u00e9s Africaines\" \/>\n<meta property=\"article:published_time\" content=\"2025-11-07T10:50:08+00:00\" \/>\n<meta property=\"article:modified_time\" content=\"2025-11-07T10:50:12+00:00\" \/>\n<meta property=\"og:image\" content=\"https:\/\/www.africascoop.net\/wp-content\/uploads\/2025\/11\/12-1024x576.jpg\" \/>\n<meta name=\"author\" content=\"Africascoop\" \/>\n<meta name=\"twitter:card\" content=\"summary_large_image\" \/>\n<meta name=\"twitter:label1\" content=\"\u00c9crit par\" \/>\n\t<meta name=\"twitter:data1\" content=\"Africascoop\" \/>\n\t<meta name=\"twitter:label2\" content=\"Dur\u00e9e de lecture estim\u00e9e\" \/>\n\t<meta name=\"twitter:data2\" content=\"3 minutes\" \/>\n<script type=\"application\/ld+json\" class=\"yoast-schema-graph\">{\"@context\":\"https:\/\/schema.org\",\"@graph\":[{\"@type\":\"Article\",\"@id\":\"http:\/\/www.africascoop.net\/index.php\/2025\/11\/07\/cma-cgm-et-le-mali-quand-le-droit-maritime-rencontre-la-souverainete-economique\/#article\",\"isPartOf\":{\"@id\":\"http:\/\/www.africascoop.net\/index.php\/2025\/11\/07\/cma-cgm-et-le-mali-quand-le-droit-maritime-rencontre-la-souverainete-economique\/\"},\"author\":{\"name\":\"Africascoop\",\"@id\":\"https:\/\/www.africascoop.net\/#\/schema\/person\/2cbcc632c110d739d93a6b196c67230a\"},\"headline\":\"CMA-CGM et le Mali : quand le droit maritime rencontre la souverainet\u00e9 \u00e9conomique\",\"datePublished\":\"2025-11-07T10:50:08+00:00\",\"dateModified\":\"2025-11-07T10:50:12+00:00\",\"mainEntityOfPage\":{\"@id\":\"http:\/\/www.africascoop.net\/index.php\/2025\/11\/07\/cma-cgm-et-le-mali-quand-le-droit-maritime-rencontre-la-souverainete-economique\/\"},\"wordCount\":486,\"commentCount\":0,\"publisher\":{\"@id\":\"https:\/\/www.africascoop.net\/#organization\"},\"image\":{\"@id\":\"http:\/\/www.africascoop.net\/index.php\/2025\/11\/07\/cma-cgm-et-le-mali-quand-le-droit-maritime-rencontre-la-souverainete-economique\/#primaryimage\"},\"thumbnailUrl\":\"https:\/\/www.africascoop.net\/wp-content\/uploads\/2025\/11\/12-1024x576.jpg\",\"articleSection\":[\"\u00c9conomie\",\"Exclusif\"],\"inLanguage\":\"fr-FR\",\"potentialAction\":[{\"@type\":\"CommentAction\",\"name\":\"Comment\",\"target\":[\"http:\/\/www.africascoop.net\/index.php\/2025\/11\/07\/cma-cgm-et-le-mali-quand-le-droit-maritime-rencontre-la-souverainete-economique\/#respond\"]}]},{\"@type\":\"WebPage\",\"@id\":\"http:\/\/www.africascoop.net\/index.php\/2025\/11\/07\/cma-cgm-et-le-mali-quand-le-droit-maritime-rencontre-la-souverainete-economique\/\",\"url\":\"http:\/\/www.africascoop.net\/index.php\/2025\/11\/07\/cma-cgm-et-le-mali-quand-le-droit-maritime-rencontre-la-souverainete-economique\/\",\"name\":\"CMA-CGM et le Mali : quand le droit maritime rencontre la souverainet\u00e9 \u00e9conomique - Actualit\u00e9s Africaines\",\"isPartOf\":{\"@id\":\"https:\/\/www.africascoop.net\/#website\"},\"primaryImageOfPage\":{\"@id\":\"http:\/\/www.africascoop.net\/index.php\/2025\/11\/07\/cma-cgm-et-le-mali-quand-le-droit-maritime-rencontre-la-souverainete-economique\/#primaryimage\"},\"image\":{\"@id\":\"http:\/\/www.africascoop.net\/index.php\/2025\/11\/07\/cma-cgm-et-le-mali-quand-le-droit-maritime-rencontre-la-souverainete-economique\/#primaryimage\"},\"thumbnailUrl\":\"https:\/\/www.africascoop.net\/wp-content\/uploads\/2025\/11\/12-1024x576.jpg\",\"datePublished\":\"2025-11-07T10:50:08+00:00\",\"dateModified\":\"2025-11-07T10:50:12+00:00\",\"breadcrumb\":{\"@id\":\"http:\/\/www.africascoop.net\/index.php\/2025\/11\/07\/cma-cgm-et-le-mali-quand-le-droit-maritime-rencontre-la-souverainete-economique\/#breadcrumb\"},\"inLanguage\":\"fr-FR\",\"potentialAction\":[{\"@type\":\"ReadAction\",\"target\":[\"http:\/\/www.africascoop.net\/index.php\/2025\/11\/07\/cma-cgm-et-le-mali-quand-le-droit-maritime-rencontre-la-souverainete-economique\/\"]}]},{\"@type\":\"ImageObject\",\"inLanguage\":\"fr-FR\",\"@id\":\"http:\/\/www.africascoop.net\/index.php\/2025\/11\/07\/cma-cgm-et-le-mali-quand-le-droit-maritime-rencontre-la-souverainete-economique\/#primaryimage\",\"url\":\"https:\/\/www.africascoop.net\/wp-content\/uploads\/2025\/11\/12.jpg\",\"contentUrl\":\"https:\/\/www.africascoop.net\/wp-content\/uploads\/2025\/11\/12.jpg\",\"width\":1366,\"height\":768},{\"@type\":\"BreadcrumbList\",\"@id\":\"http:\/\/www.africascoop.net\/index.php\/2025\/11\/07\/cma-cgm-et-le-mali-quand-le-droit-maritime-rencontre-la-souverainete-economique\/#breadcrumb\",\"itemListElement\":[{\"@type\":\"ListItem\",\"position\":1,\"name\":\"Accueil\",\"item\":\"https:\/\/www.africascoop.net\/\"},{\"@type\":\"ListItem\",\"position\":2,\"name\":\"CMA-CGM et le Mali : quand le droit maritime rencontre la souverainet\u00e9 \u00e9conomique\"}]},{\"@type\":\"WebSite\",\"@id\":\"https:\/\/www.africascoop.net\/#website\",\"url\":\"https:\/\/www.africascoop.net\/\",\"name\":\"Actualit\u00e9s Africaines\",\"description\":\"\",\"publisher\":{\"@id\":\"https:\/\/www.africascoop.net\/#organization\"},\"potentialAction\":[{\"@type\":\"SearchAction\",\"target\":{\"@type\":\"EntryPoint\",\"urlTemplate\":\"https:\/\/www.africascoop.net\/?s={search_term_string}\"},\"query-input\":{\"@type\":\"PropertyValueSpecification\",\"valueRequired\":true,\"valueName\":\"search_term_string\"}}],\"inLanguage\":\"fr-FR\"},{\"@type\":\"Organization\",\"@id\":\"https:\/\/www.africascoop.net\/#organization\",\"name\":\"Actualit\u00e9s Africaines\",\"url\":\"https:\/\/www.africascoop.net\/\",\"logo\":{\"@type\":\"ImageObject\",\"inLanguage\":\"fr-FR\",\"@id\":\"https:\/\/www.africascoop.net\/#\/schema\/logo\/image\/\",\"url\":\"https:\/\/www.africascoop.net\/wp-content\/uploads\/2025\/09\/cropped-logo-2.jpg\",\"contentUrl\":\"https:\/\/www.africascoop.net\/wp-content\/uploads\/2025\/09\/cropped-logo-2.jpg\",\"width\":945,\"height\":591,\"caption\":\"Actualit\u00e9s Africaines\"},\"image\":{\"@id\":\"https:\/\/www.africascoop.net\/#\/schema\/logo\/image\/\"}},{\"@type\":\"Person\",\"@id\":\"https:\/\/www.africascoop.net\/#\/schema\/person\/2cbcc632c110d739d93a6b196c67230a\",\"name\":\"Africascoop\",\"image\":{\"@type\":\"ImageObject\",\"inLanguage\":\"fr-FR\",\"@id\":\"https:\/\/www.africascoop.net\/#\/schema\/person\/image\/\",\"url\":\"https:\/\/secure.gravatar.com\/avatar\/230d851f5173f64fe9487b948bd2daf02707ef49aea942bc1bdad649c82025b9?s=96&d=mm&r=g\",\"contentUrl\":\"https:\/\/secure.gravatar.com\/avatar\/230d851f5173f64fe9487b948bd2daf02707ef49aea942bc1bdad649c82025b9?s=96&d=mm&r=g\",\"caption\":\"Africascoop\"},\"url\":\"https:\/\/www.africascoop.net\/index.php\/author\/jul\/\"}]}<\/script>\n<!-- \/ Yoast SEO plugin. -->","yoast_head_json":{"title":"CMA-CGM et le Mali : quand le droit maritime rencontre la souverainet\u00e9 \u00e9conomique - Actualit\u00e9s Africaines","robots":{"index":"index","follow":"follow","max-snippet":"max-snippet:-1","max-image-preview":"max-image-preview:large","max-video-preview":"max-video-preview:-1"},"canonical":"http:\/\/www.africascoop.net\/index.php\/2025\/11\/07\/cma-cgm-et-le-mali-quand-le-droit-maritime-rencontre-la-souverainete-economique\/","og_locale":"fr_FR","og_type":"article","og_title":"CMA-CGM et le Mali : quand le droit maritime rencontre la souverainet\u00e9 \u00e9conomique - Actualit\u00e9s Africaines","og_description":"Dans une analyse publi\u00e9e ce 6 novembre 2025, l\u2019ancien ministre de la Justice, Mamadou Isma\u00efla Konat\u00e9, revient sur","og_url":"http:\/\/www.africascoop.net\/index.php\/2025\/11\/07\/cma-cgm-et-le-mali-quand-le-droit-maritime-rencontre-la-souverainete-economique\/","og_site_name":"Actualit\u00e9s Africaines","article_published_time":"2025-11-07T10:50:08+00:00","article_modified_time":"2025-11-07T10:50:12+00:00","og_image":[{"url":"https:\/\/www.africascoop.net\/wp-content\/uploads\/2025\/11\/12-1024x576.jpg","type":"","width":"","height":""}],"author":"Africascoop","twitter_card":"summary_large_image","twitter_misc":{"\u00c9crit par":"Africascoop","Dur\u00e9e de lecture estim\u00e9e":"3 minutes"},"schema":{"@context":"https:\/\/schema.org","@graph":[{"@type":"Article","@id":"http:\/\/www.africascoop.net\/index.php\/2025\/11\/07\/cma-cgm-et-le-mali-quand-le-droit-maritime-rencontre-la-souverainete-economique\/#article","isPartOf":{"@id":"http:\/\/www.africascoop.net\/index.php\/2025\/11\/07\/cma-cgm-et-le-mali-quand-le-droit-maritime-rencontre-la-souverainete-economique\/"},"author":{"name":"Africascoop","@id":"https:\/\/www.africascoop.net\/#\/schema\/person\/2cbcc632c110d739d93a6b196c67230a"},"headline":"CMA-CGM et le Mali : quand le droit maritime rencontre la souverainet\u00e9 \u00e9conomique","datePublished":"2025-11-07T10:50:08+00:00","dateModified":"2025-11-07T10:50:12+00:00","mainEntityOfPage":{"@id":"http:\/\/www.africascoop.net\/index.php\/2025\/11\/07\/cma-cgm-et-le-mali-quand-le-droit-maritime-rencontre-la-souverainete-economique\/"},"wordCount":486,"commentCount":0,"publisher":{"@id":"https:\/\/www.africascoop.net\/#organization"},"image":{"@id":"http:\/\/www.africascoop.net\/index.php\/2025\/11\/07\/cma-cgm-et-le-mali-quand-le-droit-maritime-rencontre-la-souverainete-economique\/#primaryimage"},"thumbnailUrl":"https:\/\/www.africascoop.net\/wp-content\/uploads\/2025\/11\/12-1024x576.jpg","articleSection":["\u00c9conomie","Exclusif"],"inLanguage":"fr-FR","potentialAction":[{"@type":"CommentAction","name":"Comment","target":["http:\/\/www.africascoop.net\/index.php\/2025\/11\/07\/cma-cgm-et-le-mali-quand-le-droit-maritime-rencontre-la-souverainete-economique\/#respond"]}]},{"@type":"WebPage","@id":"http:\/\/www.africascoop.net\/index.php\/2025\/11\/07\/cma-cgm-et-le-mali-quand-le-droit-maritime-rencontre-la-souverainete-economique\/","url":"http:\/\/www.africascoop.net\/index.php\/2025\/11\/07\/cma-cgm-et-le-mali-quand-le-droit-maritime-rencontre-la-souverainete-economique\/","name":"CMA-CGM et le Mali : quand le droit maritime rencontre la souverainet\u00e9 \u00e9conomique - Actualit\u00e9s Africaines","isPartOf":{"@id":"https:\/\/www.africascoop.net\/#website"},"primaryImageOfPage":{"@id":"http:\/\/www.africascoop.net\/index.php\/2025\/11\/07\/cma-cgm-et-le-mali-quand-le-droit-maritime-rencontre-la-souverainete-economique\/#primaryimage"},"image":{"@id":"http:\/\/www.africascoop.net\/index.php\/2025\/11\/07\/cma-cgm-et-le-mali-quand-le-droit-maritime-rencontre-la-souverainete-economique\/#primaryimage"},"thumbnailUrl":"https:\/\/www.africascoop.net\/wp-content\/uploads\/2025\/11\/12-1024x576.jpg","datePublished":"2025-11-07T10:50:08+00:00","dateModified":"2025-11-07T10:50:12+00:00","breadcrumb":{"@id":"http:\/\/www.africascoop.net\/index.php\/2025\/11\/07\/cma-cgm-et-le-mali-quand-le-droit-maritime-rencontre-la-souverainete-economique\/#breadcrumb"},"inLanguage":"fr-FR","potentialAction":[{"@type":"ReadAction","target":["http:\/\/www.africascoop.net\/index.php\/2025\/11\/07\/cma-cgm-et-le-mali-quand-le-droit-maritime-rencontre-la-souverainete-economique\/"]}]},{"@type":"ImageObject","inLanguage":"fr-FR","@id":"http:\/\/www.africascoop.net\/index.php\/2025\/11\/07\/cma-cgm-et-le-mali-quand-le-droit-maritime-rencontre-la-souverainete-economique\/#primaryimage","url":"https:\/\/www.africascoop.net\/wp-content\/uploads\/2025\/11\/12.jpg","contentUrl":"https:\/\/www.africascoop.net\/wp-content\/uploads\/2025\/11\/12.jpg","width":1366,"height":768},{"@type":"BreadcrumbList","@id":"http:\/\/www.africascoop.net\/index.php\/2025\/11\/07\/cma-cgm-et-le-mali-quand-le-droit-maritime-rencontre-la-souverainete-economique\/#breadcrumb","itemListElement":[{"@type":"ListItem","position":1,"name":"Accueil","item":"https:\/\/www.africascoop.net\/"},{"@type":"ListItem","position":2,"name":"CMA-CGM et le Mali : quand le droit maritime rencontre la souverainet\u00e9 \u00e9conomique"}]},{"@type":"WebSite","@id":"https:\/\/www.africascoop.net\/#website","url":"https:\/\/www.africascoop.net\/","name":"Actualit\u00e9s Africaines","description":"","publisher":{"@id":"https:\/\/www.africascoop.net\/#organization"},"potentialAction":[{"@type":"SearchAction","target":{"@type":"EntryPoint","urlTemplate":"https:\/\/www.africascoop.net\/?s={search_term_string}"},"query-input":{"@type":"PropertyValueSpecification","valueRequired":true,"valueName":"search_term_string"}}],"inLanguage":"fr-FR"},{"@type":"Organization","@id":"https:\/\/www.africascoop.net\/#organization","name":"Actualit\u00e9s Africaines","url":"https:\/\/www.africascoop.net\/","logo":{"@type":"ImageObject","inLanguage":"fr-FR","@id":"https:\/\/www.africascoop.net\/#\/schema\/logo\/image\/","url":"https:\/\/www.africascoop.net\/wp-content\/uploads\/2025\/09\/cropped-logo-2.jpg","contentUrl":"https:\/\/www.africascoop.net\/wp-content\/uploads\/2025\/09\/cropped-logo-2.jpg","width":945,"height":591,"caption":"Actualit\u00e9s Africaines"},"image":{"@id":"https:\/\/www.africascoop.net\/#\/schema\/logo\/image\/"}},{"@type":"Person","@id":"https:\/\/www.africascoop.net\/#\/schema\/person\/2cbcc632c110d739d93a6b196c67230a","name":"Africascoop","image":{"@type":"ImageObject","inLanguage":"fr-FR","@id":"https:\/\/www.africascoop.net\/#\/schema\/person\/image\/","url":"https:\/\/secure.gravatar.com\/avatar\/230d851f5173f64fe9487b948bd2daf02707ef49aea942bc1bdad649c82025b9?s=96&d=mm&r=g","contentUrl":"https:\/\/secure.gravatar.com\/avatar\/230d851f5173f64fe9487b948bd2daf02707ef49aea942bc1bdad649c82025b9?s=96&d=mm&r=g","caption":"Africascoop"},"url":"https:\/\/www.africascoop.net\/index.php\/author\/jul\/"}]}},"_links":{"self":[{"href":"https:\/\/www.africascoop.net\/index.php\/wp-json\/wp\/v2\/posts\/662","targetHints":{"allow":["GET"]}}],"collection":[{"href":"https:\/\/www.africascoop.net\/index.php\/wp-json\/wp\/v2\/posts"}],"about":[{"href":"https:\/\/www.africascoop.net\/index.php\/wp-json\/wp\/v2\/types\/post"}],"author":[{"embeddable":true,"href":"https:\/\/www.africascoop.net\/index.php\/wp-json\/wp\/v2\/users\/3"}],"replies":[{"embeddable":true,"href":"https:\/\/www.africascoop.net\/index.php\/wp-json\/wp\/v2\/comments?post=662"}],"version-history":[{"count":1,"href":"https:\/\/www.africascoop.net\/index.php\/wp-json\/wp\/v2\/posts\/662\/revisions"}],"predecessor-version":[{"id":664,"href":"https:\/\/www.africascoop.net\/index.php\/wp-json\/wp\/v2\/posts\/662\/revisions\/664"}],"wp:attachment":[{"href":"https:\/\/www.africascoop.net\/index.php\/wp-json\/wp\/v2\/media?parent=662"}],"wp:term":[{"taxonomy":"category","embeddable":true,"href":"https:\/\/www.africascoop.net\/index.php\/wp-json\/wp\/v2\/categories?post=662"},{"taxonomy":"post_tag","embeddable":true,"href":"https:\/\/www.africascoop.net\/index.php\/wp-json\/wp\/v2\/tags?post=662"}],"curies":[{"name":"wp","href":"https:\/\/api.w.org\/{rel}","templated":true}]}}