{"id":665,"date":"2025-11-07T11:00:10","date_gmt":"2025-11-07T11:00:10","guid":{"rendered":"https:\/\/www.africascoop.net\/?p=665"},"modified":"2025-11-07T11:00:17","modified_gmt":"2025-11-07T11:00:17","slug":"oumou-sall-seck-porte-le-premier-salon-international-de-lentrepreneuriat-un-pari-gouvernemental-pour-la-grandeur-du-mali","status":"publish","type":"post","link":"https:\/\/www.africascoop.net\/index.php\/2025\/11\/07\/oumou-sall-seck-porte-le-premier-salon-international-de-lentrepreneuriat-un-pari-gouvernemental-pour-la-grandeur-du-mali\/","title":{"rendered":"Oumou Sall Seck porte le Premier Salon international de l\u2019Entrepreneuriat : un pari gouvernemental pour la grandeur du Mali"},"content":{"rendered":"\n<figure class=\"wp-block-image size-large\"><img loading=\"lazy\" decoding=\"async\" width=\"1024\" height=\"576\" src=\"https:\/\/www.africascoop.net\/wp-content\/uploads\/2025\/11\/sall-1024x576.jpg\" alt=\"\" class=\"wp-image-666\" srcset=\"https:\/\/www.africascoop.net\/wp-content\/uploads\/2025\/11\/sall-1024x576.jpg 1024w, https:\/\/www.africascoop.net\/wp-content\/uploads\/2025\/11\/sall-300x169.jpg 300w, https:\/\/www.africascoop.net\/wp-content\/uploads\/2025\/11\/sall-768x432.jpg 768w, https:\/\/www.africascoop.net\/wp-content\/uploads\/2025\/11\/sall.jpg 1366w\" sizes=\"auto, (max-width: 1024px) 100vw, 1024px\" \/><\/figure>\n\n\n\n<p><strong><em>Le Mali s\u2019appr\u00eate \u00e0 vivre un tournant majeur dans la promotion de son entrepreneuriat avec la tenue, du 18 au 21 novembre prochains, de la premi\u00e8re \u00e9dition du Salon international de l\u2019Entrepreneuriat (AES). Cet \u00e9v\u00e9nement, plac\u00e9 sous la haute pr\u00e9sidence du Pr\u00e9sident de la Transition et Pr\u00e9sident de la Conf\u00e9d\u00e9ration de l\u2019Alliance des \u00c9tats du Sahel (AES), le G\u00e9n\u00e9ral d\u2019Arm\u00e9e Assimi GO\u00cfTA, est le fruit d\u2019un engagement sans rel\u00e2che du Minist\u00e8re de l\u2019Entrepreneuriat national, de l\u2019Emploi et de la Formation professionnelle, dirig\u00e9 par Mme Oumou Sall Seck.<\/em><\/strong><\/p>\n\n\n\n<p>Lors d\u2019une conf\u00e9rence de presse tenue ce jeudi 6 novembre 2025 \u00e0 Bamako, Mme Oumou Sall Seck, entour\u00e9e du pr\u00e9sident de la Maison de la Presse, Bandiougou Dant\u00e9 et du pr\u00e9sident de la commission d&rsquo;organisation, Drissa Ballo, a officiellement lanc\u00e9 les pr\u00e9paratifs de ce grand rendez-vous \u00e9conomique. Avec un budget global de 167 millions de FCFA, dont 80 % financ\u00e9s par le budget national et 20 % par les partenaires, le gouvernement malien d\u00e9montre sa ferme volont\u00e9 de replacer l\u2019entrepreneuriat au centre du d\u00e9veloppement national.<\/p>\n\n\n\n<p>Mme Oumou Sall Seck, figure dynamique du gouvernement de la Transition, s\u2019est illustr\u00e9e par sa rigueur et sa vision claire d\u2019un Mali nouveau, fond\u00e9 sur le travail, l\u2019innovation et la valorisation du potentiel de sa jeunesse. Gr\u00e2ce \u00e0 son leadership et \u00e0 son sens du devoir, son d\u00e9partement a su mobiliser les ressources n\u00e9cessaires et f\u00e9d\u00e9rer les acteurs \u00e9conomiques autour d\u2019un objectif commun : faire de l\u2019entrepreneuriat un moteur de la souverainet\u00e9 \u00e9conomique du Mali et un levier d\u2019int\u00e9gration r\u00e9gionale au sein de la Conf\u00e9d\u00e9ration AES.<\/p>\n\n\n\n<p>Le Salon international de l\u2019Entrepreneuriat sera un espace d\u2019\u00e9changes, de partage et de valorisation des initiatives locales et r\u00e9gionales. L\u2019\u00e9v\u00e9nement rassemblera pr\u00e8s de 5 000 participants venus du Mali, du Burkina Faso, du Niger, mais aussi d\u2019autres pays amis tels que le Maroc, le S\u00e9n\u00e9gal, le Togo, le B\u00e9nin et la Guin\u00e9e. Des conf\u00e9rences de haut niveau, des panels sur le financement et le partenariat public-priv\u00e9, des expositions d\u2019entreprises et une grande comp\u00e9tition de plans d\u2019affaires pour les jeunes et les femmes entrepreneurs marqueront les quatre jours de ce rendez-vous in\u00e9dit.<\/p>\n\n\n\n<p>Dans son allocution, Mme Oumou Sall Seck a salu\u00e9 la vision du Pr\u00e9sident de la Transition, le G\u00e9n\u00e9ral Assimi GO\u00cfTA, et du Premier ministre, le G\u00e9n\u00e9ral Abdoulaye Ma\u00efga, qui ont plac\u00e9 la cr\u00e9ation d\u2019emplois, la formation et l\u2019entrepreneuriat au c\u0153ur du projet de refondation nationale. Elle a r\u00e9affirm\u00e9 que la tenue de ce salon s\u2019inscrit dans la dynamique du programme \u00ab Mali kura nietaa ka ben san 2063 ma \u00bb, une vision ambitieuse pour un Mali \u00e9mergent et prosp\u00e8re.<\/p>\n\n\n\n<p>\u00ab Ce salon est une vitrine du Mali qui avance, un Mali qui croit en son potentiel et qui mise sur ses propres forces pour construire son avenir \u00bb, a d\u00e9clar\u00e9 la ministre.<\/p>\n\n\n\n<p>Par son engagement, son travail m\u00e9thodique et son sens du r\u00e9sultat, Mme Oumou Sall Seck incarne aujourd\u2019hui la nouvelle g\u00e9n\u00e9ration de dirigeants qui \u0153uvrent \u00e0 redonner au Mali sa grandeur d\u2019antan, dans un esprit de souverainet\u00e9, de solidarit\u00e9 et d\u2019excellence.<\/p>\n\n\n\n<p>La ministre a enfin appel\u00e9 les m\u00e9dias, les entrepreneurs et le grand public \u00e0 s\u2019approprier cet \u00e9v\u00e9nement, symbole d\u2019espoir et de relance \u00e9conomique. Le Salon international de l\u2019Entrepreneuriat \u2013 AES, a-t-elle conclu, \u00ab n\u2019est pas seulement un cadre d\u2019\u00e9changes, mais un acte de foi en l\u2019avenir du Mali et de toute la r\u00e9gion sah\u00e9lienne \u00bb.<\/p>\n\n\n\n<p>Par Abdrahamane&nbsp;Baba&nbsp;Kouyat\u00e9<\/p>\n","protected":false},"excerpt":{"rendered":"<p>Le Mali s\u2019appr\u00eate \u00e0 vivre un tournant majeur dans la promotion de son entrepreneuriat avec la tenue, du<\/p>\n","protected":false},"author":3,"featured_media":0,"comment_status":"open","ping_status":"open","sticky":false,"template":"","format":"standard","meta":{"footnotes":""},"categories":[36,9],"tags":[],"class_list":["post-665","post","type-post","status-publish","format-standard","hentry","category-exclusif","category-politique"],"yoast_head":"<!-- This site is optimized with the Yoast SEO plugin v26.0 - https:\/\/yoast.com\/wordpress\/plugins\/seo\/ -->\n<title>Oumou Sall Seck porte le Premier Salon international de l\u2019Entrepreneuriat : un pari gouvernemental pour la grandeur du Mali - Actualit\u00e9s Africaines<\/title>\n<meta name=\"robots\" content=\"index, follow, max-snippet:-1, max-image-preview:large, max-video-preview:-1\" \/>\n<link rel=\"canonical\" href=\"https:\/\/www.africascoop.net\/index.php\/2025\/11\/07\/oumou-sall-seck-porte-le-premier-salon-international-de-lentrepreneuriat-un-pari-gouvernemental-pour-la-grandeur-du-mali\/\" \/>\n<meta property=\"og:locale\" content=\"fr_FR\" \/>\n<meta property=\"og:type\" content=\"article\" \/>\n<meta property=\"og:title\" content=\"Oumou Sall Seck porte le Premier Salon international de l\u2019Entrepreneuriat : un pari gouvernemental pour la grandeur du Mali - Actualit\u00e9s Africaines\" \/>\n<meta property=\"og:description\" content=\"Le Mali s\u2019appr\u00eate \u00e0 vivre un tournant majeur dans la promotion de son entrepreneuriat avec la tenue, du\" \/>\n<meta property=\"og:url\" content=\"https:\/\/www.africascoop.net\/index.php\/2025\/11\/07\/oumou-sall-seck-porte-le-premier-salon-international-de-lentrepreneuriat-un-pari-gouvernemental-pour-la-grandeur-du-mali\/\" \/>\n<meta property=\"og:site_name\" content=\"Actualit\u00e9s Africaines\" \/>\n<meta property=\"article:published_time\" content=\"2025-11-07T11:00:10+00:00\" \/>\n<meta property=\"article:modified_time\" content=\"2025-11-07T11:00:17+00:00\" \/>\n<meta property=\"og:image\" content=\"https:\/\/www.africascoop.net\/wp-content\/uploads\/2025\/11\/sall-1024x576.jpg\" \/>\n<meta name=\"author\" content=\"Africascoop\" \/>\n<meta name=\"twitter:card\" content=\"summary_large_image\" \/>\n<meta name=\"twitter:label1\" content=\"\u00c9crit par\" \/>\n\t<meta name=\"twitter:data1\" content=\"Africascoop\" \/>\n\t<meta name=\"twitter:label2\" content=\"Dur\u00e9e de lecture estim\u00e9e\" \/>\n\t<meta name=\"twitter:data2\" content=\"4 minutes\" \/>\n<script type=\"application\/ld+json\" class=\"yoast-schema-graph\">{\"@context\":\"https:\/\/schema.org\",\"@graph\":[{\"@type\":\"Article\",\"@id\":\"https:\/\/www.africascoop.net\/index.php\/2025\/11\/07\/oumou-sall-seck-porte-le-premier-salon-international-de-lentrepreneuriat-un-pari-gouvernemental-pour-la-grandeur-du-mali\/#article\",\"isPartOf\":{\"@id\":\"https:\/\/www.africascoop.net\/index.php\/2025\/11\/07\/oumou-sall-seck-porte-le-premier-salon-international-de-lentrepreneuriat-un-pari-gouvernemental-pour-la-grandeur-du-mali\/\"},\"author\":{\"name\":\"Africascoop\",\"@id\":\"https:\/\/www.africascoop.net\/#\/schema\/person\/2cbcc632c110d739d93a6b196c67230a\"},\"headline\":\"Oumou Sall Seck porte le Premier Salon international de l\u2019Entrepreneuriat : un pari gouvernemental pour la grandeur du Mali\",\"datePublished\":\"2025-11-07T11:00:10+00:00\",\"dateModified\":\"2025-11-07T11:00:17+00:00\",\"mainEntityOfPage\":{\"@id\":\"https:\/\/www.africascoop.net\/index.php\/2025\/11\/07\/oumou-sall-seck-porte-le-premier-salon-international-de-lentrepreneuriat-un-pari-gouvernemental-pour-la-grandeur-du-mali\/\"},\"wordCount\":651,\"commentCount\":0,\"publisher\":{\"@id\":\"https:\/\/www.africascoop.net\/#organization\"},\"image\":{\"@id\":\"https:\/\/www.africascoop.net\/index.php\/2025\/11\/07\/oumou-sall-seck-porte-le-premier-salon-international-de-lentrepreneuriat-un-pari-gouvernemental-pour-la-grandeur-du-mali\/#primaryimage\"},\"thumbnailUrl\":\"https:\/\/www.africascoop.net\/wp-content\/uploads\/2025\/11\/sall-1024x576.jpg\",\"articleSection\":[\"Exclusif\",\"Politique\"],\"inLanguage\":\"fr-FR\",\"potentialAction\":[{\"@type\":\"CommentAction\",\"name\":\"Comment\",\"target\":[\"https:\/\/www.africascoop.net\/index.php\/2025\/11\/07\/oumou-sall-seck-porte-le-premier-salon-international-de-lentrepreneuriat-un-pari-gouvernemental-pour-la-grandeur-du-mali\/#respond\"]}]},{\"@type\":\"WebPage\",\"@id\":\"https:\/\/www.africascoop.net\/index.php\/2025\/11\/07\/oumou-sall-seck-porte-le-premier-salon-international-de-lentrepreneuriat-un-pari-gouvernemental-pour-la-grandeur-du-mali\/\",\"url\":\"https:\/\/www.africascoop.net\/index.php\/2025\/11\/07\/oumou-sall-seck-porte-le-premier-salon-international-de-lentrepreneuriat-un-pari-gouvernemental-pour-la-grandeur-du-mali\/\",\"name\":\"Oumou Sall Seck porte le Premier Salon international de l\u2019Entrepreneuriat : un pari gouvernemental pour la grandeur du Mali - Actualit\u00e9s Africaines\",\"isPartOf\":{\"@id\":\"https:\/\/www.africascoop.net\/#website\"},\"primaryImageOfPage\":{\"@id\":\"https:\/\/www.africascoop.net\/index.php\/2025\/11\/07\/oumou-sall-seck-porte-le-premier-salon-international-de-lentrepreneuriat-un-pari-gouvernemental-pour-la-grandeur-du-mali\/#primaryimage\"},\"image\":{\"@id\":\"https:\/\/www.africascoop.net\/index.php\/2025\/11\/07\/oumou-sall-seck-porte-le-premier-salon-international-de-lentrepreneuriat-un-pari-gouvernemental-pour-la-grandeur-du-mali\/#primaryimage\"},\"thumbnailUrl\":\"https:\/\/www.africascoop.net\/wp-content\/uploads\/2025\/11\/sall-1024x576.jpg\",\"datePublished\":\"2025-11-07T11:00:10+00:00\",\"dateModified\":\"2025-11-07T11:00:17+00:00\",\"breadcrumb\":{\"@id\":\"https:\/\/www.africascoop.net\/index.php\/2025\/11\/07\/oumou-sall-seck-porte-le-premier-salon-international-de-lentrepreneuriat-un-pari-gouvernemental-pour-la-grandeur-du-mali\/#breadcrumb\"},\"inLanguage\":\"fr-FR\",\"potentialAction\":[{\"@type\":\"ReadAction\",\"target\":[\"https:\/\/www.africascoop.net\/index.php\/2025\/11\/07\/oumou-sall-seck-porte-le-premier-salon-international-de-lentrepreneuriat-un-pari-gouvernemental-pour-la-grandeur-du-mali\/\"]}]},{\"@type\":\"ImageObject\",\"inLanguage\":\"fr-FR\",\"@id\":\"https:\/\/www.africascoop.net\/index.php\/2025\/11\/07\/oumou-sall-seck-porte-le-premier-salon-international-de-lentrepreneuriat-un-pari-gouvernemental-pour-la-grandeur-du-mali\/#primaryimage\",\"url\":\"https:\/\/www.africascoop.net\/wp-content\/uploads\/2025\/11\/sall.jpg\",\"contentUrl\":\"https:\/\/www.africascoop.net\/wp-content\/uploads\/2025\/11\/sall.jpg\",\"width\":1366,\"height\":768},{\"@type\":\"BreadcrumbList\",\"@id\":\"https:\/\/www.africascoop.net\/index.php\/2025\/11\/07\/oumou-sall-seck-porte-le-premier-salon-international-de-lentrepreneuriat-un-pari-gouvernemental-pour-la-grandeur-du-mali\/#breadcrumb\",\"itemListElement\":[{\"@type\":\"ListItem\",\"position\":1,\"name\":\"Accueil\",\"item\":\"https:\/\/www.africascoop.net\/\"},{\"@type\":\"ListItem\",\"position\":2,\"name\":\"Oumou Sall Seck porte le Premier Salon international de l\u2019Entrepreneuriat : un pari gouvernemental pour la grandeur du Mali\"}]},{\"@type\":\"WebSite\",\"@id\":\"https:\/\/www.africascoop.net\/#website\",\"url\":\"https:\/\/www.africascoop.net\/\",\"name\":\"Actualit\u00e9s Africaines\",\"description\":\"\",\"publisher\":{\"@id\":\"https:\/\/www.africascoop.net\/#organization\"},\"potentialAction\":[{\"@type\":\"SearchAction\",\"target\":{\"@type\":\"EntryPoint\",\"urlTemplate\":\"https:\/\/www.africascoop.net\/?s={search_term_string}\"},\"query-input\":{\"@type\":\"PropertyValueSpecification\",\"valueRequired\":true,\"valueName\":\"search_term_string\"}}],\"inLanguage\":\"fr-FR\"},{\"@type\":\"Organization\",\"@id\":\"https:\/\/www.africascoop.net\/#organization\",\"name\":\"Actualit\u00e9s Africaines\",\"url\":\"https:\/\/www.africascoop.net\/\",\"logo\":{\"@type\":\"ImageObject\",\"inLanguage\":\"fr-FR\",\"@id\":\"https:\/\/www.africascoop.net\/#\/schema\/logo\/image\/\",\"url\":\"https:\/\/www.africascoop.net\/wp-content\/uploads\/2025\/09\/cropped-logo-2.jpg\",\"contentUrl\":\"https:\/\/www.africascoop.net\/wp-content\/uploads\/2025\/09\/cropped-logo-2.jpg\",\"width\":945,\"height\":591,\"caption\":\"Actualit\u00e9s Africaines\"},\"image\":{\"@id\":\"https:\/\/www.africascoop.net\/#\/schema\/logo\/image\/\"}},{\"@type\":\"Person\",\"@id\":\"https:\/\/www.africascoop.net\/#\/schema\/person\/2cbcc632c110d739d93a6b196c67230a\",\"name\":\"Africascoop\",\"image\":{\"@type\":\"ImageObject\",\"inLanguage\":\"fr-FR\",\"@id\":\"https:\/\/www.africascoop.net\/#\/schema\/person\/image\/\",\"url\":\"https:\/\/secure.gravatar.com\/avatar\/230d851f5173f64fe9487b948bd2daf02707ef49aea942bc1bdad649c82025b9?s=96&d=mm&r=g\",\"contentUrl\":\"https:\/\/secure.gravatar.com\/avatar\/230d851f5173f64fe9487b948bd2daf02707ef49aea942bc1bdad649c82025b9?s=96&d=mm&r=g\",\"caption\":\"Africascoop\"},\"url\":\"https:\/\/www.africascoop.net\/index.php\/author\/jul\/\"}]}<\/script>\n<!-- \/ Yoast SEO plugin. -->","yoast_head_json":{"title":"Oumou Sall Seck porte le Premier Salon international de l\u2019Entrepreneuriat : un pari gouvernemental pour la grandeur du Mali - Actualit\u00e9s Africaines","robots":{"index":"index","follow":"follow","max-snippet":"max-snippet:-1","max-image-preview":"max-image-preview:large","max-video-preview":"max-video-preview:-1"},"canonical":"https:\/\/www.africascoop.net\/index.php\/2025\/11\/07\/oumou-sall-seck-porte-le-premier-salon-international-de-lentrepreneuriat-un-pari-gouvernemental-pour-la-grandeur-du-mali\/","og_locale":"fr_FR","og_type":"article","og_title":"Oumou Sall Seck porte le Premier Salon international de l\u2019Entrepreneuriat : un pari gouvernemental pour la grandeur du Mali - Actualit\u00e9s Africaines","og_description":"Le Mali s\u2019appr\u00eate \u00e0 vivre un tournant majeur dans la promotion de son entrepreneuriat avec la tenue, du","og_url":"https:\/\/www.africascoop.net\/index.php\/2025\/11\/07\/oumou-sall-seck-porte-le-premier-salon-international-de-lentrepreneuriat-un-pari-gouvernemental-pour-la-grandeur-du-mali\/","og_site_name":"Actualit\u00e9s Africaines","article_published_time":"2025-11-07T11:00:10+00:00","article_modified_time":"2025-11-07T11:00:17+00:00","og_image":[{"url":"https:\/\/www.africascoop.net\/wp-content\/uploads\/2025\/11\/sall-1024x576.jpg","type":"","width":"","height":""}],"author":"Africascoop","twitter_card":"summary_large_image","twitter_misc":{"\u00c9crit par":"Africascoop","Dur\u00e9e de lecture estim\u00e9e":"4 minutes"},"schema":{"@context":"https:\/\/schema.org","@graph":[{"@type":"Article","@id":"https:\/\/www.africascoop.net\/index.php\/2025\/11\/07\/oumou-sall-seck-porte-le-premier-salon-international-de-lentrepreneuriat-un-pari-gouvernemental-pour-la-grandeur-du-mali\/#article","isPartOf":{"@id":"https:\/\/www.africascoop.net\/index.php\/2025\/11\/07\/oumou-sall-seck-porte-le-premier-salon-international-de-lentrepreneuriat-un-pari-gouvernemental-pour-la-grandeur-du-mali\/"},"author":{"name":"Africascoop","@id":"https:\/\/www.africascoop.net\/#\/schema\/person\/2cbcc632c110d739d93a6b196c67230a"},"headline":"Oumou Sall Seck porte le Premier Salon international de l\u2019Entrepreneuriat : un pari gouvernemental pour la grandeur du Mali","datePublished":"2025-11-07T11:00:10+00:00","dateModified":"2025-11-07T11:00:17+00:00","mainEntityOfPage":{"@id":"https:\/\/www.africascoop.net\/index.php\/2025\/11\/07\/oumou-sall-seck-porte-le-premier-salon-international-de-lentrepreneuriat-un-pari-gouvernemental-pour-la-grandeur-du-mali\/"},"wordCount":651,"commentCount":0,"publisher":{"@id":"https:\/\/www.africascoop.net\/#organization"},"image":{"@id":"https:\/\/www.africascoop.net\/index.php\/2025\/11\/07\/oumou-sall-seck-porte-le-premier-salon-international-de-lentrepreneuriat-un-pari-gouvernemental-pour-la-grandeur-du-mali\/#primaryimage"},"thumbnailUrl":"https:\/\/www.africascoop.net\/wp-content\/uploads\/2025\/11\/sall-1024x576.jpg","articleSection":["Exclusif","Politique"],"inLanguage":"fr-FR","potentialAction":[{"@type":"CommentAction","name":"Comment","target":["https:\/\/www.africascoop.net\/index.php\/2025\/11\/07\/oumou-sall-seck-porte-le-premier-salon-international-de-lentrepreneuriat-un-pari-gouvernemental-pour-la-grandeur-du-mali\/#respond"]}]},{"@type":"WebPage","@id":"https:\/\/www.africascoop.net\/index.php\/2025\/11\/07\/oumou-sall-seck-porte-le-premier-salon-international-de-lentrepreneuriat-un-pari-gouvernemental-pour-la-grandeur-du-mali\/","url":"https:\/\/www.africascoop.net\/index.php\/2025\/11\/07\/oumou-sall-seck-porte-le-premier-salon-international-de-lentrepreneuriat-un-pari-gouvernemental-pour-la-grandeur-du-mali\/","name":"Oumou Sall Seck porte le Premier Salon international de l\u2019Entrepreneuriat : un pari gouvernemental pour la grandeur du Mali - Actualit\u00e9s Africaines","isPartOf":{"@id":"https:\/\/www.africascoop.net\/#website"},"primaryImageOfPage":{"@id":"https:\/\/www.africascoop.net\/index.php\/2025\/11\/07\/oumou-sall-seck-porte-le-premier-salon-international-de-lentrepreneuriat-un-pari-gouvernemental-pour-la-grandeur-du-mali\/#primaryimage"},"image":{"@id":"https:\/\/www.africascoop.net\/index.php\/2025\/11\/07\/oumou-sall-seck-porte-le-premier-salon-international-de-lentrepreneuriat-un-pari-gouvernemental-pour-la-grandeur-du-mali\/#primaryimage"},"thumbnailUrl":"https:\/\/www.africascoop.net\/wp-content\/uploads\/2025\/11\/sall-1024x576.jpg","datePublished":"2025-11-07T11:00:10+00:00","dateModified":"2025-11-07T11:00:17+00:00","breadcrumb":{"@id":"https:\/\/www.africascoop.net\/index.php\/2025\/11\/07\/oumou-sall-seck-porte-le-premier-salon-international-de-lentrepreneuriat-un-pari-gouvernemental-pour-la-grandeur-du-mali\/#breadcrumb"},"inLanguage":"fr-FR","potentialAction":[{"@type":"ReadAction","target":["https:\/\/www.africascoop.net\/index.php\/2025\/11\/07\/oumou-sall-seck-porte-le-premier-salon-international-de-lentrepreneuriat-un-pari-gouvernemental-pour-la-grandeur-du-mali\/"]}]},{"@type":"ImageObject","inLanguage":"fr-FR","@id":"https:\/\/www.africascoop.net\/index.php\/2025\/11\/07\/oumou-sall-seck-porte-le-premier-salon-international-de-lentrepreneuriat-un-pari-gouvernemental-pour-la-grandeur-du-mali\/#primaryimage","url":"https:\/\/www.africascoop.net\/wp-content\/uploads\/2025\/11\/sall.jpg","contentUrl":"https:\/\/www.africascoop.net\/wp-content\/uploads\/2025\/11\/sall.jpg","width":1366,"height":768},{"@type":"BreadcrumbList","@id":"https:\/\/www.africascoop.net\/index.php\/2025\/11\/07\/oumou-sall-seck-porte-le-premier-salon-international-de-lentrepreneuriat-un-pari-gouvernemental-pour-la-grandeur-du-mali\/#breadcrumb","itemListElement":[{"@type":"ListItem","position":1,"name":"Accueil","item":"https:\/\/www.africascoop.net\/"},{"@type":"ListItem","position":2,"name":"Oumou Sall Seck porte le Premier Salon international de l\u2019Entrepreneuriat : un pari gouvernemental pour la grandeur du Mali"}]},{"@type":"WebSite","@id":"https:\/\/www.africascoop.net\/#website","url":"https:\/\/www.africascoop.net\/","name":"Actualit\u00e9s Africaines","description":"","publisher":{"@id":"https:\/\/www.africascoop.net\/#organization"},"potentialAction":[{"@type":"SearchAction","target":{"@type":"EntryPoint","urlTemplate":"https:\/\/www.africascoop.net\/?s={search_term_string}"},"query-input":{"@type":"PropertyValueSpecification","valueRequired":true,"valueName":"search_term_string"}}],"inLanguage":"fr-FR"},{"@type":"Organization","@id":"https:\/\/www.africascoop.net\/#organization","name":"Actualit\u00e9s Africaines","url":"https:\/\/www.africascoop.net\/","logo":{"@type":"ImageObject","inLanguage":"fr-FR","@id":"https:\/\/www.africascoop.net\/#\/schema\/logo\/image\/","url":"https:\/\/www.africascoop.net\/wp-content\/uploads\/2025\/09\/cropped-logo-2.jpg","contentUrl":"https:\/\/www.africascoop.net\/wp-content\/uploads\/2025\/09\/cropped-logo-2.jpg","width":945,"height":591,"caption":"Actualit\u00e9s Africaines"},"image":{"@id":"https:\/\/www.africascoop.net\/#\/schema\/logo\/image\/"}},{"@type":"Person","@id":"https:\/\/www.africascoop.net\/#\/schema\/person\/2cbcc632c110d739d93a6b196c67230a","name":"Africascoop","image":{"@type":"ImageObject","inLanguage":"fr-FR","@id":"https:\/\/www.africascoop.net\/#\/schema\/person\/image\/","url":"https:\/\/secure.gravatar.com\/avatar\/230d851f5173f64fe9487b948bd2daf02707ef49aea942bc1bdad649c82025b9?s=96&d=mm&r=g","contentUrl":"https:\/\/secure.gravatar.com\/avatar\/230d851f5173f64fe9487b948bd2daf02707ef49aea942bc1bdad649c82025b9?s=96&d=mm&r=g","caption":"Africascoop"},"url":"https:\/\/www.africascoop.net\/index.php\/author\/jul\/"}]}},"_links":{"self":[{"href":"https:\/\/www.africascoop.net\/index.php\/wp-json\/wp\/v2\/posts\/665","targetHints":{"allow":["GET"]}}],"collection":[{"href":"https:\/\/www.africascoop.net\/index.php\/wp-json\/wp\/v2\/posts"}],"about":[{"href":"https:\/\/www.africascoop.net\/index.php\/wp-json\/wp\/v2\/types\/post"}],"author":[{"embeddable":true,"href":"https:\/\/www.africascoop.net\/index.php\/wp-json\/wp\/v2\/users\/3"}],"replies":[{"embeddable":true,"href":"https:\/\/www.africascoop.net\/index.php\/wp-json\/wp\/v2\/comments?post=665"}],"version-history":[{"count":1,"href":"https:\/\/www.africascoop.net\/index.php\/wp-json\/wp\/v2\/posts\/665\/revisions"}],"predecessor-version":[{"id":667,"href":"https:\/\/www.africascoop.net\/index.php\/wp-json\/wp\/v2\/posts\/665\/revisions\/667"}],"wp:attachment":[{"href":"https:\/\/www.africascoop.net\/index.php\/wp-json\/wp\/v2\/media?parent=665"}],"wp:term":[{"taxonomy":"category","embeddable":true,"href":"https:\/\/www.africascoop.net\/index.php\/wp-json\/wp\/v2\/categories?post=665"},{"taxonomy":"post_tag","embeddable":true,"href":"https:\/\/www.africascoop.net\/index.php\/wp-json\/wp\/v2\/tags?post=665"}],"curies":[{"name":"wp","href":"https:\/\/api.w.org\/{rel}","templated":true}]}}