{"id":671,"date":"2025-11-08T17:14:55","date_gmt":"2025-11-08T17:14:55","guid":{"rendered":"https:\/\/www.africascoop.net\/?p=671"},"modified":"2025-11-08T17:15:07","modified_gmt":"2025-11-08T17:15:07","slug":"terra-meeting-du-pastef-au-senegal-une-maree-humaine-a-lesplanade-du-stade-leopold-sedar-senghor","status":"publish","type":"post","link":"https:\/\/www.africascoop.net\/index.php\/2025\/11\/08\/terra-meeting-du-pastef-au-senegal-une-maree-humaine-a-lesplanade-du-stade-leopold-sedar-senghor\/","title":{"rendered":"Terra meeting du Pastef au S\u00e9n\u00e9gal : une mar\u00e9e humaine \u00e0 l\u2019esplanade du stade L\u00e9opold S\u00e9dar Senghor"},"content":{"rendered":"\n<figure class=\"wp-block-image size-large\"><img loading=\"lazy\" decoding=\"async\" width=\"1024\" height=\"576\" src=\"https:\/\/www.africascoop.net\/wp-content\/uploads\/2025\/11\/Pastef-1024x576.jpg\" alt=\"\" class=\"wp-image-672\" srcset=\"https:\/\/www.africascoop.net\/wp-content\/uploads\/2025\/11\/Pastef-1024x576.jpg 1024w, https:\/\/www.africascoop.net\/wp-content\/uploads\/2025\/11\/Pastef-300x169.jpg 300w, https:\/\/www.africascoop.net\/wp-content\/uploads\/2025\/11\/Pastef-768x432.jpg 768w, https:\/\/www.africascoop.net\/wp-content\/uploads\/2025\/11\/Pastef.jpg 1366w\" sizes=\"auto, (max-width: 1024px) 100vw, 1024px\" \/><\/figure>\n\n\n\n<p>Une foule impressionnante s\u2019est mass\u00e9e ce samedi 8 novembre \u00e0 l\u2019esplanade du stade L\u00e9opold S\u00e9dar Senghor de Dakar. \u00c0 l\u2019appel du parti Pastef, les Patriotes, militants, sympathisants et simples curieux ont converg\u00e9 vers le lieu pour assister au Terra meeting, une grande mobilisation politique plac\u00e9e sous le signe de la communion entre le leader du parti et sa base.<\/p>\n\n\n\n<p>Le Premier ministre et pr\u00e9sident du Pastef, Ousmane Sonko, est attendu dans la soir\u00e9e pour s\u2019adresser \u00e0 ses partisans. Ce rassemblement, pr\u00e9sent\u00e9 par les organisateurs comme un moment fort de la \u00ab reconqu\u00eate citoyenne \u00bb, vise \u00e0 r\u00e9affirmer l\u2019unit\u00e9 et la d\u00e9termination du mouvement apr\u00e8s des mois de turbulences politiques.<\/p>\n\n\n\n<p>Sur place, l\u2019ambiance est \u00e9lectrique : chants, drapeaux, slogans et pancartes \u00e0 l\u2019effigie du leader patriote colorent l\u2019esplanade. De nombreux responsables du parti ont d\u00e9j\u00e0 pris la parole pour galvaniser la foule.<\/p>\n\n\n\n<p>Les forces de l\u2019ordre, d\u00e9ploy\u00e9es en nombre, encadrent l\u2019\u00e9v\u00e9nement afin d\u2019\u00e9viter tout d\u00e9bordement.<br>Selon plusieurs observateurs, cette mobilisation t\u00e9moigne de l\u2019ancrage populaire du Pastef et de la capacit\u00e9 de son chef \u00e0 f\u00e9d\u00e9rer autour de sa personne malgr\u00e9 les \u00e9preuves r\u00e9centes.<\/p>\n\n\n\n<p>Le discours du Premier ministre Ousmane Sonko est tr\u00e8s attendu, notamment sur les orientations politiques \u00e0 venir et les chantiers prioritaires de son gouvernement.<br>Nous y reviendrons avec plus de d\u00e9tails dans nos prochaines \u00e9ditions.<\/p>\n\n\n\n<p>Par Djibrilla Tour\u00e9<\/p>\n","protected":false},"excerpt":{"rendered":"<p>Une foule impressionnante s\u2019est mass\u00e9e ce samedi 8 novembre \u00e0 l\u2019esplanade du stade L\u00e9opold S\u00e9dar Senghor de Dakar.<\/p>\n","protected":false},"author":3,"featured_media":0,"comment_status":"open","ping_status":"open","sticky":false,"template":"","format":"standard","meta":{"footnotes":""},"categories":[36,9],"tags":[],"class_list":["post-671","post","type-post","status-publish","format-standard","hentry","category-exclusif","category-politique"],"yoast_head":"<!-- This site is optimized with the Yoast SEO plugin v26.0 - https:\/\/yoast.com\/wordpress\/plugins\/seo\/ -->\n<title>Terra meeting du Pastef au S\u00e9n\u00e9gal : une mar\u00e9e humaine \u00e0 l\u2019esplanade du stade L\u00e9opold S\u00e9dar Senghor - Actualit\u00e9s Africaines<\/title>\n<meta name=\"robots\" content=\"index, follow, max-snippet:-1, max-image-preview:large, max-video-preview:-1\" \/>\n<link rel=\"canonical\" href=\"https:\/\/www.africascoop.net\/index.php\/2025\/11\/08\/terra-meeting-du-pastef-au-senegal-une-maree-humaine-a-lesplanade-du-stade-leopold-sedar-senghor\/\" \/>\n<meta property=\"og:locale\" content=\"fr_FR\" \/>\n<meta property=\"og:type\" content=\"article\" \/>\n<meta property=\"og:title\" content=\"Terra meeting du Pastef au S\u00e9n\u00e9gal : une mar\u00e9e humaine \u00e0 l\u2019esplanade du stade L\u00e9opold S\u00e9dar Senghor - Actualit\u00e9s Africaines\" \/>\n<meta property=\"og:description\" content=\"Une foule impressionnante s\u2019est mass\u00e9e ce samedi 8 novembre \u00e0 l\u2019esplanade du stade L\u00e9opold S\u00e9dar Senghor de Dakar.\" \/>\n<meta property=\"og:url\" content=\"https:\/\/www.africascoop.net\/index.php\/2025\/11\/08\/terra-meeting-du-pastef-au-senegal-une-maree-humaine-a-lesplanade-du-stade-leopold-sedar-senghor\/\" \/>\n<meta property=\"og:site_name\" content=\"Actualit\u00e9s Africaines\" \/>\n<meta property=\"article:published_time\" content=\"2025-11-08T17:14:55+00:00\" \/>\n<meta property=\"article:modified_time\" content=\"2025-11-08T17:15:07+00:00\" \/>\n<meta property=\"og:image\" content=\"https:\/\/www.africascoop.net\/wp-content\/uploads\/2025\/11\/Pastef-1024x576.jpg\" \/>\n<meta name=\"author\" content=\"Africascoop\" \/>\n<meta name=\"twitter:card\" content=\"summary_large_image\" \/>\n<meta name=\"twitter:label1\" content=\"\u00c9crit par\" \/>\n\t<meta name=\"twitter:data1\" content=\"Africascoop\" \/>\n\t<meta name=\"twitter:label2\" content=\"Dur\u00e9e de lecture estim\u00e9e\" \/>\n\t<meta name=\"twitter:data2\" content=\"2 minutes\" \/>\n<script type=\"application\/ld+json\" class=\"yoast-schema-graph\">{\"@context\":\"https:\/\/schema.org\",\"@graph\":[{\"@type\":\"Article\",\"@id\":\"https:\/\/www.africascoop.net\/index.php\/2025\/11\/08\/terra-meeting-du-pastef-au-senegal-une-maree-humaine-a-lesplanade-du-stade-leopold-sedar-senghor\/#article\",\"isPartOf\":{\"@id\":\"https:\/\/www.africascoop.net\/index.php\/2025\/11\/08\/terra-meeting-du-pastef-au-senegal-une-maree-humaine-a-lesplanade-du-stade-leopold-sedar-senghor\/\"},\"author\":{\"name\":\"Africascoop\",\"@id\":\"https:\/\/www.africascoop.net\/#\/schema\/person\/2cbcc632c110d739d93a6b196c67230a\"},\"headline\":\"Terra meeting du Pastef au S\u00e9n\u00e9gal : une mar\u00e9e humaine \u00e0 l\u2019esplanade du stade L\u00e9opold S\u00e9dar Senghor\",\"datePublished\":\"2025-11-08T17:14:55+00:00\",\"dateModified\":\"2025-11-08T17:15:07+00:00\",\"mainEntityOfPage\":{\"@id\":\"https:\/\/www.africascoop.net\/index.php\/2025\/11\/08\/terra-meeting-du-pastef-au-senegal-une-maree-humaine-a-lesplanade-du-stade-leopold-sedar-senghor\/\"},\"wordCount\":264,\"commentCount\":0,\"publisher\":{\"@id\":\"https:\/\/www.africascoop.net\/#organization\"},\"image\":{\"@id\":\"https:\/\/www.africascoop.net\/index.php\/2025\/11\/08\/terra-meeting-du-pastef-au-senegal-une-maree-humaine-a-lesplanade-du-stade-leopold-sedar-senghor\/#primaryimage\"},\"thumbnailUrl\":\"https:\/\/www.africascoop.net\/wp-content\/uploads\/2025\/11\/Pastef-1024x576.jpg\",\"articleSection\":[\"Exclusif\",\"Politique\"],\"inLanguage\":\"fr-FR\",\"potentialAction\":[{\"@type\":\"CommentAction\",\"name\":\"Comment\",\"target\":[\"https:\/\/www.africascoop.net\/index.php\/2025\/11\/08\/terra-meeting-du-pastef-au-senegal-une-maree-humaine-a-lesplanade-du-stade-leopold-sedar-senghor\/#respond\"]}]},{\"@type\":\"WebPage\",\"@id\":\"https:\/\/www.africascoop.net\/index.php\/2025\/11\/08\/terra-meeting-du-pastef-au-senegal-une-maree-humaine-a-lesplanade-du-stade-leopold-sedar-senghor\/\",\"url\":\"https:\/\/www.africascoop.net\/index.php\/2025\/11\/08\/terra-meeting-du-pastef-au-senegal-une-maree-humaine-a-lesplanade-du-stade-leopold-sedar-senghor\/\",\"name\":\"Terra meeting du Pastef au S\u00e9n\u00e9gal : une mar\u00e9e humaine \u00e0 l\u2019esplanade du stade L\u00e9opold S\u00e9dar Senghor - Actualit\u00e9s Africaines\",\"isPartOf\":{\"@id\":\"https:\/\/www.africascoop.net\/#website\"},\"primaryImageOfPage\":{\"@id\":\"https:\/\/www.africascoop.net\/index.php\/2025\/11\/08\/terra-meeting-du-pastef-au-senegal-une-maree-humaine-a-lesplanade-du-stade-leopold-sedar-senghor\/#primaryimage\"},\"image\":{\"@id\":\"https:\/\/www.africascoop.net\/index.php\/2025\/11\/08\/terra-meeting-du-pastef-au-senegal-une-maree-humaine-a-lesplanade-du-stade-leopold-sedar-senghor\/#primaryimage\"},\"thumbnailUrl\":\"https:\/\/www.africascoop.net\/wp-content\/uploads\/2025\/11\/Pastef-1024x576.jpg\",\"datePublished\":\"2025-11-08T17:14:55+00:00\",\"dateModified\":\"2025-11-08T17:15:07+00:00\",\"breadcrumb\":{\"@id\":\"https:\/\/www.africascoop.net\/index.php\/2025\/11\/08\/terra-meeting-du-pastef-au-senegal-une-maree-humaine-a-lesplanade-du-stade-leopold-sedar-senghor\/#breadcrumb\"},\"inLanguage\":\"fr-FR\",\"potentialAction\":[{\"@type\":\"ReadAction\",\"target\":[\"https:\/\/www.africascoop.net\/index.php\/2025\/11\/08\/terra-meeting-du-pastef-au-senegal-une-maree-humaine-a-lesplanade-du-stade-leopold-sedar-senghor\/\"]}]},{\"@type\":\"ImageObject\",\"inLanguage\":\"fr-FR\",\"@id\":\"https:\/\/www.africascoop.net\/index.php\/2025\/11\/08\/terra-meeting-du-pastef-au-senegal-une-maree-humaine-a-lesplanade-du-stade-leopold-sedar-senghor\/#primaryimage\",\"url\":\"https:\/\/www.africascoop.net\/wp-content\/uploads\/2025\/11\/Pastef.jpg\",\"contentUrl\":\"https:\/\/www.africascoop.net\/wp-content\/uploads\/2025\/11\/Pastef.jpg\",\"width\":1366,\"height\":768},{\"@type\":\"BreadcrumbList\",\"@id\":\"https:\/\/www.africascoop.net\/index.php\/2025\/11\/08\/terra-meeting-du-pastef-au-senegal-une-maree-humaine-a-lesplanade-du-stade-leopold-sedar-senghor\/#breadcrumb\",\"itemListElement\":[{\"@type\":\"ListItem\",\"position\":1,\"name\":\"Accueil\",\"item\":\"https:\/\/www.africascoop.net\/\"},{\"@type\":\"ListItem\",\"position\":2,\"name\":\"Terra meeting du Pastef au S\u00e9n\u00e9gal : une mar\u00e9e humaine \u00e0 l\u2019esplanade du stade L\u00e9opold S\u00e9dar Senghor\"}]},{\"@type\":\"WebSite\",\"@id\":\"https:\/\/www.africascoop.net\/#website\",\"url\":\"https:\/\/www.africascoop.net\/\",\"name\":\"Actualit\u00e9s Africaines\",\"description\":\"\",\"publisher\":{\"@id\":\"https:\/\/www.africascoop.net\/#organization\"},\"potentialAction\":[{\"@type\":\"SearchAction\",\"target\":{\"@type\":\"EntryPoint\",\"urlTemplate\":\"https:\/\/www.africascoop.net\/?s={search_term_string}\"},\"query-input\":{\"@type\":\"PropertyValueSpecification\",\"valueRequired\":true,\"valueName\":\"search_term_string\"}}],\"inLanguage\":\"fr-FR\"},{\"@type\":\"Organization\",\"@id\":\"https:\/\/www.africascoop.net\/#organization\",\"name\":\"Actualit\u00e9s Africaines\",\"url\":\"https:\/\/www.africascoop.net\/\",\"logo\":{\"@type\":\"ImageObject\",\"inLanguage\":\"fr-FR\",\"@id\":\"https:\/\/www.africascoop.net\/#\/schema\/logo\/image\/\",\"url\":\"https:\/\/www.africascoop.net\/wp-content\/uploads\/2025\/09\/cropped-logo-2.jpg\",\"contentUrl\":\"https:\/\/www.africascoop.net\/wp-content\/uploads\/2025\/09\/cropped-logo-2.jpg\",\"width\":945,\"height\":591,\"caption\":\"Actualit\u00e9s Africaines\"},\"image\":{\"@id\":\"https:\/\/www.africascoop.net\/#\/schema\/logo\/image\/\"}},{\"@type\":\"Person\",\"@id\":\"https:\/\/www.africascoop.net\/#\/schema\/person\/2cbcc632c110d739d93a6b196c67230a\",\"name\":\"Africascoop\",\"image\":{\"@type\":\"ImageObject\",\"inLanguage\":\"fr-FR\",\"@id\":\"https:\/\/www.africascoop.net\/#\/schema\/person\/image\/\",\"url\":\"https:\/\/secure.gravatar.com\/avatar\/230d851f5173f64fe9487b948bd2daf02707ef49aea942bc1bdad649c82025b9?s=96&d=mm&r=g\",\"contentUrl\":\"https:\/\/secure.gravatar.com\/avatar\/230d851f5173f64fe9487b948bd2daf02707ef49aea942bc1bdad649c82025b9?s=96&d=mm&r=g\",\"caption\":\"Africascoop\"},\"url\":\"https:\/\/www.africascoop.net\/index.php\/author\/jul\/\"}]}<\/script>\n<!-- \/ Yoast SEO plugin. -->","yoast_head_json":{"title":"Terra meeting du Pastef au S\u00e9n\u00e9gal : une mar\u00e9e humaine \u00e0 l\u2019esplanade du stade L\u00e9opold S\u00e9dar Senghor - Actualit\u00e9s Africaines","robots":{"index":"index","follow":"follow","max-snippet":"max-snippet:-1","max-image-preview":"max-image-preview:large","max-video-preview":"max-video-preview:-1"},"canonical":"https:\/\/www.africascoop.net\/index.php\/2025\/11\/08\/terra-meeting-du-pastef-au-senegal-une-maree-humaine-a-lesplanade-du-stade-leopold-sedar-senghor\/","og_locale":"fr_FR","og_type":"article","og_title":"Terra meeting du Pastef au S\u00e9n\u00e9gal : une mar\u00e9e humaine \u00e0 l\u2019esplanade du stade L\u00e9opold S\u00e9dar Senghor - Actualit\u00e9s Africaines","og_description":"Une foule impressionnante s\u2019est mass\u00e9e ce samedi 8 novembre \u00e0 l\u2019esplanade du stade L\u00e9opold S\u00e9dar Senghor de Dakar.","og_url":"https:\/\/www.africascoop.net\/index.php\/2025\/11\/08\/terra-meeting-du-pastef-au-senegal-une-maree-humaine-a-lesplanade-du-stade-leopold-sedar-senghor\/","og_site_name":"Actualit\u00e9s Africaines","article_published_time":"2025-11-08T17:14:55+00:00","article_modified_time":"2025-11-08T17:15:07+00:00","og_image":[{"url":"https:\/\/www.africascoop.net\/wp-content\/uploads\/2025\/11\/Pastef-1024x576.jpg","type":"","width":"","height":""}],"author":"Africascoop","twitter_card":"summary_large_image","twitter_misc":{"\u00c9crit par":"Africascoop","Dur\u00e9e de lecture estim\u00e9e":"2 minutes"},"schema":{"@context":"https:\/\/schema.org","@graph":[{"@type":"Article","@id":"https:\/\/www.africascoop.net\/index.php\/2025\/11\/08\/terra-meeting-du-pastef-au-senegal-une-maree-humaine-a-lesplanade-du-stade-leopold-sedar-senghor\/#article","isPartOf":{"@id":"https:\/\/www.africascoop.net\/index.php\/2025\/11\/08\/terra-meeting-du-pastef-au-senegal-une-maree-humaine-a-lesplanade-du-stade-leopold-sedar-senghor\/"},"author":{"name":"Africascoop","@id":"https:\/\/www.africascoop.net\/#\/schema\/person\/2cbcc632c110d739d93a6b196c67230a"},"headline":"Terra meeting du Pastef au S\u00e9n\u00e9gal : une mar\u00e9e humaine \u00e0 l\u2019esplanade du stade L\u00e9opold S\u00e9dar Senghor","datePublished":"2025-11-08T17:14:55+00:00","dateModified":"2025-11-08T17:15:07+00:00","mainEntityOfPage":{"@id":"https:\/\/www.africascoop.net\/index.php\/2025\/11\/08\/terra-meeting-du-pastef-au-senegal-une-maree-humaine-a-lesplanade-du-stade-leopold-sedar-senghor\/"},"wordCount":264,"commentCount":0,"publisher":{"@id":"https:\/\/www.africascoop.net\/#organization"},"image":{"@id":"https:\/\/www.africascoop.net\/index.php\/2025\/11\/08\/terra-meeting-du-pastef-au-senegal-une-maree-humaine-a-lesplanade-du-stade-leopold-sedar-senghor\/#primaryimage"},"thumbnailUrl":"https:\/\/www.africascoop.net\/wp-content\/uploads\/2025\/11\/Pastef-1024x576.jpg","articleSection":["Exclusif","Politique"],"inLanguage":"fr-FR","potentialAction":[{"@type":"CommentAction","name":"Comment","target":["https:\/\/www.africascoop.net\/index.php\/2025\/11\/08\/terra-meeting-du-pastef-au-senegal-une-maree-humaine-a-lesplanade-du-stade-leopold-sedar-senghor\/#respond"]}]},{"@type":"WebPage","@id":"https:\/\/www.africascoop.net\/index.php\/2025\/11\/08\/terra-meeting-du-pastef-au-senegal-une-maree-humaine-a-lesplanade-du-stade-leopold-sedar-senghor\/","url":"https:\/\/www.africascoop.net\/index.php\/2025\/11\/08\/terra-meeting-du-pastef-au-senegal-une-maree-humaine-a-lesplanade-du-stade-leopold-sedar-senghor\/","name":"Terra meeting du Pastef au S\u00e9n\u00e9gal : une mar\u00e9e humaine \u00e0 l\u2019esplanade du stade L\u00e9opold S\u00e9dar Senghor - Actualit\u00e9s Africaines","isPartOf":{"@id":"https:\/\/www.africascoop.net\/#website"},"primaryImageOfPage":{"@id":"https:\/\/www.africascoop.net\/index.php\/2025\/11\/08\/terra-meeting-du-pastef-au-senegal-une-maree-humaine-a-lesplanade-du-stade-leopold-sedar-senghor\/#primaryimage"},"image":{"@id":"https:\/\/www.africascoop.net\/index.php\/2025\/11\/08\/terra-meeting-du-pastef-au-senegal-une-maree-humaine-a-lesplanade-du-stade-leopold-sedar-senghor\/#primaryimage"},"thumbnailUrl":"https:\/\/www.africascoop.net\/wp-content\/uploads\/2025\/11\/Pastef-1024x576.jpg","datePublished":"2025-11-08T17:14:55+00:00","dateModified":"2025-11-08T17:15:07+00:00","breadcrumb":{"@id":"https:\/\/www.africascoop.net\/index.php\/2025\/11\/08\/terra-meeting-du-pastef-au-senegal-une-maree-humaine-a-lesplanade-du-stade-leopold-sedar-senghor\/#breadcrumb"},"inLanguage":"fr-FR","potentialAction":[{"@type":"ReadAction","target":["https:\/\/www.africascoop.net\/index.php\/2025\/11\/08\/terra-meeting-du-pastef-au-senegal-une-maree-humaine-a-lesplanade-du-stade-leopold-sedar-senghor\/"]}]},{"@type":"ImageObject","inLanguage":"fr-FR","@id":"https:\/\/www.africascoop.net\/index.php\/2025\/11\/08\/terra-meeting-du-pastef-au-senegal-une-maree-humaine-a-lesplanade-du-stade-leopold-sedar-senghor\/#primaryimage","url":"https:\/\/www.africascoop.net\/wp-content\/uploads\/2025\/11\/Pastef.jpg","contentUrl":"https:\/\/www.africascoop.net\/wp-content\/uploads\/2025\/11\/Pastef.jpg","width":1366,"height":768},{"@type":"BreadcrumbList","@id":"https:\/\/www.africascoop.net\/index.php\/2025\/11\/08\/terra-meeting-du-pastef-au-senegal-une-maree-humaine-a-lesplanade-du-stade-leopold-sedar-senghor\/#breadcrumb","itemListElement":[{"@type":"ListItem","position":1,"name":"Accueil","item":"https:\/\/www.africascoop.net\/"},{"@type":"ListItem","position":2,"name":"Terra meeting du Pastef au S\u00e9n\u00e9gal : une mar\u00e9e humaine \u00e0 l\u2019esplanade du stade L\u00e9opold S\u00e9dar Senghor"}]},{"@type":"WebSite","@id":"https:\/\/www.africascoop.net\/#website","url":"https:\/\/www.africascoop.net\/","name":"Actualit\u00e9s Africaines","description":"","publisher":{"@id":"https:\/\/www.africascoop.net\/#organization"},"potentialAction":[{"@type":"SearchAction","target":{"@type":"EntryPoint","urlTemplate":"https:\/\/www.africascoop.net\/?s={search_term_string}"},"query-input":{"@type":"PropertyValueSpecification","valueRequired":true,"valueName":"search_term_string"}}],"inLanguage":"fr-FR"},{"@type":"Organization","@id":"https:\/\/www.africascoop.net\/#organization","name":"Actualit\u00e9s Africaines","url":"https:\/\/www.africascoop.net\/","logo":{"@type":"ImageObject","inLanguage":"fr-FR","@id":"https:\/\/www.africascoop.net\/#\/schema\/logo\/image\/","url":"https:\/\/www.africascoop.net\/wp-content\/uploads\/2025\/09\/cropped-logo-2.jpg","contentUrl":"https:\/\/www.africascoop.net\/wp-content\/uploads\/2025\/09\/cropped-logo-2.jpg","width":945,"height":591,"caption":"Actualit\u00e9s Africaines"},"image":{"@id":"https:\/\/www.africascoop.net\/#\/schema\/logo\/image\/"}},{"@type":"Person","@id":"https:\/\/www.africascoop.net\/#\/schema\/person\/2cbcc632c110d739d93a6b196c67230a","name":"Africascoop","image":{"@type":"ImageObject","inLanguage":"fr-FR","@id":"https:\/\/www.africascoop.net\/#\/schema\/person\/image\/","url":"https:\/\/secure.gravatar.com\/avatar\/230d851f5173f64fe9487b948bd2daf02707ef49aea942bc1bdad649c82025b9?s=96&d=mm&r=g","contentUrl":"https:\/\/secure.gravatar.com\/avatar\/230d851f5173f64fe9487b948bd2daf02707ef49aea942bc1bdad649c82025b9?s=96&d=mm&r=g","caption":"Africascoop"},"url":"https:\/\/www.africascoop.net\/index.php\/author\/jul\/"}]}},"_links":{"self":[{"href":"https:\/\/www.africascoop.net\/index.php\/wp-json\/wp\/v2\/posts\/671","targetHints":{"allow":["GET"]}}],"collection":[{"href":"https:\/\/www.africascoop.net\/index.php\/wp-json\/wp\/v2\/posts"}],"about":[{"href":"https:\/\/www.africascoop.net\/index.php\/wp-json\/wp\/v2\/types\/post"}],"author":[{"embeddable":true,"href":"https:\/\/www.africascoop.net\/index.php\/wp-json\/wp\/v2\/users\/3"}],"replies":[{"embeddable":true,"href":"https:\/\/www.africascoop.net\/index.php\/wp-json\/wp\/v2\/comments?post=671"}],"version-history":[{"count":1,"href":"https:\/\/www.africascoop.net\/index.php\/wp-json\/wp\/v2\/posts\/671\/revisions"}],"predecessor-version":[{"id":673,"href":"https:\/\/www.africascoop.net\/index.php\/wp-json\/wp\/v2\/posts\/671\/revisions\/673"}],"wp:attachment":[{"href":"https:\/\/www.africascoop.net\/index.php\/wp-json\/wp\/v2\/media?parent=671"}],"wp:term":[{"taxonomy":"category","embeddable":true,"href":"https:\/\/www.africascoop.net\/index.php\/wp-json\/wp\/v2\/categories?post=671"},{"taxonomy":"post_tag","embeddable":true,"href":"https:\/\/www.africascoop.net\/index.php\/wp-json\/wp\/v2\/tags?post=671"}],"curies":[{"name":"wp","href":"https:\/\/api.w.org\/{rel}","templated":true}]}}