{"id":679,"date":"2025-11-08T20:10:42","date_gmt":"2025-11-08T20:10:42","guid":{"rendered":"https:\/\/www.africascoop.net\/?p=679"},"modified":"2025-11-08T20:11:13","modified_gmt":"2025-11-08T20:11:13","slug":"mali-hommage-solidaire-la-fondation-amadou-toumani-toure-perpetue-lheritage-humanitaire-de-lancien-president","status":"publish","type":"post","link":"https:\/\/www.africascoop.net\/index.php\/2025\/11\/08\/mali-hommage-solidaire-la-fondation-amadou-toumani-toure-perpetue-lheritage-humanitaire-de-lancien-president\/","title":{"rendered":"Mali\/Hommage solidaire : la Fondation Amadou Toumani Tour\u00e9 perp\u00e9tue l\u2019h\u00e9ritage humanitaire de l\u2019ancien pr\u00e9sident"},"content":{"rendered":"\n<figure class=\"wp-block-image size-large\"><img loading=\"lazy\" decoding=\"async\" width=\"1024\" height=\"576\" src=\"https:\/\/www.africascoop.net\/wp-content\/uploads\/2025\/11\/att-1024x576.jpg\" alt=\"\" class=\"wp-image-680\" srcset=\"https:\/\/www.africascoop.net\/wp-content\/uploads\/2025\/11\/att-1024x576.jpg 1024w, https:\/\/www.africascoop.net\/wp-content\/uploads\/2025\/11\/att-300x169.jpg 300w, https:\/\/www.africascoop.net\/wp-content\/uploads\/2025\/11\/att-768x432.jpg 768w, https:\/\/www.africascoop.net\/wp-content\/uploads\/2025\/11\/att.jpg 1366w\" sizes=\"auto, (max-width: 1024px) 100vw, 1024px\" \/><\/figure>\n\n\n\n<p><strong><em>\u00c0 l\u2019occasion du cinqui\u00e8me anniversaire du d\u00e9c\u00e8s d\u2019Amadou Toumani Tour\u00e9, la Fondation ATT pour l\u2019Enfance a organis\u00e9 une vaste op\u00e9ration de solidarit\u00e9 en faveur des populations vuln\u00e9rables, t\u00e9moignant de la continuit\u00e9 de l\u2019engagement humaniste de l\u2019ancien chef de l\u2019\u00c9tat.<\/em><\/strong><\/p>\n\n\n\n<p>Au total, pr\u00e8s de 60 millions de FCFA de dons ont \u00e9t\u00e9 distribu\u00e9s, dont 24 tonnes de riz, 25 tonnes de mil pil\u00e9, 325 bidons d\u2019huile, 1 000 nattes, 200 pagnes et 20 machines \u00e0 coudre au profit des personnes d\u00e9plac\u00e9es internes de Bamako et de ses environs. D\u2019autres b\u00e9n\u00e9ficiaires, comme l\u2019Association des ressortissants pour le d\u00e9veloppement du cercle de Tombouctou (ARDCT) et Mme Fanta Simpara, ont \u00e9galement re\u00e7u des \u00e9quipements pour renforcer leurs activit\u00e9s g\u00e9n\u00e9ratrices de revenus.<\/p>\n\n\n\n<p>Sur le plan m\u00e9dical, la Fondation a financ\u00e9 cinq chirurgies cardiaques p\u00e9diatriques, une journ\u00e9e de 500 consultations gratuites, ainsi que 50 op\u00e9rations de la cataracte en partenariat avec une \u00e9quipe m\u00e9dicale \u00e9gyptienne.<\/p>\n\n\n\n<p>Par ces actions, la Fondation Amadou Toumani Tour\u00e9 a rappel\u00e9 la port\u00e9e humanitaire et sociale de l\u2019h\u00e9ritage d\u2019ATT, symbole d\u2019un engagement constant pour le bien-\u00eatre des enfants et des populations les plus fragiles du Mali.<\/p>\n\n\n\n<p>Par Abdrahamane&nbsp;Baba&nbsp;Kouyat\u00e9<\/p>\n","protected":false},"excerpt":{"rendered":"<p>\u00c0 l\u2019occasion du cinqui\u00e8me anniversaire du d\u00e9c\u00e8s d\u2019Amadou Toumani Tour\u00e9, la Fondation ATT pour l\u2019Enfance a organis\u00e9 une<\/p>\n","protected":false},"author":3,"featured_media":0,"comment_status":"open","ping_status":"open","sticky":false,"template":"","format":"standard","meta":{"footnotes":""},"categories":[35],"tags":[],"class_list":["post-679","post","type-post","status-publish","format-standard","hentry","category-societe"],"yoast_head":"<!-- This site is optimized with the Yoast SEO plugin v26.0 - https:\/\/yoast.com\/wordpress\/plugins\/seo\/ -->\n<title>Mali\/Hommage solidaire : la Fondation Amadou Toumani Tour\u00e9 perp\u00e9tue l\u2019h\u00e9ritage humanitaire de l\u2019ancien pr\u00e9sident - Actualit\u00e9s Africaines<\/title>\n<meta name=\"robots\" content=\"index, follow, max-snippet:-1, max-image-preview:large, max-video-preview:-1\" \/>\n<link rel=\"canonical\" href=\"https:\/\/www.africascoop.net\/index.php\/2025\/11\/08\/mali-hommage-solidaire-la-fondation-amadou-toumani-toure-perpetue-lheritage-humanitaire-de-lancien-president\/\" \/>\n<meta property=\"og:locale\" content=\"fr_FR\" \/>\n<meta property=\"og:type\" content=\"article\" \/>\n<meta property=\"og:title\" content=\"Mali\/Hommage solidaire : la Fondation Amadou Toumani Tour\u00e9 perp\u00e9tue l\u2019h\u00e9ritage humanitaire de l\u2019ancien pr\u00e9sident - Actualit\u00e9s Africaines\" \/>\n<meta property=\"og:description\" content=\"\u00c0 l\u2019occasion du cinqui\u00e8me anniversaire du d\u00e9c\u00e8s d\u2019Amadou Toumani Tour\u00e9, la Fondation ATT pour l\u2019Enfance a organis\u00e9 une\" \/>\n<meta property=\"og:url\" content=\"https:\/\/www.africascoop.net\/index.php\/2025\/11\/08\/mali-hommage-solidaire-la-fondation-amadou-toumani-toure-perpetue-lheritage-humanitaire-de-lancien-president\/\" \/>\n<meta property=\"og:site_name\" content=\"Actualit\u00e9s Africaines\" \/>\n<meta property=\"article:published_time\" content=\"2025-11-08T20:10:42+00:00\" \/>\n<meta property=\"article:modified_time\" content=\"2025-11-08T20:11:13+00:00\" \/>\n<meta property=\"og:image\" content=\"https:\/\/www.africascoop.net\/wp-content\/uploads\/2025\/11\/att-1024x576.jpg\" \/>\n<meta name=\"author\" content=\"Africascoop\" \/>\n<meta name=\"twitter:card\" content=\"summary_large_image\" \/>\n<meta name=\"twitter:label1\" content=\"\u00c9crit par\" \/>\n\t<meta name=\"twitter:data1\" content=\"Africascoop\" \/>\n\t<meta name=\"twitter:label2\" content=\"Dur\u00e9e de lecture estim\u00e9e\" \/>\n\t<meta name=\"twitter:data2\" content=\"2 minutes\" \/>\n<script type=\"application\/ld+json\" class=\"yoast-schema-graph\">{\"@context\":\"https:\/\/schema.org\",\"@graph\":[{\"@type\":\"Article\",\"@id\":\"https:\/\/www.africascoop.net\/index.php\/2025\/11\/08\/mali-hommage-solidaire-la-fondation-amadou-toumani-toure-perpetue-lheritage-humanitaire-de-lancien-president\/#article\",\"isPartOf\":{\"@id\":\"https:\/\/www.africascoop.net\/index.php\/2025\/11\/08\/mali-hommage-solidaire-la-fondation-amadou-toumani-toure-perpetue-lheritage-humanitaire-de-lancien-president\/\"},\"author\":{\"name\":\"Africascoop\",\"@id\":\"https:\/\/www.africascoop.net\/#\/schema\/person\/2cbcc632c110d739d93a6b196c67230a\"},\"headline\":\"Mali\/Hommage solidaire : la Fondation Amadou Toumani Tour\u00e9 perp\u00e9tue l\u2019h\u00e9ritage humanitaire de l\u2019ancien pr\u00e9sident\",\"datePublished\":\"2025-11-08T20:10:42+00:00\",\"dateModified\":\"2025-11-08T20:11:13+00:00\",\"mainEntityOfPage\":{\"@id\":\"https:\/\/www.africascoop.net\/index.php\/2025\/11\/08\/mali-hommage-solidaire-la-fondation-amadou-toumani-toure-perpetue-lheritage-humanitaire-de-lancien-president\/\"},\"wordCount\":234,\"commentCount\":0,\"publisher\":{\"@id\":\"https:\/\/www.africascoop.net\/#organization\"},\"image\":{\"@id\":\"https:\/\/www.africascoop.net\/index.php\/2025\/11\/08\/mali-hommage-solidaire-la-fondation-amadou-toumani-toure-perpetue-lheritage-humanitaire-de-lancien-president\/#primaryimage\"},\"thumbnailUrl\":\"https:\/\/www.africascoop.net\/wp-content\/uploads\/2025\/11\/att-1024x576.jpg\",\"articleSection\":[\"Soci\u00e9t\u00e9\"],\"inLanguage\":\"fr-FR\",\"potentialAction\":[{\"@type\":\"CommentAction\",\"name\":\"Comment\",\"target\":[\"https:\/\/www.africascoop.net\/index.php\/2025\/11\/08\/mali-hommage-solidaire-la-fondation-amadou-toumani-toure-perpetue-lheritage-humanitaire-de-lancien-president\/#respond\"]}]},{\"@type\":\"WebPage\",\"@id\":\"https:\/\/www.africascoop.net\/index.php\/2025\/11\/08\/mali-hommage-solidaire-la-fondation-amadou-toumani-toure-perpetue-lheritage-humanitaire-de-lancien-president\/\",\"url\":\"https:\/\/www.africascoop.net\/index.php\/2025\/11\/08\/mali-hommage-solidaire-la-fondation-amadou-toumani-toure-perpetue-lheritage-humanitaire-de-lancien-president\/\",\"name\":\"Mali\/Hommage solidaire : la Fondation Amadou Toumani Tour\u00e9 perp\u00e9tue l\u2019h\u00e9ritage humanitaire de l\u2019ancien pr\u00e9sident - Actualit\u00e9s Africaines\",\"isPartOf\":{\"@id\":\"https:\/\/www.africascoop.net\/#website\"},\"primaryImageOfPage\":{\"@id\":\"https:\/\/www.africascoop.net\/index.php\/2025\/11\/08\/mali-hommage-solidaire-la-fondation-amadou-toumani-toure-perpetue-lheritage-humanitaire-de-lancien-president\/#primaryimage\"},\"image\":{\"@id\":\"https:\/\/www.africascoop.net\/index.php\/2025\/11\/08\/mali-hommage-solidaire-la-fondation-amadou-toumani-toure-perpetue-lheritage-humanitaire-de-lancien-president\/#primaryimage\"},\"thumbnailUrl\":\"https:\/\/www.africascoop.net\/wp-content\/uploads\/2025\/11\/att-1024x576.jpg\",\"datePublished\":\"2025-11-08T20:10:42+00:00\",\"dateModified\":\"2025-11-08T20:11:13+00:00\",\"breadcrumb\":{\"@id\":\"https:\/\/www.africascoop.net\/index.php\/2025\/11\/08\/mali-hommage-solidaire-la-fondation-amadou-toumani-toure-perpetue-lheritage-humanitaire-de-lancien-president\/#breadcrumb\"},\"inLanguage\":\"fr-FR\",\"potentialAction\":[{\"@type\":\"ReadAction\",\"target\":[\"https:\/\/www.africascoop.net\/index.php\/2025\/11\/08\/mali-hommage-solidaire-la-fondation-amadou-toumani-toure-perpetue-lheritage-humanitaire-de-lancien-president\/\"]}]},{\"@type\":\"ImageObject\",\"inLanguage\":\"fr-FR\",\"@id\":\"https:\/\/www.africascoop.net\/index.php\/2025\/11\/08\/mali-hommage-solidaire-la-fondation-amadou-toumani-toure-perpetue-lheritage-humanitaire-de-lancien-president\/#primaryimage\",\"url\":\"https:\/\/www.africascoop.net\/wp-content\/uploads\/2025\/11\/att.jpg\",\"contentUrl\":\"https:\/\/www.africascoop.net\/wp-content\/uploads\/2025\/11\/att.jpg\",\"width\":1366,\"height\":768},{\"@type\":\"BreadcrumbList\",\"@id\":\"https:\/\/www.africascoop.net\/index.php\/2025\/11\/08\/mali-hommage-solidaire-la-fondation-amadou-toumani-toure-perpetue-lheritage-humanitaire-de-lancien-president\/#breadcrumb\",\"itemListElement\":[{\"@type\":\"ListItem\",\"position\":1,\"name\":\"Accueil\",\"item\":\"https:\/\/www.africascoop.net\/\"},{\"@type\":\"ListItem\",\"position\":2,\"name\":\"Mali\/Hommage solidaire : la Fondation Amadou Toumani Tour\u00e9 perp\u00e9tue l\u2019h\u00e9ritage humanitaire de l\u2019ancien pr\u00e9sident\"}]},{\"@type\":\"WebSite\",\"@id\":\"https:\/\/www.africascoop.net\/#website\",\"url\":\"https:\/\/www.africascoop.net\/\",\"name\":\"Actualit\u00e9s Africaines\",\"description\":\"\",\"publisher\":{\"@id\":\"https:\/\/www.africascoop.net\/#organization\"},\"potentialAction\":[{\"@type\":\"SearchAction\",\"target\":{\"@type\":\"EntryPoint\",\"urlTemplate\":\"https:\/\/www.africascoop.net\/?s={search_term_string}\"},\"query-input\":{\"@type\":\"PropertyValueSpecification\",\"valueRequired\":true,\"valueName\":\"search_term_string\"}}],\"inLanguage\":\"fr-FR\"},{\"@type\":\"Organization\",\"@id\":\"https:\/\/www.africascoop.net\/#organization\",\"name\":\"Actualit\u00e9s Africaines\",\"url\":\"https:\/\/www.africascoop.net\/\",\"logo\":{\"@type\":\"ImageObject\",\"inLanguage\":\"fr-FR\",\"@id\":\"https:\/\/www.africascoop.net\/#\/schema\/logo\/image\/\",\"url\":\"https:\/\/www.africascoop.net\/wp-content\/uploads\/2025\/09\/cropped-logo-2.jpg\",\"contentUrl\":\"https:\/\/www.africascoop.net\/wp-content\/uploads\/2025\/09\/cropped-logo-2.jpg\",\"width\":945,\"height\":591,\"caption\":\"Actualit\u00e9s Africaines\"},\"image\":{\"@id\":\"https:\/\/www.africascoop.net\/#\/schema\/logo\/image\/\"}},{\"@type\":\"Person\",\"@id\":\"https:\/\/www.africascoop.net\/#\/schema\/person\/2cbcc632c110d739d93a6b196c67230a\",\"name\":\"Africascoop\",\"image\":{\"@type\":\"ImageObject\",\"inLanguage\":\"fr-FR\",\"@id\":\"https:\/\/www.africascoop.net\/#\/schema\/person\/image\/\",\"url\":\"https:\/\/secure.gravatar.com\/avatar\/230d851f5173f64fe9487b948bd2daf02707ef49aea942bc1bdad649c82025b9?s=96&d=mm&r=g\",\"contentUrl\":\"https:\/\/secure.gravatar.com\/avatar\/230d851f5173f64fe9487b948bd2daf02707ef49aea942bc1bdad649c82025b9?s=96&d=mm&r=g\",\"caption\":\"Africascoop\"},\"url\":\"https:\/\/www.africascoop.net\/index.php\/author\/jul\/\"}]}<\/script>\n<!-- \/ Yoast SEO plugin. -->","yoast_head_json":{"title":"Mali\/Hommage solidaire : la Fondation Amadou Toumani Tour\u00e9 perp\u00e9tue l\u2019h\u00e9ritage humanitaire de l\u2019ancien pr\u00e9sident - Actualit\u00e9s Africaines","robots":{"index":"index","follow":"follow","max-snippet":"max-snippet:-1","max-image-preview":"max-image-preview:large","max-video-preview":"max-video-preview:-1"},"canonical":"https:\/\/www.africascoop.net\/index.php\/2025\/11\/08\/mali-hommage-solidaire-la-fondation-amadou-toumani-toure-perpetue-lheritage-humanitaire-de-lancien-president\/","og_locale":"fr_FR","og_type":"article","og_title":"Mali\/Hommage solidaire : la Fondation Amadou Toumani Tour\u00e9 perp\u00e9tue l\u2019h\u00e9ritage humanitaire de l\u2019ancien pr\u00e9sident - Actualit\u00e9s Africaines","og_description":"\u00c0 l\u2019occasion du cinqui\u00e8me anniversaire du d\u00e9c\u00e8s d\u2019Amadou Toumani Tour\u00e9, la Fondation ATT pour l\u2019Enfance a organis\u00e9 une","og_url":"https:\/\/www.africascoop.net\/index.php\/2025\/11\/08\/mali-hommage-solidaire-la-fondation-amadou-toumani-toure-perpetue-lheritage-humanitaire-de-lancien-president\/","og_site_name":"Actualit\u00e9s Africaines","article_published_time":"2025-11-08T20:10:42+00:00","article_modified_time":"2025-11-08T20:11:13+00:00","og_image":[{"url":"https:\/\/www.africascoop.net\/wp-content\/uploads\/2025\/11\/att-1024x576.jpg","type":"","width":"","height":""}],"author":"Africascoop","twitter_card":"summary_large_image","twitter_misc":{"\u00c9crit par":"Africascoop","Dur\u00e9e de lecture estim\u00e9e":"2 minutes"},"schema":{"@context":"https:\/\/schema.org","@graph":[{"@type":"Article","@id":"https:\/\/www.africascoop.net\/index.php\/2025\/11\/08\/mali-hommage-solidaire-la-fondation-amadou-toumani-toure-perpetue-lheritage-humanitaire-de-lancien-president\/#article","isPartOf":{"@id":"https:\/\/www.africascoop.net\/index.php\/2025\/11\/08\/mali-hommage-solidaire-la-fondation-amadou-toumani-toure-perpetue-lheritage-humanitaire-de-lancien-president\/"},"author":{"name":"Africascoop","@id":"https:\/\/www.africascoop.net\/#\/schema\/person\/2cbcc632c110d739d93a6b196c67230a"},"headline":"Mali\/Hommage solidaire : la Fondation Amadou Toumani Tour\u00e9 perp\u00e9tue l\u2019h\u00e9ritage humanitaire de l\u2019ancien pr\u00e9sident","datePublished":"2025-11-08T20:10:42+00:00","dateModified":"2025-11-08T20:11:13+00:00","mainEntityOfPage":{"@id":"https:\/\/www.africascoop.net\/index.php\/2025\/11\/08\/mali-hommage-solidaire-la-fondation-amadou-toumani-toure-perpetue-lheritage-humanitaire-de-lancien-president\/"},"wordCount":234,"commentCount":0,"publisher":{"@id":"https:\/\/www.africascoop.net\/#organization"},"image":{"@id":"https:\/\/www.africascoop.net\/index.php\/2025\/11\/08\/mali-hommage-solidaire-la-fondation-amadou-toumani-toure-perpetue-lheritage-humanitaire-de-lancien-president\/#primaryimage"},"thumbnailUrl":"https:\/\/www.africascoop.net\/wp-content\/uploads\/2025\/11\/att-1024x576.jpg","articleSection":["Soci\u00e9t\u00e9"],"inLanguage":"fr-FR","potentialAction":[{"@type":"CommentAction","name":"Comment","target":["https:\/\/www.africascoop.net\/index.php\/2025\/11\/08\/mali-hommage-solidaire-la-fondation-amadou-toumani-toure-perpetue-lheritage-humanitaire-de-lancien-president\/#respond"]}]},{"@type":"WebPage","@id":"https:\/\/www.africascoop.net\/index.php\/2025\/11\/08\/mali-hommage-solidaire-la-fondation-amadou-toumani-toure-perpetue-lheritage-humanitaire-de-lancien-president\/","url":"https:\/\/www.africascoop.net\/index.php\/2025\/11\/08\/mali-hommage-solidaire-la-fondation-amadou-toumani-toure-perpetue-lheritage-humanitaire-de-lancien-president\/","name":"Mali\/Hommage solidaire : la Fondation Amadou Toumani Tour\u00e9 perp\u00e9tue l\u2019h\u00e9ritage humanitaire de l\u2019ancien pr\u00e9sident - Actualit\u00e9s Africaines","isPartOf":{"@id":"https:\/\/www.africascoop.net\/#website"},"primaryImageOfPage":{"@id":"https:\/\/www.africascoop.net\/index.php\/2025\/11\/08\/mali-hommage-solidaire-la-fondation-amadou-toumani-toure-perpetue-lheritage-humanitaire-de-lancien-president\/#primaryimage"},"image":{"@id":"https:\/\/www.africascoop.net\/index.php\/2025\/11\/08\/mali-hommage-solidaire-la-fondation-amadou-toumani-toure-perpetue-lheritage-humanitaire-de-lancien-president\/#primaryimage"},"thumbnailUrl":"https:\/\/www.africascoop.net\/wp-content\/uploads\/2025\/11\/att-1024x576.jpg","datePublished":"2025-11-08T20:10:42+00:00","dateModified":"2025-11-08T20:11:13+00:00","breadcrumb":{"@id":"https:\/\/www.africascoop.net\/index.php\/2025\/11\/08\/mali-hommage-solidaire-la-fondation-amadou-toumani-toure-perpetue-lheritage-humanitaire-de-lancien-president\/#breadcrumb"},"inLanguage":"fr-FR","potentialAction":[{"@type":"ReadAction","target":["https:\/\/www.africascoop.net\/index.php\/2025\/11\/08\/mali-hommage-solidaire-la-fondation-amadou-toumani-toure-perpetue-lheritage-humanitaire-de-lancien-president\/"]}]},{"@type":"ImageObject","inLanguage":"fr-FR","@id":"https:\/\/www.africascoop.net\/index.php\/2025\/11\/08\/mali-hommage-solidaire-la-fondation-amadou-toumani-toure-perpetue-lheritage-humanitaire-de-lancien-president\/#primaryimage","url":"https:\/\/www.africascoop.net\/wp-content\/uploads\/2025\/11\/att.jpg","contentUrl":"https:\/\/www.africascoop.net\/wp-content\/uploads\/2025\/11\/att.jpg","width":1366,"height":768},{"@type":"BreadcrumbList","@id":"https:\/\/www.africascoop.net\/index.php\/2025\/11\/08\/mali-hommage-solidaire-la-fondation-amadou-toumani-toure-perpetue-lheritage-humanitaire-de-lancien-president\/#breadcrumb","itemListElement":[{"@type":"ListItem","position":1,"name":"Accueil","item":"https:\/\/www.africascoop.net\/"},{"@type":"ListItem","position":2,"name":"Mali\/Hommage solidaire : la Fondation Amadou Toumani Tour\u00e9 perp\u00e9tue l\u2019h\u00e9ritage humanitaire de l\u2019ancien pr\u00e9sident"}]},{"@type":"WebSite","@id":"https:\/\/www.africascoop.net\/#website","url":"https:\/\/www.africascoop.net\/","name":"Actualit\u00e9s Africaines","description":"","publisher":{"@id":"https:\/\/www.africascoop.net\/#organization"},"potentialAction":[{"@type":"SearchAction","target":{"@type":"EntryPoint","urlTemplate":"https:\/\/www.africascoop.net\/?s={search_term_string}"},"query-input":{"@type":"PropertyValueSpecification","valueRequired":true,"valueName":"search_term_string"}}],"inLanguage":"fr-FR"},{"@type":"Organization","@id":"https:\/\/www.africascoop.net\/#organization","name":"Actualit\u00e9s Africaines","url":"https:\/\/www.africascoop.net\/","logo":{"@type":"ImageObject","inLanguage":"fr-FR","@id":"https:\/\/www.africascoop.net\/#\/schema\/logo\/image\/","url":"https:\/\/www.africascoop.net\/wp-content\/uploads\/2025\/09\/cropped-logo-2.jpg","contentUrl":"https:\/\/www.africascoop.net\/wp-content\/uploads\/2025\/09\/cropped-logo-2.jpg","width":945,"height":591,"caption":"Actualit\u00e9s Africaines"},"image":{"@id":"https:\/\/www.africascoop.net\/#\/schema\/logo\/image\/"}},{"@type":"Person","@id":"https:\/\/www.africascoop.net\/#\/schema\/person\/2cbcc632c110d739d93a6b196c67230a","name":"Africascoop","image":{"@type":"ImageObject","inLanguage":"fr-FR","@id":"https:\/\/www.africascoop.net\/#\/schema\/person\/image\/","url":"https:\/\/secure.gravatar.com\/avatar\/230d851f5173f64fe9487b948bd2daf02707ef49aea942bc1bdad649c82025b9?s=96&d=mm&r=g","contentUrl":"https:\/\/secure.gravatar.com\/avatar\/230d851f5173f64fe9487b948bd2daf02707ef49aea942bc1bdad649c82025b9?s=96&d=mm&r=g","caption":"Africascoop"},"url":"https:\/\/www.africascoop.net\/index.php\/author\/jul\/"}]}},"_links":{"self":[{"href":"https:\/\/www.africascoop.net\/index.php\/wp-json\/wp\/v2\/posts\/679","targetHints":{"allow":["GET"]}}],"collection":[{"href":"https:\/\/www.africascoop.net\/index.php\/wp-json\/wp\/v2\/posts"}],"about":[{"href":"https:\/\/www.africascoop.net\/index.php\/wp-json\/wp\/v2\/types\/post"}],"author":[{"embeddable":true,"href":"https:\/\/www.africascoop.net\/index.php\/wp-json\/wp\/v2\/users\/3"}],"replies":[{"embeddable":true,"href":"https:\/\/www.africascoop.net\/index.php\/wp-json\/wp\/v2\/comments?post=679"}],"version-history":[{"count":1,"href":"https:\/\/www.africascoop.net\/index.php\/wp-json\/wp\/v2\/posts\/679\/revisions"}],"predecessor-version":[{"id":681,"href":"https:\/\/www.africascoop.net\/index.php\/wp-json\/wp\/v2\/posts\/679\/revisions\/681"}],"wp:attachment":[{"href":"https:\/\/www.africascoop.net\/index.php\/wp-json\/wp\/v2\/media?parent=679"}],"wp:term":[{"taxonomy":"category","embeddable":true,"href":"https:\/\/www.africascoop.net\/index.php\/wp-json\/wp\/v2\/categories?post=679"},{"taxonomy":"post_tag","embeddable":true,"href":"https:\/\/www.africascoop.net\/index.php\/wp-json\/wp\/v2\/tags?post=679"}],"curies":[{"name":"wp","href":"https:\/\/api.w.org\/{rel}","templated":true}]}}