{"id":688,"date":"2025-11-10T13:27:14","date_gmt":"2025-11-10T13:27:14","guid":{"rendered":"https:\/\/www.africascoop.net\/?p=688"},"modified":"2025-11-10T13:28:12","modified_gmt":"2025-11-10T13:28:12","slug":"france-nicolas-sarkozy-retrouve-la-liberte-apres-vingt-jours-de-detention","status":"publish","type":"post","link":"https:\/\/www.africascoop.net\/index.php\/2025\/11\/10\/france-nicolas-sarkozy-retrouve-la-liberte-apres-vingt-jours-de-detention\/","title":{"rendered":"France : Nicolas Sarkozy retrouve la libert\u00e9 apr\u00e8s vingt jours de d\u00e9tention"},"content":{"rendered":"\n<figure class=\"wp-block-image size-large\"><img loading=\"lazy\" decoding=\"async\" width=\"1024\" height=\"576\" src=\"https:\/\/www.africascoop.net\/wp-content\/uploads\/2025\/11\/sarkozy-1024x576.jpg\" alt=\"\" class=\"wp-image-689\" srcset=\"https:\/\/www.africascoop.net\/wp-content\/uploads\/2025\/11\/sarkozy-1024x576.jpg 1024w, https:\/\/www.africascoop.net\/wp-content\/uploads\/2025\/11\/sarkozy-300x169.jpg 300w, https:\/\/www.africascoop.net\/wp-content\/uploads\/2025\/11\/sarkozy-768x432.jpg 768w, https:\/\/www.africascoop.net\/wp-content\/uploads\/2025\/11\/sarkozy.jpg 1366w\" sizes=\"auto, (max-width: 1024px) 100vw, 1024px\" \/><\/figure>\n\n\n\n<p>La cour d\u2019appel de Paris a ordonn\u00e9, ce lundi 10 novembre, la mise en libert\u00e9 de l\u2019ancien pr\u00e9sident fran\u00e7ais Nicolas Sarkozy, incarc\u00e9r\u00e9 depuis le 21 octobre \u00e0 la prison de la Sant\u00e9 dans le cadre de l\u2019affaire du financement libyen de sa campagne de 2007.<\/p>\n\n\n\n<p>Cette lib\u00e9ration, assortie d\u2019un strict contr\u00f4le judiciaire, interdit \u00e0 M. Sarkozy tout contact avec certaines personnalit\u00e9s politiques et toute sortie du territoire national. Lors de l\u2019audience, l\u2019ex-chef d\u2019\u00c9tat a qualifi\u00e9 son passage en prison d\u2019\u00ab \u00e9reintant \u00bb, tout en saluant le professionnalisme du personnel p\u00e9nitentiaire. Cette d\u00e9cision ouvre la voie \u00e0 son proc\u00e8s en appel pr\u00e9vu pour 2026, qui s\u2019annonce comme un nouvel \u00e9pisode majeur de cette affaire politico-financi\u00e8re hors&nbsp;norme.<\/p>\n\n\n\n<p>Par&nbsp;ABK<\/p>\n","protected":false},"excerpt":{"rendered":"<p>La cour d\u2019appel de Paris a ordonn\u00e9, ce lundi 10 novembre, la mise en libert\u00e9 de l\u2019ancien pr\u00e9sident<\/p>\n","protected":false},"author":3,"featured_media":0,"comment_status":"open","ping_status":"open","sticky":false,"template":"","format":"standard","meta":{"footnotes":""},"categories":[36,42],"tags":[],"class_list":["post-688","post","type-post","status-publish","format-standard","hentry","category-exclusif","category-justice"],"yoast_head":"<!-- This site is optimized with the Yoast SEO plugin v26.0 - https:\/\/yoast.com\/wordpress\/plugins\/seo\/ -->\n<title>France : Nicolas Sarkozy retrouve la libert\u00e9 apr\u00e8s vingt jours de d\u00e9tention - Actualit\u00e9s Africaines<\/title>\n<meta name=\"robots\" content=\"index, follow, max-snippet:-1, max-image-preview:large, max-video-preview:-1\" \/>\n<link rel=\"canonical\" href=\"https:\/\/www.africascoop.net\/index.php\/2025\/11\/10\/france-nicolas-sarkozy-retrouve-la-liberte-apres-vingt-jours-de-detention\/\" \/>\n<meta property=\"og:locale\" content=\"fr_FR\" \/>\n<meta property=\"og:type\" content=\"article\" \/>\n<meta property=\"og:title\" content=\"France : Nicolas Sarkozy retrouve la libert\u00e9 apr\u00e8s vingt jours de d\u00e9tention - Actualit\u00e9s Africaines\" \/>\n<meta property=\"og:description\" content=\"La cour d\u2019appel de Paris a ordonn\u00e9, ce lundi 10 novembre, la mise en libert\u00e9 de l\u2019ancien pr\u00e9sident\" \/>\n<meta property=\"og:url\" content=\"https:\/\/www.africascoop.net\/index.php\/2025\/11\/10\/france-nicolas-sarkozy-retrouve-la-liberte-apres-vingt-jours-de-detention\/\" \/>\n<meta property=\"og:site_name\" content=\"Actualit\u00e9s Africaines\" \/>\n<meta property=\"article:published_time\" content=\"2025-11-10T13:27:14+00:00\" \/>\n<meta property=\"article:modified_time\" content=\"2025-11-10T13:28:12+00:00\" \/>\n<meta property=\"og:image\" content=\"https:\/\/www.africascoop.net\/wp-content\/uploads\/2025\/11\/sarkozy-1024x576.jpg\" \/>\n<meta name=\"author\" content=\"Africascoop\" \/>\n<meta name=\"twitter:card\" content=\"summary_large_image\" \/>\n<meta name=\"twitter:label1\" content=\"\u00c9crit par\" \/>\n\t<meta name=\"twitter:data1\" content=\"Africascoop\" \/>\n\t<meta name=\"twitter:label2\" content=\"Dur\u00e9e de lecture estim\u00e9e\" \/>\n\t<meta name=\"twitter:data2\" content=\"1 minute\" \/>\n<script type=\"application\/ld+json\" class=\"yoast-schema-graph\">{\"@context\":\"https:\/\/schema.org\",\"@graph\":[{\"@type\":\"Article\",\"@id\":\"https:\/\/www.africascoop.net\/index.php\/2025\/11\/10\/france-nicolas-sarkozy-retrouve-la-liberte-apres-vingt-jours-de-detention\/#article\",\"isPartOf\":{\"@id\":\"https:\/\/www.africascoop.net\/index.php\/2025\/11\/10\/france-nicolas-sarkozy-retrouve-la-liberte-apres-vingt-jours-de-detention\/\"},\"author\":{\"name\":\"Africascoop\",\"@id\":\"https:\/\/www.africascoop.net\/#\/schema\/person\/2cbcc632c110d739d93a6b196c67230a\"},\"headline\":\"France : Nicolas Sarkozy retrouve la libert\u00e9 apr\u00e8s vingt jours de d\u00e9tention\",\"datePublished\":\"2025-11-10T13:27:14+00:00\",\"dateModified\":\"2025-11-10T13:28:12+00:00\",\"mainEntityOfPage\":{\"@id\":\"https:\/\/www.africascoop.net\/index.php\/2025\/11\/10\/france-nicolas-sarkozy-retrouve-la-liberte-apres-vingt-jours-de-detention\/\"},\"wordCount\":144,\"commentCount\":0,\"publisher\":{\"@id\":\"https:\/\/www.africascoop.net\/#organization\"},\"image\":{\"@id\":\"https:\/\/www.africascoop.net\/index.php\/2025\/11\/10\/france-nicolas-sarkozy-retrouve-la-liberte-apres-vingt-jours-de-detention\/#primaryimage\"},\"thumbnailUrl\":\"https:\/\/www.africascoop.net\/wp-content\/uploads\/2025\/11\/sarkozy-1024x576.jpg\",\"articleSection\":[\"Exclusif\",\"Justice\"],\"inLanguage\":\"fr-FR\",\"potentialAction\":[{\"@type\":\"CommentAction\",\"name\":\"Comment\",\"target\":[\"https:\/\/www.africascoop.net\/index.php\/2025\/11\/10\/france-nicolas-sarkozy-retrouve-la-liberte-apres-vingt-jours-de-detention\/#respond\"]}]},{\"@type\":\"WebPage\",\"@id\":\"https:\/\/www.africascoop.net\/index.php\/2025\/11\/10\/france-nicolas-sarkozy-retrouve-la-liberte-apres-vingt-jours-de-detention\/\",\"url\":\"https:\/\/www.africascoop.net\/index.php\/2025\/11\/10\/france-nicolas-sarkozy-retrouve-la-liberte-apres-vingt-jours-de-detention\/\",\"name\":\"France : Nicolas Sarkozy retrouve la libert\u00e9 apr\u00e8s vingt jours de d\u00e9tention - Actualit\u00e9s Africaines\",\"isPartOf\":{\"@id\":\"https:\/\/www.africascoop.net\/#website\"},\"primaryImageOfPage\":{\"@id\":\"https:\/\/www.africascoop.net\/index.php\/2025\/11\/10\/france-nicolas-sarkozy-retrouve-la-liberte-apres-vingt-jours-de-detention\/#primaryimage\"},\"image\":{\"@id\":\"https:\/\/www.africascoop.net\/index.php\/2025\/11\/10\/france-nicolas-sarkozy-retrouve-la-liberte-apres-vingt-jours-de-detention\/#primaryimage\"},\"thumbnailUrl\":\"https:\/\/www.africascoop.net\/wp-content\/uploads\/2025\/11\/sarkozy-1024x576.jpg\",\"datePublished\":\"2025-11-10T13:27:14+00:00\",\"dateModified\":\"2025-11-10T13:28:12+00:00\",\"breadcrumb\":{\"@id\":\"https:\/\/www.africascoop.net\/index.php\/2025\/11\/10\/france-nicolas-sarkozy-retrouve-la-liberte-apres-vingt-jours-de-detention\/#breadcrumb\"},\"inLanguage\":\"fr-FR\",\"potentialAction\":[{\"@type\":\"ReadAction\",\"target\":[\"https:\/\/www.africascoop.net\/index.php\/2025\/11\/10\/france-nicolas-sarkozy-retrouve-la-liberte-apres-vingt-jours-de-detention\/\"]}]},{\"@type\":\"ImageObject\",\"inLanguage\":\"fr-FR\",\"@id\":\"https:\/\/www.africascoop.net\/index.php\/2025\/11\/10\/france-nicolas-sarkozy-retrouve-la-liberte-apres-vingt-jours-de-detention\/#primaryimage\",\"url\":\"https:\/\/www.africascoop.net\/wp-content\/uploads\/2025\/11\/sarkozy.jpg\",\"contentUrl\":\"https:\/\/www.africascoop.net\/wp-content\/uploads\/2025\/11\/sarkozy.jpg\",\"width\":1366,\"height\":768},{\"@type\":\"BreadcrumbList\",\"@id\":\"https:\/\/www.africascoop.net\/index.php\/2025\/11\/10\/france-nicolas-sarkozy-retrouve-la-liberte-apres-vingt-jours-de-detention\/#breadcrumb\",\"itemListElement\":[{\"@type\":\"ListItem\",\"position\":1,\"name\":\"Accueil\",\"item\":\"https:\/\/www.africascoop.net\/\"},{\"@type\":\"ListItem\",\"position\":2,\"name\":\"France : Nicolas Sarkozy retrouve la libert\u00e9 apr\u00e8s vingt jours de d\u00e9tention\"}]},{\"@type\":\"WebSite\",\"@id\":\"https:\/\/www.africascoop.net\/#website\",\"url\":\"https:\/\/www.africascoop.net\/\",\"name\":\"Actualit\u00e9s Africaines\",\"description\":\"\",\"publisher\":{\"@id\":\"https:\/\/www.africascoop.net\/#organization\"},\"potentialAction\":[{\"@type\":\"SearchAction\",\"target\":{\"@type\":\"EntryPoint\",\"urlTemplate\":\"https:\/\/www.africascoop.net\/?s={search_term_string}\"},\"query-input\":{\"@type\":\"PropertyValueSpecification\",\"valueRequired\":true,\"valueName\":\"search_term_string\"}}],\"inLanguage\":\"fr-FR\"},{\"@type\":\"Organization\",\"@id\":\"https:\/\/www.africascoop.net\/#organization\",\"name\":\"Actualit\u00e9s Africaines\",\"url\":\"https:\/\/www.africascoop.net\/\",\"logo\":{\"@type\":\"ImageObject\",\"inLanguage\":\"fr-FR\",\"@id\":\"https:\/\/www.africascoop.net\/#\/schema\/logo\/image\/\",\"url\":\"https:\/\/www.africascoop.net\/wp-content\/uploads\/2025\/09\/cropped-logo-2.jpg\",\"contentUrl\":\"https:\/\/www.africascoop.net\/wp-content\/uploads\/2025\/09\/cropped-logo-2.jpg\",\"width\":945,\"height\":591,\"caption\":\"Actualit\u00e9s Africaines\"},\"image\":{\"@id\":\"https:\/\/www.africascoop.net\/#\/schema\/logo\/image\/\"}},{\"@type\":\"Person\",\"@id\":\"https:\/\/www.africascoop.net\/#\/schema\/person\/2cbcc632c110d739d93a6b196c67230a\",\"name\":\"Africascoop\",\"image\":{\"@type\":\"ImageObject\",\"inLanguage\":\"fr-FR\",\"@id\":\"https:\/\/www.africascoop.net\/#\/schema\/person\/image\/\",\"url\":\"https:\/\/secure.gravatar.com\/avatar\/230d851f5173f64fe9487b948bd2daf02707ef49aea942bc1bdad649c82025b9?s=96&d=mm&r=g\",\"contentUrl\":\"https:\/\/secure.gravatar.com\/avatar\/230d851f5173f64fe9487b948bd2daf02707ef49aea942bc1bdad649c82025b9?s=96&d=mm&r=g\",\"caption\":\"Africascoop\"},\"url\":\"https:\/\/www.africascoop.net\/index.php\/author\/jul\/\"}]}<\/script>\n<!-- \/ Yoast SEO plugin. -->","yoast_head_json":{"title":"France : Nicolas Sarkozy retrouve la libert\u00e9 apr\u00e8s vingt jours de d\u00e9tention - Actualit\u00e9s Africaines","robots":{"index":"index","follow":"follow","max-snippet":"max-snippet:-1","max-image-preview":"max-image-preview:large","max-video-preview":"max-video-preview:-1"},"canonical":"https:\/\/www.africascoop.net\/index.php\/2025\/11\/10\/france-nicolas-sarkozy-retrouve-la-liberte-apres-vingt-jours-de-detention\/","og_locale":"fr_FR","og_type":"article","og_title":"France : Nicolas Sarkozy retrouve la libert\u00e9 apr\u00e8s vingt jours de d\u00e9tention - Actualit\u00e9s Africaines","og_description":"La cour d\u2019appel de Paris a ordonn\u00e9, ce lundi 10 novembre, la mise en libert\u00e9 de l\u2019ancien pr\u00e9sident","og_url":"https:\/\/www.africascoop.net\/index.php\/2025\/11\/10\/france-nicolas-sarkozy-retrouve-la-liberte-apres-vingt-jours-de-detention\/","og_site_name":"Actualit\u00e9s Africaines","article_published_time":"2025-11-10T13:27:14+00:00","article_modified_time":"2025-11-10T13:28:12+00:00","og_image":[{"url":"https:\/\/www.africascoop.net\/wp-content\/uploads\/2025\/11\/sarkozy-1024x576.jpg","type":"","width":"","height":""}],"author":"Africascoop","twitter_card":"summary_large_image","twitter_misc":{"\u00c9crit par":"Africascoop","Dur\u00e9e de lecture estim\u00e9e":"1 minute"},"schema":{"@context":"https:\/\/schema.org","@graph":[{"@type":"Article","@id":"https:\/\/www.africascoop.net\/index.php\/2025\/11\/10\/france-nicolas-sarkozy-retrouve-la-liberte-apres-vingt-jours-de-detention\/#article","isPartOf":{"@id":"https:\/\/www.africascoop.net\/index.php\/2025\/11\/10\/france-nicolas-sarkozy-retrouve-la-liberte-apres-vingt-jours-de-detention\/"},"author":{"name":"Africascoop","@id":"https:\/\/www.africascoop.net\/#\/schema\/person\/2cbcc632c110d739d93a6b196c67230a"},"headline":"France : Nicolas Sarkozy retrouve la libert\u00e9 apr\u00e8s vingt jours de d\u00e9tention","datePublished":"2025-11-10T13:27:14+00:00","dateModified":"2025-11-10T13:28:12+00:00","mainEntityOfPage":{"@id":"https:\/\/www.africascoop.net\/index.php\/2025\/11\/10\/france-nicolas-sarkozy-retrouve-la-liberte-apres-vingt-jours-de-detention\/"},"wordCount":144,"commentCount":0,"publisher":{"@id":"https:\/\/www.africascoop.net\/#organization"},"image":{"@id":"https:\/\/www.africascoop.net\/index.php\/2025\/11\/10\/france-nicolas-sarkozy-retrouve-la-liberte-apres-vingt-jours-de-detention\/#primaryimage"},"thumbnailUrl":"https:\/\/www.africascoop.net\/wp-content\/uploads\/2025\/11\/sarkozy-1024x576.jpg","articleSection":["Exclusif","Justice"],"inLanguage":"fr-FR","potentialAction":[{"@type":"CommentAction","name":"Comment","target":["https:\/\/www.africascoop.net\/index.php\/2025\/11\/10\/france-nicolas-sarkozy-retrouve-la-liberte-apres-vingt-jours-de-detention\/#respond"]}]},{"@type":"WebPage","@id":"https:\/\/www.africascoop.net\/index.php\/2025\/11\/10\/france-nicolas-sarkozy-retrouve-la-liberte-apres-vingt-jours-de-detention\/","url":"https:\/\/www.africascoop.net\/index.php\/2025\/11\/10\/france-nicolas-sarkozy-retrouve-la-liberte-apres-vingt-jours-de-detention\/","name":"France : Nicolas Sarkozy retrouve la libert\u00e9 apr\u00e8s vingt jours de d\u00e9tention - Actualit\u00e9s Africaines","isPartOf":{"@id":"https:\/\/www.africascoop.net\/#website"},"primaryImageOfPage":{"@id":"https:\/\/www.africascoop.net\/index.php\/2025\/11\/10\/france-nicolas-sarkozy-retrouve-la-liberte-apres-vingt-jours-de-detention\/#primaryimage"},"image":{"@id":"https:\/\/www.africascoop.net\/index.php\/2025\/11\/10\/france-nicolas-sarkozy-retrouve-la-liberte-apres-vingt-jours-de-detention\/#primaryimage"},"thumbnailUrl":"https:\/\/www.africascoop.net\/wp-content\/uploads\/2025\/11\/sarkozy-1024x576.jpg","datePublished":"2025-11-10T13:27:14+00:00","dateModified":"2025-11-10T13:28:12+00:00","breadcrumb":{"@id":"https:\/\/www.africascoop.net\/index.php\/2025\/11\/10\/france-nicolas-sarkozy-retrouve-la-liberte-apres-vingt-jours-de-detention\/#breadcrumb"},"inLanguage":"fr-FR","potentialAction":[{"@type":"ReadAction","target":["https:\/\/www.africascoop.net\/index.php\/2025\/11\/10\/france-nicolas-sarkozy-retrouve-la-liberte-apres-vingt-jours-de-detention\/"]}]},{"@type":"ImageObject","inLanguage":"fr-FR","@id":"https:\/\/www.africascoop.net\/index.php\/2025\/11\/10\/france-nicolas-sarkozy-retrouve-la-liberte-apres-vingt-jours-de-detention\/#primaryimage","url":"https:\/\/www.africascoop.net\/wp-content\/uploads\/2025\/11\/sarkozy.jpg","contentUrl":"https:\/\/www.africascoop.net\/wp-content\/uploads\/2025\/11\/sarkozy.jpg","width":1366,"height":768},{"@type":"BreadcrumbList","@id":"https:\/\/www.africascoop.net\/index.php\/2025\/11\/10\/france-nicolas-sarkozy-retrouve-la-liberte-apres-vingt-jours-de-detention\/#breadcrumb","itemListElement":[{"@type":"ListItem","position":1,"name":"Accueil","item":"https:\/\/www.africascoop.net\/"},{"@type":"ListItem","position":2,"name":"France : Nicolas Sarkozy retrouve la libert\u00e9 apr\u00e8s vingt jours de d\u00e9tention"}]},{"@type":"WebSite","@id":"https:\/\/www.africascoop.net\/#website","url":"https:\/\/www.africascoop.net\/","name":"Actualit\u00e9s Africaines","description":"","publisher":{"@id":"https:\/\/www.africascoop.net\/#organization"},"potentialAction":[{"@type":"SearchAction","target":{"@type":"EntryPoint","urlTemplate":"https:\/\/www.africascoop.net\/?s={search_term_string}"},"query-input":{"@type":"PropertyValueSpecification","valueRequired":true,"valueName":"search_term_string"}}],"inLanguage":"fr-FR"},{"@type":"Organization","@id":"https:\/\/www.africascoop.net\/#organization","name":"Actualit\u00e9s Africaines","url":"https:\/\/www.africascoop.net\/","logo":{"@type":"ImageObject","inLanguage":"fr-FR","@id":"https:\/\/www.africascoop.net\/#\/schema\/logo\/image\/","url":"https:\/\/www.africascoop.net\/wp-content\/uploads\/2025\/09\/cropped-logo-2.jpg","contentUrl":"https:\/\/www.africascoop.net\/wp-content\/uploads\/2025\/09\/cropped-logo-2.jpg","width":945,"height":591,"caption":"Actualit\u00e9s Africaines"},"image":{"@id":"https:\/\/www.africascoop.net\/#\/schema\/logo\/image\/"}},{"@type":"Person","@id":"https:\/\/www.africascoop.net\/#\/schema\/person\/2cbcc632c110d739d93a6b196c67230a","name":"Africascoop","image":{"@type":"ImageObject","inLanguage":"fr-FR","@id":"https:\/\/www.africascoop.net\/#\/schema\/person\/image\/","url":"https:\/\/secure.gravatar.com\/avatar\/230d851f5173f64fe9487b948bd2daf02707ef49aea942bc1bdad649c82025b9?s=96&d=mm&r=g","contentUrl":"https:\/\/secure.gravatar.com\/avatar\/230d851f5173f64fe9487b948bd2daf02707ef49aea942bc1bdad649c82025b9?s=96&d=mm&r=g","caption":"Africascoop"},"url":"https:\/\/www.africascoop.net\/index.php\/author\/jul\/"}]}},"_links":{"self":[{"href":"https:\/\/www.africascoop.net\/index.php\/wp-json\/wp\/v2\/posts\/688","targetHints":{"allow":["GET"]}}],"collection":[{"href":"https:\/\/www.africascoop.net\/index.php\/wp-json\/wp\/v2\/posts"}],"about":[{"href":"https:\/\/www.africascoop.net\/index.php\/wp-json\/wp\/v2\/types\/post"}],"author":[{"embeddable":true,"href":"https:\/\/www.africascoop.net\/index.php\/wp-json\/wp\/v2\/users\/3"}],"replies":[{"embeddable":true,"href":"https:\/\/www.africascoop.net\/index.php\/wp-json\/wp\/v2\/comments?post=688"}],"version-history":[{"count":1,"href":"https:\/\/www.africascoop.net\/index.php\/wp-json\/wp\/v2\/posts\/688\/revisions"}],"predecessor-version":[{"id":690,"href":"https:\/\/www.africascoop.net\/index.php\/wp-json\/wp\/v2\/posts\/688\/revisions\/690"}],"wp:attachment":[{"href":"https:\/\/www.africascoop.net\/index.php\/wp-json\/wp\/v2\/media?parent=688"}],"wp:term":[{"taxonomy":"category","embeddable":true,"href":"https:\/\/www.africascoop.net\/index.php\/wp-json\/wp\/v2\/categories?post=688"},{"taxonomy":"post_tag","embeddable":true,"href":"https:\/\/www.africascoop.net\/index.php\/wp-json\/wp\/v2\/tags?post=688"}],"curies":[{"name":"wp","href":"https:\/\/api.w.org\/{rel}","templated":true}]}}