{"id":691,"date":"2025-11-10T20:47:35","date_gmt":"2025-11-10T20:47:35","guid":{"rendered":"https:\/\/www.africascoop.net\/?p=691"},"modified":"2025-11-10T20:48:06","modified_gmt":"2025-11-10T20:48:06","slug":"projet-durgence-hospitaliere-au-mali-le-president-assimi-lance-les-travaux","status":"publish","type":"post","link":"https:\/\/www.africascoop.net\/index.php\/2025\/11\/10\/projet-durgence-hospitaliere-au-mali-le-president-assimi-lance-les-travaux\/","title":{"rendered":"PROJET D&rsquo;URGENCE HOSPITALIERE AU MALI\u00a0: Le Pr\u00e9sident Assimi lance les travaux"},"content":{"rendered":"\n<figure class=\"wp-block-image size-large\"><img loading=\"lazy\" decoding=\"async\" width=\"1024\" height=\"576\" src=\"https:\/\/www.africascoop.net\/wp-content\/uploads\/2025\/11\/assimi-k-1024x576.jpg\" alt=\"\" class=\"wp-image-692\" srcset=\"https:\/\/www.africascoop.net\/wp-content\/uploads\/2025\/11\/assimi-k-1024x576.jpg 1024w, https:\/\/www.africascoop.net\/wp-content\/uploads\/2025\/11\/assimi-k-300x169.jpg 300w, https:\/\/www.africascoop.net\/wp-content\/uploads\/2025\/11\/assimi-k-768x432.jpg 768w, https:\/\/www.africascoop.net\/wp-content\/uploads\/2025\/11\/assimi-k.jpg 1366w\" sizes=\"auto, (max-width: 1024px) 100vw, 1024px\" \/><\/figure>\n\n\n\n<p><strong><em>Ce 10 novembre 2025, le Pr\u00e9sident de la Transition, le G\u00e9n\u00e9ral d\u2019Arm\u00e9e Assimi GO\u00cfTA a proc\u00e9d\u00e9 \u00e0 la pose de la premi\u00e8re pierre du Projet pr\u00e9sidentiel d\u2019urgence hospitali\u00e8re au Centre de sant\u00e9 de r\u00e9f\u00e9rence de Korofina (Commune I du District de Bamako). Cette pose de premi\u00e8re pierre a donc marqu\u00e9 le lancement d\u2019un vaste programme de modernisation du syst\u00e8me de sant\u00e9 au Mali.<\/em><\/strong><\/p>\n\n\n\n<p>L\u2019\u00e9v\u00e9nement s\u2019est d\u00e9roul\u00e9 en pr\u00e9sence du Premier ministre, du Pr\u00e9sident du Conseil national de Transition, de Mme le Ministre de la Sant\u00e9 et du D\u00e9veloppement social, du Gouverneur du District de Bamako, ainsi que de nombreux membres du Gouvernement, diplomates et partenaires du Mali.<\/p>\n\n\n\n<p>Le Maire de la Commune I, M. Oumar TOGO, a salu\u00e9 une \u00ab initiative historique \u00bb qui transformera durablement la prise en charge sanitaire dans le pays.<\/p>\n\n\n\n<p>Dans son allocution, le Colonel-Major Assa Badiallo TOUR\u00c9, Ministre de la Sant\u00e9 et du d\u00e9veloppement social, a exprim\u00e9 sa profonde reconnaissance au Chef de l\u2019\u00c9tat pour cette initiative d\u2019envergure, qu\u2019elle a qualifi\u00e9e de symbole fort de la volont\u00e9 politique de faire de la sant\u00e9 un droit fondamental pour chaque Malien. Ainsi, elle a rappel\u00e9 que ce projet s\u2019inscrit dans la continuit\u00e9 des \u00c9tats g\u00e9n\u00e9raux de la sant\u00e9, tenus en d\u00e9cembre 2024, qui avaient soulign\u00e9 la n\u00e9cessit\u00e9 d\u2019am\u00e9liorer l\u2019accessibilit\u00e9 et la qualit\u00e9 des soins \u00e0 travers le pays.<\/p>\n\n\n\n<p>Selon elle, le Projet pr\u00e9sidentiel d\u2019urgence hospitali\u00e8re vise une v\u00e9ritable modernisation et restructuration du syst\u00e8me hospitalier national. Il pr\u00e9voit la construction de 15 nouveaux h\u00f4pitaux et la transformation des Centres de sant\u00e9 de r\u00e9f\u00e9rence (CSREF) du district de Bamako en h\u00f4pitaux de district. Les travaux, enti\u00e8rement financ\u00e9s par le budget national, s\u2019\u00e9tendront sur 12 mois pour Bamako et 24 mois pour les r\u00e9gions.<\/p>\n\n\n\n<p>A ses dires, le programme comprend trois grands volets \u00e0 savoir la transformation des CSREF des sept arrondissements de Bamako en h\u00f4pitaux de district ; la construction de nouveaux h\u00f4pitaux \u00e0 Bla et \u00e0 Kangaba ; la r\u00e9alisation d\u2019h\u00f4pitaux r\u00e9gionaux modernes \u00e0 San, Koutiala, Bougouni, Dio\u00efla, Nioro, Bandiagara et Koulikoro.<\/p>\n\n\n\n<p>Et de poursuivre que ces infrastructures seront dot\u00e9es d\u2019\u00e9quipements m\u00e9dicaux de derni\u00e8re g\u00e9n\u00e9ration et de services sp\u00e9cialis\u00e9s, notamment des unit\u00e9s d\u2019h\u00e9modialyse dans les h\u00f4pitaux du 1er et du 6e arrondissement de Bamako.<\/p>\n\n\n\n<p>Pour sa part, le Pr\u00e9sident Assimi GO\u00cfTA a qualifi\u00e9 le projet de \u00ab porteur d\u2019espoir \u00bb et de symbole d\u2019un Mali tourn\u00e9 vers le progr\u00e8s. \u00ab Toute activit\u00e9 d\u00e9pend de la sant\u00e9, car sans elle, aucun d\u00e9veloppement n\u2019est possible \u00bb, a-t-il affirm\u00e9, soulignant que la sant\u00e9 demeure un pilier essentiel du Mali Koura.<\/p>\n\n\n\n<p>Le Chef de l\u2019\u00c9tat a exhort\u00e9 le minist\u00e8re de la Sant\u00e9 \u00e0 assurer la continuit\u00e9 du service public durant les travaux et \u00e0 veiller au respect des d\u00e9lais contractuels. Il a \u00e9galement insist\u00e9 sur la dimension humaine du projet, qui vise \u00e0 rapprocher les soins des populations, r\u00e9duire les \u00e9vacuations sanitaires et d\u00e9sengorger les structures existantes.<\/p>\n\n\n\n<p>Lamine&nbsp;BAGAYOGO<\/p>\n","protected":false},"excerpt":{"rendered":"<p>Ce 10 novembre 2025, le Pr\u00e9sident de la Transition, le G\u00e9n\u00e9ral d\u2019Arm\u00e9e Assimi GO\u00cfTA a proc\u00e9d\u00e9 \u00e0 la<\/p>\n","protected":false},"author":3,"featured_media":0,"comment_status":"open","ping_status":"open","sticky":false,"template":"","format":"standard","meta":{"footnotes":""},"categories":[36,10],"tags":[],"class_list":["post-691","post","type-post","status-publish","format-standard","hentry","category-exclusif","category-sante"],"yoast_head":"<!-- This site is optimized with the Yoast SEO plugin v26.0 - https:\/\/yoast.com\/wordpress\/plugins\/seo\/ -->\n<title>PROJET D&#039;URGENCE HOSPITALIERE AU MALI\u00a0: Le Pr\u00e9sident Assimi lance les travaux - Actualit\u00e9s Africaines<\/title>\n<meta name=\"robots\" content=\"index, follow, max-snippet:-1, max-image-preview:large, max-video-preview:-1\" \/>\n<link rel=\"canonical\" href=\"https:\/\/www.africascoop.net\/index.php\/2025\/11\/10\/projet-durgence-hospitaliere-au-mali-le-president-assimi-lance-les-travaux\/\" \/>\n<meta property=\"og:locale\" content=\"fr_FR\" \/>\n<meta property=\"og:type\" content=\"article\" \/>\n<meta property=\"og:title\" content=\"PROJET D&#039;URGENCE HOSPITALIERE AU MALI\u00a0: Le Pr\u00e9sident Assimi lance les travaux - Actualit\u00e9s Africaines\" \/>\n<meta property=\"og:description\" content=\"Ce 10 novembre 2025, le Pr\u00e9sident de la Transition, le G\u00e9n\u00e9ral d\u2019Arm\u00e9e Assimi GO\u00cfTA a proc\u00e9d\u00e9 \u00e0 la\" \/>\n<meta property=\"og:url\" content=\"https:\/\/www.africascoop.net\/index.php\/2025\/11\/10\/projet-durgence-hospitaliere-au-mali-le-president-assimi-lance-les-travaux\/\" \/>\n<meta property=\"og:site_name\" content=\"Actualit\u00e9s Africaines\" \/>\n<meta property=\"article:published_time\" content=\"2025-11-10T20:47:35+00:00\" \/>\n<meta property=\"article:modified_time\" content=\"2025-11-10T20:48:06+00:00\" \/>\n<meta property=\"og:image\" content=\"https:\/\/www.africascoop.net\/wp-content\/uploads\/2025\/11\/assimi-k-1024x576.jpg\" \/>\n<meta name=\"author\" content=\"Africascoop\" \/>\n<meta name=\"twitter:card\" content=\"summary_large_image\" \/>\n<meta name=\"twitter:label1\" content=\"\u00c9crit par\" \/>\n\t<meta name=\"twitter:data1\" content=\"Africascoop\" \/>\n\t<meta name=\"twitter:label2\" content=\"Dur\u00e9e de lecture estim\u00e9e\" \/>\n\t<meta name=\"twitter:data2\" content=\"3 minutes\" \/>\n<script type=\"application\/ld+json\" class=\"yoast-schema-graph\">{\"@context\":\"https:\/\/schema.org\",\"@graph\":[{\"@type\":\"Article\",\"@id\":\"https:\/\/www.africascoop.net\/index.php\/2025\/11\/10\/projet-durgence-hospitaliere-au-mali-le-president-assimi-lance-les-travaux\/#article\",\"isPartOf\":{\"@id\":\"https:\/\/www.africascoop.net\/index.php\/2025\/11\/10\/projet-durgence-hospitaliere-au-mali-le-president-assimi-lance-les-travaux\/\"},\"author\":{\"name\":\"Africascoop\",\"@id\":\"https:\/\/www.africascoop.net\/#\/schema\/person\/2cbcc632c110d739d93a6b196c67230a\"},\"headline\":\"PROJET D&rsquo;URGENCE HOSPITALIERE AU MALI\u00a0: Le Pr\u00e9sident Assimi lance les travaux\",\"datePublished\":\"2025-11-10T20:47:35+00:00\",\"dateModified\":\"2025-11-10T20:48:06+00:00\",\"mainEntityOfPage\":{\"@id\":\"https:\/\/www.africascoop.net\/index.php\/2025\/11\/10\/projet-durgence-hospitaliere-au-mali-le-president-assimi-lance-les-travaux\/\"},\"wordCount\":550,\"commentCount\":0,\"publisher\":{\"@id\":\"https:\/\/www.africascoop.net\/#organization\"},\"image\":{\"@id\":\"https:\/\/www.africascoop.net\/index.php\/2025\/11\/10\/projet-durgence-hospitaliere-au-mali-le-president-assimi-lance-les-travaux\/#primaryimage\"},\"thumbnailUrl\":\"https:\/\/www.africascoop.net\/wp-content\/uploads\/2025\/11\/assimi-k-1024x576.jpg\",\"articleSection\":[\"Exclusif\",\"Sant\u00e9\"],\"inLanguage\":\"fr-FR\",\"potentialAction\":[{\"@type\":\"CommentAction\",\"name\":\"Comment\",\"target\":[\"https:\/\/www.africascoop.net\/index.php\/2025\/11\/10\/projet-durgence-hospitaliere-au-mali-le-president-assimi-lance-les-travaux\/#respond\"]}]},{\"@type\":\"WebPage\",\"@id\":\"https:\/\/www.africascoop.net\/index.php\/2025\/11\/10\/projet-durgence-hospitaliere-au-mali-le-president-assimi-lance-les-travaux\/\",\"url\":\"https:\/\/www.africascoop.net\/index.php\/2025\/11\/10\/projet-durgence-hospitaliere-au-mali-le-president-assimi-lance-les-travaux\/\",\"name\":\"PROJET D'URGENCE HOSPITALIERE AU MALI\u00a0: Le Pr\u00e9sident Assimi lance les travaux - Actualit\u00e9s Africaines\",\"isPartOf\":{\"@id\":\"https:\/\/www.africascoop.net\/#website\"},\"primaryImageOfPage\":{\"@id\":\"https:\/\/www.africascoop.net\/index.php\/2025\/11\/10\/projet-durgence-hospitaliere-au-mali-le-president-assimi-lance-les-travaux\/#primaryimage\"},\"image\":{\"@id\":\"https:\/\/www.africascoop.net\/index.php\/2025\/11\/10\/projet-durgence-hospitaliere-au-mali-le-president-assimi-lance-les-travaux\/#primaryimage\"},\"thumbnailUrl\":\"https:\/\/www.africascoop.net\/wp-content\/uploads\/2025\/11\/assimi-k-1024x576.jpg\",\"datePublished\":\"2025-11-10T20:47:35+00:00\",\"dateModified\":\"2025-11-10T20:48:06+00:00\",\"breadcrumb\":{\"@id\":\"https:\/\/www.africascoop.net\/index.php\/2025\/11\/10\/projet-durgence-hospitaliere-au-mali-le-president-assimi-lance-les-travaux\/#breadcrumb\"},\"inLanguage\":\"fr-FR\",\"potentialAction\":[{\"@type\":\"ReadAction\",\"target\":[\"https:\/\/www.africascoop.net\/index.php\/2025\/11\/10\/projet-durgence-hospitaliere-au-mali-le-president-assimi-lance-les-travaux\/\"]}]},{\"@type\":\"ImageObject\",\"inLanguage\":\"fr-FR\",\"@id\":\"https:\/\/www.africascoop.net\/index.php\/2025\/11\/10\/projet-durgence-hospitaliere-au-mali-le-president-assimi-lance-les-travaux\/#primaryimage\",\"url\":\"https:\/\/www.africascoop.net\/wp-content\/uploads\/2025\/11\/assimi-k.jpg\",\"contentUrl\":\"https:\/\/www.africascoop.net\/wp-content\/uploads\/2025\/11\/assimi-k.jpg\",\"width\":1366,\"height\":768},{\"@type\":\"BreadcrumbList\",\"@id\":\"https:\/\/www.africascoop.net\/index.php\/2025\/11\/10\/projet-durgence-hospitaliere-au-mali-le-president-assimi-lance-les-travaux\/#breadcrumb\",\"itemListElement\":[{\"@type\":\"ListItem\",\"position\":1,\"name\":\"Accueil\",\"item\":\"https:\/\/www.africascoop.net\/\"},{\"@type\":\"ListItem\",\"position\":2,\"name\":\"PROJET D&rsquo;URGENCE HOSPITALIERE AU MALI\u00a0: Le Pr\u00e9sident Assimi lance les travaux\"}]},{\"@type\":\"WebSite\",\"@id\":\"https:\/\/www.africascoop.net\/#website\",\"url\":\"https:\/\/www.africascoop.net\/\",\"name\":\"Actualit\u00e9s Africaines\",\"description\":\"\",\"publisher\":{\"@id\":\"https:\/\/www.africascoop.net\/#organization\"},\"potentialAction\":[{\"@type\":\"SearchAction\",\"target\":{\"@type\":\"EntryPoint\",\"urlTemplate\":\"https:\/\/www.africascoop.net\/?s={search_term_string}\"},\"query-input\":{\"@type\":\"PropertyValueSpecification\",\"valueRequired\":true,\"valueName\":\"search_term_string\"}}],\"inLanguage\":\"fr-FR\"},{\"@type\":\"Organization\",\"@id\":\"https:\/\/www.africascoop.net\/#organization\",\"name\":\"Actualit\u00e9s Africaines\",\"url\":\"https:\/\/www.africascoop.net\/\",\"logo\":{\"@type\":\"ImageObject\",\"inLanguage\":\"fr-FR\",\"@id\":\"https:\/\/www.africascoop.net\/#\/schema\/logo\/image\/\",\"url\":\"https:\/\/www.africascoop.net\/wp-content\/uploads\/2025\/09\/cropped-logo-2.jpg\",\"contentUrl\":\"https:\/\/www.africascoop.net\/wp-content\/uploads\/2025\/09\/cropped-logo-2.jpg\",\"width\":945,\"height\":591,\"caption\":\"Actualit\u00e9s Africaines\"},\"image\":{\"@id\":\"https:\/\/www.africascoop.net\/#\/schema\/logo\/image\/\"}},{\"@type\":\"Person\",\"@id\":\"https:\/\/www.africascoop.net\/#\/schema\/person\/2cbcc632c110d739d93a6b196c67230a\",\"name\":\"Africascoop\",\"image\":{\"@type\":\"ImageObject\",\"inLanguage\":\"fr-FR\",\"@id\":\"https:\/\/www.africascoop.net\/#\/schema\/person\/image\/\",\"url\":\"https:\/\/secure.gravatar.com\/avatar\/230d851f5173f64fe9487b948bd2daf02707ef49aea942bc1bdad649c82025b9?s=96&d=mm&r=g\",\"contentUrl\":\"https:\/\/secure.gravatar.com\/avatar\/230d851f5173f64fe9487b948bd2daf02707ef49aea942bc1bdad649c82025b9?s=96&d=mm&r=g\",\"caption\":\"Africascoop\"},\"url\":\"https:\/\/www.africascoop.net\/index.php\/author\/jul\/\"}]}<\/script>\n<!-- \/ Yoast SEO plugin. -->","yoast_head_json":{"title":"PROJET D'URGENCE HOSPITALIERE AU MALI\u00a0: Le Pr\u00e9sident Assimi lance les travaux - Actualit\u00e9s Africaines","robots":{"index":"index","follow":"follow","max-snippet":"max-snippet:-1","max-image-preview":"max-image-preview:large","max-video-preview":"max-video-preview:-1"},"canonical":"https:\/\/www.africascoop.net\/index.php\/2025\/11\/10\/projet-durgence-hospitaliere-au-mali-le-president-assimi-lance-les-travaux\/","og_locale":"fr_FR","og_type":"article","og_title":"PROJET D'URGENCE HOSPITALIERE AU MALI\u00a0: Le Pr\u00e9sident Assimi lance les travaux - Actualit\u00e9s Africaines","og_description":"Ce 10 novembre 2025, le Pr\u00e9sident de la Transition, le G\u00e9n\u00e9ral d\u2019Arm\u00e9e Assimi GO\u00cfTA a proc\u00e9d\u00e9 \u00e0 la","og_url":"https:\/\/www.africascoop.net\/index.php\/2025\/11\/10\/projet-durgence-hospitaliere-au-mali-le-president-assimi-lance-les-travaux\/","og_site_name":"Actualit\u00e9s Africaines","article_published_time":"2025-11-10T20:47:35+00:00","article_modified_time":"2025-11-10T20:48:06+00:00","og_image":[{"url":"https:\/\/www.africascoop.net\/wp-content\/uploads\/2025\/11\/assimi-k-1024x576.jpg","type":"","width":"","height":""}],"author":"Africascoop","twitter_card":"summary_large_image","twitter_misc":{"\u00c9crit par":"Africascoop","Dur\u00e9e de lecture estim\u00e9e":"3 minutes"},"schema":{"@context":"https:\/\/schema.org","@graph":[{"@type":"Article","@id":"https:\/\/www.africascoop.net\/index.php\/2025\/11\/10\/projet-durgence-hospitaliere-au-mali-le-president-assimi-lance-les-travaux\/#article","isPartOf":{"@id":"https:\/\/www.africascoop.net\/index.php\/2025\/11\/10\/projet-durgence-hospitaliere-au-mali-le-president-assimi-lance-les-travaux\/"},"author":{"name":"Africascoop","@id":"https:\/\/www.africascoop.net\/#\/schema\/person\/2cbcc632c110d739d93a6b196c67230a"},"headline":"PROJET D&rsquo;URGENCE HOSPITALIERE AU MALI\u00a0: Le Pr\u00e9sident Assimi lance les travaux","datePublished":"2025-11-10T20:47:35+00:00","dateModified":"2025-11-10T20:48:06+00:00","mainEntityOfPage":{"@id":"https:\/\/www.africascoop.net\/index.php\/2025\/11\/10\/projet-durgence-hospitaliere-au-mali-le-president-assimi-lance-les-travaux\/"},"wordCount":550,"commentCount":0,"publisher":{"@id":"https:\/\/www.africascoop.net\/#organization"},"image":{"@id":"https:\/\/www.africascoop.net\/index.php\/2025\/11\/10\/projet-durgence-hospitaliere-au-mali-le-president-assimi-lance-les-travaux\/#primaryimage"},"thumbnailUrl":"https:\/\/www.africascoop.net\/wp-content\/uploads\/2025\/11\/assimi-k-1024x576.jpg","articleSection":["Exclusif","Sant\u00e9"],"inLanguage":"fr-FR","potentialAction":[{"@type":"CommentAction","name":"Comment","target":["https:\/\/www.africascoop.net\/index.php\/2025\/11\/10\/projet-durgence-hospitaliere-au-mali-le-president-assimi-lance-les-travaux\/#respond"]}]},{"@type":"WebPage","@id":"https:\/\/www.africascoop.net\/index.php\/2025\/11\/10\/projet-durgence-hospitaliere-au-mali-le-president-assimi-lance-les-travaux\/","url":"https:\/\/www.africascoop.net\/index.php\/2025\/11\/10\/projet-durgence-hospitaliere-au-mali-le-president-assimi-lance-les-travaux\/","name":"PROJET D'URGENCE HOSPITALIERE AU MALI\u00a0: Le Pr\u00e9sident Assimi lance les travaux - Actualit\u00e9s Africaines","isPartOf":{"@id":"https:\/\/www.africascoop.net\/#website"},"primaryImageOfPage":{"@id":"https:\/\/www.africascoop.net\/index.php\/2025\/11\/10\/projet-durgence-hospitaliere-au-mali-le-president-assimi-lance-les-travaux\/#primaryimage"},"image":{"@id":"https:\/\/www.africascoop.net\/index.php\/2025\/11\/10\/projet-durgence-hospitaliere-au-mali-le-president-assimi-lance-les-travaux\/#primaryimage"},"thumbnailUrl":"https:\/\/www.africascoop.net\/wp-content\/uploads\/2025\/11\/assimi-k-1024x576.jpg","datePublished":"2025-11-10T20:47:35+00:00","dateModified":"2025-11-10T20:48:06+00:00","breadcrumb":{"@id":"https:\/\/www.africascoop.net\/index.php\/2025\/11\/10\/projet-durgence-hospitaliere-au-mali-le-president-assimi-lance-les-travaux\/#breadcrumb"},"inLanguage":"fr-FR","potentialAction":[{"@type":"ReadAction","target":["https:\/\/www.africascoop.net\/index.php\/2025\/11\/10\/projet-durgence-hospitaliere-au-mali-le-president-assimi-lance-les-travaux\/"]}]},{"@type":"ImageObject","inLanguage":"fr-FR","@id":"https:\/\/www.africascoop.net\/index.php\/2025\/11\/10\/projet-durgence-hospitaliere-au-mali-le-president-assimi-lance-les-travaux\/#primaryimage","url":"https:\/\/www.africascoop.net\/wp-content\/uploads\/2025\/11\/assimi-k.jpg","contentUrl":"https:\/\/www.africascoop.net\/wp-content\/uploads\/2025\/11\/assimi-k.jpg","width":1366,"height":768},{"@type":"BreadcrumbList","@id":"https:\/\/www.africascoop.net\/index.php\/2025\/11\/10\/projet-durgence-hospitaliere-au-mali-le-president-assimi-lance-les-travaux\/#breadcrumb","itemListElement":[{"@type":"ListItem","position":1,"name":"Accueil","item":"https:\/\/www.africascoop.net\/"},{"@type":"ListItem","position":2,"name":"PROJET D&rsquo;URGENCE HOSPITALIERE AU MALI\u00a0: Le Pr\u00e9sident Assimi lance les travaux"}]},{"@type":"WebSite","@id":"https:\/\/www.africascoop.net\/#website","url":"https:\/\/www.africascoop.net\/","name":"Actualit\u00e9s Africaines","description":"","publisher":{"@id":"https:\/\/www.africascoop.net\/#organization"},"potentialAction":[{"@type":"SearchAction","target":{"@type":"EntryPoint","urlTemplate":"https:\/\/www.africascoop.net\/?s={search_term_string}"},"query-input":{"@type":"PropertyValueSpecification","valueRequired":true,"valueName":"search_term_string"}}],"inLanguage":"fr-FR"},{"@type":"Organization","@id":"https:\/\/www.africascoop.net\/#organization","name":"Actualit\u00e9s Africaines","url":"https:\/\/www.africascoop.net\/","logo":{"@type":"ImageObject","inLanguage":"fr-FR","@id":"https:\/\/www.africascoop.net\/#\/schema\/logo\/image\/","url":"https:\/\/www.africascoop.net\/wp-content\/uploads\/2025\/09\/cropped-logo-2.jpg","contentUrl":"https:\/\/www.africascoop.net\/wp-content\/uploads\/2025\/09\/cropped-logo-2.jpg","width":945,"height":591,"caption":"Actualit\u00e9s Africaines"},"image":{"@id":"https:\/\/www.africascoop.net\/#\/schema\/logo\/image\/"}},{"@type":"Person","@id":"https:\/\/www.africascoop.net\/#\/schema\/person\/2cbcc632c110d739d93a6b196c67230a","name":"Africascoop","image":{"@type":"ImageObject","inLanguage":"fr-FR","@id":"https:\/\/www.africascoop.net\/#\/schema\/person\/image\/","url":"https:\/\/secure.gravatar.com\/avatar\/230d851f5173f64fe9487b948bd2daf02707ef49aea942bc1bdad649c82025b9?s=96&d=mm&r=g","contentUrl":"https:\/\/secure.gravatar.com\/avatar\/230d851f5173f64fe9487b948bd2daf02707ef49aea942bc1bdad649c82025b9?s=96&d=mm&r=g","caption":"Africascoop"},"url":"https:\/\/www.africascoop.net\/index.php\/author\/jul\/"}]}},"_links":{"self":[{"href":"https:\/\/www.africascoop.net\/index.php\/wp-json\/wp\/v2\/posts\/691","targetHints":{"allow":["GET"]}}],"collection":[{"href":"https:\/\/www.africascoop.net\/index.php\/wp-json\/wp\/v2\/posts"}],"about":[{"href":"https:\/\/www.africascoop.net\/index.php\/wp-json\/wp\/v2\/types\/post"}],"author":[{"embeddable":true,"href":"https:\/\/www.africascoop.net\/index.php\/wp-json\/wp\/v2\/users\/3"}],"replies":[{"embeddable":true,"href":"https:\/\/www.africascoop.net\/index.php\/wp-json\/wp\/v2\/comments?post=691"}],"version-history":[{"count":1,"href":"https:\/\/www.africascoop.net\/index.php\/wp-json\/wp\/v2\/posts\/691\/revisions"}],"predecessor-version":[{"id":693,"href":"https:\/\/www.africascoop.net\/index.php\/wp-json\/wp\/v2\/posts\/691\/revisions\/693"}],"wp:attachment":[{"href":"https:\/\/www.africascoop.net\/index.php\/wp-json\/wp\/v2\/media?parent=691"}],"wp:term":[{"taxonomy":"category","embeddable":true,"href":"https:\/\/www.africascoop.net\/index.php\/wp-json\/wp\/v2\/categories?post=691"},{"taxonomy":"post_tag","embeddable":true,"href":"https:\/\/www.africascoop.net\/index.php\/wp-json\/wp\/v2\/tags?post=691"}],"curies":[{"name":"wp","href":"https:\/\/api.w.org\/{rel}","templated":true}]}}