{"id":697,"date":"2025-11-12T11:47:59","date_gmt":"2025-11-12T11:47:59","guid":{"rendered":"https:\/\/www.africascoop.net\/?p=697"},"modified":"2025-11-12T11:48:05","modified_gmt":"2025-11-12T11:48:05","slug":"coalition-diomaye-president-le-desaccord-sinstalle-entre-bassirou-diomaye-faye-et-ousmane-sonko","status":"publish","type":"post","link":"https:\/\/www.africascoop.net\/index.php\/2025\/11\/12\/coalition-diomaye-president-le-desaccord-sinstalle-entre-bassirou-diomaye-faye-et-ousmane-sonko\/","title":{"rendered":"Coalition \u00ab Diomaye Pr\u00e9sident \u00bb : le d\u00e9saccord s\u2019installe entre Bassirou Diomaye Faye et Ousmane Sonko"},"content":{"rendered":"\n<figure class=\"wp-block-image size-large\"><img loading=\"lazy\" decoding=\"async\" width=\"1024\" height=\"576\" src=\"https:\/\/www.africascoop.net\/wp-content\/uploads\/2025\/11\/senegal-1024x576.jpg\" alt=\"\" class=\"wp-image-698\" srcset=\"https:\/\/www.africascoop.net\/wp-content\/uploads\/2025\/11\/senegal-1024x576.jpg 1024w, https:\/\/www.africascoop.net\/wp-content\/uploads\/2025\/11\/senegal-300x169.jpg 300w, https:\/\/www.africascoop.net\/wp-content\/uploads\/2025\/11\/senegal-768x432.jpg 768w, https:\/\/www.africascoop.net\/wp-content\/uploads\/2025\/11\/senegal.jpg 1366w\" sizes=\"auto, (max-width: 1024px) 100vw, 1024px\" \/><\/figure>\n\n\n\n<p><strong><em>Un vent de discorde souffle au sein de la majorit\u00e9 s\u00e9n\u00e9galaise. Le pr\u00e9sident Bassirou Diomaye Faye et son Premier ministre, Ousmane Sonko, se retrouvent d\u00e9sormais au c\u0153ur d\u2019un bras de fer politique autour de la direction de la coalition \u00ab Diomaye Pr\u00e9sident \u00bb, qui les avait port\u00e9s au pouvoir.<\/em><\/strong><\/p>\n\n\n\n<p>Tout est parti de la d\u00e9cision du chef de l\u2019\u00c9tat d\u2019\u00e9carter A\u00efda Mbodji, coordinatrice de la coalition et proche du Premier ministre, pour la remplacer par l\u2019ancienne Premi\u00e8re ministre Aminata \u00ab Mimi \u00bb Tour\u00e9. Cette annonce, pr\u00e9sent\u00e9e par le pr\u00e9sident comme un acte de restructuration visant \u00e0 renforcer la coh\u00e9sion du mouvement, a imm\u00e9diatement suscit\u00e9 de vives r\u00e9actions au sein du Pastef, parti dirig\u00e9 par Ousmane Sonko.<\/p>\n\n\n\n<p>Dans un communiqu\u00e9 rendu public, le Pastef a d\u00e9nonc\u00e9 une d\u00e9cision \u00ab unilat\u00e9rale \u00bb et \u00ab sans fondement juridique \u00bb, estimant que le pr\u00e9sident Diomaye Faye \u00ab n\u2019a pas le pouvoir \u00bb de d\u00e9mettre A\u00efda Mbodji. Selon le parti, cette derni\u00e8re a \u00e9t\u00e9 d\u00e9sign\u00e9e par la Conf\u00e9rence des leaders, seule instance habilit\u00e9e \u00e0 proc\u00e9der \u00e0 un tel changement. Le communiqu\u00e9 rappelle \u00e9galement que le pr\u00e9sident Faye n\u2019a jamais pr\u00e9sid\u00e9 la coalition, mais en fut simplement le candidat lors de la pr\u00e9sidentielle de mars 2024.<\/p>\n\n\n\n<p>Pour les cadres du Pastef, la nomination de Mimi Tour\u00e9 repr\u00e9sente une ing\u00e9rence dans le fonctionnement interne de la coalition et une rupture avec les principes qui ont fond\u00e9 leur union. Ils affirment qu\u2019A\u00efda Mbodji reste la seule l\u00e9gitime \u00e0 la t\u00eate de la structure et rappellent que le processus de restructuration \u00e9tait d\u00e9j\u00e0 en cours sous sa supervision. Les textes fondateurs charte, r\u00e8glement int\u00e9rieur et structuration interne auraient d\u00e9j\u00e0 \u00e9t\u00e9 \u00e9labor\u00e9s et partag\u00e9s entre les membres, ne n\u00e9cessitant plus qu\u2019une validation collective.<\/p>\n\n\n\n<p>Selon certaines sources, le nom de la future coalition, \u00ab Alliance patriotique pour le travail et l\u2019\u00e9thique \u00bb (APTE), avait m\u00eame \u00e9t\u00e9 propos\u00e9, marquant la volont\u00e9 de tourner la page de \u00ab Diomaye Pr\u00e9sident \u00bb, dont l\u2019objectif \u00e9lectoral a \u00e9t\u00e9 atteint.<\/p>\n\n\n\n<p>Cette querelle r\u00e9v\u00e8le les tensions latentes entre la Pr\u00e9sidence et le Pastef, qui craignent chacun une perte d\u2019influence dans la recomposition du pouvoir. En toile de fond, se joue un \u00e9quilibre d\u00e9licat entre la l\u00e9gitimit\u00e9 institutionnelle du pr\u00e9sident et la l\u00e9gitimit\u00e9 militante de son Premier ministre, figure charismatique du camp patriotique.<\/p>\n\n\n\n<p>Alors que les deux hommes avaient b\u00e2ti leur victoire sur une promesse d\u2019unit\u00e9 et de rupture, cet \u00e9pisode montre que la cohabitation au sommet de l\u2019\u00c9tat risque d\u2019\u00eatre plus complexe que pr\u00e9vu.<\/p>\n\n\n\n<p><strong>La R\u00e9daction<\/strong><\/p>\n","protected":false},"excerpt":{"rendered":"<p>Un vent de discorde souffle au sein de la majorit\u00e9 s\u00e9n\u00e9galaise. Le pr\u00e9sident Bassirou Diomaye Faye et son<\/p>\n","protected":false},"author":3,"featured_media":0,"comment_status":"open","ping_status":"open","sticky":false,"template":"","format":"standard","meta":{"footnotes":""},"categories":[36,9],"tags":[],"class_list":["post-697","post","type-post","status-publish","format-standard","hentry","category-exclusif","category-politique"],"yoast_head":"<!-- This site is optimized with the Yoast SEO plugin v26.0 - https:\/\/yoast.com\/wordpress\/plugins\/seo\/ -->\n<title>Coalition \u00ab Diomaye Pr\u00e9sident \u00bb : le d\u00e9saccord s\u2019installe entre Bassirou Diomaye Faye et Ousmane Sonko - Actualit\u00e9s Africaines<\/title>\n<meta name=\"robots\" content=\"index, follow, max-snippet:-1, max-image-preview:large, max-video-preview:-1\" \/>\n<link rel=\"canonical\" href=\"https:\/\/www.africascoop.net\/index.php\/2025\/11\/12\/coalition-diomaye-president-le-desaccord-sinstalle-entre-bassirou-diomaye-faye-et-ousmane-sonko\/\" \/>\n<meta property=\"og:locale\" content=\"fr_FR\" \/>\n<meta property=\"og:type\" content=\"article\" \/>\n<meta property=\"og:title\" content=\"Coalition \u00ab Diomaye Pr\u00e9sident \u00bb : le d\u00e9saccord s\u2019installe entre Bassirou Diomaye Faye et Ousmane Sonko - Actualit\u00e9s Africaines\" \/>\n<meta property=\"og:description\" content=\"Un vent de discorde souffle au sein de la majorit\u00e9 s\u00e9n\u00e9galaise. Le pr\u00e9sident Bassirou Diomaye Faye et son\" \/>\n<meta property=\"og:url\" content=\"https:\/\/www.africascoop.net\/index.php\/2025\/11\/12\/coalition-diomaye-president-le-desaccord-sinstalle-entre-bassirou-diomaye-faye-et-ousmane-sonko\/\" \/>\n<meta property=\"og:site_name\" content=\"Actualit\u00e9s Africaines\" \/>\n<meta property=\"article:published_time\" content=\"2025-11-12T11:47:59+00:00\" \/>\n<meta property=\"article:modified_time\" content=\"2025-11-12T11:48:05+00:00\" \/>\n<meta property=\"og:image\" content=\"https:\/\/www.africascoop.net\/wp-content\/uploads\/2025\/11\/senegal-1024x576.jpg\" \/>\n<meta name=\"author\" content=\"Africascoop\" \/>\n<meta name=\"twitter:card\" content=\"summary_large_image\" \/>\n<meta name=\"twitter:label1\" content=\"\u00c9crit par\" \/>\n\t<meta name=\"twitter:data1\" content=\"Africascoop\" \/>\n\t<meta name=\"twitter:label2\" content=\"Dur\u00e9e de lecture estim\u00e9e\" \/>\n\t<meta name=\"twitter:data2\" content=\"3 minutes\" \/>\n<script type=\"application\/ld+json\" class=\"yoast-schema-graph\">{\"@context\":\"https:\/\/schema.org\",\"@graph\":[{\"@type\":\"Article\",\"@id\":\"https:\/\/www.africascoop.net\/index.php\/2025\/11\/12\/coalition-diomaye-president-le-desaccord-sinstalle-entre-bassirou-diomaye-faye-et-ousmane-sonko\/#article\",\"isPartOf\":{\"@id\":\"https:\/\/www.africascoop.net\/index.php\/2025\/11\/12\/coalition-diomaye-president-le-desaccord-sinstalle-entre-bassirou-diomaye-faye-et-ousmane-sonko\/\"},\"author\":{\"name\":\"Africascoop\",\"@id\":\"https:\/\/www.africascoop.net\/#\/schema\/person\/2cbcc632c110d739d93a6b196c67230a\"},\"headline\":\"Coalition \u00ab Diomaye Pr\u00e9sident \u00bb : le d\u00e9saccord s\u2019installe entre Bassirou Diomaye Faye et Ousmane Sonko\",\"datePublished\":\"2025-11-12T11:47:59+00:00\",\"dateModified\":\"2025-11-12T11:48:05+00:00\",\"mainEntityOfPage\":{\"@id\":\"https:\/\/www.africascoop.net\/index.php\/2025\/11\/12\/coalition-diomaye-president-le-desaccord-sinstalle-entre-bassirou-diomaye-faye-et-ousmane-sonko\/\"},\"wordCount\":475,\"commentCount\":0,\"publisher\":{\"@id\":\"https:\/\/www.africascoop.net\/#organization\"},\"image\":{\"@id\":\"https:\/\/www.africascoop.net\/index.php\/2025\/11\/12\/coalition-diomaye-president-le-desaccord-sinstalle-entre-bassirou-diomaye-faye-et-ousmane-sonko\/#primaryimage\"},\"thumbnailUrl\":\"https:\/\/www.africascoop.net\/wp-content\/uploads\/2025\/11\/senegal-1024x576.jpg\",\"articleSection\":[\"Exclusif\",\"Politique\"],\"inLanguage\":\"fr-FR\",\"potentialAction\":[{\"@type\":\"CommentAction\",\"name\":\"Comment\",\"target\":[\"https:\/\/www.africascoop.net\/index.php\/2025\/11\/12\/coalition-diomaye-president-le-desaccord-sinstalle-entre-bassirou-diomaye-faye-et-ousmane-sonko\/#respond\"]}]},{\"@type\":\"WebPage\",\"@id\":\"https:\/\/www.africascoop.net\/index.php\/2025\/11\/12\/coalition-diomaye-president-le-desaccord-sinstalle-entre-bassirou-diomaye-faye-et-ousmane-sonko\/\",\"url\":\"https:\/\/www.africascoop.net\/index.php\/2025\/11\/12\/coalition-diomaye-president-le-desaccord-sinstalle-entre-bassirou-diomaye-faye-et-ousmane-sonko\/\",\"name\":\"Coalition \u00ab Diomaye Pr\u00e9sident \u00bb : le d\u00e9saccord s\u2019installe entre Bassirou Diomaye Faye et Ousmane Sonko - Actualit\u00e9s Africaines\",\"isPartOf\":{\"@id\":\"https:\/\/www.africascoop.net\/#website\"},\"primaryImageOfPage\":{\"@id\":\"https:\/\/www.africascoop.net\/index.php\/2025\/11\/12\/coalition-diomaye-president-le-desaccord-sinstalle-entre-bassirou-diomaye-faye-et-ousmane-sonko\/#primaryimage\"},\"image\":{\"@id\":\"https:\/\/www.africascoop.net\/index.php\/2025\/11\/12\/coalition-diomaye-president-le-desaccord-sinstalle-entre-bassirou-diomaye-faye-et-ousmane-sonko\/#primaryimage\"},\"thumbnailUrl\":\"https:\/\/www.africascoop.net\/wp-content\/uploads\/2025\/11\/senegal-1024x576.jpg\",\"datePublished\":\"2025-11-12T11:47:59+00:00\",\"dateModified\":\"2025-11-12T11:48:05+00:00\",\"breadcrumb\":{\"@id\":\"https:\/\/www.africascoop.net\/index.php\/2025\/11\/12\/coalition-diomaye-president-le-desaccord-sinstalle-entre-bassirou-diomaye-faye-et-ousmane-sonko\/#breadcrumb\"},\"inLanguage\":\"fr-FR\",\"potentialAction\":[{\"@type\":\"ReadAction\",\"target\":[\"https:\/\/www.africascoop.net\/index.php\/2025\/11\/12\/coalition-diomaye-president-le-desaccord-sinstalle-entre-bassirou-diomaye-faye-et-ousmane-sonko\/\"]}]},{\"@type\":\"ImageObject\",\"inLanguage\":\"fr-FR\",\"@id\":\"https:\/\/www.africascoop.net\/index.php\/2025\/11\/12\/coalition-diomaye-president-le-desaccord-sinstalle-entre-bassirou-diomaye-faye-et-ousmane-sonko\/#primaryimage\",\"url\":\"https:\/\/www.africascoop.net\/wp-content\/uploads\/2025\/11\/senegal.jpg\",\"contentUrl\":\"https:\/\/www.africascoop.net\/wp-content\/uploads\/2025\/11\/senegal.jpg\",\"width\":1366,\"height\":768},{\"@type\":\"BreadcrumbList\",\"@id\":\"https:\/\/www.africascoop.net\/index.php\/2025\/11\/12\/coalition-diomaye-president-le-desaccord-sinstalle-entre-bassirou-diomaye-faye-et-ousmane-sonko\/#breadcrumb\",\"itemListElement\":[{\"@type\":\"ListItem\",\"position\":1,\"name\":\"Accueil\",\"item\":\"https:\/\/www.africascoop.net\/\"},{\"@type\":\"ListItem\",\"position\":2,\"name\":\"Coalition \u00ab Diomaye Pr\u00e9sident \u00bb : le d\u00e9saccord s\u2019installe entre Bassirou Diomaye Faye et Ousmane Sonko\"}]},{\"@type\":\"WebSite\",\"@id\":\"https:\/\/www.africascoop.net\/#website\",\"url\":\"https:\/\/www.africascoop.net\/\",\"name\":\"Actualit\u00e9s Africaines\",\"description\":\"\",\"publisher\":{\"@id\":\"https:\/\/www.africascoop.net\/#organization\"},\"potentialAction\":[{\"@type\":\"SearchAction\",\"target\":{\"@type\":\"EntryPoint\",\"urlTemplate\":\"https:\/\/www.africascoop.net\/?s={search_term_string}\"},\"query-input\":{\"@type\":\"PropertyValueSpecification\",\"valueRequired\":true,\"valueName\":\"search_term_string\"}}],\"inLanguage\":\"fr-FR\"},{\"@type\":\"Organization\",\"@id\":\"https:\/\/www.africascoop.net\/#organization\",\"name\":\"Actualit\u00e9s Africaines\",\"url\":\"https:\/\/www.africascoop.net\/\",\"logo\":{\"@type\":\"ImageObject\",\"inLanguage\":\"fr-FR\",\"@id\":\"https:\/\/www.africascoop.net\/#\/schema\/logo\/image\/\",\"url\":\"https:\/\/www.africascoop.net\/wp-content\/uploads\/2025\/09\/cropped-logo-2.jpg\",\"contentUrl\":\"https:\/\/www.africascoop.net\/wp-content\/uploads\/2025\/09\/cropped-logo-2.jpg\",\"width\":945,\"height\":591,\"caption\":\"Actualit\u00e9s Africaines\"},\"image\":{\"@id\":\"https:\/\/www.africascoop.net\/#\/schema\/logo\/image\/\"}},{\"@type\":\"Person\",\"@id\":\"https:\/\/www.africascoop.net\/#\/schema\/person\/2cbcc632c110d739d93a6b196c67230a\",\"name\":\"Africascoop\",\"image\":{\"@type\":\"ImageObject\",\"inLanguage\":\"fr-FR\",\"@id\":\"https:\/\/www.africascoop.net\/#\/schema\/person\/image\/\",\"url\":\"https:\/\/secure.gravatar.com\/avatar\/230d851f5173f64fe9487b948bd2daf02707ef49aea942bc1bdad649c82025b9?s=96&d=mm&r=g\",\"contentUrl\":\"https:\/\/secure.gravatar.com\/avatar\/230d851f5173f64fe9487b948bd2daf02707ef49aea942bc1bdad649c82025b9?s=96&d=mm&r=g\",\"caption\":\"Africascoop\"},\"url\":\"https:\/\/www.africascoop.net\/index.php\/author\/jul\/\"}]}<\/script>\n<!-- \/ Yoast SEO plugin. -->","yoast_head_json":{"title":"Coalition \u00ab Diomaye Pr\u00e9sident \u00bb : le d\u00e9saccord s\u2019installe entre Bassirou Diomaye Faye et Ousmane Sonko - Actualit\u00e9s Africaines","robots":{"index":"index","follow":"follow","max-snippet":"max-snippet:-1","max-image-preview":"max-image-preview:large","max-video-preview":"max-video-preview:-1"},"canonical":"https:\/\/www.africascoop.net\/index.php\/2025\/11\/12\/coalition-diomaye-president-le-desaccord-sinstalle-entre-bassirou-diomaye-faye-et-ousmane-sonko\/","og_locale":"fr_FR","og_type":"article","og_title":"Coalition \u00ab Diomaye Pr\u00e9sident \u00bb : le d\u00e9saccord s\u2019installe entre Bassirou Diomaye Faye et Ousmane Sonko - Actualit\u00e9s Africaines","og_description":"Un vent de discorde souffle au sein de la majorit\u00e9 s\u00e9n\u00e9galaise. Le pr\u00e9sident Bassirou Diomaye Faye et son","og_url":"https:\/\/www.africascoop.net\/index.php\/2025\/11\/12\/coalition-diomaye-president-le-desaccord-sinstalle-entre-bassirou-diomaye-faye-et-ousmane-sonko\/","og_site_name":"Actualit\u00e9s Africaines","article_published_time":"2025-11-12T11:47:59+00:00","article_modified_time":"2025-11-12T11:48:05+00:00","og_image":[{"url":"https:\/\/www.africascoop.net\/wp-content\/uploads\/2025\/11\/senegal-1024x576.jpg","type":"","width":"","height":""}],"author":"Africascoop","twitter_card":"summary_large_image","twitter_misc":{"\u00c9crit par":"Africascoop","Dur\u00e9e de lecture estim\u00e9e":"3 minutes"},"schema":{"@context":"https:\/\/schema.org","@graph":[{"@type":"Article","@id":"https:\/\/www.africascoop.net\/index.php\/2025\/11\/12\/coalition-diomaye-president-le-desaccord-sinstalle-entre-bassirou-diomaye-faye-et-ousmane-sonko\/#article","isPartOf":{"@id":"https:\/\/www.africascoop.net\/index.php\/2025\/11\/12\/coalition-diomaye-president-le-desaccord-sinstalle-entre-bassirou-diomaye-faye-et-ousmane-sonko\/"},"author":{"name":"Africascoop","@id":"https:\/\/www.africascoop.net\/#\/schema\/person\/2cbcc632c110d739d93a6b196c67230a"},"headline":"Coalition \u00ab Diomaye Pr\u00e9sident \u00bb : le d\u00e9saccord s\u2019installe entre Bassirou Diomaye Faye et Ousmane Sonko","datePublished":"2025-11-12T11:47:59+00:00","dateModified":"2025-11-12T11:48:05+00:00","mainEntityOfPage":{"@id":"https:\/\/www.africascoop.net\/index.php\/2025\/11\/12\/coalition-diomaye-president-le-desaccord-sinstalle-entre-bassirou-diomaye-faye-et-ousmane-sonko\/"},"wordCount":475,"commentCount":0,"publisher":{"@id":"https:\/\/www.africascoop.net\/#organization"},"image":{"@id":"https:\/\/www.africascoop.net\/index.php\/2025\/11\/12\/coalition-diomaye-president-le-desaccord-sinstalle-entre-bassirou-diomaye-faye-et-ousmane-sonko\/#primaryimage"},"thumbnailUrl":"https:\/\/www.africascoop.net\/wp-content\/uploads\/2025\/11\/senegal-1024x576.jpg","articleSection":["Exclusif","Politique"],"inLanguage":"fr-FR","potentialAction":[{"@type":"CommentAction","name":"Comment","target":["https:\/\/www.africascoop.net\/index.php\/2025\/11\/12\/coalition-diomaye-president-le-desaccord-sinstalle-entre-bassirou-diomaye-faye-et-ousmane-sonko\/#respond"]}]},{"@type":"WebPage","@id":"https:\/\/www.africascoop.net\/index.php\/2025\/11\/12\/coalition-diomaye-president-le-desaccord-sinstalle-entre-bassirou-diomaye-faye-et-ousmane-sonko\/","url":"https:\/\/www.africascoop.net\/index.php\/2025\/11\/12\/coalition-diomaye-president-le-desaccord-sinstalle-entre-bassirou-diomaye-faye-et-ousmane-sonko\/","name":"Coalition \u00ab Diomaye Pr\u00e9sident \u00bb : le d\u00e9saccord s\u2019installe entre Bassirou Diomaye Faye et Ousmane Sonko - Actualit\u00e9s Africaines","isPartOf":{"@id":"https:\/\/www.africascoop.net\/#website"},"primaryImageOfPage":{"@id":"https:\/\/www.africascoop.net\/index.php\/2025\/11\/12\/coalition-diomaye-president-le-desaccord-sinstalle-entre-bassirou-diomaye-faye-et-ousmane-sonko\/#primaryimage"},"image":{"@id":"https:\/\/www.africascoop.net\/index.php\/2025\/11\/12\/coalition-diomaye-president-le-desaccord-sinstalle-entre-bassirou-diomaye-faye-et-ousmane-sonko\/#primaryimage"},"thumbnailUrl":"https:\/\/www.africascoop.net\/wp-content\/uploads\/2025\/11\/senegal-1024x576.jpg","datePublished":"2025-11-12T11:47:59+00:00","dateModified":"2025-11-12T11:48:05+00:00","breadcrumb":{"@id":"https:\/\/www.africascoop.net\/index.php\/2025\/11\/12\/coalition-diomaye-president-le-desaccord-sinstalle-entre-bassirou-diomaye-faye-et-ousmane-sonko\/#breadcrumb"},"inLanguage":"fr-FR","potentialAction":[{"@type":"ReadAction","target":["https:\/\/www.africascoop.net\/index.php\/2025\/11\/12\/coalition-diomaye-president-le-desaccord-sinstalle-entre-bassirou-diomaye-faye-et-ousmane-sonko\/"]}]},{"@type":"ImageObject","inLanguage":"fr-FR","@id":"https:\/\/www.africascoop.net\/index.php\/2025\/11\/12\/coalition-diomaye-president-le-desaccord-sinstalle-entre-bassirou-diomaye-faye-et-ousmane-sonko\/#primaryimage","url":"https:\/\/www.africascoop.net\/wp-content\/uploads\/2025\/11\/senegal.jpg","contentUrl":"https:\/\/www.africascoop.net\/wp-content\/uploads\/2025\/11\/senegal.jpg","width":1366,"height":768},{"@type":"BreadcrumbList","@id":"https:\/\/www.africascoop.net\/index.php\/2025\/11\/12\/coalition-diomaye-president-le-desaccord-sinstalle-entre-bassirou-diomaye-faye-et-ousmane-sonko\/#breadcrumb","itemListElement":[{"@type":"ListItem","position":1,"name":"Accueil","item":"https:\/\/www.africascoop.net\/"},{"@type":"ListItem","position":2,"name":"Coalition \u00ab Diomaye Pr\u00e9sident \u00bb : le d\u00e9saccord s\u2019installe entre Bassirou Diomaye Faye et Ousmane Sonko"}]},{"@type":"WebSite","@id":"https:\/\/www.africascoop.net\/#website","url":"https:\/\/www.africascoop.net\/","name":"Actualit\u00e9s Africaines","description":"","publisher":{"@id":"https:\/\/www.africascoop.net\/#organization"},"potentialAction":[{"@type":"SearchAction","target":{"@type":"EntryPoint","urlTemplate":"https:\/\/www.africascoop.net\/?s={search_term_string}"},"query-input":{"@type":"PropertyValueSpecification","valueRequired":true,"valueName":"search_term_string"}}],"inLanguage":"fr-FR"},{"@type":"Organization","@id":"https:\/\/www.africascoop.net\/#organization","name":"Actualit\u00e9s Africaines","url":"https:\/\/www.africascoop.net\/","logo":{"@type":"ImageObject","inLanguage":"fr-FR","@id":"https:\/\/www.africascoop.net\/#\/schema\/logo\/image\/","url":"https:\/\/www.africascoop.net\/wp-content\/uploads\/2025\/09\/cropped-logo-2.jpg","contentUrl":"https:\/\/www.africascoop.net\/wp-content\/uploads\/2025\/09\/cropped-logo-2.jpg","width":945,"height":591,"caption":"Actualit\u00e9s Africaines"},"image":{"@id":"https:\/\/www.africascoop.net\/#\/schema\/logo\/image\/"}},{"@type":"Person","@id":"https:\/\/www.africascoop.net\/#\/schema\/person\/2cbcc632c110d739d93a6b196c67230a","name":"Africascoop","image":{"@type":"ImageObject","inLanguage":"fr-FR","@id":"https:\/\/www.africascoop.net\/#\/schema\/person\/image\/","url":"https:\/\/secure.gravatar.com\/avatar\/230d851f5173f64fe9487b948bd2daf02707ef49aea942bc1bdad649c82025b9?s=96&d=mm&r=g","contentUrl":"https:\/\/secure.gravatar.com\/avatar\/230d851f5173f64fe9487b948bd2daf02707ef49aea942bc1bdad649c82025b9?s=96&d=mm&r=g","caption":"Africascoop"},"url":"https:\/\/www.africascoop.net\/index.php\/author\/jul\/"}]}},"_links":{"self":[{"href":"https:\/\/www.africascoop.net\/index.php\/wp-json\/wp\/v2\/posts\/697","targetHints":{"allow":["GET"]}}],"collection":[{"href":"https:\/\/www.africascoop.net\/index.php\/wp-json\/wp\/v2\/posts"}],"about":[{"href":"https:\/\/www.africascoop.net\/index.php\/wp-json\/wp\/v2\/types\/post"}],"author":[{"embeddable":true,"href":"https:\/\/www.africascoop.net\/index.php\/wp-json\/wp\/v2\/users\/3"}],"replies":[{"embeddable":true,"href":"https:\/\/www.africascoop.net\/index.php\/wp-json\/wp\/v2\/comments?post=697"}],"version-history":[{"count":1,"href":"https:\/\/www.africascoop.net\/index.php\/wp-json\/wp\/v2\/posts\/697\/revisions"}],"predecessor-version":[{"id":699,"href":"https:\/\/www.africascoop.net\/index.php\/wp-json\/wp\/v2\/posts\/697\/revisions\/699"}],"wp:attachment":[{"href":"https:\/\/www.africascoop.net\/index.php\/wp-json\/wp\/v2\/media?parent=697"}],"wp:term":[{"taxonomy":"category","embeddable":true,"href":"https:\/\/www.africascoop.net\/index.php\/wp-json\/wp\/v2\/categories?post=697"},{"taxonomy":"post_tag","embeddable":true,"href":"https:\/\/www.africascoop.net\/index.php\/wp-json\/wp\/v2\/tags?post=697"}],"curies":[{"name":"wp","href":"https:\/\/api.w.org\/{rel}","templated":true}]}}