{"id":716,"date":"2025-11-13T21:35:59","date_gmt":"2025-11-13T21:35:59","guid":{"rendered":"https:\/\/www.africascoop.net\/?p=716"},"modified":"2025-11-13T21:37:11","modified_gmt":"2025-11-13T21:37:11","slug":"lutte-contre-le-terrorisme-le-nigeria-et-le-mali-pronent-une-alliance-strategique","status":"publish","type":"post","link":"https:\/\/www.africascoop.net\/index.php\/2025\/11\/13\/lutte-contre-le-terrorisme-le-nigeria-et-le-mali-pronent-une-alliance-strategique\/","title":{"rendered":"Lutte contre le terrorisme : le Nigeria et le Mali pr\u00f4nent une alliance strat\u00e9gique"},"content":{"rendered":"\n<figure class=\"wp-block-image size-large\"><img loading=\"lazy\" decoding=\"async\" width=\"1024\" height=\"576\" src=\"https:\/\/www.africascoop.net\/wp-content\/uploads\/2025\/11\/armee-1024x576.jpg\" alt=\"\" class=\"wp-image-719\" srcset=\"https:\/\/www.africascoop.net\/wp-content\/uploads\/2025\/11\/armee-1024x576.jpg 1024w, https:\/\/www.africascoop.net\/wp-content\/uploads\/2025\/11\/armee-300x169.jpg 300w, https:\/\/www.africascoop.net\/wp-content\/uploads\/2025\/11\/armee-768x432.jpg 768w, https:\/\/www.africascoop.net\/wp-content\/uploads\/2025\/11\/armee.jpg 1366w\" sizes=\"auto, (max-width: 1024px) 100vw, 1024px\" \/><\/figure>\n\n\n\n<p><strong>En marge de la premi\u00e8re \u00e9dition du Salon de la D\u00e9fense et de la S\u00e9curit\u00e9 (BAMEX), le Premier ministre malien, le G\u00e9n\u00e9ral de Division Abdoulaye Ma\u00efga, a re\u00e7u en audience, ce jeudi 13 novembre 2025, l\u2019Honorable Muhammed Badaru Abubakar, ministre de la D\u00e9fense de la R\u00e9publique f\u00e9d\u00e9rale du Nigeria.<\/strong><\/p>\n\n\n\n<p>Introduit par le G\u00e9n\u00e9ral de Corps d\u2019Arm\u00e9e Sadio Camara, ministre malien de la D\u00e9fense et des Anciens Combattants, le ministre nig\u00e9rian a plaid\u00e9 pour une synergie d\u2019action r\u00e9gionale face \u00e0 la mont\u00e9e du terrorisme au Sahel. \u00ab Nous sommes les m\u00eames peuples divis\u00e9s par des fronti\u00e8res. Il est n\u00e9cessaire de renforcer nos relations et de mutualiser nos efforts \u00bb, a-t-il d\u00e9clar\u00e9, soulignant l\u2019urgence d\u2019une alliance concr\u00e8te entre le Nigeria, le Mali et les pays membres de l\u2019Alliance des \u00c9tats du Sahel (AES).<\/p>\n\n\n\n<p>Le Premier ministre Abdoulaye Ma\u00efga a salu\u00e9 cette d\u00e9marche qu\u2019il a qualifi\u00e9e de constructive et fraternelle, rappelant que la nouvelle dynamique malienne repose sur une strat\u00e9gie autonome et coordonn\u00e9e au sein de l\u2019AES. Il a r\u00e9affirm\u00e9 la disponibilit\u00e9 du Mali \u00e0 coop\u00e9rer avec tous les pays partageant les m\u00eames objectifs, dans le strict respect de la souverainet\u00e9 nationale.<\/p>\n\n\n\n<p>L\u2019audience s\u2019est achev\u00e9e sur une note d\u2019optimisme et de fraternit\u00e9, les deux parties convenant que l\u2019\u00e9radication du terrorisme dans la r\u00e9gion est une mission commune et un imp\u00e9ratif pour la stabilit\u00e9 de l\u2019Afrique de l\u2019Ouest.<\/p>\n\n\n\n<p>Par&nbsp;ABK<\/p>\n","protected":false},"excerpt":{"rendered":"<p>En marge de la premi\u00e8re \u00e9dition du Salon de la D\u00e9fense et de la S\u00e9curit\u00e9 (BAMEX), le Premier<\/p>\n","protected":false},"author":3,"featured_media":0,"comment_status":"open","ping_status":"open","sticky":false,"template":"","format":"standard","meta":{"footnotes":""},"categories":[36,7],"tags":[],"class_list":["post-716","post","type-post","status-publish","format-standard","hentry","category-exclusif","category-securite"],"yoast_head":"<!-- This site is optimized with the Yoast SEO plugin v26.0 - https:\/\/yoast.com\/wordpress\/plugins\/seo\/ -->\n<title>Lutte contre le terrorisme : le Nigeria et le Mali pr\u00f4nent une alliance strat\u00e9gique - Actualit\u00e9s Africaines<\/title>\n<meta name=\"robots\" content=\"index, follow, max-snippet:-1, max-image-preview:large, max-video-preview:-1\" \/>\n<link rel=\"canonical\" href=\"https:\/\/www.africascoop.net\/index.php\/2025\/11\/13\/lutte-contre-le-terrorisme-le-nigeria-et-le-mali-pronent-une-alliance-strategique\/\" \/>\n<meta property=\"og:locale\" content=\"fr_FR\" \/>\n<meta property=\"og:type\" content=\"article\" \/>\n<meta property=\"og:title\" content=\"Lutte contre le terrorisme : le Nigeria et le Mali pr\u00f4nent une alliance strat\u00e9gique - Actualit\u00e9s Africaines\" \/>\n<meta property=\"og:description\" content=\"En marge de la premi\u00e8re \u00e9dition du Salon de la D\u00e9fense et de la S\u00e9curit\u00e9 (BAMEX), le Premier\" \/>\n<meta property=\"og:url\" content=\"https:\/\/www.africascoop.net\/index.php\/2025\/11\/13\/lutte-contre-le-terrorisme-le-nigeria-et-le-mali-pronent-une-alliance-strategique\/\" \/>\n<meta property=\"og:site_name\" content=\"Actualit\u00e9s Africaines\" \/>\n<meta property=\"article:published_time\" content=\"2025-11-13T21:35:59+00:00\" \/>\n<meta property=\"article:modified_time\" content=\"2025-11-13T21:37:11+00:00\" \/>\n<meta property=\"og:image\" content=\"https:\/\/www.africascoop.net\/wp-content\/uploads\/2025\/11\/armee-1024x576.jpg\" \/>\n<meta name=\"author\" content=\"Africascoop\" \/>\n<meta name=\"twitter:card\" content=\"summary_large_image\" \/>\n<meta name=\"twitter:label1\" content=\"\u00c9crit par\" \/>\n\t<meta name=\"twitter:data1\" content=\"Africascoop\" \/>\n\t<meta name=\"twitter:label2\" content=\"Dur\u00e9e de lecture estim\u00e9e\" \/>\n\t<meta name=\"twitter:data2\" content=\"2 minutes\" \/>\n<script type=\"application\/ld+json\" class=\"yoast-schema-graph\">{\"@context\":\"https:\/\/schema.org\",\"@graph\":[{\"@type\":\"Article\",\"@id\":\"https:\/\/www.africascoop.net\/index.php\/2025\/11\/13\/lutte-contre-le-terrorisme-le-nigeria-et-le-mali-pronent-une-alliance-strategique\/#article\",\"isPartOf\":{\"@id\":\"https:\/\/www.africascoop.net\/index.php\/2025\/11\/13\/lutte-contre-le-terrorisme-le-nigeria-et-le-mali-pronent-une-alliance-strategique\/\"},\"author\":{\"name\":\"Africascoop\",\"@id\":\"https:\/\/www.africascoop.net\/#\/schema\/person\/2cbcc632c110d739d93a6b196c67230a\"},\"headline\":\"Lutte contre le terrorisme : le Nigeria et le Mali pr\u00f4nent une alliance strat\u00e9gique\",\"datePublished\":\"2025-11-13T21:35:59+00:00\",\"dateModified\":\"2025-11-13T21:37:11+00:00\",\"mainEntityOfPage\":{\"@id\":\"https:\/\/www.africascoop.net\/index.php\/2025\/11\/13\/lutte-contre-le-terrorisme-le-nigeria-et-le-mali-pronent-une-alliance-strategique\/\"},\"wordCount\":285,\"commentCount\":0,\"publisher\":{\"@id\":\"https:\/\/www.africascoop.net\/#organization\"},\"image\":{\"@id\":\"https:\/\/www.africascoop.net\/index.php\/2025\/11\/13\/lutte-contre-le-terrorisme-le-nigeria-et-le-mali-pronent-une-alliance-strategique\/#primaryimage\"},\"thumbnailUrl\":\"https:\/\/www.africascoop.net\/wp-content\/uploads\/2025\/11\/armee-1024x576.jpg\",\"articleSection\":[\"Exclusif\",\"S\u00e9curit\u00e9\"],\"inLanguage\":\"fr-FR\",\"potentialAction\":[{\"@type\":\"CommentAction\",\"name\":\"Comment\",\"target\":[\"https:\/\/www.africascoop.net\/index.php\/2025\/11\/13\/lutte-contre-le-terrorisme-le-nigeria-et-le-mali-pronent-une-alliance-strategique\/#respond\"]}]},{\"@type\":\"WebPage\",\"@id\":\"https:\/\/www.africascoop.net\/index.php\/2025\/11\/13\/lutte-contre-le-terrorisme-le-nigeria-et-le-mali-pronent-une-alliance-strategique\/\",\"url\":\"https:\/\/www.africascoop.net\/index.php\/2025\/11\/13\/lutte-contre-le-terrorisme-le-nigeria-et-le-mali-pronent-une-alliance-strategique\/\",\"name\":\"Lutte contre le terrorisme : le Nigeria et le Mali pr\u00f4nent une alliance strat\u00e9gique - Actualit\u00e9s Africaines\",\"isPartOf\":{\"@id\":\"https:\/\/www.africascoop.net\/#website\"},\"primaryImageOfPage\":{\"@id\":\"https:\/\/www.africascoop.net\/index.php\/2025\/11\/13\/lutte-contre-le-terrorisme-le-nigeria-et-le-mali-pronent-une-alliance-strategique\/#primaryimage\"},\"image\":{\"@id\":\"https:\/\/www.africascoop.net\/index.php\/2025\/11\/13\/lutte-contre-le-terrorisme-le-nigeria-et-le-mali-pronent-une-alliance-strategique\/#primaryimage\"},\"thumbnailUrl\":\"https:\/\/www.africascoop.net\/wp-content\/uploads\/2025\/11\/armee-1024x576.jpg\",\"datePublished\":\"2025-11-13T21:35:59+00:00\",\"dateModified\":\"2025-11-13T21:37:11+00:00\",\"breadcrumb\":{\"@id\":\"https:\/\/www.africascoop.net\/index.php\/2025\/11\/13\/lutte-contre-le-terrorisme-le-nigeria-et-le-mali-pronent-une-alliance-strategique\/#breadcrumb\"},\"inLanguage\":\"fr-FR\",\"potentialAction\":[{\"@type\":\"ReadAction\",\"target\":[\"https:\/\/www.africascoop.net\/index.php\/2025\/11\/13\/lutte-contre-le-terrorisme-le-nigeria-et-le-mali-pronent-une-alliance-strategique\/\"]}]},{\"@type\":\"ImageObject\",\"inLanguage\":\"fr-FR\",\"@id\":\"https:\/\/www.africascoop.net\/index.php\/2025\/11\/13\/lutte-contre-le-terrorisme-le-nigeria-et-le-mali-pronent-une-alliance-strategique\/#primaryimage\",\"url\":\"https:\/\/www.africascoop.net\/wp-content\/uploads\/2025\/11\/armee.jpg\",\"contentUrl\":\"https:\/\/www.africascoop.net\/wp-content\/uploads\/2025\/11\/armee.jpg\",\"width\":1366,\"height\":768},{\"@type\":\"BreadcrumbList\",\"@id\":\"https:\/\/www.africascoop.net\/index.php\/2025\/11\/13\/lutte-contre-le-terrorisme-le-nigeria-et-le-mali-pronent-une-alliance-strategique\/#breadcrumb\",\"itemListElement\":[{\"@type\":\"ListItem\",\"position\":1,\"name\":\"Accueil\",\"item\":\"https:\/\/www.africascoop.net\/\"},{\"@type\":\"ListItem\",\"position\":2,\"name\":\"Lutte contre le terrorisme : le Nigeria et le Mali pr\u00f4nent une alliance strat\u00e9gique\"}]},{\"@type\":\"WebSite\",\"@id\":\"https:\/\/www.africascoop.net\/#website\",\"url\":\"https:\/\/www.africascoop.net\/\",\"name\":\"Actualit\u00e9s Africaines\",\"description\":\"\",\"publisher\":{\"@id\":\"https:\/\/www.africascoop.net\/#organization\"},\"potentialAction\":[{\"@type\":\"SearchAction\",\"target\":{\"@type\":\"EntryPoint\",\"urlTemplate\":\"https:\/\/www.africascoop.net\/?s={search_term_string}\"},\"query-input\":{\"@type\":\"PropertyValueSpecification\",\"valueRequired\":true,\"valueName\":\"search_term_string\"}}],\"inLanguage\":\"fr-FR\"},{\"@type\":\"Organization\",\"@id\":\"https:\/\/www.africascoop.net\/#organization\",\"name\":\"Actualit\u00e9s Africaines\",\"url\":\"https:\/\/www.africascoop.net\/\",\"logo\":{\"@type\":\"ImageObject\",\"inLanguage\":\"fr-FR\",\"@id\":\"https:\/\/www.africascoop.net\/#\/schema\/logo\/image\/\",\"url\":\"https:\/\/www.africascoop.net\/wp-content\/uploads\/2025\/09\/cropped-logo-2.jpg\",\"contentUrl\":\"https:\/\/www.africascoop.net\/wp-content\/uploads\/2025\/09\/cropped-logo-2.jpg\",\"width\":945,\"height\":591,\"caption\":\"Actualit\u00e9s Africaines\"},\"image\":{\"@id\":\"https:\/\/www.africascoop.net\/#\/schema\/logo\/image\/\"}},{\"@type\":\"Person\",\"@id\":\"https:\/\/www.africascoop.net\/#\/schema\/person\/2cbcc632c110d739d93a6b196c67230a\",\"name\":\"Africascoop\",\"image\":{\"@type\":\"ImageObject\",\"inLanguage\":\"fr-FR\",\"@id\":\"https:\/\/www.africascoop.net\/#\/schema\/person\/image\/\",\"url\":\"https:\/\/secure.gravatar.com\/avatar\/230d851f5173f64fe9487b948bd2daf02707ef49aea942bc1bdad649c82025b9?s=96&d=mm&r=g\",\"contentUrl\":\"https:\/\/secure.gravatar.com\/avatar\/230d851f5173f64fe9487b948bd2daf02707ef49aea942bc1bdad649c82025b9?s=96&d=mm&r=g\",\"caption\":\"Africascoop\"},\"url\":\"https:\/\/www.africascoop.net\/index.php\/author\/jul\/\"}]}<\/script>\n<!-- \/ Yoast SEO plugin. -->","yoast_head_json":{"title":"Lutte contre le terrorisme : le Nigeria et le Mali pr\u00f4nent une alliance strat\u00e9gique - Actualit\u00e9s Africaines","robots":{"index":"index","follow":"follow","max-snippet":"max-snippet:-1","max-image-preview":"max-image-preview:large","max-video-preview":"max-video-preview:-1"},"canonical":"https:\/\/www.africascoop.net\/index.php\/2025\/11\/13\/lutte-contre-le-terrorisme-le-nigeria-et-le-mali-pronent-une-alliance-strategique\/","og_locale":"fr_FR","og_type":"article","og_title":"Lutte contre le terrorisme : le Nigeria et le Mali pr\u00f4nent une alliance strat\u00e9gique - Actualit\u00e9s Africaines","og_description":"En marge de la premi\u00e8re \u00e9dition du Salon de la D\u00e9fense et de la S\u00e9curit\u00e9 (BAMEX), le Premier","og_url":"https:\/\/www.africascoop.net\/index.php\/2025\/11\/13\/lutte-contre-le-terrorisme-le-nigeria-et-le-mali-pronent-une-alliance-strategique\/","og_site_name":"Actualit\u00e9s Africaines","article_published_time":"2025-11-13T21:35:59+00:00","article_modified_time":"2025-11-13T21:37:11+00:00","og_image":[{"url":"https:\/\/www.africascoop.net\/wp-content\/uploads\/2025\/11\/armee-1024x576.jpg","type":"","width":"","height":""}],"author":"Africascoop","twitter_card":"summary_large_image","twitter_misc":{"\u00c9crit par":"Africascoop","Dur\u00e9e de lecture estim\u00e9e":"2 minutes"},"schema":{"@context":"https:\/\/schema.org","@graph":[{"@type":"Article","@id":"https:\/\/www.africascoop.net\/index.php\/2025\/11\/13\/lutte-contre-le-terrorisme-le-nigeria-et-le-mali-pronent-une-alliance-strategique\/#article","isPartOf":{"@id":"https:\/\/www.africascoop.net\/index.php\/2025\/11\/13\/lutte-contre-le-terrorisme-le-nigeria-et-le-mali-pronent-une-alliance-strategique\/"},"author":{"name":"Africascoop","@id":"https:\/\/www.africascoop.net\/#\/schema\/person\/2cbcc632c110d739d93a6b196c67230a"},"headline":"Lutte contre le terrorisme : le Nigeria et le Mali pr\u00f4nent une alliance strat\u00e9gique","datePublished":"2025-11-13T21:35:59+00:00","dateModified":"2025-11-13T21:37:11+00:00","mainEntityOfPage":{"@id":"https:\/\/www.africascoop.net\/index.php\/2025\/11\/13\/lutte-contre-le-terrorisme-le-nigeria-et-le-mali-pronent-une-alliance-strategique\/"},"wordCount":285,"commentCount":0,"publisher":{"@id":"https:\/\/www.africascoop.net\/#organization"},"image":{"@id":"https:\/\/www.africascoop.net\/index.php\/2025\/11\/13\/lutte-contre-le-terrorisme-le-nigeria-et-le-mali-pronent-une-alliance-strategique\/#primaryimage"},"thumbnailUrl":"https:\/\/www.africascoop.net\/wp-content\/uploads\/2025\/11\/armee-1024x576.jpg","articleSection":["Exclusif","S\u00e9curit\u00e9"],"inLanguage":"fr-FR","potentialAction":[{"@type":"CommentAction","name":"Comment","target":["https:\/\/www.africascoop.net\/index.php\/2025\/11\/13\/lutte-contre-le-terrorisme-le-nigeria-et-le-mali-pronent-une-alliance-strategique\/#respond"]}]},{"@type":"WebPage","@id":"https:\/\/www.africascoop.net\/index.php\/2025\/11\/13\/lutte-contre-le-terrorisme-le-nigeria-et-le-mali-pronent-une-alliance-strategique\/","url":"https:\/\/www.africascoop.net\/index.php\/2025\/11\/13\/lutte-contre-le-terrorisme-le-nigeria-et-le-mali-pronent-une-alliance-strategique\/","name":"Lutte contre le terrorisme : le Nigeria et le Mali pr\u00f4nent une alliance strat\u00e9gique - Actualit\u00e9s Africaines","isPartOf":{"@id":"https:\/\/www.africascoop.net\/#website"},"primaryImageOfPage":{"@id":"https:\/\/www.africascoop.net\/index.php\/2025\/11\/13\/lutte-contre-le-terrorisme-le-nigeria-et-le-mali-pronent-une-alliance-strategique\/#primaryimage"},"image":{"@id":"https:\/\/www.africascoop.net\/index.php\/2025\/11\/13\/lutte-contre-le-terrorisme-le-nigeria-et-le-mali-pronent-une-alliance-strategique\/#primaryimage"},"thumbnailUrl":"https:\/\/www.africascoop.net\/wp-content\/uploads\/2025\/11\/armee-1024x576.jpg","datePublished":"2025-11-13T21:35:59+00:00","dateModified":"2025-11-13T21:37:11+00:00","breadcrumb":{"@id":"https:\/\/www.africascoop.net\/index.php\/2025\/11\/13\/lutte-contre-le-terrorisme-le-nigeria-et-le-mali-pronent-une-alliance-strategique\/#breadcrumb"},"inLanguage":"fr-FR","potentialAction":[{"@type":"ReadAction","target":["https:\/\/www.africascoop.net\/index.php\/2025\/11\/13\/lutte-contre-le-terrorisme-le-nigeria-et-le-mali-pronent-une-alliance-strategique\/"]}]},{"@type":"ImageObject","inLanguage":"fr-FR","@id":"https:\/\/www.africascoop.net\/index.php\/2025\/11\/13\/lutte-contre-le-terrorisme-le-nigeria-et-le-mali-pronent-une-alliance-strategique\/#primaryimage","url":"https:\/\/www.africascoop.net\/wp-content\/uploads\/2025\/11\/armee.jpg","contentUrl":"https:\/\/www.africascoop.net\/wp-content\/uploads\/2025\/11\/armee.jpg","width":1366,"height":768},{"@type":"BreadcrumbList","@id":"https:\/\/www.africascoop.net\/index.php\/2025\/11\/13\/lutte-contre-le-terrorisme-le-nigeria-et-le-mali-pronent-une-alliance-strategique\/#breadcrumb","itemListElement":[{"@type":"ListItem","position":1,"name":"Accueil","item":"https:\/\/www.africascoop.net\/"},{"@type":"ListItem","position":2,"name":"Lutte contre le terrorisme : le Nigeria et le Mali pr\u00f4nent une alliance strat\u00e9gique"}]},{"@type":"WebSite","@id":"https:\/\/www.africascoop.net\/#website","url":"https:\/\/www.africascoop.net\/","name":"Actualit\u00e9s Africaines","description":"","publisher":{"@id":"https:\/\/www.africascoop.net\/#organization"},"potentialAction":[{"@type":"SearchAction","target":{"@type":"EntryPoint","urlTemplate":"https:\/\/www.africascoop.net\/?s={search_term_string}"},"query-input":{"@type":"PropertyValueSpecification","valueRequired":true,"valueName":"search_term_string"}}],"inLanguage":"fr-FR"},{"@type":"Organization","@id":"https:\/\/www.africascoop.net\/#organization","name":"Actualit\u00e9s Africaines","url":"https:\/\/www.africascoop.net\/","logo":{"@type":"ImageObject","inLanguage":"fr-FR","@id":"https:\/\/www.africascoop.net\/#\/schema\/logo\/image\/","url":"https:\/\/www.africascoop.net\/wp-content\/uploads\/2025\/09\/cropped-logo-2.jpg","contentUrl":"https:\/\/www.africascoop.net\/wp-content\/uploads\/2025\/09\/cropped-logo-2.jpg","width":945,"height":591,"caption":"Actualit\u00e9s Africaines"},"image":{"@id":"https:\/\/www.africascoop.net\/#\/schema\/logo\/image\/"}},{"@type":"Person","@id":"https:\/\/www.africascoop.net\/#\/schema\/person\/2cbcc632c110d739d93a6b196c67230a","name":"Africascoop","image":{"@type":"ImageObject","inLanguage":"fr-FR","@id":"https:\/\/www.africascoop.net\/#\/schema\/person\/image\/","url":"https:\/\/secure.gravatar.com\/avatar\/230d851f5173f64fe9487b948bd2daf02707ef49aea942bc1bdad649c82025b9?s=96&d=mm&r=g","contentUrl":"https:\/\/secure.gravatar.com\/avatar\/230d851f5173f64fe9487b948bd2daf02707ef49aea942bc1bdad649c82025b9?s=96&d=mm&r=g","caption":"Africascoop"},"url":"https:\/\/www.africascoop.net\/index.php\/author\/jul\/"}]}},"_links":{"self":[{"href":"https:\/\/www.africascoop.net\/index.php\/wp-json\/wp\/v2\/posts\/716","targetHints":{"allow":["GET"]}}],"collection":[{"href":"https:\/\/www.africascoop.net\/index.php\/wp-json\/wp\/v2\/posts"}],"about":[{"href":"https:\/\/www.africascoop.net\/index.php\/wp-json\/wp\/v2\/types\/post"}],"author":[{"embeddable":true,"href":"https:\/\/www.africascoop.net\/index.php\/wp-json\/wp\/v2\/users\/3"}],"replies":[{"embeddable":true,"href":"https:\/\/www.africascoop.net\/index.php\/wp-json\/wp\/v2\/comments?post=716"}],"version-history":[{"count":2,"href":"https:\/\/www.africascoop.net\/index.php\/wp-json\/wp\/v2\/posts\/716\/revisions"}],"predecessor-version":[{"id":720,"href":"https:\/\/www.africascoop.net\/index.php\/wp-json\/wp\/v2\/posts\/716\/revisions\/720"}],"wp:attachment":[{"href":"https:\/\/www.africascoop.net\/index.php\/wp-json\/wp\/v2\/media?parent=716"}],"wp:term":[{"taxonomy":"category","embeddable":true,"href":"https:\/\/www.africascoop.net\/index.php\/wp-json\/wp\/v2\/categories?post=716"},{"taxonomy":"post_tag","embeddable":true,"href":"https:\/\/www.africascoop.net\/index.php\/wp-json\/wp\/v2\/tags?post=716"}],"curies":[{"name":"wp","href":"https:\/\/api.w.org\/{rel}","templated":true}]}}