{"id":721,"date":"2025-11-13T21:38:45","date_gmt":"2025-11-13T21:38:45","guid":{"rendered":"https:\/\/www.africascoop.net\/?p=721"},"modified":"2025-11-13T21:38:49","modified_gmt":"2025-11-13T21:38:49","slug":"affaire-amandine-deux-agents-dafrica-corps-impliques-dans-un-double-drame-a-bamako","status":"publish","type":"post","link":"https:\/\/www.africascoop.net\/index.php\/2025\/11\/13\/affaire-amandine-deux-agents-dafrica-corps-impliques-dans-un-double-drame-a-bamako\/","title":{"rendered":"Affaire Amandine : deux agents d\u2019Africa Corps impliqu\u00e9s dans un double drame \u00e0 Bamako"},"content":{"rendered":"\n<figure class=\"wp-block-image size-large\"><img loading=\"lazy\" decoding=\"async\" width=\"1024\" height=\"576\" src=\"https:\/\/www.africascoop.net\/wp-content\/uploads\/2025\/11\/africa-corp-1-1024x576.jpg\" alt=\"\" class=\"wp-image-722\" srcset=\"https:\/\/www.africascoop.net\/wp-content\/uploads\/2025\/11\/africa-corp-1-1024x576.jpg 1024w, https:\/\/www.africascoop.net\/wp-content\/uploads\/2025\/11\/africa-corp-1-300x169.jpg 300w, https:\/\/www.africascoop.net\/wp-content\/uploads\/2025\/11\/africa-corp-1-768x432.jpg 768w, https:\/\/www.africascoop.net\/wp-content\/uploads\/2025\/11\/africa-corp-1.jpg 1366w\" sizes=\"auto, (max-width: 1024px) 100vw, 1024px\" \/><\/figure>\n\n\n\n<p><strong><em>Une enqu\u00eate du journal L\u2019Ind\u00e9pendant r\u00e9v\u00e8le qu\u2019un ressortissant russe, pr\u00e9sum\u00e9 membre du groupe paramilitaire Africa Corps, est impliqu\u00e9 dans la mort d\u2019un barman arm\u00e9nien au restaurant-bar Amandine, \u00e0 Badalabougou (Bamako), dans la nuit du 5 au 6 novembre dernier.<\/em><\/strong><\/p>\n\n\n\n<p>Selon des t\u00e9moignages et les images de vid\u00e9osurveillance consult\u00e9es par le quotidien, le drame s\u2019est produit apr\u00e8s une altercation entre le Russe et le barman, Shahel Parseghian, ancien r\u00e9sident du Liban. L\u2019agresseur, apr\u00e8s avoir rou\u00e9 sa victime de coups, lui aurait tir\u00e9 dessus \u00e0 plusieurs reprises, atteignant l\u2019\u0153il, le bras et le pied. Transport\u00e9 \u00e0 l\u2019h\u00f4pital Golden Life, le barman est d\u00e9c\u00e9d\u00e9 des suites de ses blessures malgr\u00e9 une op\u00e9ration d\u2019urgence.<\/p>\n\n\n\n<p>Apr\u00e8s le meurtre, le tireur et un complice ont pris la fuite \u00e0 bord d\u2019une camionnette appartenant au restaurant. Dans leur fuite, ils ont percut\u00e9 un motocycliste sur la route de l\u2019a\u00e9roport, le tuant sur le coup.<\/p>\n\n\n\n<p>Les motivations de l\u2019agresseur demeurent inconnues. Tandis que certaines sources affirment qu\u2019il aurait quitt\u00e9 le Mali, d\u2019autres \u00e9voquent son arrestation. L\u2019ambassade de Russie \u00e0 Bamako n\u2019a pas encore comment\u00e9 l\u2019affaire.<\/p>\n\n\n\n<p>Du c\u00f4t\u00e9 du restaurant Amandine, la direction se veut discr\u00e8te, indiquant seulement que le dossier est d\u00e9sormais entre les mains d\u2019un avocat. Une source diplomatique libanaise \u00e0 Bamako a, de son c\u00f4t\u00e9, pr\u00e9cis\u00e9 que la victime n\u2019\u00e9tait pas libanaise, mais arm\u00e9nienne, tout en appelant \u00e0 ce que \u201cjustice soit faite\u201d.<\/p>\n\n\n\n<p>Cette affaire, particuli\u00e8rement sensible en raison de l\u2019implication pr\u00e9sum\u00e9e de membres d\u2019Africa Corps structure rattach\u00e9e au minist\u00e8re russe de la D\u00e9fense, soul\u00e8ve d\u00e9sormais des questions juridiques : la justice malienne peut-elle juger des ressortissants \u00e9trangers employ\u00e9s par un groupe militaire alli\u00e9 ?<\/p>\n\n\n\n<p>Le quotidien L\u2019Ind\u00e9pendant annonce qu\u2019une enqu\u00eate judiciaire est en cours et que les autorit\u00e9s maliennes sont saisies du dossier.<\/p>\n\n\n\n<p>Affaire \u00e0 suivre&nbsp;!&nbsp;<\/p>\n\n\n\n<p>Par&nbsp;ABK<\/p>\n","protected":false},"excerpt":{"rendered":"<p>Une enqu\u00eate du journal L\u2019Ind\u00e9pendant r\u00e9v\u00e8le qu\u2019un ressortissant russe, pr\u00e9sum\u00e9 membre du groupe paramilitaire Africa Corps, est impliqu\u00e9<\/p>\n","protected":false},"author":3,"featured_media":0,"comment_status":"open","ping_status":"open","sticky":false,"template":"","format":"standard","meta":{"footnotes":""},"categories":[36,7],"tags":[],"class_list":["post-721","post","type-post","status-publish","format-standard","hentry","category-exclusif","category-securite"],"yoast_head":"<!-- This site is optimized with the Yoast SEO plugin v26.0 - https:\/\/yoast.com\/wordpress\/plugins\/seo\/ -->\n<title>Affaire Amandine : deux agents d\u2019Africa Corps impliqu\u00e9s dans un double drame \u00e0 Bamako - Actualit\u00e9s Africaines<\/title>\n<meta name=\"robots\" content=\"index, follow, max-snippet:-1, max-image-preview:large, max-video-preview:-1\" \/>\n<link rel=\"canonical\" href=\"https:\/\/www.africascoop.net\/index.php\/2025\/11\/13\/affaire-amandine-deux-agents-dafrica-corps-impliques-dans-un-double-drame-a-bamako\/\" \/>\n<meta property=\"og:locale\" content=\"fr_FR\" \/>\n<meta property=\"og:type\" content=\"article\" \/>\n<meta property=\"og:title\" content=\"Affaire Amandine : deux agents d\u2019Africa Corps impliqu\u00e9s dans un double drame \u00e0 Bamako - Actualit\u00e9s Africaines\" \/>\n<meta property=\"og:description\" content=\"Une enqu\u00eate du journal L\u2019Ind\u00e9pendant r\u00e9v\u00e8le qu\u2019un ressortissant russe, pr\u00e9sum\u00e9 membre du groupe paramilitaire Africa Corps, est impliqu\u00e9\" \/>\n<meta property=\"og:url\" content=\"https:\/\/www.africascoop.net\/index.php\/2025\/11\/13\/affaire-amandine-deux-agents-dafrica-corps-impliques-dans-un-double-drame-a-bamako\/\" \/>\n<meta property=\"og:site_name\" content=\"Actualit\u00e9s Africaines\" \/>\n<meta property=\"article:published_time\" content=\"2025-11-13T21:38:45+00:00\" \/>\n<meta property=\"article:modified_time\" content=\"2025-11-13T21:38:49+00:00\" \/>\n<meta property=\"og:image\" content=\"https:\/\/www.africascoop.net\/wp-content\/uploads\/2025\/11\/africa-corp-1-1024x576.jpg\" \/>\n<meta name=\"author\" content=\"Africascoop\" \/>\n<meta name=\"twitter:card\" content=\"summary_large_image\" \/>\n<meta name=\"twitter:label1\" content=\"\u00c9crit par\" \/>\n\t<meta name=\"twitter:data1\" content=\"Africascoop\" \/>\n\t<meta name=\"twitter:label2\" content=\"Dur\u00e9e de lecture estim\u00e9e\" \/>\n\t<meta name=\"twitter:data2\" content=\"2 minutes\" \/>\n<script type=\"application\/ld+json\" class=\"yoast-schema-graph\">{\"@context\":\"https:\/\/schema.org\",\"@graph\":[{\"@type\":\"Article\",\"@id\":\"https:\/\/www.africascoop.net\/index.php\/2025\/11\/13\/affaire-amandine-deux-agents-dafrica-corps-impliques-dans-un-double-drame-a-bamako\/#article\",\"isPartOf\":{\"@id\":\"https:\/\/www.africascoop.net\/index.php\/2025\/11\/13\/affaire-amandine-deux-agents-dafrica-corps-impliques-dans-un-double-drame-a-bamako\/\"},\"author\":{\"name\":\"Africascoop\",\"@id\":\"https:\/\/www.africascoop.net\/#\/schema\/person\/2cbcc632c110d739d93a6b196c67230a\"},\"headline\":\"Affaire Amandine : deux agents d\u2019Africa Corps impliqu\u00e9s dans un double drame \u00e0 Bamako\",\"datePublished\":\"2025-11-13T21:38:45+00:00\",\"dateModified\":\"2025-11-13T21:38:49+00:00\",\"mainEntityOfPage\":{\"@id\":\"https:\/\/www.africascoop.net\/index.php\/2025\/11\/13\/affaire-amandine-deux-agents-dafrica-corps-impliques-dans-un-double-drame-a-bamako\/\"},\"wordCount\":356,\"commentCount\":0,\"publisher\":{\"@id\":\"https:\/\/www.africascoop.net\/#organization\"},\"image\":{\"@id\":\"https:\/\/www.africascoop.net\/index.php\/2025\/11\/13\/affaire-amandine-deux-agents-dafrica-corps-impliques-dans-un-double-drame-a-bamako\/#primaryimage\"},\"thumbnailUrl\":\"https:\/\/www.africascoop.net\/wp-content\/uploads\/2025\/11\/africa-corp-1-1024x576.jpg\",\"articleSection\":[\"Exclusif\",\"S\u00e9curit\u00e9\"],\"inLanguage\":\"fr-FR\",\"potentialAction\":[{\"@type\":\"CommentAction\",\"name\":\"Comment\",\"target\":[\"https:\/\/www.africascoop.net\/index.php\/2025\/11\/13\/affaire-amandine-deux-agents-dafrica-corps-impliques-dans-un-double-drame-a-bamako\/#respond\"]}]},{\"@type\":\"WebPage\",\"@id\":\"https:\/\/www.africascoop.net\/index.php\/2025\/11\/13\/affaire-amandine-deux-agents-dafrica-corps-impliques-dans-un-double-drame-a-bamako\/\",\"url\":\"https:\/\/www.africascoop.net\/index.php\/2025\/11\/13\/affaire-amandine-deux-agents-dafrica-corps-impliques-dans-un-double-drame-a-bamako\/\",\"name\":\"Affaire Amandine : deux agents d\u2019Africa Corps impliqu\u00e9s dans un double drame \u00e0 Bamako - Actualit\u00e9s Africaines\",\"isPartOf\":{\"@id\":\"https:\/\/www.africascoop.net\/#website\"},\"primaryImageOfPage\":{\"@id\":\"https:\/\/www.africascoop.net\/index.php\/2025\/11\/13\/affaire-amandine-deux-agents-dafrica-corps-impliques-dans-un-double-drame-a-bamako\/#primaryimage\"},\"image\":{\"@id\":\"https:\/\/www.africascoop.net\/index.php\/2025\/11\/13\/affaire-amandine-deux-agents-dafrica-corps-impliques-dans-un-double-drame-a-bamako\/#primaryimage\"},\"thumbnailUrl\":\"https:\/\/www.africascoop.net\/wp-content\/uploads\/2025\/11\/africa-corp-1-1024x576.jpg\",\"datePublished\":\"2025-11-13T21:38:45+00:00\",\"dateModified\":\"2025-11-13T21:38:49+00:00\",\"breadcrumb\":{\"@id\":\"https:\/\/www.africascoop.net\/index.php\/2025\/11\/13\/affaire-amandine-deux-agents-dafrica-corps-impliques-dans-un-double-drame-a-bamako\/#breadcrumb\"},\"inLanguage\":\"fr-FR\",\"potentialAction\":[{\"@type\":\"ReadAction\",\"target\":[\"https:\/\/www.africascoop.net\/index.php\/2025\/11\/13\/affaire-amandine-deux-agents-dafrica-corps-impliques-dans-un-double-drame-a-bamako\/\"]}]},{\"@type\":\"ImageObject\",\"inLanguage\":\"fr-FR\",\"@id\":\"https:\/\/www.africascoop.net\/index.php\/2025\/11\/13\/affaire-amandine-deux-agents-dafrica-corps-impliques-dans-un-double-drame-a-bamako\/#primaryimage\",\"url\":\"https:\/\/www.africascoop.net\/wp-content\/uploads\/2025\/11\/africa-corp-1.jpg\",\"contentUrl\":\"https:\/\/www.africascoop.net\/wp-content\/uploads\/2025\/11\/africa-corp-1.jpg\",\"width\":1366,\"height\":768},{\"@type\":\"BreadcrumbList\",\"@id\":\"https:\/\/www.africascoop.net\/index.php\/2025\/11\/13\/affaire-amandine-deux-agents-dafrica-corps-impliques-dans-un-double-drame-a-bamako\/#breadcrumb\",\"itemListElement\":[{\"@type\":\"ListItem\",\"position\":1,\"name\":\"Accueil\",\"item\":\"https:\/\/www.africascoop.net\/\"},{\"@type\":\"ListItem\",\"position\":2,\"name\":\"Affaire Amandine : deux agents d\u2019Africa Corps impliqu\u00e9s dans un double drame \u00e0 Bamako\"}]},{\"@type\":\"WebSite\",\"@id\":\"https:\/\/www.africascoop.net\/#website\",\"url\":\"https:\/\/www.africascoop.net\/\",\"name\":\"Actualit\u00e9s Africaines\",\"description\":\"\",\"publisher\":{\"@id\":\"https:\/\/www.africascoop.net\/#organization\"},\"potentialAction\":[{\"@type\":\"SearchAction\",\"target\":{\"@type\":\"EntryPoint\",\"urlTemplate\":\"https:\/\/www.africascoop.net\/?s={search_term_string}\"},\"query-input\":{\"@type\":\"PropertyValueSpecification\",\"valueRequired\":true,\"valueName\":\"search_term_string\"}}],\"inLanguage\":\"fr-FR\"},{\"@type\":\"Organization\",\"@id\":\"https:\/\/www.africascoop.net\/#organization\",\"name\":\"Actualit\u00e9s Africaines\",\"url\":\"https:\/\/www.africascoop.net\/\",\"logo\":{\"@type\":\"ImageObject\",\"inLanguage\":\"fr-FR\",\"@id\":\"https:\/\/www.africascoop.net\/#\/schema\/logo\/image\/\",\"url\":\"https:\/\/www.africascoop.net\/wp-content\/uploads\/2025\/09\/cropped-logo-2.jpg\",\"contentUrl\":\"https:\/\/www.africascoop.net\/wp-content\/uploads\/2025\/09\/cropped-logo-2.jpg\",\"width\":945,\"height\":591,\"caption\":\"Actualit\u00e9s Africaines\"},\"image\":{\"@id\":\"https:\/\/www.africascoop.net\/#\/schema\/logo\/image\/\"}},{\"@type\":\"Person\",\"@id\":\"https:\/\/www.africascoop.net\/#\/schema\/person\/2cbcc632c110d739d93a6b196c67230a\",\"name\":\"Africascoop\",\"image\":{\"@type\":\"ImageObject\",\"inLanguage\":\"fr-FR\",\"@id\":\"https:\/\/www.africascoop.net\/#\/schema\/person\/image\/\",\"url\":\"https:\/\/secure.gravatar.com\/avatar\/230d851f5173f64fe9487b948bd2daf02707ef49aea942bc1bdad649c82025b9?s=96&d=mm&r=g\",\"contentUrl\":\"https:\/\/secure.gravatar.com\/avatar\/230d851f5173f64fe9487b948bd2daf02707ef49aea942bc1bdad649c82025b9?s=96&d=mm&r=g\",\"caption\":\"Africascoop\"},\"url\":\"https:\/\/www.africascoop.net\/index.php\/author\/jul\/\"}]}<\/script>\n<!-- \/ Yoast SEO plugin. -->","yoast_head_json":{"title":"Affaire Amandine : deux agents d\u2019Africa Corps impliqu\u00e9s dans un double drame \u00e0 Bamako - Actualit\u00e9s Africaines","robots":{"index":"index","follow":"follow","max-snippet":"max-snippet:-1","max-image-preview":"max-image-preview:large","max-video-preview":"max-video-preview:-1"},"canonical":"https:\/\/www.africascoop.net\/index.php\/2025\/11\/13\/affaire-amandine-deux-agents-dafrica-corps-impliques-dans-un-double-drame-a-bamako\/","og_locale":"fr_FR","og_type":"article","og_title":"Affaire Amandine : deux agents d\u2019Africa Corps impliqu\u00e9s dans un double drame \u00e0 Bamako - Actualit\u00e9s Africaines","og_description":"Une enqu\u00eate du journal L\u2019Ind\u00e9pendant r\u00e9v\u00e8le qu\u2019un ressortissant russe, pr\u00e9sum\u00e9 membre du groupe paramilitaire Africa Corps, est impliqu\u00e9","og_url":"https:\/\/www.africascoop.net\/index.php\/2025\/11\/13\/affaire-amandine-deux-agents-dafrica-corps-impliques-dans-un-double-drame-a-bamako\/","og_site_name":"Actualit\u00e9s Africaines","article_published_time":"2025-11-13T21:38:45+00:00","article_modified_time":"2025-11-13T21:38:49+00:00","og_image":[{"url":"https:\/\/www.africascoop.net\/wp-content\/uploads\/2025\/11\/africa-corp-1-1024x576.jpg","type":"","width":"","height":""}],"author":"Africascoop","twitter_card":"summary_large_image","twitter_misc":{"\u00c9crit par":"Africascoop","Dur\u00e9e de lecture estim\u00e9e":"2 minutes"},"schema":{"@context":"https:\/\/schema.org","@graph":[{"@type":"Article","@id":"https:\/\/www.africascoop.net\/index.php\/2025\/11\/13\/affaire-amandine-deux-agents-dafrica-corps-impliques-dans-un-double-drame-a-bamako\/#article","isPartOf":{"@id":"https:\/\/www.africascoop.net\/index.php\/2025\/11\/13\/affaire-amandine-deux-agents-dafrica-corps-impliques-dans-un-double-drame-a-bamako\/"},"author":{"name":"Africascoop","@id":"https:\/\/www.africascoop.net\/#\/schema\/person\/2cbcc632c110d739d93a6b196c67230a"},"headline":"Affaire Amandine : deux agents d\u2019Africa Corps impliqu\u00e9s dans un double drame \u00e0 Bamako","datePublished":"2025-11-13T21:38:45+00:00","dateModified":"2025-11-13T21:38:49+00:00","mainEntityOfPage":{"@id":"https:\/\/www.africascoop.net\/index.php\/2025\/11\/13\/affaire-amandine-deux-agents-dafrica-corps-impliques-dans-un-double-drame-a-bamako\/"},"wordCount":356,"commentCount":0,"publisher":{"@id":"https:\/\/www.africascoop.net\/#organization"},"image":{"@id":"https:\/\/www.africascoop.net\/index.php\/2025\/11\/13\/affaire-amandine-deux-agents-dafrica-corps-impliques-dans-un-double-drame-a-bamako\/#primaryimage"},"thumbnailUrl":"https:\/\/www.africascoop.net\/wp-content\/uploads\/2025\/11\/africa-corp-1-1024x576.jpg","articleSection":["Exclusif","S\u00e9curit\u00e9"],"inLanguage":"fr-FR","potentialAction":[{"@type":"CommentAction","name":"Comment","target":["https:\/\/www.africascoop.net\/index.php\/2025\/11\/13\/affaire-amandine-deux-agents-dafrica-corps-impliques-dans-un-double-drame-a-bamako\/#respond"]}]},{"@type":"WebPage","@id":"https:\/\/www.africascoop.net\/index.php\/2025\/11\/13\/affaire-amandine-deux-agents-dafrica-corps-impliques-dans-un-double-drame-a-bamako\/","url":"https:\/\/www.africascoop.net\/index.php\/2025\/11\/13\/affaire-amandine-deux-agents-dafrica-corps-impliques-dans-un-double-drame-a-bamako\/","name":"Affaire Amandine : deux agents d\u2019Africa Corps impliqu\u00e9s dans un double drame \u00e0 Bamako - Actualit\u00e9s Africaines","isPartOf":{"@id":"https:\/\/www.africascoop.net\/#website"},"primaryImageOfPage":{"@id":"https:\/\/www.africascoop.net\/index.php\/2025\/11\/13\/affaire-amandine-deux-agents-dafrica-corps-impliques-dans-un-double-drame-a-bamako\/#primaryimage"},"image":{"@id":"https:\/\/www.africascoop.net\/index.php\/2025\/11\/13\/affaire-amandine-deux-agents-dafrica-corps-impliques-dans-un-double-drame-a-bamako\/#primaryimage"},"thumbnailUrl":"https:\/\/www.africascoop.net\/wp-content\/uploads\/2025\/11\/africa-corp-1-1024x576.jpg","datePublished":"2025-11-13T21:38:45+00:00","dateModified":"2025-11-13T21:38:49+00:00","breadcrumb":{"@id":"https:\/\/www.africascoop.net\/index.php\/2025\/11\/13\/affaire-amandine-deux-agents-dafrica-corps-impliques-dans-un-double-drame-a-bamako\/#breadcrumb"},"inLanguage":"fr-FR","potentialAction":[{"@type":"ReadAction","target":["https:\/\/www.africascoop.net\/index.php\/2025\/11\/13\/affaire-amandine-deux-agents-dafrica-corps-impliques-dans-un-double-drame-a-bamako\/"]}]},{"@type":"ImageObject","inLanguage":"fr-FR","@id":"https:\/\/www.africascoop.net\/index.php\/2025\/11\/13\/affaire-amandine-deux-agents-dafrica-corps-impliques-dans-un-double-drame-a-bamako\/#primaryimage","url":"https:\/\/www.africascoop.net\/wp-content\/uploads\/2025\/11\/africa-corp-1.jpg","contentUrl":"https:\/\/www.africascoop.net\/wp-content\/uploads\/2025\/11\/africa-corp-1.jpg","width":1366,"height":768},{"@type":"BreadcrumbList","@id":"https:\/\/www.africascoop.net\/index.php\/2025\/11\/13\/affaire-amandine-deux-agents-dafrica-corps-impliques-dans-un-double-drame-a-bamako\/#breadcrumb","itemListElement":[{"@type":"ListItem","position":1,"name":"Accueil","item":"https:\/\/www.africascoop.net\/"},{"@type":"ListItem","position":2,"name":"Affaire Amandine : deux agents d\u2019Africa Corps impliqu\u00e9s dans un double drame \u00e0 Bamako"}]},{"@type":"WebSite","@id":"https:\/\/www.africascoop.net\/#website","url":"https:\/\/www.africascoop.net\/","name":"Actualit\u00e9s Africaines","description":"","publisher":{"@id":"https:\/\/www.africascoop.net\/#organization"},"potentialAction":[{"@type":"SearchAction","target":{"@type":"EntryPoint","urlTemplate":"https:\/\/www.africascoop.net\/?s={search_term_string}"},"query-input":{"@type":"PropertyValueSpecification","valueRequired":true,"valueName":"search_term_string"}}],"inLanguage":"fr-FR"},{"@type":"Organization","@id":"https:\/\/www.africascoop.net\/#organization","name":"Actualit\u00e9s Africaines","url":"https:\/\/www.africascoop.net\/","logo":{"@type":"ImageObject","inLanguage":"fr-FR","@id":"https:\/\/www.africascoop.net\/#\/schema\/logo\/image\/","url":"https:\/\/www.africascoop.net\/wp-content\/uploads\/2025\/09\/cropped-logo-2.jpg","contentUrl":"https:\/\/www.africascoop.net\/wp-content\/uploads\/2025\/09\/cropped-logo-2.jpg","width":945,"height":591,"caption":"Actualit\u00e9s Africaines"},"image":{"@id":"https:\/\/www.africascoop.net\/#\/schema\/logo\/image\/"}},{"@type":"Person","@id":"https:\/\/www.africascoop.net\/#\/schema\/person\/2cbcc632c110d739d93a6b196c67230a","name":"Africascoop","image":{"@type":"ImageObject","inLanguage":"fr-FR","@id":"https:\/\/www.africascoop.net\/#\/schema\/person\/image\/","url":"https:\/\/secure.gravatar.com\/avatar\/230d851f5173f64fe9487b948bd2daf02707ef49aea942bc1bdad649c82025b9?s=96&d=mm&r=g","contentUrl":"https:\/\/secure.gravatar.com\/avatar\/230d851f5173f64fe9487b948bd2daf02707ef49aea942bc1bdad649c82025b9?s=96&d=mm&r=g","caption":"Africascoop"},"url":"https:\/\/www.africascoop.net\/index.php\/author\/jul\/"}]}},"_links":{"self":[{"href":"https:\/\/www.africascoop.net\/index.php\/wp-json\/wp\/v2\/posts\/721","targetHints":{"allow":["GET"]}}],"collection":[{"href":"https:\/\/www.africascoop.net\/index.php\/wp-json\/wp\/v2\/posts"}],"about":[{"href":"https:\/\/www.africascoop.net\/index.php\/wp-json\/wp\/v2\/types\/post"}],"author":[{"embeddable":true,"href":"https:\/\/www.africascoop.net\/index.php\/wp-json\/wp\/v2\/users\/3"}],"replies":[{"embeddable":true,"href":"https:\/\/www.africascoop.net\/index.php\/wp-json\/wp\/v2\/comments?post=721"}],"version-history":[{"count":1,"href":"https:\/\/www.africascoop.net\/index.php\/wp-json\/wp\/v2\/posts\/721\/revisions"}],"predecessor-version":[{"id":723,"href":"https:\/\/www.africascoop.net\/index.php\/wp-json\/wp\/v2\/posts\/721\/revisions\/723"}],"wp:attachment":[{"href":"https:\/\/www.africascoop.net\/index.php\/wp-json\/wp\/v2\/media?parent=721"}],"wp:term":[{"taxonomy":"category","embeddable":true,"href":"https:\/\/www.africascoop.net\/index.php\/wp-json\/wp\/v2\/categories?post=721"},{"taxonomy":"post_tag","embeddable":true,"href":"https:\/\/www.africascoop.net\/index.php\/wp-json\/wp\/v2\/tags?post=721"}],"curies":[{"name":"wp","href":"https:\/\/api.w.org\/{rel}","templated":true}]}}