{"id":756,"date":"2025-11-19T13:16:15","date_gmt":"2025-11-19T13:16:15","guid":{"rendered":"https:\/\/www.africascoop.net\/?p=756"},"modified":"2025-11-19T13:19:32","modified_gmt":"2025-11-19T13:19:32","slug":"le-viol-au-mali-un-crime-cache-une-urgence-nationale","status":"publish","type":"post","link":"https:\/\/www.africascoop.net\/index.php\/2025\/11\/19\/le-viol-au-mali-un-crime-cache-une-urgence-nationale\/","title":{"rendered":"LE VIOL AU MALI : un crime cach\u00e9, une urgence nationale"},"content":{"rendered":"\n<figure class=\"wp-block-image size-large\"><img loading=\"lazy\" decoding=\"async\" width=\"1024\" height=\"576\" src=\"https:\/\/www.africascoop.net\/wp-content\/uploads\/2025\/11\/viol-1024x576.jpg\" alt=\"\" class=\"wp-image-757\" srcset=\"https:\/\/www.africascoop.net\/wp-content\/uploads\/2025\/11\/viol-1024x576.jpg 1024w, https:\/\/www.africascoop.net\/wp-content\/uploads\/2025\/11\/viol-300x169.jpg 300w, https:\/\/www.africascoop.net\/wp-content\/uploads\/2025\/11\/viol-768x432.jpg 768w, https:\/\/www.africascoop.net\/wp-content\/uploads\/2025\/11\/viol.jpg 1366w\" sizes=\"auto, (max-width: 1024px) 100vw, 1024px\" \/><\/figure>\n\n\n\n<p><strong><em>La lutte contre les violences bas\u00e9es sur le genre au Mali demeure l\u2019un des combats les plus urgents et les plus sensibles de notre \u00e9poque. Derri\u00e8re les chiffres souvent froids, il y a des vies bris\u00e9es, des familles d\u00e9stabilis\u00e9es et un tissu social fragilis\u00e9. Parmi ces violences, le viol reste la forme la plus extr\u00eame, la plus traumatisante et la plus silencieuse. Dans un contexte marqu\u00e9 par l\u2019instabilit\u00e9 s\u00e9curitaire et les pesanteurs socioculturelles, de nombreuses victimes continuent de souffrir dans l\u2019ombre. Pourtant, de multiples acteurs institutions publiques, ONG, leaders communautaires et jeunes engag\u00e9s s\u2019activent pour briser ce silence et rendre justice.<\/em><\/strong><\/p>\n\n\n\n<p>Les cons\u00e9quences d\u2019un viol vont bien au-del\u00e0 de l\u2019acte lui-m\u00eame. La victime voit sa sant\u00e9 physique et mentale menac\u00e9e, sa dignit\u00e9 boulevers\u00e9e, ses relations sociales et familiales fragilis\u00e9es. Dans de nombreuses r\u00e9gions, la loi du silence reste dominante : d\u00e9noncer un viol est per\u00e7u comme une honte, comme si la victime portait la responsabilit\u00e9 de l\u2019agression. Ce poids social constitue l\u2019un des obstacles les plus lourds \u00e0 la lutte contre les VBG. Pourtant, malgr\u00e9 ces difficult\u00e9s, des femmes trouvent aujourd\u2019hui la force de t\u00e9moigner, des acteurs s\u2019engagent, et des institutions renforcent leurs dispositifs pour prot\u00e9ger et accompagner.<\/p>\n\n\n\n<p>Interrog\u00e9e sur les actions men\u00e9es \u00e0 Ansongo pour soutenir les survivantes de violences bas\u00e9es sur le genre, Djeneba Simpara, cheffe du Service du D\u00e9veloppement social, explique que son \u00e9quipe travaille au quotidien pour offrir une prise en charge compl\u00e8te aux femmes victimes d\u2019abus. Selon elle, les activit\u00e9s du service reposent principalement sur deux axes : l\u2019appui psychosocial et la prise en charge holistique. \u00ab Nous accueillons des femmes traumatis\u00e9es. La premi\u00e8re \u00e9tape, c\u2019est l\u2019\u00e9coute et le soutien psychosocial pour leur permettre de retrouver un peu de stabilit\u00e9 \u00bb, indique-t-elle.<\/p>\n\n\n\n<p>Elle indique que le service travaille aussi au renforcement de la communication<strong> <\/strong>pour changer les comportements, en menant un plaidoyer aupr\u00e8s des leaders communautaires, des autorit\u00e9s et des religieux. Elle rappelle que les victimes font face \u00e0 des obstacles persistants comme les pr\u00e9jug\u00e9s familiaux, les coutumes et les pressions sociales, qui freinent encore la d\u00e9nonciation des violences.<\/p>\n\n\n\n<p>Pour Ibrahim Ma\u00efga, consultant et sp\u00e9cialiste des violences bas\u00e9es sur le genre, la r\u00e9ponse aux VBG repose sur un travail patient et constant. Selon lui les organisations doivent mener des actions essentielles : la sensibilisation des communaut\u00e9s, l\u00b4\u00e9coute des survivantes, l\u00b4accompagnement et le r\u00e9f\u00e9rencement vers les structures de prise en charge. Mais il rappelle que chaque cas de VBG est unique et n\u00e9cessite une approche adapt\u00e9e.<\/p>\n\n\n\n<p>Il souligne plusieurs contraintes majeures : la sensibilit\u00e9 des situations, le silence des victimes, la faiblesse des ressources disponibles, ainsi que les difficult\u00e9s rencontr\u00e9es par les organisations charg\u00e9es de la prise en charge.<\/p>\n\n\n\n<p>Les organisations non gouvernementales jouent \u00e9galement un r\u00f4le d\u00e9terminant dans cette lutte. Pour Mohamed Attaher Tour\u00e9, coordinateur du sous-bureau de l\u00b4ONG GREFFA \u00e0 Ansongo, la lutte contre les VBG repose sur deux axes : la pr\u00e9vention et la pris en charge<strong>.<\/strong> Son ONG m\u00e8ne des sensibilisations, forme des relais communautaires et cr\u00e9e des espaces s\u00fbrs pour les femmes et les filles. Le coordinateur Toure indique que son organisation assure aussi \u00ab\u00a0une prise en charge compl\u00e8te des survivantes gr\u00e2ce au soutien psychosocial, \u00e0 l\u2019accompagnement juridique, aux soins et \u00e0 la r\u00e9insertion\u00a0\u00bb.<\/p>\n\n\n\n<p>Cette bataille pour le changement social est \u00e9galement port\u00e9e par des jeunes leaders africains engag\u00e9s. Simone Mbod\u00e9 Diouf, Jeune Ambassadrice de l\u2019Union africaine pour la Paix en Afrique de l\u2019Ouest, rappelle que les conflits exposent davantage les femmes et les filles aux VBG, faisant de leur protection un axe central de son mandat. Elle m\u00e8ne des actions de sensibilisation, renforce les capacit\u00e9s des jeunes leaders, promeut le leadership f\u00e9minin dans la pr\u00e9vention des conflits et appuie les \u00c9tats dans l\u2019\u00e9laboration de plans d\u2019action int\u00e9grant la lutte contre les violences sexuelles.<\/p>\n\n\n\n<p>Elle souligne toutefois des obstacles majeurs : les normes sociales discriminantes, la stigmatisation des survivantes, le manque de services sp\u00e9cialis\u00e9s, l\u00b4impunit\u00e9 et la pr\u00e9carit\u00e9 \u00e9conomique. Selon elle, \u00ab&nbsp;renforcer la lutte contre les VBG passe par trois priorit\u00e9s : am\u00e9liorer les m\u00e9canismes nationaux de protection, soutenir le leadership des jeunes femmes et renforcer les partenariats entre l\u00b4\u00c9tat, les OSC et les acteurs internationaux pour une prise en charge r\u00e9ellement centr\u00e9e sur les survivantes&nbsp;\u00bb.<\/p>\n\n\n\n<p>Derri\u00e8re ces engagements, il y a des vies bris\u00e9es et des parcours de r\u00e9silience. N.A, une jeune femme de 19 ans originaire d\u2019un village nomade de Gao, a trouv\u00e9 la force de t\u00e9moigner. Elle raconte avoir \u00e9t\u00e9 prise en otage pendant trois jours par des hommes arm\u00e9s, contrainte d\u2019assister \u00e0 l\u2019assassinat de son jeune fr\u00e8re, sous les yeux de son p\u00e8re impuissant. \u00ab Mon p\u00e8re est aujourd\u2019hui mentalement malade \u00bb, confie-t-elle. Entre le choc, la honte et la peur de d\u00e9cevoir les siens, elle est rest\u00e9e silencieuse plusieurs semaines. Ce n\u2019est qu\u2019en voyant son \u00e9tat de sant\u00e9 se d\u00e9grader qu\u2019elle a \u00e9t\u00e9 orient\u00e9e vers un centre d\u2019\u00e9coute, o\u00f9 elle a enfin re\u00e7u un accompagnement psychologique d\u2019une ONG internationale. N.A rappelle que \u00ab la douleur ne dispara\u00eet pas du jour au lendemain \u00bb, mais que le fait d\u2019\u00eatre \u00e9cout\u00e9e et soutenue lui a permis d\u2019entamer sa reconstruction. Elle appelle les familles \u00e0 soutenir leurs filles plut\u00f4t qu\u2019\u00e0 les juger.<\/p>\n\n\n\n<p>Sur le plan juridique, les d\u00e9fis restent nombreux. Moussa Guindo, magistrat substitut du procureur g\u00e9n\u00e9ral de la Commune I du district de Bamako et ancien conseiller technique au minist\u00e8re de la Promotion de la Femme, de l\u2019Enfant et de la Famille, estime que les actions de l\u2019\u00c9tat contre les VBG sont mises en \u0153uvre \u00e0 environ 70\u202f%, notamment gr\u00e2ce \u00e0 la sensibilisation sur le cadre juridique. Le nouveau Code p\u00e9nal pr\u00e9voit d\u00e9sormais des sanctions s\u00e9v\u00e8res pour les violences contre les femmes, les enfants et les personnes handicap\u00e9es, avec un chapitre sp\u00e9cifique sur le genre couvrant adult\u00e8re, agressions, menaces, enl\u00e8vements etc.<\/p>\n\n\n\n<p>Il souligne cependant que la pratique reste difficile : enqu\u00eates, proc\u00e9dures judiciaires et accueil des victimes n\u00e9cessitent des unit\u00e9s sp\u00e9cialis\u00e9es et du personnel form\u00e9. \u00ab&nbsp;Par exemple, une femme victime de viol se sentira plus \u00e0 l\u2019aise pour t\u00e9moigner devant une enqu\u00eatrice plut\u00f4t qu\u2019un homme&nbsp;\u00bb, et rappelle que les unit\u00e9s sp\u00e9cialis\u00e9es (police, gendarmerie, associations de d\u00e9fense des droits des femmes) jouent un r\u00f4le essentiel \u00e0 ce niveau.<\/p>\n\n\n\n<p>La lutte contre les violences bas\u00e9es sur le genre n\u2019est pas seulement une question de justice, mais aussi une question d\u2019humanit\u00e9. Tant que les victimes de viol seront r\u00e9duites au silence, la soci\u00e9t\u00e9 restera complice de leur souffrance. Les efforts des institutions, des ONG, de la justice, des avocats, des jeunes militants et des survivantes elles-m\u00eames montrent qu\u2019un changement est possible, m\u00eame s\u2019il demeure encore fragile. Mettre fin aux viols exige une mobilisation collective, une volont\u00e9 politique affirm\u00e9e et une transformation profonde des comportements.<\/p>\n\n\n\n<p>Chaque voix qui s\u2019\u00e9l\u00e8ve, chaque victime qui ose parler, chaque acteur qui s\u2019engage repr\u00e9sente un pas vers un Mali o\u00f9 les femmes et les filles pourront vivre libres de la peur et de la violence. Le chemin est long, mais il est d\u00e9sormais en marche.<\/p>\n\n\n\n<p>Par Djibrilla Tour\u00e9<\/p>\n\n\n\n<p><\/p>\n","protected":false},"excerpt":{"rendered":"<p>La lutte contre les violences bas\u00e9es sur le genre au Mali demeure l\u2019un des combats les plus urgents<\/p>\n","protected":false},"author":3,"featured_media":0,"comment_status":"open","ping_status":"open","sticky":false,"template":"","format":"standard","meta":{"footnotes":""},"categories":[36,35],"tags":[],"class_list":["post-756","post","type-post","status-publish","format-standard","hentry","category-exclusif","category-societe"],"yoast_head":"<!-- This site is optimized with the Yoast SEO plugin v26.0 - https:\/\/yoast.com\/wordpress\/plugins\/seo\/ -->\n<title>LE VIOL AU MALI : un crime cach\u00e9, une urgence nationale - Actualit\u00e9s Africaines<\/title>\n<meta name=\"robots\" content=\"index, follow, max-snippet:-1, max-image-preview:large, max-video-preview:-1\" \/>\n<link rel=\"canonical\" href=\"https:\/\/www.africascoop.net\/index.php\/2025\/11\/19\/le-viol-au-mali-un-crime-cache-une-urgence-nationale\/\" \/>\n<meta property=\"og:locale\" content=\"fr_FR\" \/>\n<meta property=\"og:type\" content=\"article\" \/>\n<meta property=\"og:title\" content=\"LE VIOL AU MALI : un crime cach\u00e9, une urgence nationale - Actualit\u00e9s Africaines\" \/>\n<meta property=\"og:description\" content=\"La lutte contre les violences bas\u00e9es sur le genre au Mali demeure l\u2019un des combats les plus urgents\" \/>\n<meta property=\"og:url\" content=\"https:\/\/www.africascoop.net\/index.php\/2025\/11\/19\/le-viol-au-mali-un-crime-cache-une-urgence-nationale\/\" \/>\n<meta property=\"og:site_name\" content=\"Actualit\u00e9s Africaines\" \/>\n<meta property=\"article:published_time\" content=\"2025-11-19T13:16:15+00:00\" \/>\n<meta property=\"article:modified_time\" content=\"2025-11-19T13:19:32+00:00\" \/>\n<meta property=\"og:image\" content=\"https:\/\/www.africascoop.net\/wp-content\/uploads\/2025\/11\/viol-1024x576.jpg\" \/>\n<meta name=\"author\" content=\"Africascoop\" \/>\n<meta name=\"twitter:card\" content=\"summary_large_image\" \/>\n<meta name=\"twitter:label1\" content=\"\u00c9crit par\" \/>\n\t<meta name=\"twitter:data1\" content=\"Africascoop\" \/>\n\t<meta name=\"twitter:label2\" content=\"Dur\u00e9e de lecture estim\u00e9e\" \/>\n\t<meta name=\"twitter:data2\" content=\"7 minutes\" \/>\n<script type=\"application\/ld+json\" class=\"yoast-schema-graph\">{\"@context\":\"https:\/\/schema.org\",\"@graph\":[{\"@type\":\"Article\",\"@id\":\"https:\/\/www.africascoop.net\/index.php\/2025\/11\/19\/le-viol-au-mali-un-crime-cache-une-urgence-nationale\/#article\",\"isPartOf\":{\"@id\":\"https:\/\/www.africascoop.net\/index.php\/2025\/11\/19\/le-viol-au-mali-un-crime-cache-une-urgence-nationale\/\"},\"author\":{\"name\":\"Africascoop\",\"@id\":\"https:\/\/www.africascoop.net\/#\/schema\/person\/2cbcc632c110d739d93a6b196c67230a\"},\"headline\":\"LE VIOL AU MALI : un crime cach\u00e9, une urgence nationale\",\"datePublished\":\"2025-11-19T13:16:15+00:00\",\"dateModified\":\"2025-11-19T13:19:32+00:00\",\"mainEntityOfPage\":{\"@id\":\"https:\/\/www.africascoop.net\/index.php\/2025\/11\/19\/le-viol-au-mali-un-crime-cache-une-urgence-nationale\/\"},\"wordCount\":1305,\"commentCount\":0,\"publisher\":{\"@id\":\"https:\/\/www.africascoop.net\/#organization\"},\"image\":{\"@id\":\"https:\/\/www.africascoop.net\/index.php\/2025\/11\/19\/le-viol-au-mali-un-crime-cache-une-urgence-nationale\/#primaryimage\"},\"thumbnailUrl\":\"https:\/\/www.africascoop.net\/wp-content\/uploads\/2025\/11\/viol-1024x576.jpg\",\"articleSection\":[\"Exclusif\",\"Soci\u00e9t\u00e9\"],\"inLanguage\":\"fr-FR\",\"potentialAction\":[{\"@type\":\"CommentAction\",\"name\":\"Comment\",\"target\":[\"https:\/\/www.africascoop.net\/index.php\/2025\/11\/19\/le-viol-au-mali-un-crime-cache-une-urgence-nationale\/#respond\"]}]},{\"@type\":\"WebPage\",\"@id\":\"https:\/\/www.africascoop.net\/index.php\/2025\/11\/19\/le-viol-au-mali-un-crime-cache-une-urgence-nationale\/\",\"url\":\"https:\/\/www.africascoop.net\/index.php\/2025\/11\/19\/le-viol-au-mali-un-crime-cache-une-urgence-nationale\/\",\"name\":\"LE VIOL AU MALI : un crime cach\u00e9, une urgence nationale - Actualit\u00e9s Africaines\",\"isPartOf\":{\"@id\":\"https:\/\/www.africascoop.net\/#website\"},\"primaryImageOfPage\":{\"@id\":\"https:\/\/www.africascoop.net\/index.php\/2025\/11\/19\/le-viol-au-mali-un-crime-cache-une-urgence-nationale\/#primaryimage\"},\"image\":{\"@id\":\"https:\/\/www.africascoop.net\/index.php\/2025\/11\/19\/le-viol-au-mali-un-crime-cache-une-urgence-nationale\/#primaryimage\"},\"thumbnailUrl\":\"https:\/\/www.africascoop.net\/wp-content\/uploads\/2025\/11\/viol-1024x576.jpg\",\"datePublished\":\"2025-11-19T13:16:15+00:00\",\"dateModified\":\"2025-11-19T13:19:32+00:00\",\"breadcrumb\":{\"@id\":\"https:\/\/www.africascoop.net\/index.php\/2025\/11\/19\/le-viol-au-mali-un-crime-cache-une-urgence-nationale\/#breadcrumb\"},\"inLanguage\":\"fr-FR\",\"potentialAction\":[{\"@type\":\"ReadAction\",\"target\":[\"https:\/\/www.africascoop.net\/index.php\/2025\/11\/19\/le-viol-au-mali-un-crime-cache-une-urgence-nationale\/\"]}]},{\"@type\":\"ImageObject\",\"inLanguage\":\"fr-FR\",\"@id\":\"https:\/\/www.africascoop.net\/index.php\/2025\/11\/19\/le-viol-au-mali-un-crime-cache-une-urgence-nationale\/#primaryimage\",\"url\":\"https:\/\/www.africascoop.net\/wp-content\/uploads\/2025\/11\/viol.jpg\",\"contentUrl\":\"https:\/\/www.africascoop.net\/wp-content\/uploads\/2025\/11\/viol.jpg\",\"width\":1366,\"height\":768},{\"@type\":\"BreadcrumbList\",\"@id\":\"https:\/\/www.africascoop.net\/index.php\/2025\/11\/19\/le-viol-au-mali-un-crime-cache-une-urgence-nationale\/#breadcrumb\",\"itemListElement\":[{\"@type\":\"ListItem\",\"position\":1,\"name\":\"Accueil\",\"item\":\"https:\/\/www.africascoop.net\/\"},{\"@type\":\"ListItem\",\"position\":2,\"name\":\"LE VIOL AU MALI : un crime cach\u00e9, une urgence nationale\"}]},{\"@type\":\"WebSite\",\"@id\":\"https:\/\/www.africascoop.net\/#website\",\"url\":\"https:\/\/www.africascoop.net\/\",\"name\":\"Actualit\u00e9s Africaines\",\"description\":\"\",\"publisher\":{\"@id\":\"https:\/\/www.africascoop.net\/#organization\"},\"potentialAction\":[{\"@type\":\"SearchAction\",\"target\":{\"@type\":\"EntryPoint\",\"urlTemplate\":\"https:\/\/www.africascoop.net\/?s={search_term_string}\"},\"query-input\":{\"@type\":\"PropertyValueSpecification\",\"valueRequired\":true,\"valueName\":\"search_term_string\"}}],\"inLanguage\":\"fr-FR\"},{\"@type\":\"Organization\",\"@id\":\"https:\/\/www.africascoop.net\/#organization\",\"name\":\"Actualit\u00e9s Africaines\",\"url\":\"https:\/\/www.africascoop.net\/\",\"logo\":{\"@type\":\"ImageObject\",\"inLanguage\":\"fr-FR\",\"@id\":\"https:\/\/www.africascoop.net\/#\/schema\/logo\/image\/\",\"url\":\"https:\/\/www.africascoop.net\/wp-content\/uploads\/2025\/09\/cropped-logo-2.jpg\",\"contentUrl\":\"https:\/\/www.africascoop.net\/wp-content\/uploads\/2025\/09\/cropped-logo-2.jpg\",\"width\":945,\"height\":591,\"caption\":\"Actualit\u00e9s Africaines\"},\"image\":{\"@id\":\"https:\/\/www.africascoop.net\/#\/schema\/logo\/image\/\"}},{\"@type\":\"Person\",\"@id\":\"https:\/\/www.africascoop.net\/#\/schema\/person\/2cbcc632c110d739d93a6b196c67230a\",\"name\":\"Africascoop\",\"image\":{\"@type\":\"ImageObject\",\"inLanguage\":\"fr-FR\",\"@id\":\"https:\/\/www.africascoop.net\/#\/schema\/person\/image\/\",\"url\":\"https:\/\/secure.gravatar.com\/avatar\/230d851f5173f64fe9487b948bd2daf02707ef49aea942bc1bdad649c82025b9?s=96&d=mm&r=g\",\"contentUrl\":\"https:\/\/secure.gravatar.com\/avatar\/230d851f5173f64fe9487b948bd2daf02707ef49aea942bc1bdad649c82025b9?s=96&d=mm&r=g\",\"caption\":\"Africascoop\"},\"url\":\"https:\/\/www.africascoop.net\/index.php\/author\/jul\/\"}]}<\/script>\n<!-- \/ Yoast SEO plugin. -->","yoast_head_json":{"title":"LE VIOL AU MALI : un crime cach\u00e9, une urgence nationale - Actualit\u00e9s Africaines","robots":{"index":"index","follow":"follow","max-snippet":"max-snippet:-1","max-image-preview":"max-image-preview:large","max-video-preview":"max-video-preview:-1"},"canonical":"https:\/\/www.africascoop.net\/index.php\/2025\/11\/19\/le-viol-au-mali-un-crime-cache-une-urgence-nationale\/","og_locale":"fr_FR","og_type":"article","og_title":"LE VIOL AU MALI : un crime cach\u00e9, une urgence nationale - Actualit\u00e9s Africaines","og_description":"La lutte contre les violences bas\u00e9es sur le genre au Mali demeure l\u2019un des combats les plus urgents","og_url":"https:\/\/www.africascoop.net\/index.php\/2025\/11\/19\/le-viol-au-mali-un-crime-cache-une-urgence-nationale\/","og_site_name":"Actualit\u00e9s Africaines","article_published_time":"2025-11-19T13:16:15+00:00","article_modified_time":"2025-11-19T13:19:32+00:00","og_image":[{"url":"https:\/\/www.africascoop.net\/wp-content\/uploads\/2025\/11\/viol-1024x576.jpg","type":"","width":"","height":""}],"author":"Africascoop","twitter_card":"summary_large_image","twitter_misc":{"\u00c9crit par":"Africascoop","Dur\u00e9e de lecture estim\u00e9e":"7 minutes"},"schema":{"@context":"https:\/\/schema.org","@graph":[{"@type":"Article","@id":"https:\/\/www.africascoop.net\/index.php\/2025\/11\/19\/le-viol-au-mali-un-crime-cache-une-urgence-nationale\/#article","isPartOf":{"@id":"https:\/\/www.africascoop.net\/index.php\/2025\/11\/19\/le-viol-au-mali-un-crime-cache-une-urgence-nationale\/"},"author":{"name":"Africascoop","@id":"https:\/\/www.africascoop.net\/#\/schema\/person\/2cbcc632c110d739d93a6b196c67230a"},"headline":"LE VIOL AU MALI : un crime cach\u00e9, une urgence nationale","datePublished":"2025-11-19T13:16:15+00:00","dateModified":"2025-11-19T13:19:32+00:00","mainEntityOfPage":{"@id":"https:\/\/www.africascoop.net\/index.php\/2025\/11\/19\/le-viol-au-mali-un-crime-cache-une-urgence-nationale\/"},"wordCount":1305,"commentCount":0,"publisher":{"@id":"https:\/\/www.africascoop.net\/#organization"},"image":{"@id":"https:\/\/www.africascoop.net\/index.php\/2025\/11\/19\/le-viol-au-mali-un-crime-cache-une-urgence-nationale\/#primaryimage"},"thumbnailUrl":"https:\/\/www.africascoop.net\/wp-content\/uploads\/2025\/11\/viol-1024x576.jpg","articleSection":["Exclusif","Soci\u00e9t\u00e9"],"inLanguage":"fr-FR","potentialAction":[{"@type":"CommentAction","name":"Comment","target":["https:\/\/www.africascoop.net\/index.php\/2025\/11\/19\/le-viol-au-mali-un-crime-cache-une-urgence-nationale\/#respond"]}]},{"@type":"WebPage","@id":"https:\/\/www.africascoop.net\/index.php\/2025\/11\/19\/le-viol-au-mali-un-crime-cache-une-urgence-nationale\/","url":"https:\/\/www.africascoop.net\/index.php\/2025\/11\/19\/le-viol-au-mali-un-crime-cache-une-urgence-nationale\/","name":"LE VIOL AU MALI : un crime cach\u00e9, une urgence nationale - Actualit\u00e9s Africaines","isPartOf":{"@id":"https:\/\/www.africascoop.net\/#website"},"primaryImageOfPage":{"@id":"https:\/\/www.africascoop.net\/index.php\/2025\/11\/19\/le-viol-au-mali-un-crime-cache-une-urgence-nationale\/#primaryimage"},"image":{"@id":"https:\/\/www.africascoop.net\/index.php\/2025\/11\/19\/le-viol-au-mali-un-crime-cache-une-urgence-nationale\/#primaryimage"},"thumbnailUrl":"https:\/\/www.africascoop.net\/wp-content\/uploads\/2025\/11\/viol-1024x576.jpg","datePublished":"2025-11-19T13:16:15+00:00","dateModified":"2025-11-19T13:19:32+00:00","breadcrumb":{"@id":"https:\/\/www.africascoop.net\/index.php\/2025\/11\/19\/le-viol-au-mali-un-crime-cache-une-urgence-nationale\/#breadcrumb"},"inLanguage":"fr-FR","potentialAction":[{"@type":"ReadAction","target":["https:\/\/www.africascoop.net\/index.php\/2025\/11\/19\/le-viol-au-mali-un-crime-cache-une-urgence-nationale\/"]}]},{"@type":"ImageObject","inLanguage":"fr-FR","@id":"https:\/\/www.africascoop.net\/index.php\/2025\/11\/19\/le-viol-au-mali-un-crime-cache-une-urgence-nationale\/#primaryimage","url":"https:\/\/www.africascoop.net\/wp-content\/uploads\/2025\/11\/viol.jpg","contentUrl":"https:\/\/www.africascoop.net\/wp-content\/uploads\/2025\/11\/viol.jpg","width":1366,"height":768},{"@type":"BreadcrumbList","@id":"https:\/\/www.africascoop.net\/index.php\/2025\/11\/19\/le-viol-au-mali-un-crime-cache-une-urgence-nationale\/#breadcrumb","itemListElement":[{"@type":"ListItem","position":1,"name":"Accueil","item":"https:\/\/www.africascoop.net\/"},{"@type":"ListItem","position":2,"name":"LE VIOL AU MALI : un crime cach\u00e9, une urgence nationale"}]},{"@type":"WebSite","@id":"https:\/\/www.africascoop.net\/#website","url":"https:\/\/www.africascoop.net\/","name":"Actualit\u00e9s Africaines","description":"","publisher":{"@id":"https:\/\/www.africascoop.net\/#organization"},"potentialAction":[{"@type":"SearchAction","target":{"@type":"EntryPoint","urlTemplate":"https:\/\/www.africascoop.net\/?s={search_term_string}"},"query-input":{"@type":"PropertyValueSpecification","valueRequired":true,"valueName":"search_term_string"}}],"inLanguage":"fr-FR"},{"@type":"Organization","@id":"https:\/\/www.africascoop.net\/#organization","name":"Actualit\u00e9s Africaines","url":"https:\/\/www.africascoop.net\/","logo":{"@type":"ImageObject","inLanguage":"fr-FR","@id":"https:\/\/www.africascoop.net\/#\/schema\/logo\/image\/","url":"https:\/\/www.africascoop.net\/wp-content\/uploads\/2025\/09\/cropped-logo-2.jpg","contentUrl":"https:\/\/www.africascoop.net\/wp-content\/uploads\/2025\/09\/cropped-logo-2.jpg","width":945,"height":591,"caption":"Actualit\u00e9s Africaines"},"image":{"@id":"https:\/\/www.africascoop.net\/#\/schema\/logo\/image\/"}},{"@type":"Person","@id":"https:\/\/www.africascoop.net\/#\/schema\/person\/2cbcc632c110d739d93a6b196c67230a","name":"Africascoop","image":{"@type":"ImageObject","inLanguage":"fr-FR","@id":"https:\/\/www.africascoop.net\/#\/schema\/person\/image\/","url":"https:\/\/secure.gravatar.com\/avatar\/230d851f5173f64fe9487b948bd2daf02707ef49aea942bc1bdad649c82025b9?s=96&d=mm&r=g","contentUrl":"https:\/\/secure.gravatar.com\/avatar\/230d851f5173f64fe9487b948bd2daf02707ef49aea942bc1bdad649c82025b9?s=96&d=mm&r=g","caption":"Africascoop"},"url":"https:\/\/www.africascoop.net\/index.php\/author\/jul\/"}]}},"_links":{"self":[{"href":"https:\/\/www.africascoop.net\/index.php\/wp-json\/wp\/v2\/posts\/756","targetHints":{"allow":["GET"]}}],"collection":[{"href":"https:\/\/www.africascoop.net\/index.php\/wp-json\/wp\/v2\/posts"}],"about":[{"href":"https:\/\/www.africascoop.net\/index.php\/wp-json\/wp\/v2\/types\/post"}],"author":[{"embeddable":true,"href":"https:\/\/www.africascoop.net\/index.php\/wp-json\/wp\/v2\/users\/3"}],"replies":[{"embeddable":true,"href":"https:\/\/www.africascoop.net\/index.php\/wp-json\/wp\/v2\/comments?post=756"}],"version-history":[{"count":2,"href":"https:\/\/www.africascoop.net\/index.php\/wp-json\/wp\/v2\/posts\/756\/revisions"}],"predecessor-version":[{"id":760,"href":"https:\/\/www.africascoop.net\/index.php\/wp-json\/wp\/v2\/posts\/756\/revisions\/760"}],"wp:attachment":[{"href":"https:\/\/www.africascoop.net\/index.php\/wp-json\/wp\/v2\/media?parent=756"}],"wp:term":[{"taxonomy":"category","embeddable":true,"href":"https:\/\/www.africascoop.net\/index.php\/wp-json\/wp\/v2\/categories?post=756"},{"taxonomy":"post_tag","embeddable":true,"href":"https:\/\/www.africascoop.net\/index.php\/wp-json\/wp\/v2\/tags?post=756"}],"curies":[{"name":"wp","href":"https:\/\/api.w.org\/{rel}","templated":true}]}}