{"id":762,"date":"2025-11-19T15:46:19","date_gmt":"2025-11-19T15:46:19","guid":{"rendered":"https:\/\/www.africascoop.net\/?p=762"},"modified":"2025-11-19T15:46:23","modified_gmt":"2025-11-19T15:46:23","slug":"les-marchandises-maliennes-bloquees-a-dakar-le-senegal-promet-son-aide","status":"publish","type":"post","link":"https:\/\/www.africascoop.net\/index.php\/2025\/11\/19\/les-marchandises-maliennes-bloquees-a-dakar-le-senegal-promet-son-aide\/","title":{"rendered":"LES MARCHANDISES MALIENNES BLOQUEES A DAKAR\u00a0:\u00a0 Le S\u00e9n\u00e9gal promet son aide"},"content":{"rendered":"\n<figure class=\"wp-block-image size-large\"><img loading=\"lazy\" decoding=\"async\" width=\"1024\" height=\"576\" src=\"https:\/\/www.africascoop.net\/wp-content\/uploads\/2025\/11\/mali-senega-1024x576.jpg\" alt=\"\" class=\"wp-image-763\" srcset=\"https:\/\/www.africascoop.net\/wp-content\/uploads\/2025\/11\/mali-senega-1024x576.jpg 1024w, https:\/\/www.africascoop.net\/wp-content\/uploads\/2025\/11\/mali-senega-300x169.jpg 300w, https:\/\/www.africascoop.net\/wp-content\/uploads\/2025\/11\/mali-senega-768x432.jpg 768w, https:\/\/www.africascoop.net\/wp-content\/uploads\/2025\/11\/mali-senega.jpg 1366w\" sizes=\"auto, (max-width: 1024px) 100vw, 1024px\" \/><\/figure>\n\n\n\n<p><strong>Le gouvernement s\u00e9n\u00e9galais s\u2019est engag\u00e9, ce 18 novembre, \u00e0 faciliter le convoyage des marchandises maliennes bloqu\u00e9es au port de Dakar, selon des informations de l\u2019Agence de Presse S\u00e9n\u00e9galaise (APS).<\/strong><\/p>\n\n\n\n<p>Cette annonce a \u00e9t\u00e9 faite par la ministre des P\u00eaches et de l\u2019\u00c9conomie maritime, Fatou Diouf, \u00e0 la ministre malienne charg\u00e9e des Transports et des Infrastructures, Demb\u00e9l\u00e9 Madina Sissoko, lors d\u2019une r\u00e9union de travail tenue \u00e0 Dakar.<\/p>\n\n\n\n<p>Selon Mme Diouf, \u00ab\u202fplus de 2 400 conteneurs du Mali sont actuellement au port de Dakar. Certains conteneurs sont encore dans les d\u00e9lais de franchise, ce n\u2019est pas le cas pour les autres. Le but de cette rencontre, c\u2019est de trouver ensemble une solution transitoire\u202f\u00bb. Elle a ajout\u00e9 qu\u2019il s\u2019agit \u00e9galement de \u00ab\u202ftrouver une solution durable, qui nous permettra de faire en sorte que cette situation ne se reproduise plus\u202f\u00bb.<\/p>\n\n\n\n<p>La ministre s\u00e9n\u00e9galaise indique avoir re\u00e7u des instructions du pr\u00e9sident de la R\u00e9publique et du Premier ministre de \u00ab\u202fne m\u00e9nager aucun effort pour renforcer la coop\u00e9ration bilat\u00e9rale\u202f\u00bb. Elle pr\u00e9cise que les deux pays travaillent \u00e0 une \u00ab\u202fsolution durable et d\u00e9finitive\u202f\u00bb pour le convoyage des marchandises.<\/p>\n\n\n\n<p>Selon Fatou Diouf, deux tiers des marchandises import\u00e9es par le Mali transitent par le S\u00e9n\u00e9gal, ce qui souligne l\u2019importance strat\u00e9gique du corridor Dakar-Bamako. Demb\u00e9l\u00e9 Madina Sissoko rappelle, de son c\u00f4t\u00e9, que ce corridor \u00ab\u202fconcentre pr\u00e8s de 60 % du commerce ext\u00e9rieur du Mali et repr\u00e9sente, pour le S\u00e9n\u00e9gal, un levier strat\u00e9gique de transit et de comp\u00e9titivit\u00e9 r\u00e9gionale. Il symbolise notre interd\u00e9pendance \u00e9conomique et logistique\u202f\u00bb.<\/p>\n\n\n\n<p>La ministre malienne souligne que sa visite s\u2019inscrit dans des d\u00e9marches \u00ab\u202fconcert\u00e9es et pragmatiques\u202f\u00bb visant \u00e0 renforcer l\u2019efficacit\u00e9 et la fluidit\u00e9 de ce corridor, \u00ab\u202fune v\u00e9ritable art\u00e8re vitale des \u00e9changes \u00e9conomiques et commerciaux\u202f\u00bb.<\/p>\n\n\n\n<p>La ministre malienne a cependant rappel\u00e9 que \u00ab\u202fdepuis plusieurs d\u00e9cennies, des entrep\u00f4ts du Mali se trouvent au port de Dakar\u202f\u00bb et a exprim\u00e9 sa confiance dans la capacit\u00e9 du S\u00e9n\u00e9gal \u00e0 apporter \u00ab\u202fson concours fraternel et actif \u00e0 l\u2019acheminement des marchandises\u202f\u00bb.<\/p>\n\n\n\n<p>Par Djibrilla Tour\u00e9<\/p>\n\n\n\n<p><\/p>\n","protected":false},"excerpt":{"rendered":"<p>Le gouvernement s\u00e9n\u00e9galais s\u2019est engag\u00e9, ce 18 novembre, \u00e0 faciliter le convoyage des marchandises maliennes bloqu\u00e9es au port<\/p>\n","protected":false},"author":3,"featured_media":0,"comment_status":"open","ping_status":"open","sticky":false,"template":"","format":"standard","meta":{"footnotes":""},"categories":[8,36],"tags":[],"class_list":["post-762","post","type-post","status-publish","format-standard","hentry","category-economie","category-exclusif"],"yoast_head":"<!-- This site is optimized with the Yoast SEO plugin v26.0 - https:\/\/yoast.com\/wordpress\/plugins\/seo\/ -->\n<title>LES MARCHANDISES MALIENNES BLOQUEES A DAKAR\u00a0:\u00a0 Le S\u00e9n\u00e9gal promet son aide - Actualit\u00e9s Africaines<\/title>\n<meta name=\"robots\" content=\"index, follow, max-snippet:-1, max-image-preview:large, max-video-preview:-1\" \/>\n<link rel=\"canonical\" href=\"https:\/\/www.africascoop.net\/index.php\/2025\/11\/19\/les-marchandises-maliennes-bloquees-a-dakar-le-senegal-promet-son-aide\/\" \/>\n<meta property=\"og:locale\" content=\"fr_FR\" \/>\n<meta property=\"og:type\" content=\"article\" \/>\n<meta property=\"og:title\" content=\"LES MARCHANDISES MALIENNES BLOQUEES A DAKAR\u00a0:\u00a0 Le S\u00e9n\u00e9gal promet son aide - Actualit\u00e9s Africaines\" \/>\n<meta property=\"og:description\" content=\"Le gouvernement s\u00e9n\u00e9galais s\u2019est engag\u00e9, ce 18 novembre, \u00e0 faciliter le convoyage des marchandises maliennes bloqu\u00e9es au port\" \/>\n<meta property=\"og:url\" content=\"https:\/\/www.africascoop.net\/index.php\/2025\/11\/19\/les-marchandises-maliennes-bloquees-a-dakar-le-senegal-promet-son-aide\/\" \/>\n<meta property=\"og:site_name\" content=\"Actualit\u00e9s Africaines\" \/>\n<meta property=\"article:published_time\" content=\"2025-11-19T15:46:19+00:00\" \/>\n<meta property=\"article:modified_time\" content=\"2025-11-19T15:46:23+00:00\" \/>\n<meta property=\"og:image\" content=\"https:\/\/www.africascoop.net\/wp-content\/uploads\/2025\/11\/mali-senega-1024x576.jpg\" \/>\n<meta name=\"author\" content=\"Africascoop\" \/>\n<meta name=\"twitter:card\" content=\"summary_large_image\" \/>\n<meta name=\"twitter:label1\" content=\"\u00c9crit par\" \/>\n\t<meta name=\"twitter:data1\" content=\"Africascoop\" \/>\n\t<meta name=\"twitter:label2\" content=\"Dur\u00e9e de lecture estim\u00e9e\" \/>\n\t<meta name=\"twitter:data2\" content=\"2 minutes\" \/>\n<script type=\"application\/ld+json\" class=\"yoast-schema-graph\">{\"@context\":\"https:\/\/schema.org\",\"@graph\":[{\"@type\":\"Article\",\"@id\":\"https:\/\/www.africascoop.net\/index.php\/2025\/11\/19\/les-marchandises-maliennes-bloquees-a-dakar-le-senegal-promet-son-aide\/#article\",\"isPartOf\":{\"@id\":\"https:\/\/www.africascoop.net\/index.php\/2025\/11\/19\/les-marchandises-maliennes-bloquees-a-dakar-le-senegal-promet-son-aide\/\"},\"author\":{\"name\":\"Africascoop\",\"@id\":\"https:\/\/www.africascoop.net\/#\/schema\/person\/2cbcc632c110d739d93a6b196c67230a\"},\"headline\":\"LES MARCHANDISES MALIENNES BLOQUEES A DAKAR\u00a0:\u00a0 Le S\u00e9n\u00e9gal promet son aide\",\"datePublished\":\"2025-11-19T15:46:19+00:00\",\"dateModified\":\"2025-11-19T15:46:23+00:00\",\"mainEntityOfPage\":{\"@id\":\"https:\/\/www.africascoop.net\/index.php\/2025\/11\/19\/les-marchandises-maliennes-bloquees-a-dakar-le-senegal-promet-son-aide\/\"},\"wordCount\":378,\"commentCount\":0,\"publisher\":{\"@id\":\"https:\/\/www.africascoop.net\/#organization\"},\"image\":{\"@id\":\"https:\/\/www.africascoop.net\/index.php\/2025\/11\/19\/les-marchandises-maliennes-bloquees-a-dakar-le-senegal-promet-son-aide\/#primaryimage\"},\"thumbnailUrl\":\"https:\/\/www.africascoop.net\/wp-content\/uploads\/2025\/11\/mali-senega-1024x576.jpg\",\"articleSection\":[\"\u00c9conomie\",\"Exclusif\"],\"inLanguage\":\"fr-FR\",\"potentialAction\":[{\"@type\":\"CommentAction\",\"name\":\"Comment\",\"target\":[\"https:\/\/www.africascoop.net\/index.php\/2025\/11\/19\/les-marchandises-maliennes-bloquees-a-dakar-le-senegal-promet-son-aide\/#respond\"]}]},{\"@type\":\"WebPage\",\"@id\":\"https:\/\/www.africascoop.net\/index.php\/2025\/11\/19\/les-marchandises-maliennes-bloquees-a-dakar-le-senegal-promet-son-aide\/\",\"url\":\"https:\/\/www.africascoop.net\/index.php\/2025\/11\/19\/les-marchandises-maliennes-bloquees-a-dakar-le-senegal-promet-son-aide\/\",\"name\":\"LES MARCHANDISES MALIENNES BLOQUEES A DAKAR\u00a0:\u00a0 Le S\u00e9n\u00e9gal promet son aide - Actualit\u00e9s Africaines\",\"isPartOf\":{\"@id\":\"https:\/\/www.africascoop.net\/#website\"},\"primaryImageOfPage\":{\"@id\":\"https:\/\/www.africascoop.net\/index.php\/2025\/11\/19\/les-marchandises-maliennes-bloquees-a-dakar-le-senegal-promet-son-aide\/#primaryimage\"},\"image\":{\"@id\":\"https:\/\/www.africascoop.net\/index.php\/2025\/11\/19\/les-marchandises-maliennes-bloquees-a-dakar-le-senegal-promet-son-aide\/#primaryimage\"},\"thumbnailUrl\":\"https:\/\/www.africascoop.net\/wp-content\/uploads\/2025\/11\/mali-senega-1024x576.jpg\",\"datePublished\":\"2025-11-19T15:46:19+00:00\",\"dateModified\":\"2025-11-19T15:46:23+00:00\",\"breadcrumb\":{\"@id\":\"https:\/\/www.africascoop.net\/index.php\/2025\/11\/19\/les-marchandises-maliennes-bloquees-a-dakar-le-senegal-promet-son-aide\/#breadcrumb\"},\"inLanguage\":\"fr-FR\",\"potentialAction\":[{\"@type\":\"ReadAction\",\"target\":[\"https:\/\/www.africascoop.net\/index.php\/2025\/11\/19\/les-marchandises-maliennes-bloquees-a-dakar-le-senegal-promet-son-aide\/\"]}]},{\"@type\":\"ImageObject\",\"inLanguage\":\"fr-FR\",\"@id\":\"https:\/\/www.africascoop.net\/index.php\/2025\/11\/19\/les-marchandises-maliennes-bloquees-a-dakar-le-senegal-promet-son-aide\/#primaryimage\",\"url\":\"https:\/\/www.africascoop.net\/wp-content\/uploads\/2025\/11\/mali-senega.jpg\",\"contentUrl\":\"https:\/\/www.africascoop.net\/wp-content\/uploads\/2025\/11\/mali-senega.jpg\",\"width\":1366,\"height\":768},{\"@type\":\"BreadcrumbList\",\"@id\":\"https:\/\/www.africascoop.net\/index.php\/2025\/11\/19\/les-marchandises-maliennes-bloquees-a-dakar-le-senegal-promet-son-aide\/#breadcrumb\",\"itemListElement\":[{\"@type\":\"ListItem\",\"position\":1,\"name\":\"Accueil\",\"item\":\"https:\/\/www.africascoop.net\/\"},{\"@type\":\"ListItem\",\"position\":2,\"name\":\"LES MARCHANDISES MALIENNES BLOQUEES A DAKAR\u00a0:\u00a0 Le S\u00e9n\u00e9gal promet son aide\"}]},{\"@type\":\"WebSite\",\"@id\":\"https:\/\/www.africascoop.net\/#website\",\"url\":\"https:\/\/www.africascoop.net\/\",\"name\":\"Actualit\u00e9s Africaines\",\"description\":\"\",\"publisher\":{\"@id\":\"https:\/\/www.africascoop.net\/#organization\"},\"potentialAction\":[{\"@type\":\"SearchAction\",\"target\":{\"@type\":\"EntryPoint\",\"urlTemplate\":\"https:\/\/www.africascoop.net\/?s={search_term_string}\"},\"query-input\":{\"@type\":\"PropertyValueSpecification\",\"valueRequired\":true,\"valueName\":\"search_term_string\"}}],\"inLanguage\":\"fr-FR\"},{\"@type\":\"Organization\",\"@id\":\"https:\/\/www.africascoop.net\/#organization\",\"name\":\"Actualit\u00e9s Africaines\",\"url\":\"https:\/\/www.africascoop.net\/\",\"logo\":{\"@type\":\"ImageObject\",\"inLanguage\":\"fr-FR\",\"@id\":\"https:\/\/www.africascoop.net\/#\/schema\/logo\/image\/\",\"url\":\"https:\/\/www.africascoop.net\/wp-content\/uploads\/2025\/09\/cropped-logo-2.jpg\",\"contentUrl\":\"https:\/\/www.africascoop.net\/wp-content\/uploads\/2025\/09\/cropped-logo-2.jpg\",\"width\":945,\"height\":591,\"caption\":\"Actualit\u00e9s Africaines\"},\"image\":{\"@id\":\"https:\/\/www.africascoop.net\/#\/schema\/logo\/image\/\"}},{\"@type\":\"Person\",\"@id\":\"https:\/\/www.africascoop.net\/#\/schema\/person\/2cbcc632c110d739d93a6b196c67230a\",\"name\":\"Africascoop\",\"image\":{\"@type\":\"ImageObject\",\"inLanguage\":\"fr-FR\",\"@id\":\"https:\/\/www.africascoop.net\/#\/schema\/person\/image\/\",\"url\":\"https:\/\/secure.gravatar.com\/avatar\/230d851f5173f64fe9487b948bd2daf02707ef49aea942bc1bdad649c82025b9?s=96&d=mm&r=g\",\"contentUrl\":\"https:\/\/secure.gravatar.com\/avatar\/230d851f5173f64fe9487b948bd2daf02707ef49aea942bc1bdad649c82025b9?s=96&d=mm&r=g\",\"caption\":\"Africascoop\"},\"url\":\"https:\/\/www.africascoop.net\/index.php\/author\/jul\/\"}]}<\/script>\n<!-- \/ Yoast SEO plugin. -->","yoast_head_json":{"title":"LES MARCHANDISES MALIENNES BLOQUEES A DAKAR\u00a0:\u00a0 Le S\u00e9n\u00e9gal promet son aide - Actualit\u00e9s Africaines","robots":{"index":"index","follow":"follow","max-snippet":"max-snippet:-1","max-image-preview":"max-image-preview:large","max-video-preview":"max-video-preview:-1"},"canonical":"https:\/\/www.africascoop.net\/index.php\/2025\/11\/19\/les-marchandises-maliennes-bloquees-a-dakar-le-senegal-promet-son-aide\/","og_locale":"fr_FR","og_type":"article","og_title":"LES MARCHANDISES MALIENNES BLOQUEES A DAKAR\u00a0:\u00a0 Le S\u00e9n\u00e9gal promet son aide - Actualit\u00e9s Africaines","og_description":"Le gouvernement s\u00e9n\u00e9galais s\u2019est engag\u00e9, ce 18 novembre, \u00e0 faciliter le convoyage des marchandises maliennes bloqu\u00e9es au port","og_url":"https:\/\/www.africascoop.net\/index.php\/2025\/11\/19\/les-marchandises-maliennes-bloquees-a-dakar-le-senegal-promet-son-aide\/","og_site_name":"Actualit\u00e9s Africaines","article_published_time":"2025-11-19T15:46:19+00:00","article_modified_time":"2025-11-19T15:46:23+00:00","og_image":[{"url":"https:\/\/www.africascoop.net\/wp-content\/uploads\/2025\/11\/mali-senega-1024x576.jpg","type":"","width":"","height":""}],"author":"Africascoop","twitter_card":"summary_large_image","twitter_misc":{"\u00c9crit par":"Africascoop","Dur\u00e9e de lecture estim\u00e9e":"2 minutes"},"schema":{"@context":"https:\/\/schema.org","@graph":[{"@type":"Article","@id":"https:\/\/www.africascoop.net\/index.php\/2025\/11\/19\/les-marchandises-maliennes-bloquees-a-dakar-le-senegal-promet-son-aide\/#article","isPartOf":{"@id":"https:\/\/www.africascoop.net\/index.php\/2025\/11\/19\/les-marchandises-maliennes-bloquees-a-dakar-le-senegal-promet-son-aide\/"},"author":{"name":"Africascoop","@id":"https:\/\/www.africascoop.net\/#\/schema\/person\/2cbcc632c110d739d93a6b196c67230a"},"headline":"LES MARCHANDISES MALIENNES BLOQUEES A DAKAR\u00a0:\u00a0 Le S\u00e9n\u00e9gal promet son aide","datePublished":"2025-11-19T15:46:19+00:00","dateModified":"2025-11-19T15:46:23+00:00","mainEntityOfPage":{"@id":"https:\/\/www.africascoop.net\/index.php\/2025\/11\/19\/les-marchandises-maliennes-bloquees-a-dakar-le-senegal-promet-son-aide\/"},"wordCount":378,"commentCount":0,"publisher":{"@id":"https:\/\/www.africascoop.net\/#organization"},"image":{"@id":"https:\/\/www.africascoop.net\/index.php\/2025\/11\/19\/les-marchandises-maliennes-bloquees-a-dakar-le-senegal-promet-son-aide\/#primaryimage"},"thumbnailUrl":"https:\/\/www.africascoop.net\/wp-content\/uploads\/2025\/11\/mali-senega-1024x576.jpg","articleSection":["\u00c9conomie","Exclusif"],"inLanguage":"fr-FR","potentialAction":[{"@type":"CommentAction","name":"Comment","target":["https:\/\/www.africascoop.net\/index.php\/2025\/11\/19\/les-marchandises-maliennes-bloquees-a-dakar-le-senegal-promet-son-aide\/#respond"]}]},{"@type":"WebPage","@id":"https:\/\/www.africascoop.net\/index.php\/2025\/11\/19\/les-marchandises-maliennes-bloquees-a-dakar-le-senegal-promet-son-aide\/","url":"https:\/\/www.africascoop.net\/index.php\/2025\/11\/19\/les-marchandises-maliennes-bloquees-a-dakar-le-senegal-promet-son-aide\/","name":"LES MARCHANDISES MALIENNES BLOQUEES A DAKAR\u00a0:\u00a0 Le S\u00e9n\u00e9gal promet son aide - Actualit\u00e9s Africaines","isPartOf":{"@id":"https:\/\/www.africascoop.net\/#website"},"primaryImageOfPage":{"@id":"https:\/\/www.africascoop.net\/index.php\/2025\/11\/19\/les-marchandises-maliennes-bloquees-a-dakar-le-senegal-promet-son-aide\/#primaryimage"},"image":{"@id":"https:\/\/www.africascoop.net\/index.php\/2025\/11\/19\/les-marchandises-maliennes-bloquees-a-dakar-le-senegal-promet-son-aide\/#primaryimage"},"thumbnailUrl":"https:\/\/www.africascoop.net\/wp-content\/uploads\/2025\/11\/mali-senega-1024x576.jpg","datePublished":"2025-11-19T15:46:19+00:00","dateModified":"2025-11-19T15:46:23+00:00","breadcrumb":{"@id":"https:\/\/www.africascoop.net\/index.php\/2025\/11\/19\/les-marchandises-maliennes-bloquees-a-dakar-le-senegal-promet-son-aide\/#breadcrumb"},"inLanguage":"fr-FR","potentialAction":[{"@type":"ReadAction","target":["https:\/\/www.africascoop.net\/index.php\/2025\/11\/19\/les-marchandises-maliennes-bloquees-a-dakar-le-senegal-promet-son-aide\/"]}]},{"@type":"ImageObject","inLanguage":"fr-FR","@id":"https:\/\/www.africascoop.net\/index.php\/2025\/11\/19\/les-marchandises-maliennes-bloquees-a-dakar-le-senegal-promet-son-aide\/#primaryimage","url":"https:\/\/www.africascoop.net\/wp-content\/uploads\/2025\/11\/mali-senega.jpg","contentUrl":"https:\/\/www.africascoop.net\/wp-content\/uploads\/2025\/11\/mali-senega.jpg","width":1366,"height":768},{"@type":"BreadcrumbList","@id":"https:\/\/www.africascoop.net\/index.php\/2025\/11\/19\/les-marchandises-maliennes-bloquees-a-dakar-le-senegal-promet-son-aide\/#breadcrumb","itemListElement":[{"@type":"ListItem","position":1,"name":"Accueil","item":"https:\/\/www.africascoop.net\/"},{"@type":"ListItem","position":2,"name":"LES MARCHANDISES MALIENNES BLOQUEES A DAKAR\u00a0:\u00a0 Le S\u00e9n\u00e9gal promet son aide"}]},{"@type":"WebSite","@id":"https:\/\/www.africascoop.net\/#website","url":"https:\/\/www.africascoop.net\/","name":"Actualit\u00e9s Africaines","description":"","publisher":{"@id":"https:\/\/www.africascoop.net\/#organization"},"potentialAction":[{"@type":"SearchAction","target":{"@type":"EntryPoint","urlTemplate":"https:\/\/www.africascoop.net\/?s={search_term_string}"},"query-input":{"@type":"PropertyValueSpecification","valueRequired":true,"valueName":"search_term_string"}}],"inLanguage":"fr-FR"},{"@type":"Organization","@id":"https:\/\/www.africascoop.net\/#organization","name":"Actualit\u00e9s Africaines","url":"https:\/\/www.africascoop.net\/","logo":{"@type":"ImageObject","inLanguage":"fr-FR","@id":"https:\/\/www.africascoop.net\/#\/schema\/logo\/image\/","url":"https:\/\/www.africascoop.net\/wp-content\/uploads\/2025\/09\/cropped-logo-2.jpg","contentUrl":"https:\/\/www.africascoop.net\/wp-content\/uploads\/2025\/09\/cropped-logo-2.jpg","width":945,"height":591,"caption":"Actualit\u00e9s Africaines"},"image":{"@id":"https:\/\/www.africascoop.net\/#\/schema\/logo\/image\/"}},{"@type":"Person","@id":"https:\/\/www.africascoop.net\/#\/schema\/person\/2cbcc632c110d739d93a6b196c67230a","name":"Africascoop","image":{"@type":"ImageObject","inLanguage":"fr-FR","@id":"https:\/\/www.africascoop.net\/#\/schema\/person\/image\/","url":"https:\/\/secure.gravatar.com\/avatar\/230d851f5173f64fe9487b948bd2daf02707ef49aea942bc1bdad649c82025b9?s=96&d=mm&r=g","contentUrl":"https:\/\/secure.gravatar.com\/avatar\/230d851f5173f64fe9487b948bd2daf02707ef49aea942bc1bdad649c82025b9?s=96&d=mm&r=g","caption":"Africascoop"},"url":"https:\/\/www.africascoop.net\/index.php\/author\/jul\/"}]}},"_links":{"self":[{"href":"https:\/\/www.africascoop.net\/index.php\/wp-json\/wp\/v2\/posts\/762","targetHints":{"allow":["GET"]}}],"collection":[{"href":"https:\/\/www.africascoop.net\/index.php\/wp-json\/wp\/v2\/posts"}],"about":[{"href":"https:\/\/www.africascoop.net\/index.php\/wp-json\/wp\/v2\/types\/post"}],"author":[{"embeddable":true,"href":"https:\/\/www.africascoop.net\/index.php\/wp-json\/wp\/v2\/users\/3"}],"replies":[{"embeddable":true,"href":"https:\/\/www.africascoop.net\/index.php\/wp-json\/wp\/v2\/comments?post=762"}],"version-history":[{"count":1,"href":"https:\/\/www.africascoop.net\/index.php\/wp-json\/wp\/v2\/posts\/762\/revisions"}],"predecessor-version":[{"id":764,"href":"https:\/\/www.africascoop.net\/index.php\/wp-json\/wp\/v2\/posts\/762\/revisions\/764"}],"wp:attachment":[{"href":"https:\/\/www.africascoop.net\/index.php\/wp-json\/wp\/v2\/media?parent=762"}],"wp:term":[{"taxonomy":"category","embeddable":true,"href":"https:\/\/www.africascoop.net\/index.php\/wp-json\/wp\/v2\/categories?post=762"},{"taxonomy":"post_tag","embeddable":true,"href":"https:\/\/www.africascoop.net\/index.php\/wp-json\/wp\/v2\/tags?post=762"}],"curies":[{"name":"wp","href":"https:\/\/api.w.org\/{rel}","templated":true}]}}