{"id":765,"date":"2025-11-19T15:56:42","date_gmt":"2025-11-19T15:56:42","guid":{"rendered":"https:\/\/www.africascoop.net\/?p=765"},"modified":"2025-11-19T16:56:58","modified_gmt":"2025-11-19T16:56:58","slug":"mali-quand-la-migration-et-le-deplacement-exposent-les-femmes-a-une-vulnerabilite-extreme","status":"publish","type":"post","link":"https:\/\/www.africascoop.net\/index.php\/2025\/11\/19\/mali-quand-la-migration-et-le-deplacement-exposent-les-femmes-a-une-vulnerabilite-extreme\/","title":{"rendered":"Mali : Quand la migration et le d\u00e9placement exposent les femmes \u00e0 une vuln\u00e9rabilit\u00e9 extr\u00eame"},"content":{"rendered":"\n<figure class=\"wp-block-image size-large\"><img loading=\"lazy\" decoding=\"async\" width=\"1024\" height=\"576\" src=\"https:\/\/www.africascoop.net\/wp-content\/uploads\/2025\/11\/aaaa-1024x576.jpg\" alt=\"\" class=\"wp-image-766\" srcset=\"https:\/\/www.africascoop.net\/wp-content\/uploads\/2025\/11\/aaaa-1024x576.jpg 1024w, https:\/\/www.africascoop.net\/wp-content\/uploads\/2025\/11\/aaaa-300x169.jpg 300w, https:\/\/www.africascoop.net\/wp-content\/uploads\/2025\/11\/aaaa-768x432.jpg 768w, https:\/\/www.africascoop.net\/wp-content\/uploads\/2025\/11\/aaaa.jpg 1366w\" sizes=\"auto, (max-width: 1024px) 100vw, 1024px\" \/><\/figure>\n\n\n\n<p><strong><em>\u00c0 Bamako comme \u00e0 Gao, les femmes migrantes et d\u00e9plac\u00e9es internes vivent quotidiennement entre peur et r\u00e9silience. \u00ab Ce qui m\u2019a motiv\u00e9e \u00e0 rejoindre un programme d\u2019accompagnement, c\u2019\u00e9tait la peur de ne plus survivre \u00e0 la violence que je vivais \u00bb, confie, la voix tremblante mais d\u00e9termin\u00e9e, une victime qui a souhait\u00e9 garder l\u2019anonymat.<\/em><\/strong><\/p>\n\n\n\n<p>Apr\u00e8s des ann\u00e9es de coups et de menaces, elle a trouv\u00e9 refuge gr\u00e2ce \u00e0 une agente du d\u00e9veloppement social qui l\u2019a inform\u00e9e des services disponibles. \u00ab On m\u2019a offert un espace d\u2019\u00e9coute, un accompagnement psychosocial et une formation en transformation alimentaire. Aujourd\u2019hui, je me sens plus forte, plus confiante et consciente de mes droits. Mon petit commerce m\u2019a redonn\u00e9 une part de dignit\u00e9 que je pensais perdue \u00e0 jamais \u00bb, explique-t-elle, soulignant que son combat n\u2019est pas termin\u00e9 : jugements de quartier, menaces \u00e9ventuelles de son ex-conjoint et blessures \u00e9motionnelles restent pr\u00e9sents. Elle r\u00e9clame d\u00e9sormais un appui juridique et un financement pour d\u00e9velopper son activit\u00e9. \u00ab Chercher de l\u2019aide n\u2019est pas une faiblesse, c\u2019est un acte de courage \u00bb, conclut-elle.<\/p>\n\n\n\n<p>Pour mieux comprendre l\u2019ampleur du ph\u00e9nom\u00e8ne, nous avons interrog\u00e9 Dr Boulaye Ke\u00efta, ancien conseiller technique au Minist\u00e8re des Maliens \u00e9tablis \u00e0 l\u2019Ext\u00e9rieur et de l\u2019Int\u00e9gration africaine et sp\u00e9cialiste des migrations internationales. Selon lui, les femmes migrantes et d\u00e9plac\u00e9es internes au Mali sont confront\u00e9es \u00e0 des d\u00e9fis colossaux : violences bas\u00e9es sur le genre, perte de moyens de subsistance, acc\u00e8s limit\u00e9 aux soins et \u00e0 l\u2019\u00e9ducation, et absence de documents administratifs. Les statistiques sont alarmantes : en juin 2025, plus de 402\u202f000 personnes d\u00e9plac\u00e9es ont \u00e9t\u00e9 recens\u00e9es, dont 58\u202f% sont des femmes et des filles, et les cas de violences bas\u00e9es sur le genre ont augment\u00e9 de 217\u202f% en un an. \u00ab Ces obstacles cumul\u00e9s renforcent leur vuln\u00e9rabilit\u00e9 et compromettent leur s\u00e9curit\u00e9, leurs droits fondamentaux et leurs perspectives \u00e9conomiques \u00bb, pr\u00e9cise-t-il.<\/p>\n\n\n\n<p>Face \u00e0 cette crise, le Mali a mis en place divers dispositifs pour soutenir l\u2019autonomisation \u00e9conomique et sociale de ces femmes. L\u2019\u00c9tat, \u00e0 travers ses minist\u00e8res, et les partenaires humanitaires comme l\u2019OIM, le HCR, ONU Femmes et l\u2019UNFPA, ont financ\u00e9 des activit\u00e9s g\u00e9n\u00e9ratrices de revenus et offert des services psychosociaux. \u00ab En juin 2025, 85 activit\u00e9s g\u00e9n\u00e9ratrices de revenus ont \u00e9t\u00e9 financ\u00e9es et plus de 400 femmes ont re\u00e7u un soutien psychosocial \u00bb, rapporte Dr Ke\u00efta. Ces initiatives visent \u00e0 renforcer l\u2019autonomie socio\u00e9conomique des femmes, mais leur impact reste limit\u00e9 face \u00e0 l\u2019ampleur des besoins.<\/p>\n\n\n\n<p>Bourahane Bane, sociologue sp\u00e9cialiste du d\u00e9veloppement, ajoute : \u00ab La dynamique de la migration des filles et des femmes est croissante, motiv\u00e9e par la recherche d\u2019emploi dans les grandes villes. Elles sont souvent expos\u00e9es \u00e0 l\u2019exploitation, aux violences sexuelles et \u00e0 la pr\u00e9carit\u00e9 \u00e9conomique, avec un acc\u00e8s limit\u00e9 aux services sociaux et \u00e0 leur statut juridique. \u00bb Malgr\u00e9 ces difficult\u00e9s, certaines organisations militent activement pour la protection et l\u2019autonomisation de ces femmes.<\/p>\n\n\n\n<p>Dans ce contexte, le Haut Conseil des Maliens de l\u2019Ext\u00e9rieur (HCME) joue un r\u00f4le central dans l\u2019accompagnement des femmes et des filles d\u00e9plac\u00e9es. Mamadou Lamine Bane, charg\u00e9 des affaires sociales au HCME, explique : \u00ab Nous informons, sensibilisons, accueillons les victimes et leur offrons des conseils. Nous intervenons m\u00eame pour le rapatriement et le suivi administratif. \u00bb Il cite le cas r\u00e9cent d\u2019une victime d\u00e9c\u00e9d\u00e9e \u00e0 Tamaraseck (Alg\u00e9rie), dont le HCME a assur\u00e9 la prise en charge compl\u00e8te, de l\u2019inhumation \u00e0 l\u2019information des familles. Par ailleurs, le HCME d\u00e9veloppe des projets de r\u00e9insertion socio-\u00e9conomique, tels que Sene Nisoro, qui financent des activit\u00e9s de restauration et d\u2019agriculture pour permettre aux femmes de gagner en autonomie et d\u2019\u00e9viter les risques li\u00e9s \u00e0 la migration irr\u00e9guli\u00e8re.<\/p>\n\n\n\n<p>Aminata Ciss\u00e9, experte humanitaire sp\u00e9cialis\u00e9e dans les violences bas\u00e9es sur le genre, confirme la gravit\u00e9 de la situation \u00e0 Gao : \u00ab Les femmes d\u00e9plac\u00e9es sont expos\u00e9es au viol, aux agressions sexuelles et physiques, aux mariages pr\u00e9coces, \u00e0 la pauvret\u00e9 et au d\u00e9ni d\u2019acc\u00e8s aux ressources. \u00bb Elle souligne n\u00e9anmoins la solidarit\u00e9 des communaut\u00e9s d\u2019accueil : \u00ab Elles les re\u00e7oivent avec empathie et les soutiennent. \u00bb Les initiatives locales incluent la sensibilisation, la formation, des activit\u00e9s cr\u00e9atives et \u00e9ducatives, ainsi qu\u2019un appui financier et mat\u00e9riel pour l\u2019apprentissage de m\u00e9tiers adapt\u00e9s \u00e0 chaque \u00e2ge. Les priorit\u00e9s, selon elle, sont la s\u00e9curit\u00e9 physique et \u00e9motionnelle, l\u2019acc\u00e8s \u00e0 l\u2019eau potable et aux m\u00e9dicaments, ainsi que l\u2019\u00e9ducation et l\u2019autonomisation des femmes.<\/p>\n\n\n\n<p>Malgr\u00e9 les efforts, le chemin reste long. Les femmes et les filles migrantes et d\u00e9plac\u00e9es internes continuent de subir les cons\u00e9quences d\u2019un contexte d\u2019ins\u00e9curit\u00e9 et de vuln\u00e9rabilit\u00e9 accru. Toutefois, comme le montre le parcours de notre t\u00e9moin, l\u2019acc\u00e8s \u00e0 un accompagnement psychosocial, \u00e9conomique et juridique peut transformer profond\u00e9ment des vies. Pour ces femmes, la r\u00e9silience n\u2019est pas un choix mais une n\u00e9cessit\u00e9 : se relever, se reconstruire et retrouver sa dignit\u00e9 reste possible, quand l\u2019\u00c9tat et les acteurs humanitaires agissent de concert.<\/p>\n\n\n\n<p>Abdrahamane&nbsp;Baba&nbsp;Kouyat\u00e9<\/p>\n","protected":false},"excerpt":{"rendered":"<p>\u00c0 Bamako comme \u00e0 Gao, les femmes migrantes et d\u00e9plac\u00e9es internes vivent quotidiennement entre peur et r\u00e9silience. \u00ab<\/p>\n","protected":false},"author":3,"featured_media":0,"comment_status":"open","ping_status":"open","sticky":false,"template":"","format":"standard","meta":{"footnotes":""},"categories":[36,35],"tags":[],"class_list":["post-765","post","type-post","status-publish","format-standard","hentry","category-exclusif","category-societe"],"yoast_head":"<!-- This site is optimized with the Yoast SEO plugin v26.0 - https:\/\/yoast.com\/wordpress\/plugins\/seo\/ -->\n<title>Mali : Quand la migration et le d\u00e9placement exposent les femmes \u00e0 une vuln\u00e9rabilit\u00e9 extr\u00eame - Actualit\u00e9s Africaines<\/title>\n<meta name=\"robots\" content=\"index, follow, max-snippet:-1, max-image-preview:large, max-video-preview:-1\" \/>\n<link rel=\"canonical\" href=\"https:\/\/www.africascoop.net\/index.php\/2025\/11\/19\/mali-quand-la-migration-et-le-deplacement-exposent-les-femmes-a-une-vulnerabilite-extreme\/\" \/>\n<meta property=\"og:locale\" content=\"fr_FR\" \/>\n<meta property=\"og:type\" content=\"article\" \/>\n<meta property=\"og:title\" content=\"Mali : Quand la migration et le d\u00e9placement exposent les femmes \u00e0 une vuln\u00e9rabilit\u00e9 extr\u00eame - Actualit\u00e9s Africaines\" \/>\n<meta property=\"og:description\" content=\"\u00c0 Bamako comme \u00e0 Gao, les femmes migrantes et d\u00e9plac\u00e9es internes vivent quotidiennement entre peur et r\u00e9silience. \u00ab\" \/>\n<meta property=\"og:url\" content=\"https:\/\/www.africascoop.net\/index.php\/2025\/11\/19\/mali-quand-la-migration-et-le-deplacement-exposent-les-femmes-a-une-vulnerabilite-extreme\/\" \/>\n<meta property=\"og:site_name\" content=\"Actualit\u00e9s Africaines\" \/>\n<meta property=\"article:published_time\" content=\"2025-11-19T15:56:42+00:00\" \/>\n<meta property=\"article:modified_time\" content=\"2025-11-19T16:56:58+00:00\" \/>\n<meta property=\"og:image\" content=\"https:\/\/www.africascoop.net\/wp-content\/uploads\/2025\/11\/aaaa-1024x576.jpg\" \/>\n<meta name=\"author\" content=\"Africascoop\" \/>\n<meta name=\"twitter:card\" content=\"summary_large_image\" \/>\n<meta name=\"twitter:label1\" content=\"\u00c9crit par\" \/>\n\t<meta name=\"twitter:data1\" content=\"Africascoop\" \/>\n\t<meta name=\"twitter:label2\" content=\"Dur\u00e9e de lecture estim\u00e9e\" \/>\n\t<meta name=\"twitter:data2\" content=\"5 minutes\" \/>\n<script type=\"application\/ld+json\" class=\"yoast-schema-graph\">{\"@context\":\"https:\/\/schema.org\",\"@graph\":[{\"@type\":\"Article\",\"@id\":\"https:\/\/www.africascoop.net\/index.php\/2025\/11\/19\/mali-quand-la-migration-et-le-deplacement-exposent-les-femmes-a-une-vulnerabilite-extreme\/#article\",\"isPartOf\":{\"@id\":\"https:\/\/www.africascoop.net\/index.php\/2025\/11\/19\/mali-quand-la-migration-et-le-deplacement-exposent-les-femmes-a-une-vulnerabilite-extreme\/\"},\"author\":{\"name\":\"Africascoop\",\"@id\":\"https:\/\/www.africascoop.net\/#\/schema\/person\/2cbcc632c110d739d93a6b196c67230a\"},\"headline\":\"Mali : Quand la migration et le d\u00e9placement exposent les femmes \u00e0 une vuln\u00e9rabilit\u00e9 extr\u00eame\",\"datePublished\":\"2025-11-19T15:56:42+00:00\",\"dateModified\":\"2025-11-19T16:56:58+00:00\",\"mainEntityOfPage\":{\"@id\":\"https:\/\/www.africascoop.net\/index.php\/2025\/11\/19\/mali-quand-la-migration-et-le-deplacement-exposent-les-femmes-a-une-vulnerabilite-extreme\/\"},\"wordCount\":906,\"commentCount\":0,\"publisher\":{\"@id\":\"https:\/\/www.africascoop.net\/#organization\"},\"image\":{\"@id\":\"https:\/\/www.africascoop.net\/index.php\/2025\/11\/19\/mali-quand-la-migration-et-le-deplacement-exposent-les-femmes-a-une-vulnerabilite-extreme\/#primaryimage\"},\"thumbnailUrl\":\"https:\/\/www.africascoop.net\/wp-content\/uploads\/2025\/11\/aaaa-1024x576.jpg\",\"articleSection\":[\"Exclusif\",\"Soci\u00e9t\u00e9\"],\"inLanguage\":\"fr-FR\",\"potentialAction\":[{\"@type\":\"CommentAction\",\"name\":\"Comment\",\"target\":[\"https:\/\/www.africascoop.net\/index.php\/2025\/11\/19\/mali-quand-la-migration-et-le-deplacement-exposent-les-femmes-a-une-vulnerabilite-extreme\/#respond\"]}]},{\"@type\":\"WebPage\",\"@id\":\"https:\/\/www.africascoop.net\/index.php\/2025\/11\/19\/mali-quand-la-migration-et-le-deplacement-exposent-les-femmes-a-une-vulnerabilite-extreme\/\",\"url\":\"https:\/\/www.africascoop.net\/index.php\/2025\/11\/19\/mali-quand-la-migration-et-le-deplacement-exposent-les-femmes-a-une-vulnerabilite-extreme\/\",\"name\":\"Mali : Quand la migration et le d\u00e9placement exposent les femmes \u00e0 une vuln\u00e9rabilit\u00e9 extr\u00eame - Actualit\u00e9s Africaines\",\"isPartOf\":{\"@id\":\"https:\/\/www.africascoop.net\/#website\"},\"primaryImageOfPage\":{\"@id\":\"https:\/\/www.africascoop.net\/index.php\/2025\/11\/19\/mali-quand-la-migration-et-le-deplacement-exposent-les-femmes-a-une-vulnerabilite-extreme\/#primaryimage\"},\"image\":{\"@id\":\"https:\/\/www.africascoop.net\/index.php\/2025\/11\/19\/mali-quand-la-migration-et-le-deplacement-exposent-les-femmes-a-une-vulnerabilite-extreme\/#primaryimage\"},\"thumbnailUrl\":\"https:\/\/www.africascoop.net\/wp-content\/uploads\/2025\/11\/aaaa-1024x576.jpg\",\"datePublished\":\"2025-11-19T15:56:42+00:00\",\"dateModified\":\"2025-11-19T16:56:58+00:00\",\"breadcrumb\":{\"@id\":\"https:\/\/www.africascoop.net\/index.php\/2025\/11\/19\/mali-quand-la-migration-et-le-deplacement-exposent-les-femmes-a-une-vulnerabilite-extreme\/#breadcrumb\"},\"inLanguage\":\"fr-FR\",\"potentialAction\":[{\"@type\":\"ReadAction\",\"target\":[\"https:\/\/www.africascoop.net\/index.php\/2025\/11\/19\/mali-quand-la-migration-et-le-deplacement-exposent-les-femmes-a-une-vulnerabilite-extreme\/\"]}]},{\"@type\":\"ImageObject\",\"inLanguage\":\"fr-FR\",\"@id\":\"https:\/\/www.africascoop.net\/index.php\/2025\/11\/19\/mali-quand-la-migration-et-le-deplacement-exposent-les-femmes-a-une-vulnerabilite-extreme\/#primaryimage\",\"url\":\"https:\/\/www.africascoop.net\/wp-content\/uploads\/2025\/11\/aaaa.jpg\",\"contentUrl\":\"https:\/\/www.africascoop.net\/wp-content\/uploads\/2025\/11\/aaaa.jpg\",\"width\":1366,\"height\":768},{\"@type\":\"BreadcrumbList\",\"@id\":\"https:\/\/www.africascoop.net\/index.php\/2025\/11\/19\/mali-quand-la-migration-et-le-deplacement-exposent-les-femmes-a-une-vulnerabilite-extreme\/#breadcrumb\",\"itemListElement\":[{\"@type\":\"ListItem\",\"position\":1,\"name\":\"Accueil\",\"item\":\"https:\/\/www.africascoop.net\/\"},{\"@type\":\"ListItem\",\"position\":2,\"name\":\"Mali : Quand la migration et le d\u00e9placement exposent les femmes \u00e0 une vuln\u00e9rabilit\u00e9 extr\u00eame\"}]},{\"@type\":\"WebSite\",\"@id\":\"https:\/\/www.africascoop.net\/#website\",\"url\":\"https:\/\/www.africascoop.net\/\",\"name\":\"Actualit\u00e9s Africaines\",\"description\":\"\",\"publisher\":{\"@id\":\"https:\/\/www.africascoop.net\/#organization\"},\"potentialAction\":[{\"@type\":\"SearchAction\",\"target\":{\"@type\":\"EntryPoint\",\"urlTemplate\":\"https:\/\/www.africascoop.net\/?s={search_term_string}\"},\"query-input\":{\"@type\":\"PropertyValueSpecification\",\"valueRequired\":true,\"valueName\":\"search_term_string\"}}],\"inLanguage\":\"fr-FR\"},{\"@type\":\"Organization\",\"@id\":\"https:\/\/www.africascoop.net\/#organization\",\"name\":\"Actualit\u00e9s Africaines\",\"url\":\"https:\/\/www.africascoop.net\/\",\"logo\":{\"@type\":\"ImageObject\",\"inLanguage\":\"fr-FR\",\"@id\":\"https:\/\/www.africascoop.net\/#\/schema\/logo\/image\/\",\"url\":\"https:\/\/www.africascoop.net\/wp-content\/uploads\/2025\/09\/cropped-logo-2.jpg\",\"contentUrl\":\"https:\/\/www.africascoop.net\/wp-content\/uploads\/2025\/09\/cropped-logo-2.jpg\",\"width\":945,\"height\":591,\"caption\":\"Actualit\u00e9s Africaines\"},\"image\":{\"@id\":\"https:\/\/www.africascoop.net\/#\/schema\/logo\/image\/\"}},{\"@type\":\"Person\",\"@id\":\"https:\/\/www.africascoop.net\/#\/schema\/person\/2cbcc632c110d739d93a6b196c67230a\",\"name\":\"Africascoop\",\"image\":{\"@type\":\"ImageObject\",\"inLanguage\":\"fr-FR\",\"@id\":\"https:\/\/www.africascoop.net\/#\/schema\/person\/image\/\",\"url\":\"https:\/\/secure.gravatar.com\/avatar\/230d851f5173f64fe9487b948bd2daf02707ef49aea942bc1bdad649c82025b9?s=96&d=mm&r=g\",\"contentUrl\":\"https:\/\/secure.gravatar.com\/avatar\/230d851f5173f64fe9487b948bd2daf02707ef49aea942bc1bdad649c82025b9?s=96&d=mm&r=g\",\"caption\":\"Africascoop\"},\"url\":\"https:\/\/www.africascoop.net\/index.php\/author\/jul\/\"}]}<\/script>\n<!-- \/ Yoast SEO plugin. -->","yoast_head_json":{"title":"Mali : Quand la migration et le d\u00e9placement exposent les femmes \u00e0 une vuln\u00e9rabilit\u00e9 extr\u00eame - Actualit\u00e9s Africaines","robots":{"index":"index","follow":"follow","max-snippet":"max-snippet:-1","max-image-preview":"max-image-preview:large","max-video-preview":"max-video-preview:-1"},"canonical":"https:\/\/www.africascoop.net\/index.php\/2025\/11\/19\/mali-quand-la-migration-et-le-deplacement-exposent-les-femmes-a-une-vulnerabilite-extreme\/","og_locale":"fr_FR","og_type":"article","og_title":"Mali : Quand la migration et le d\u00e9placement exposent les femmes \u00e0 une vuln\u00e9rabilit\u00e9 extr\u00eame - Actualit\u00e9s Africaines","og_description":"\u00c0 Bamako comme \u00e0 Gao, les femmes migrantes et d\u00e9plac\u00e9es internes vivent quotidiennement entre peur et r\u00e9silience. \u00ab","og_url":"https:\/\/www.africascoop.net\/index.php\/2025\/11\/19\/mali-quand-la-migration-et-le-deplacement-exposent-les-femmes-a-une-vulnerabilite-extreme\/","og_site_name":"Actualit\u00e9s Africaines","article_published_time":"2025-11-19T15:56:42+00:00","article_modified_time":"2025-11-19T16:56:58+00:00","og_image":[{"url":"https:\/\/www.africascoop.net\/wp-content\/uploads\/2025\/11\/aaaa-1024x576.jpg","type":"","width":"","height":""}],"author":"Africascoop","twitter_card":"summary_large_image","twitter_misc":{"\u00c9crit par":"Africascoop","Dur\u00e9e de lecture estim\u00e9e":"5 minutes"},"schema":{"@context":"https:\/\/schema.org","@graph":[{"@type":"Article","@id":"https:\/\/www.africascoop.net\/index.php\/2025\/11\/19\/mali-quand-la-migration-et-le-deplacement-exposent-les-femmes-a-une-vulnerabilite-extreme\/#article","isPartOf":{"@id":"https:\/\/www.africascoop.net\/index.php\/2025\/11\/19\/mali-quand-la-migration-et-le-deplacement-exposent-les-femmes-a-une-vulnerabilite-extreme\/"},"author":{"name":"Africascoop","@id":"https:\/\/www.africascoop.net\/#\/schema\/person\/2cbcc632c110d739d93a6b196c67230a"},"headline":"Mali : Quand la migration et le d\u00e9placement exposent les femmes \u00e0 une vuln\u00e9rabilit\u00e9 extr\u00eame","datePublished":"2025-11-19T15:56:42+00:00","dateModified":"2025-11-19T16:56:58+00:00","mainEntityOfPage":{"@id":"https:\/\/www.africascoop.net\/index.php\/2025\/11\/19\/mali-quand-la-migration-et-le-deplacement-exposent-les-femmes-a-une-vulnerabilite-extreme\/"},"wordCount":906,"commentCount":0,"publisher":{"@id":"https:\/\/www.africascoop.net\/#organization"},"image":{"@id":"https:\/\/www.africascoop.net\/index.php\/2025\/11\/19\/mali-quand-la-migration-et-le-deplacement-exposent-les-femmes-a-une-vulnerabilite-extreme\/#primaryimage"},"thumbnailUrl":"https:\/\/www.africascoop.net\/wp-content\/uploads\/2025\/11\/aaaa-1024x576.jpg","articleSection":["Exclusif","Soci\u00e9t\u00e9"],"inLanguage":"fr-FR","potentialAction":[{"@type":"CommentAction","name":"Comment","target":["https:\/\/www.africascoop.net\/index.php\/2025\/11\/19\/mali-quand-la-migration-et-le-deplacement-exposent-les-femmes-a-une-vulnerabilite-extreme\/#respond"]}]},{"@type":"WebPage","@id":"https:\/\/www.africascoop.net\/index.php\/2025\/11\/19\/mali-quand-la-migration-et-le-deplacement-exposent-les-femmes-a-une-vulnerabilite-extreme\/","url":"https:\/\/www.africascoop.net\/index.php\/2025\/11\/19\/mali-quand-la-migration-et-le-deplacement-exposent-les-femmes-a-une-vulnerabilite-extreme\/","name":"Mali : Quand la migration et le d\u00e9placement exposent les femmes \u00e0 une vuln\u00e9rabilit\u00e9 extr\u00eame - Actualit\u00e9s Africaines","isPartOf":{"@id":"https:\/\/www.africascoop.net\/#website"},"primaryImageOfPage":{"@id":"https:\/\/www.africascoop.net\/index.php\/2025\/11\/19\/mali-quand-la-migration-et-le-deplacement-exposent-les-femmes-a-une-vulnerabilite-extreme\/#primaryimage"},"image":{"@id":"https:\/\/www.africascoop.net\/index.php\/2025\/11\/19\/mali-quand-la-migration-et-le-deplacement-exposent-les-femmes-a-une-vulnerabilite-extreme\/#primaryimage"},"thumbnailUrl":"https:\/\/www.africascoop.net\/wp-content\/uploads\/2025\/11\/aaaa-1024x576.jpg","datePublished":"2025-11-19T15:56:42+00:00","dateModified":"2025-11-19T16:56:58+00:00","breadcrumb":{"@id":"https:\/\/www.africascoop.net\/index.php\/2025\/11\/19\/mali-quand-la-migration-et-le-deplacement-exposent-les-femmes-a-une-vulnerabilite-extreme\/#breadcrumb"},"inLanguage":"fr-FR","potentialAction":[{"@type":"ReadAction","target":["https:\/\/www.africascoop.net\/index.php\/2025\/11\/19\/mali-quand-la-migration-et-le-deplacement-exposent-les-femmes-a-une-vulnerabilite-extreme\/"]}]},{"@type":"ImageObject","inLanguage":"fr-FR","@id":"https:\/\/www.africascoop.net\/index.php\/2025\/11\/19\/mali-quand-la-migration-et-le-deplacement-exposent-les-femmes-a-une-vulnerabilite-extreme\/#primaryimage","url":"https:\/\/www.africascoop.net\/wp-content\/uploads\/2025\/11\/aaaa.jpg","contentUrl":"https:\/\/www.africascoop.net\/wp-content\/uploads\/2025\/11\/aaaa.jpg","width":1366,"height":768},{"@type":"BreadcrumbList","@id":"https:\/\/www.africascoop.net\/index.php\/2025\/11\/19\/mali-quand-la-migration-et-le-deplacement-exposent-les-femmes-a-une-vulnerabilite-extreme\/#breadcrumb","itemListElement":[{"@type":"ListItem","position":1,"name":"Accueil","item":"https:\/\/www.africascoop.net\/"},{"@type":"ListItem","position":2,"name":"Mali : Quand la migration et le d\u00e9placement exposent les femmes \u00e0 une vuln\u00e9rabilit\u00e9 extr\u00eame"}]},{"@type":"WebSite","@id":"https:\/\/www.africascoop.net\/#website","url":"https:\/\/www.africascoop.net\/","name":"Actualit\u00e9s Africaines","description":"","publisher":{"@id":"https:\/\/www.africascoop.net\/#organization"},"potentialAction":[{"@type":"SearchAction","target":{"@type":"EntryPoint","urlTemplate":"https:\/\/www.africascoop.net\/?s={search_term_string}"},"query-input":{"@type":"PropertyValueSpecification","valueRequired":true,"valueName":"search_term_string"}}],"inLanguage":"fr-FR"},{"@type":"Organization","@id":"https:\/\/www.africascoop.net\/#organization","name":"Actualit\u00e9s Africaines","url":"https:\/\/www.africascoop.net\/","logo":{"@type":"ImageObject","inLanguage":"fr-FR","@id":"https:\/\/www.africascoop.net\/#\/schema\/logo\/image\/","url":"https:\/\/www.africascoop.net\/wp-content\/uploads\/2025\/09\/cropped-logo-2.jpg","contentUrl":"https:\/\/www.africascoop.net\/wp-content\/uploads\/2025\/09\/cropped-logo-2.jpg","width":945,"height":591,"caption":"Actualit\u00e9s Africaines"},"image":{"@id":"https:\/\/www.africascoop.net\/#\/schema\/logo\/image\/"}},{"@type":"Person","@id":"https:\/\/www.africascoop.net\/#\/schema\/person\/2cbcc632c110d739d93a6b196c67230a","name":"Africascoop","image":{"@type":"ImageObject","inLanguage":"fr-FR","@id":"https:\/\/www.africascoop.net\/#\/schema\/person\/image\/","url":"https:\/\/secure.gravatar.com\/avatar\/230d851f5173f64fe9487b948bd2daf02707ef49aea942bc1bdad649c82025b9?s=96&d=mm&r=g","contentUrl":"https:\/\/secure.gravatar.com\/avatar\/230d851f5173f64fe9487b948bd2daf02707ef49aea942bc1bdad649c82025b9?s=96&d=mm&r=g","caption":"Africascoop"},"url":"https:\/\/www.africascoop.net\/index.php\/author\/jul\/"}]}},"_links":{"self":[{"href":"https:\/\/www.africascoop.net\/index.php\/wp-json\/wp\/v2\/posts\/765","targetHints":{"allow":["GET"]}}],"collection":[{"href":"https:\/\/www.africascoop.net\/index.php\/wp-json\/wp\/v2\/posts"}],"about":[{"href":"https:\/\/www.africascoop.net\/index.php\/wp-json\/wp\/v2\/types\/post"}],"author":[{"embeddable":true,"href":"https:\/\/www.africascoop.net\/index.php\/wp-json\/wp\/v2\/users\/3"}],"replies":[{"embeddable":true,"href":"https:\/\/www.africascoop.net\/index.php\/wp-json\/wp\/v2\/comments?post=765"}],"version-history":[{"count":3,"href":"https:\/\/www.africascoop.net\/index.php\/wp-json\/wp\/v2\/posts\/765\/revisions"}],"predecessor-version":[{"id":772,"href":"https:\/\/www.africascoop.net\/index.php\/wp-json\/wp\/v2\/posts\/765\/revisions\/772"}],"wp:attachment":[{"href":"https:\/\/www.africascoop.net\/index.php\/wp-json\/wp\/v2\/media?parent=765"}],"wp:term":[{"taxonomy":"category","embeddable":true,"href":"https:\/\/www.africascoop.net\/index.php\/wp-json\/wp\/v2\/categories?post=765"},{"taxonomy":"post_tag","embeddable":true,"href":"https:\/\/www.africascoop.net\/index.php\/wp-json\/wp\/v2\/tags?post=765"}],"curies":[{"name":"wp","href":"https:\/\/api.w.org\/{rel}","templated":true}]}}