{"id":768,"date":"2025-11-19T16:39:00","date_gmt":"2025-11-19T16:39:00","guid":{"rendered":"https:\/\/www.africascoop.net\/?p=768"},"modified":"2025-11-19T16:39:04","modified_gmt":"2025-11-19T16:39:04","slug":"nigeria-26-ecolieres-enlevees-larmee-mobilisee-pour-les-retrouver","status":"publish","type":"post","link":"https:\/\/www.africascoop.net\/index.php\/2025\/11\/19\/nigeria-26-ecolieres-enlevees-larmee-mobilisee-pour-les-retrouver\/","title":{"rendered":"Nig\u00e9ria : 26 \u00e9coli\u00e8res enlev\u00e9es, l\u2019arm\u00e9e mobilis\u00e9e pour les retrouver"},"content":{"rendered":"\n<figure class=\"wp-block-image size-large\"><img loading=\"lazy\" decoding=\"async\" width=\"1024\" height=\"576\" src=\"https:\/\/www.africascoop.net\/wp-content\/uploads\/2025\/11\/nigeria-1024x576.jpg\" alt=\"\" class=\"wp-image-769\" srcset=\"https:\/\/www.africascoop.net\/wp-content\/uploads\/2025\/11\/nigeria-1024x576.jpg 1024w, https:\/\/www.africascoop.net\/wp-content\/uploads\/2025\/11\/nigeria-300x169.jpg 300w, https:\/\/www.africascoop.net\/wp-content\/uploads\/2025\/11\/nigeria-768x432.jpg 768w, https:\/\/www.africascoop.net\/wp-content\/uploads\/2025\/11\/nigeria.jpg 1366w\" sizes=\"auto, (max-width: 1024px) 100vw, 1024px\" \/><\/figure>\n\n\n\n<p>Vingt-six \u00e9coli\u00e8res ont \u00e9t\u00e9 enlev\u00e9es lundi par des hommes arm\u00e9s dans le nord-ouest du Nig\u00e9ria, plongeant une fois de plus la r\u00e9gion dans la consternation. Face \u00e0 cette nouvelle attaque ciblant le syst\u00e8me \u00e9ducatif, l\u2019arm\u00e9e nig\u00e9riane affirme avoir d\u00e9ploy\u00e9 des \u00e9quipes sp\u00e9cialis\u00e9es qui op\u00e8rent jour et nuit afin de retrouver les jeunes filles saines et sauves. Selon les autorit\u00e9s militaires, ces op\u00e9rations combinent reconnaissance terrestre et a\u00e9rienne, avec l\u2019appui des forces locales.<\/p>\n\n\n\n<p>L\u2019UNICEF a, de son c\u00f4t\u00e9, condamn\u00e9 fermement cet enl\u00e8vement en rappelant que les attaques visant les \u00e9tablissements scolaires constituent une violation grave et inacceptable des droits de l\u2019enfant. L\u2019organisation a exig\u00e9 la lib\u00e9ration imm\u00e9diate des \u00e9coli\u00e8res et appel\u00e9 le gouvernement \u00e0 renforcer la s\u00e9curit\u00e9 autour des \u00e9coles, particuli\u00e8rement dans les zones \u00e0 risque.<\/p>\n\n\n\n<p>Cette attaque ravive un traumatisme encore pr\u00e9sent dans les m\u00e9moires. Pour rappel, plus d\u2019une centaine d\u2019\u00e9l\u00e8ves avaient \u00e9t\u00e9 enlev\u00e9s en 2021 dans leur \u00e9tablissement scolaire par des groupes arm\u00e9s op\u00e9rant dans le nord du pays. Malgr\u00e9 certaines avanc\u00e9es s\u00e9curitaires, les enl\u00e8vements contre ran\u00e7on et les violences contre les \u00e9l\u00e8ves demeurent un d\u00e9fi majeur pour les autorit\u00e9s nig\u00e9rianes.<\/p>\n\n\n\n<p>Ce nouvel acte de violence remet en lumi\u00e8re l\u2019urgence de prot\u00e9ger les \u00e9coles et de garantir un environnement d\u2019apprentissage s\u00fbr pour tous les enfants du Nig\u00e9ria.<\/p>\n\n\n\n<p>R\u00e9daction<\/p>\n","protected":false},"excerpt":{"rendered":"<p>Vingt-six \u00e9coli\u00e8res ont \u00e9t\u00e9 enlev\u00e9es lundi par des hommes arm\u00e9s dans le nord-ouest du Nig\u00e9ria, plongeant une fois<\/p>\n","protected":false},"author":3,"featured_media":0,"comment_status":"open","ping_status":"open","sticky":false,"template":"","format":"standard","meta":{"footnotes":""},"categories":[36,7],"tags":[],"class_list":["post-768","post","type-post","status-publish","format-standard","hentry","category-exclusif","category-securite"],"yoast_head":"<!-- This site is optimized with the Yoast SEO plugin v26.0 - https:\/\/yoast.com\/wordpress\/plugins\/seo\/ -->\n<title>Nig\u00e9ria : 26 \u00e9coli\u00e8res enlev\u00e9es, l\u2019arm\u00e9e mobilis\u00e9e pour les retrouver - Actualit\u00e9s Africaines<\/title>\n<meta name=\"robots\" content=\"index, follow, max-snippet:-1, max-image-preview:large, max-video-preview:-1\" \/>\n<link rel=\"canonical\" href=\"https:\/\/www.africascoop.net\/index.php\/2025\/11\/19\/nigeria-26-ecolieres-enlevees-larmee-mobilisee-pour-les-retrouver\/\" \/>\n<meta property=\"og:locale\" content=\"fr_FR\" \/>\n<meta property=\"og:type\" content=\"article\" \/>\n<meta property=\"og:title\" content=\"Nig\u00e9ria : 26 \u00e9coli\u00e8res enlev\u00e9es, l\u2019arm\u00e9e mobilis\u00e9e pour les retrouver - Actualit\u00e9s Africaines\" \/>\n<meta property=\"og:description\" content=\"Vingt-six \u00e9coli\u00e8res ont \u00e9t\u00e9 enlev\u00e9es lundi par des hommes arm\u00e9s dans le nord-ouest du Nig\u00e9ria, plongeant une fois\" \/>\n<meta property=\"og:url\" content=\"https:\/\/www.africascoop.net\/index.php\/2025\/11\/19\/nigeria-26-ecolieres-enlevees-larmee-mobilisee-pour-les-retrouver\/\" \/>\n<meta property=\"og:site_name\" content=\"Actualit\u00e9s Africaines\" \/>\n<meta property=\"article:published_time\" content=\"2025-11-19T16:39:00+00:00\" \/>\n<meta property=\"article:modified_time\" content=\"2025-11-19T16:39:04+00:00\" \/>\n<meta property=\"og:image\" content=\"https:\/\/www.africascoop.net\/wp-content\/uploads\/2025\/11\/nigeria-1024x576.jpg\" \/>\n<meta name=\"author\" content=\"Africascoop\" \/>\n<meta name=\"twitter:card\" content=\"summary_large_image\" \/>\n<meta name=\"twitter:label1\" content=\"\u00c9crit par\" \/>\n\t<meta name=\"twitter:data1\" content=\"Africascoop\" \/>\n\t<meta name=\"twitter:label2\" content=\"Dur\u00e9e de lecture estim\u00e9e\" \/>\n\t<meta name=\"twitter:data2\" content=\"2 minutes\" \/>\n<script type=\"application\/ld+json\" class=\"yoast-schema-graph\">{\"@context\":\"https:\/\/schema.org\",\"@graph\":[{\"@type\":\"Article\",\"@id\":\"https:\/\/www.africascoop.net\/index.php\/2025\/11\/19\/nigeria-26-ecolieres-enlevees-larmee-mobilisee-pour-les-retrouver\/#article\",\"isPartOf\":{\"@id\":\"https:\/\/www.africascoop.net\/index.php\/2025\/11\/19\/nigeria-26-ecolieres-enlevees-larmee-mobilisee-pour-les-retrouver\/\"},\"author\":{\"name\":\"Africascoop\",\"@id\":\"https:\/\/www.africascoop.net\/#\/schema\/person\/2cbcc632c110d739d93a6b196c67230a\"},\"headline\":\"Nig\u00e9ria : 26 \u00e9coli\u00e8res enlev\u00e9es, l\u2019arm\u00e9e mobilis\u00e9e pour les retrouver\",\"datePublished\":\"2025-11-19T16:39:00+00:00\",\"dateModified\":\"2025-11-19T16:39:04+00:00\",\"mainEntityOfPage\":{\"@id\":\"https:\/\/www.africascoop.net\/index.php\/2025\/11\/19\/nigeria-26-ecolieres-enlevees-larmee-mobilisee-pour-les-retrouver\/\"},\"wordCount\":269,\"commentCount\":0,\"publisher\":{\"@id\":\"https:\/\/www.africascoop.net\/#organization\"},\"image\":{\"@id\":\"https:\/\/www.africascoop.net\/index.php\/2025\/11\/19\/nigeria-26-ecolieres-enlevees-larmee-mobilisee-pour-les-retrouver\/#primaryimage\"},\"thumbnailUrl\":\"https:\/\/www.africascoop.net\/wp-content\/uploads\/2025\/11\/nigeria-1024x576.jpg\",\"articleSection\":[\"Exclusif\",\"S\u00e9curit\u00e9\"],\"inLanguage\":\"fr-FR\",\"potentialAction\":[{\"@type\":\"CommentAction\",\"name\":\"Comment\",\"target\":[\"https:\/\/www.africascoop.net\/index.php\/2025\/11\/19\/nigeria-26-ecolieres-enlevees-larmee-mobilisee-pour-les-retrouver\/#respond\"]}]},{\"@type\":\"WebPage\",\"@id\":\"https:\/\/www.africascoop.net\/index.php\/2025\/11\/19\/nigeria-26-ecolieres-enlevees-larmee-mobilisee-pour-les-retrouver\/\",\"url\":\"https:\/\/www.africascoop.net\/index.php\/2025\/11\/19\/nigeria-26-ecolieres-enlevees-larmee-mobilisee-pour-les-retrouver\/\",\"name\":\"Nig\u00e9ria : 26 \u00e9coli\u00e8res enlev\u00e9es, l\u2019arm\u00e9e mobilis\u00e9e pour les retrouver - Actualit\u00e9s Africaines\",\"isPartOf\":{\"@id\":\"https:\/\/www.africascoop.net\/#website\"},\"primaryImageOfPage\":{\"@id\":\"https:\/\/www.africascoop.net\/index.php\/2025\/11\/19\/nigeria-26-ecolieres-enlevees-larmee-mobilisee-pour-les-retrouver\/#primaryimage\"},\"image\":{\"@id\":\"https:\/\/www.africascoop.net\/index.php\/2025\/11\/19\/nigeria-26-ecolieres-enlevees-larmee-mobilisee-pour-les-retrouver\/#primaryimage\"},\"thumbnailUrl\":\"https:\/\/www.africascoop.net\/wp-content\/uploads\/2025\/11\/nigeria-1024x576.jpg\",\"datePublished\":\"2025-11-19T16:39:00+00:00\",\"dateModified\":\"2025-11-19T16:39:04+00:00\",\"breadcrumb\":{\"@id\":\"https:\/\/www.africascoop.net\/index.php\/2025\/11\/19\/nigeria-26-ecolieres-enlevees-larmee-mobilisee-pour-les-retrouver\/#breadcrumb\"},\"inLanguage\":\"fr-FR\",\"potentialAction\":[{\"@type\":\"ReadAction\",\"target\":[\"https:\/\/www.africascoop.net\/index.php\/2025\/11\/19\/nigeria-26-ecolieres-enlevees-larmee-mobilisee-pour-les-retrouver\/\"]}]},{\"@type\":\"ImageObject\",\"inLanguage\":\"fr-FR\",\"@id\":\"https:\/\/www.africascoop.net\/index.php\/2025\/11\/19\/nigeria-26-ecolieres-enlevees-larmee-mobilisee-pour-les-retrouver\/#primaryimage\",\"url\":\"https:\/\/www.africascoop.net\/wp-content\/uploads\/2025\/11\/nigeria.jpg\",\"contentUrl\":\"https:\/\/www.africascoop.net\/wp-content\/uploads\/2025\/11\/nigeria.jpg\",\"width\":1366,\"height\":768},{\"@type\":\"BreadcrumbList\",\"@id\":\"https:\/\/www.africascoop.net\/index.php\/2025\/11\/19\/nigeria-26-ecolieres-enlevees-larmee-mobilisee-pour-les-retrouver\/#breadcrumb\",\"itemListElement\":[{\"@type\":\"ListItem\",\"position\":1,\"name\":\"Accueil\",\"item\":\"https:\/\/www.africascoop.net\/\"},{\"@type\":\"ListItem\",\"position\":2,\"name\":\"Nig\u00e9ria : 26 \u00e9coli\u00e8res enlev\u00e9es, l\u2019arm\u00e9e mobilis\u00e9e pour les retrouver\"}]},{\"@type\":\"WebSite\",\"@id\":\"https:\/\/www.africascoop.net\/#website\",\"url\":\"https:\/\/www.africascoop.net\/\",\"name\":\"Actualit\u00e9s Africaines\",\"description\":\"\",\"publisher\":{\"@id\":\"https:\/\/www.africascoop.net\/#organization\"},\"potentialAction\":[{\"@type\":\"SearchAction\",\"target\":{\"@type\":\"EntryPoint\",\"urlTemplate\":\"https:\/\/www.africascoop.net\/?s={search_term_string}\"},\"query-input\":{\"@type\":\"PropertyValueSpecification\",\"valueRequired\":true,\"valueName\":\"search_term_string\"}}],\"inLanguage\":\"fr-FR\"},{\"@type\":\"Organization\",\"@id\":\"https:\/\/www.africascoop.net\/#organization\",\"name\":\"Actualit\u00e9s Africaines\",\"url\":\"https:\/\/www.africascoop.net\/\",\"logo\":{\"@type\":\"ImageObject\",\"inLanguage\":\"fr-FR\",\"@id\":\"https:\/\/www.africascoop.net\/#\/schema\/logo\/image\/\",\"url\":\"https:\/\/www.africascoop.net\/wp-content\/uploads\/2025\/09\/cropped-logo-2.jpg\",\"contentUrl\":\"https:\/\/www.africascoop.net\/wp-content\/uploads\/2025\/09\/cropped-logo-2.jpg\",\"width\":945,\"height\":591,\"caption\":\"Actualit\u00e9s Africaines\"},\"image\":{\"@id\":\"https:\/\/www.africascoop.net\/#\/schema\/logo\/image\/\"}},{\"@type\":\"Person\",\"@id\":\"https:\/\/www.africascoop.net\/#\/schema\/person\/2cbcc632c110d739d93a6b196c67230a\",\"name\":\"Africascoop\",\"image\":{\"@type\":\"ImageObject\",\"inLanguage\":\"fr-FR\",\"@id\":\"https:\/\/www.africascoop.net\/#\/schema\/person\/image\/\",\"url\":\"https:\/\/secure.gravatar.com\/avatar\/230d851f5173f64fe9487b948bd2daf02707ef49aea942bc1bdad649c82025b9?s=96&d=mm&r=g\",\"contentUrl\":\"https:\/\/secure.gravatar.com\/avatar\/230d851f5173f64fe9487b948bd2daf02707ef49aea942bc1bdad649c82025b9?s=96&d=mm&r=g\",\"caption\":\"Africascoop\"},\"url\":\"https:\/\/www.africascoop.net\/index.php\/author\/jul\/\"}]}<\/script>\n<!-- \/ Yoast SEO plugin. -->","yoast_head_json":{"title":"Nig\u00e9ria : 26 \u00e9coli\u00e8res enlev\u00e9es, l\u2019arm\u00e9e mobilis\u00e9e pour les retrouver - Actualit\u00e9s Africaines","robots":{"index":"index","follow":"follow","max-snippet":"max-snippet:-1","max-image-preview":"max-image-preview:large","max-video-preview":"max-video-preview:-1"},"canonical":"https:\/\/www.africascoop.net\/index.php\/2025\/11\/19\/nigeria-26-ecolieres-enlevees-larmee-mobilisee-pour-les-retrouver\/","og_locale":"fr_FR","og_type":"article","og_title":"Nig\u00e9ria : 26 \u00e9coli\u00e8res enlev\u00e9es, l\u2019arm\u00e9e mobilis\u00e9e pour les retrouver - Actualit\u00e9s Africaines","og_description":"Vingt-six \u00e9coli\u00e8res ont \u00e9t\u00e9 enlev\u00e9es lundi par des hommes arm\u00e9s dans le nord-ouest du Nig\u00e9ria, plongeant une fois","og_url":"https:\/\/www.africascoop.net\/index.php\/2025\/11\/19\/nigeria-26-ecolieres-enlevees-larmee-mobilisee-pour-les-retrouver\/","og_site_name":"Actualit\u00e9s Africaines","article_published_time":"2025-11-19T16:39:00+00:00","article_modified_time":"2025-11-19T16:39:04+00:00","og_image":[{"url":"https:\/\/www.africascoop.net\/wp-content\/uploads\/2025\/11\/nigeria-1024x576.jpg","type":"","width":"","height":""}],"author":"Africascoop","twitter_card":"summary_large_image","twitter_misc":{"\u00c9crit par":"Africascoop","Dur\u00e9e de lecture estim\u00e9e":"2 minutes"},"schema":{"@context":"https:\/\/schema.org","@graph":[{"@type":"Article","@id":"https:\/\/www.africascoop.net\/index.php\/2025\/11\/19\/nigeria-26-ecolieres-enlevees-larmee-mobilisee-pour-les-retrouver\/#article","isPartOf":{"@id":"https:\/\/www.africascoop.net\/index.php\/2025\/11\/19\/nigeria-26-ecolieres-enlevees-larmee-mobilisee-pour-les-retrouver\/"},"author":{"name":"Africascoop","@id":"https:\/\/www.africascoop.net\/#\/schema\/person\/2cbcc632c110d739d93a6b196c67230a"},"headline":"Nig\u00e9ria : 26 \u00e9coli\u00e8res enlev\u00e9es, l\u2019arm\u00e9e mobilis\u00e9e pour les retrouver","datePublished":"2025-11-19T16:39:00+00:00","dateModified":"2025-11-19T16:39:04+00:00","mainEntityOfPage":{"@id":"https:\/\/www.africascoop.net\/index.php\/2025\/11\/19\/nigeria-26-ecolieres-enlevees-larmee-mobilisee-pour-les-retrouver\/"},"wordCount":269,"commentCount":0,"publisher":{"@id":"https:\/\/www.africascoop.net\/#organization"},"image":{"@id":"https:\/\/www.africascoop.net\/index.php\/2025\/11\/19\/nigeria-26-ecolieres-enlevees-larmee-mobilisee-pour-les-retrouver\/#primaryimage"},"thumbnailUrl":"https:\/\/www.africascoop.net\/wp-content\/uploads\/2025\/11\/nigeria-1024x576.jpg","articleSection":["Exclusif","S\u00e9curit\u00e9"],"inLanguage":"fr-FR","potentialAction":[{"@type":"CommentAction","name":"Comment","target":["https:\/\/www.africascoop.net\/index.php\/2025\/11\/19\/nigeria-26-ecolieres-enlevees-larmee-mobilisee-pour-les-retrouver\/#respond"]}]},{"@type":"WebPage","@id":"https:\/\/www.africascoop.net\/index.php\/2025\/11\/19\/nigeria-26-ecolieres-enlevees-larmee-mobilisee-pour-les-retrouver\/","url":"https:\/\/www.africascoop.net\/index.php\/2025\/11\/19\/nigeria-26-ecolieres-enlevees-larmee-mobilisee-pour-les-retrouver\/","name":"Nig\u00e9ria : 26 \u00e9coli\u00e8res enlev\u00e9es, l\u2019arm\u00e9e mobilis\u00e9e pour les retrouver - Actualit\u00e9s Africaines","isPartOf":{"@id":"https:\/\/www.africascoop.net\/#website"},"primaryImageOfPage":{"@id":"https:\/\/www.africascoop.net\/index.php\/2025\/11\/19\/nigeria-26-ecolieres-enlevees-larmee-mobilisee-pour-les-retrouver\/#primaryimage"},"image":{"@id":"https:\/\/www.africascoop.net\/index.php\/2025\/11\/19\/nigeria-26-ecolieres-enlevees-larmee-mobilisee-pour-les-retrouver\/#primaryimage"},"thumbnailUrl":"https:\/\/www.africascoop.net\/wp-content\/uploads\/2025\/11\/nigeria-1024x576.jpg","datePublished":"2025-11-19T16:39:00+00:00","dateModified":"2025-11-19T16:39:04+00:00","breadcrumb":{"@id":"https:\/\/www.africascoop.net\/index.php\/2025\/11\/19\/nigeria-26-ecolieres-enlevees-larmee-mobilisee-pour-les-retrouver\/#breadcrumb"},"inLanguage":"fr-FR","potentialAction":[{"@type":"ReadAction","target":["https:\/\/www.africascoop.net\/index.php\/2025\/11\/19\/nigeria-26-ecolieres-enlevees-larmee-mobilisee-pour-les-retrouver\/"]}]},{"@type":"ImageObject","inLanguage":"fr-FR","@id":"https:\/\/www.africascoop.net\/index.php\/2025\/11\/19\/nigeria-26-ecolieres-enlevees-larmee-mobilisee-pour-les-retrouver\/#primaryimage","url":"https:\/\/www.africascoop.net\/wp-content\/uploads\/2025\/11\/nigeria.jpg","contentUrl":"https:\/\/www.africascoop.net\/wp-content\/uploads\/2025\/11\/nigeria.jpg","width":1366,"height":768},{"@type":"BreadcrumbList","@id":"https:\/\/www.africascoop.net\/index.php\/2025\/11\/19\/nigeria-26-ecolieres-enlevees-larmee-mobilisee-pour-les-retrouver\/#breadcrumb","itemListElement":[{"@type":"ListItem","position":1,"name":"Accueil","item":"https:\/\/www.africascoop.net\/"},{"@type":"ListItem","position":2,"name":"Nig\u00e9ria : 26 \u00e9coli\u00e8res enlev\u00e9es, l\u2019arm\u00e9e mobilis\u00e9e pour les retrouver"}]},{"@type":"WebSite","@id":"https:\/\/www.africascoop.net\/#website","url":"https:\/\/www.africascoop.net\/","name":"Actualit\u00e9s Africaines","description":"","publisher":{"@id":"https:\/\/www.africascoop.net\/#organization"},"potentialAction":[{"@type":"SearchAction","target":{"@type":"EntryPoint","urlTemplate":"https:\/\/www.africascoop.net\/?s={search_term_string}"},"query-input":{"@type":"PropertyValueSpecification","valueRequired":true,"valueName":"search_term_string"}}],"inLanguage":"fr-FR"},{"@type":"Organization","@id":"https:\/\/www.africascoop.net\/#organization","name":"Actualit\u00e9s Africaines","url":"https:\/\/www.africascoop.net\/","logo":{"@type":"ImageObject","inLanguage":"fr-FR","@id":"https:\/\/www.africascoop.net\/#\/schema\/logo\/image\/","url":"https:\/\/www.africascoop.net\/wp-content\/uploads\/2025\/09\/cropped-logo-2.jpg","contentUrl":"https:\/\/www.africascoop.net\/wp-content\/uploads\/2025\/09\/cropped-logo-2.jpg","width":945,"height":591,"caption":"Actualit\u00e9s Africaines"},"image":{"@id":"https:\/\/www.africascoop.net\/#\/schema\/logo\/image\/"}},{"@type":"Person","@id":"https:\/\/www.africascoop.net\/#\/schema\/person\/2cbcc632c110d739d93a6b196c67230a","name":"Africascoop","image":{"@type":"ImageObject","inLanguage":"fr-FR","@id":"https:\/\/www.africascoop.net\/#\/schema\/person\/image\/","url":"https:\/\/secure.gravatar.com\/avatar\/230d851f5173f64fe9487b948bd2daf02707ef49aea942bc1bdad649c82025b9?s=96&d=mm&r=g","contentUrl":"https:\/\/secure.gravatar.com\/avatar\/230d851f5173f64fe9487b948bd2daf02707ef49aea942bc1bdad649c82025b9?s=96&d=mm&r=g","caption":"Africascoop"},"url":"https:\/\/www.africascoop.net\/index.php\/author\/jul\/"}]}},"_links":{"self":[{"href":"https:\/\/www.africascoop.net\/index.php\/wp-json\/wp\/v2\/posts\/768","targetHints":{"allow":["GET"]}}],"collection":[{"href":"https:\/\/www.africascoop.net\/index.php\/wp-json\/wp\/v2\/posts"}],"about":[{"href":"https:\/\/www.africascoop.net\/index.php\/wp-json\/wp\/v2\/types\/post"}],"author":[{"embeddable":true,"href":"https:\/\/www.africascoop.net\/index.php\/wp-json\/wp\/v2\/users\/3"}],"replies":[{"embeddable":true,"href":"https:\/\/www.africascoop.net\/index.php\/wp-json\/wp\/v2\/comments?post=768"}],"version-history":[{"count":1,"href":"https:\/\/www.africascoop.net\/index.php\/wp-json\/wp\/v2\/posts\/768\/revisions"}],"predecessor-version":[{"id":770,"href":"https:\/\/www.africascoop.net\/index.php\/wp-json\/wp\/v2\/posts\/768\/revisions\/770"}],"wp:attachment":[{"href":"https:\/\/www.africascoop.net\/index.php\/wp-json\/wp\/v2\/media?parent=768"}],"wp:term":[{"taxonomy":"category","embeddable":true,"href":"https:\/\/www.africascoop.net\/index.php\/wp-json\/wp\/v2\/categories?post=768"},{"taxonomy":"post_tag","embeddable":true,"href":"https:\/\/www.africascoop.net\/index.php\/wp-json\/wp\/v2\/tags?post=768"}],"curies":[{"name":"wp","href":"https:\/\/api.w.org\/{rel}","templated":true}]}}