{"id":776,"date":"2025-11-19T18:39:17","date_gmt":"2025-11-19T18:39:17","guid":{"rendered":"https:\/\/www.africascoop.net\/?p=776"},"modified":"2025-11-19T18:39:21","modified_gmt":"2025-11-19T18:39:21","slug":"mali-pari-reussi-pour-oumou-sall-seck-au-salon-international-de-lentrepreneuriat","status":"publish","type":"post","link":"https:\/\/www.africascoop.net\/index.php\/2025\/11\/19\/mali-pari-reussi-pour-oumou-sall-seck-au-salon-international-de-lentrepreneuriat\/","title":{"rendered":"Mali : Pari r\u00e9ussi pour Oumou Sall Seck au Salon International de l\u2019Entrepreneuriat"},"content":{"rendered":"\n<figure class=\"wp-block-image size-large\"><img loading=\"lazy\" decoding=\"async\" width=\"1024\" height=\"576\" src=\"https:\/\/www.africascoop.net\/wp-content\/uploads\/2025\/11\/sall-sek-1024x576.jpg\" alt=\"\" class=\"wp-image-777\" srcset=\"https:\/\/www.africascoop.net\/wp-content\/uploads\/2025\/11\/sall-sek-1024x576.jpg 1024w, https:\/\/www.africascoop.net\/wp-content\/uploads\/2025\/11\/sall-sek-300x169.jpg 300w, https:\/\/www.africascoop.net\/wp-content\/uploads\/2025\/11\/sall-sek-768x432.jpg 768w, https:\/\/www.africascoop.net\/wp-content\/uploads\/2025\/11\/sall-sek.jpg 1366w\" sizes=\"auto, (max-width: 1024px) 100vw, 1024px\" \/><\/figure>\n\n\n\n<p><strong><em>Bamako vibrait mardi 18 novembre 2025. D\u00e8s le matin, le stade du 26 Mars a \u00e9t\u00e9 pris d\u2019assaut par une foule enthousiaste. Jeunes entrepreneurs, investisseurs, \u00e9tudiants et simples curieux se pressaient pour assister \u00e0 l\u2019ouverture du tout premier Salon International de l\u2019Entrepreneuriat de l\u2019AES, un \u00e9v\u00e9nement d\u2019envergure r\u00e9gionale sous le th\u00e8me \u00ab Entrepreneuriat, facteur d\u2019int\u00e9gration et de d\u00e9veloppement \u00e9conomique des pays de la conf\u00e9d\u00e9ration AES \u00bb.<\/em><\/strong><\/p>\n\n\n\n<p>\u00c0 la tribune, le ministre de l\u2019Entrepreneuriat national, de l\u2019Emploi et de la Formation professionnelle, Oumou Sall Seck, a tenu un discours vibrant. Elle a soulign\u00e9 la vision du Pr\u00e9sident de la Transition, le G\u00e9n\u00e9ral d\u2019Arm\u00e9e Assimi Go\u00efta, pour un Mali souverain, entreprenant et strat\u00e9giquement positionn\u00e9 dans la r\u00e9gion. \u00ab Ce Salon est au service du Mali et de sa jeunesse \u00bb, a-t-elle lanc\u00e9 devant un public captiv\u00e9, rappelant l\u2019importance de valoriser l\u2019initiative priv\u00e9e et d\u2019offrir aux jeunes les outils pour transformer leurs id\u00e9es en entreprises solides.<\/p>\n\n\n\n<p>La r\u00e9ussite de ce pari \u00e9tait visible d\u00e8s l\u2019ouverture : la mobilisation exceptionnelle, les d\u00e9l\u00e9gations venues du Burkina Faso, du Niger et du Ghana, ainsi que la pr\u00e9sence d\u2019investisseurs internationaux, ont donn\u00e9 \u00e0 Bamako des airs de capitale \u00e9conomique de l\u2019espace AES. L\u2019ambassadeur du Ghana a salu\u00e9 l\u2019\u00e9v\u00e9nement comme \u00ab un r\u00eave pour la jeune g\u00e9n\u00e9ration \u00bb, tandis que Boubacar Savadogo, ministre burkinab\u00e8 en charge de la formation professionnelle et porte-parole des pays de l\u2019AES, a insist\u00e9 sur la vision commune des chefs d\u2019\u00c9tat pour faire de la jeunesse un moteur de cr\u00e9ation de richesse et d\u2019emplois.<\/p>\n\n\n\n<p>Tout au long de son allocution, Oumou Sall Seck a insist\u00e9 sur les atouts du Mali : son potentiel agricole et minier, sa position g\u00e9ographique strat\u00e9gique et, surtout, sa jeunesse cr\u00e9ative et ambitieuse. Elle a \u00e9galement rendu hommage aux investisseurs nationaux, citant en exemple le Groupe TOGUNA et le groupe Kouma SOMALIM pour leur r\u00f4le exemplaire dans le soutien \u00e0 l\u2019\u00e9conomie nationale.<\/p>\n\n\n\n<p>Le ministre a reconnu les d\u00e9fis que doivent affronter les entrepreneurs maliens : acc\u00e8s au financement, contraintes \u00e9nerg\u00e9tiques, concurrence ext\u00e9rieure et s\u00e9quelles des sanctions \u00e9conomiques. Mais pour elle, ce Salon est une r\u00e9ponse concr\u00e8te \u00e0 ces obstacles : des formations sp\u00e9cialis\u00e9es, des panels de haut niveau, des concours d\u2019id\u00e9es innovantes, des rencontres B2B et un espace d\u00e9di\u00e9 au contenu local pour favoriser la cr\u00e9ation d\u2019emplois durables et le d\u00e9veloppement \u00e9conomique inclusif.<\/p>\n\n\n\n<p>Le Premier ministre, Abdoulaye Ma\u00efga, dans son discours officiel, a rappel\u00e9 que ce salon illustre la souverainet\u00e9 \u00e9conomique du Mali et sa capacit\u00e9 \u00e0 rester attractif pour les partenaires r\u00e9gionaux et internationaux. \u00ab Le Mali reste un pays fr\u00e9quentable, en paix avec lui-m\u00eame et avec les autres \u00bb, a-t-il affirm\u00e9, soulignant l\u2019importance de renforcer l\u2019entrepreneuriat comme moteur de r\u00e9silience et de d\u00e9veloppement face aux pressions internationales.<\/p>\n\n\n\n<p>Durant ces quatre jours, le stade du 26 Mars se transforme en v\u00e9ritable carrefour d\u2019innovation et d\u2019\u00e9changes. La jeunesse malienne suit des ateliers pratiques, assiste \u00e0 des panels, pr\u00e9sente ses projets et rencontre des investisseurs pour transformer ses id\u00e9es en r\u00e9alit\u00e9s concr\u00e8tes.<\/p>\n\n\n\n<p>Oumou Sall Seck peut se r\u00e9jouir : le pari est r\u00e9ussi. Par la mobilisation, l\u2019ampleur et la qualit\u00e9 de l\u2019\u00e9v\u00e9nement, elle a d\u00e9montr\u00e9 qu\u2019un Mali entreprenant, cr\u00e9atif et r\u00e9solument tourn\u00e9 vers l\u2019avenir n\u2019est pas un r\u00eave, mais une r\u00e9alit\u00e9 palpable. Pour les jeunes, ce salon n\u2019est pas seulement une vitrine : c\u2019est un tremplin pour b\u00e2tir un pays o\u00f9 l\u2019entrepreneuriat devient un levier de souverainet\u00e9, d\u2019emploi et de prosp\u00e9rit\u00e9 partag\u00e9e.<\/p>\n\n\n\n<p>Par Abdrahamane&nbsp;Baba&nbsp;Kouyat\u00e9<\/p>\n","protected":false},"excerpt":{"rendered":"<p>Bamako vibrait mardi 18 novembre 2025. D\u00e8s le matin, le stade du 26 Mars a \u00e9t\u00e9 pris d\u2019assaut<\/p>\n","protected":false},"author":3,"featured_media":0,"comment_status":"open","ping_status":"open","sticky":false,"template":"","format":"standard","meta":{"footnotes":""},"categories":[8,36,35],"tags":[],"class_list":["post-776","post","type-post","status-publish","format-standard","hentry","category-economie","category-exclusif","category-societe"],"yoast_head":"<!-- This site is optimized with the Yoast SEO plugin v26.0 - https:\/\/yoast.com\/wordpress\/plugins\/seo\/ -->\n<title>Mali : Pari r\u00e9ussi pour Oumou Sall Seck au Salon International de l\u2019Entrepreneuriat - Actualit\u00e9s Africaines<\/title>\n<meta name=\"robots\" content=\"index, follow, max-snippet:-1, max-image-preview:large, max-video-preview:-1\" \/>\n<link rel=\"canonical\" href=\"https:\/\/www.africascoop.net\/index.php\/2025\/11\/19\/mali-pari-reussi-pour-oumou-sall-seck-au-salon-international-de-lentrepreneuriat\/\" \/>\n<meta property=\"og:locale\" content=\"fr_FR\" \/>\n<meta property=\"og:type\" content=\"article\" \/>\n<meta property=\"og:title\" content=\"Mali : Pari r\u00e9ussi pour Oumou Sall Seck au Salon International de l\u2019Entrepreneuriat - Actualit\u00e9s Africaines\" \/>\n<meta property=\"og:description\" content=\"Bamako vibrait mardi 18 novembre 2025. D\u00e8s le matin, le stade du 26 Mars a \u00e9t\u00e9 pris d\u2019assaut\" \/>\n<meta property=\"og:url\" content=\"https:\/\/www.africascoop.net\/index.php\/2025\/11\/19\/mali-pari-reussi-pour-oumou-sall-seck-au-salon-international-de-lentrepreneuriat\/\" \/>\n<meta property=\"og:site_name\" content=\"Actualit\u00e9s Africaines\" \/>\n<meta property=\"article:published_time\" content=\"2025-11-19T18:39:17+00:00\" \/>\n<meta property=\"article:modified_time\" content=\"2025-11-19T18:39:21+00:00\" \/>\n<meta property=\"og:image\" content=\"https:\/\/www.africascoop.net\/wp-content\/uploads\/2025\/11\/sall-sek-1024x576.jpg\" \/>\n<meta name=\"author\" content=\"Africascoop\" \/>\n<meta name=\"twitter:card\" content=\"summary_large_image\" \/>\n<meta name=\"twitter:label1\" content=\"\u00c9crit par\" \/>\n\t<meta name=\"twitter:data1\" content=\"Africascoop\" \/>\n\t<meta name=\"twitter:label2\" content=\"Dur\u00e9e de lecture estim\u00e9e\" \/>\n\t<meta name=\"twitter:data2\" content=\"4 minutes\" \/>\n<script type=\"application\/ld+json\" class=\"yoast-schema-graph\">{\"@context\":\"https:\/\/schema.org\",\"@graph\":[{\"@type\":\"Article\",\"@id\":\"https:\/\/www.africascoop.net\/index.php\/2025\/11\/19\/mali-pari-reussi-pour-oumou-sall-seck-au-salon-international-de-lentrepreneuriat\/#article\",\"isPartOf\":{\"@id\":\"https:\/\/www.africascoop.net\/index.php\/2025\/11\/19\/mali-pari-reussi-pour-oumou-sall-seck-au-salon-international-de-lentrepreneuriat\/\"},\"author\":{\"name\":\"Africascoop\",\"@id\":\"https:\/\/www.africascoop.net\/#\/schema\/person\/2cbcc632c110d739d93a6b196c67230a\"},\"headline\":\"Mali : Pari r\u00e9ussi pour Oumou Sall Seck au Salon International de l\u2019Entrepreneuriat\",\"datePublished\":\"2025-11-19T18:39:17+00:00\",\"dateModified\":\"2025-11-19T18:39:21+00:00\",\"mainEntityOfPage\":{\"@id\":\"https:\/\/www.africascoop.net\/index.php\/2025\/11\/19\/mali-pari-reussi-pour-oumou-sall-seck-au-salon-international-de-lentrepreneuriat\/\"},\"wordCount\":660,\"commentCount\":0,\"publisher\":{\"@id\":\"https:\/\/www.africascoop.net\/#organization\"},\"image\":{\"@id\":\"https:\/\/www.africascoop.net\/index.php\/2025\/11\/19\/mali-pari-reussi-pour-oumou-sall-seck-au-salon-international-de-lentrepreneuriat\/#primaryimage\"},\"thumbnailUrl\":\"https:\/\/www.africascoop.net\/wp-content\/uploads\/2025\/11\/sall-sek-1024x576.jpg\",\"articleSection\":[\"\u00c9conomie\",\"Exclusif\",\"Soci\u00e9t\u00e9\"],\"inLanguage\":\"fr-FR\",\"potentialAction\":[{\"@type\":\"CommentAction\",\"name\":\"Comment\",\"target\":[\"https:\/\/www.africascoop.net\/index.php\/2025\/11\/19\/mali-pari-reussi-pour-oumou-sall-seck-au-salon-international-de-lentrepreneuriat\/#respond\"]}]},{\"@type\":\"WebPage\",\"@id\":\"https:\/\/www.africascoop.net\/index.php\/2025\/11\/19\/mali-pari-reussi-pour-oumou-sall-seck-au-salon-international-de-lentrepreneuriat\/\",\"url\":\"https:\/\/www.africascoop.net\/index.php\/2025\/11\/19\/mali-pari-reussi-pour-oumou-sall-seck-au-salon-international-de-lentrepreneuriat\/\",\"name\":\"Mali : Pari r\u00e9ussi pour Oumou Sall Seck au Salon International de l\u2019Entrepreneuriat - Actualit\u00e9s Africaines\",\"isPartOf\":{\"@id\":\"https:\/\/www.africascoop.net\/#website\"},\"primaryImageOfPage\":{\"@id\":\"https:\/\/www.africascoop.net\/index.php\/2025\/11\/19\/mali-pari-reussi-pour-oumou-sall-seck-au-salon-international-de-lentrepreneuriat\/#primaryimage\"},\"image\":{\"@id\":\"https:\/\/www.africascoop.net\/index.php\/2025\/11\/19\/mali-pari-reussi-pour-oumou-sall-seck-au-salon-international-de-lentrepreneuriat\/#primaryimage\"},\"thumbnailUrl\":\"https:\/\/www.africascoop.net\/wp-content\/uploads\/2025\/11\/sall-sek-1024x576.jpg\",\"datePublished\":\"2025-11-19T18:39:17+00:00\",\"dateModified\":\"2025-11-19T18:39:21+00:00\",\"breadcrumb\":{\"@id\":\"https:\/\/www.africascoop.net\/index.php\/2025\/11\/19\/mali-pari-reussi-pour-oumou-sall-seck-au-salon-international-de-lentrepreneuriat\/#breadcrumb\"},\"inLanguage\":\"fr-FR\",\"potentialAction\":[{\"@type\":\"ReadAction\",\"target\":[\"https:\/\/www.africascoop.net\/index.php\/2025\/11\/19\/mali-pari-reussi-pour-oumou-sall-seck-au-salon-international-de-lentrepreneuriat\/\"]}]},{\"@type\":\"ImageObject\",\"inLanguage\":\"fr-FR\",\"@id\":\"https:\/\/www.africascoop.net\/index.php\/2025\/11\/19\/mali-pari-reussi-pour-oumou-sall-seck-au-salon-international-de-lentrepreneuriat\/#primaryimage\",\"url\":\"https:\/\/www.africascoop.net\/wp-content\/uploads\/2025\/11\/sall-sek.jpg\",\"contentUrl\":\"https:\/\/www.africascoop.net\/wp-content\/uploads\/2025\/11\/sall-sek.jpg\",\"width\":1366,\"height\":768},{\"@type\":\"BreadcrumbList\",\"@id\":\"https:\/\/www.africascoop.net\/index.php\/2025\/11\/19\/mali-pari-reussi-pour-oumou-sall-seck-au-salon-international-de-lentrepreneuriat\/#breadcrumb\",\"itemListElement\":[{\"@type\":\"ListItem\",\"position\":1,\"name\":\"Accueil\",\"item\":\"https:\/\/www.africascoop.net\/\"},{\"@type\":\"ListItem\",\"position\":2,\"name\":\"Mali : Pari r\u00e9ussi pour Oumou Sall Seck au Salon International de l\u2019Entrepreneuriat\"}]},{\"@type\":\"WebSite\",\"@id\":\"https:\/\/www.africascoop.net\/#website\",\"url\":\"https:\/\/www.africascoop.net\/\",\"name\":\"Actualit\u00e9s Africaines\",\"description\":\"\",\"publisher\":{\"@id\":\"https:\/\/www.africascoop.net\/#organization\"},\"potentialAction\":[{\"@type\":\"SearchAction\",\"target\":{\"@type\":\"EntryPoint\",\"urlTemplate\":\"https:\/\/www.africascoop.net\/?s={search_term_string}\"},\"query-input\":{\"@type\":\"PropertyValueSpecification\",\"valueRequired\":true,\"valueName\":\"search_term_string\"}}],\"inLanguage\":\"fr-FR\"},{\"@type\":\"Organization\",\"@id\":\"https:\/\/www.africascoop.net\/#organization\",\"name\":\"Actualit\u00e9s Africaines\",\"url\":\"https:\/\/www.africascoop.net\/\",\"logo\":{\"@type\":\"ImageObject\",\"inLanguage\":\"fr-FR\",\"@id\":\"https:\/\/www.africascoop.net\/#\/schema\/logo\/image\/\",\"url\":\"https:\/\/www.africascoop.net\/wp-content\/uploads\/2025\/09\/cropped-logo-2.jpg\",\"contentUrl\":\"https:\/\/www.africascoop.net\/wp-content\/uploads\/2025\/09\/cropped-logo-2.jpg\",\"width\":945,\"height\":591,\"caption\":\"Actualit\u00e9s Africaines\"},\"image\":{\"@id\":\"https:\/\/www.africascoop.net\/#\/schema\/logo\/image\/\"}},{\"@type\":\"Person\",\"@id\":\"https:\/\/www.africascoop.net\/#\/schema\/person\/2cbcc632c110d739d93a6b196c67230a\",\"name\":\"Africascoop\",\"image\":{\"@type\":\"ImageObject\",\"inLanguage\":\"fr-FR\",\"@id\":\"https:\/\/www.africascoop.net\/#\/schema\/person\/image\/\",\"url\":\"https:\/\/secure.gravatar.com\/avatar\/230d851f5173f64fe9487b948bd2daf02707ef49aea942bc1bdad649c82025b9?s=96&d=mm&r=g\",\"contentUrl\":\"https:\/\/secure.gravatar.com\/avatar\/230d851f5173f64fe9487b948bd2daf02707ef49aea942bc1bdad649c82025b9?s=96&d=mm&r=g\",\"caption\":\"Africascoop\"},\"url\":\"https:\/\/www.africascoop.net\/index.php\/author\/jul\/\"}]}<\/script>\n<!-- \/ Yoast SEO plugin. -->","yoast_head_json":{"title":"Mali : Pari r\u00e9ussi pour Oumou Sall Seck au Salon International de l\u2019Entrepreneuriat - Actualit\u00e9s Africaines","robots":{"index":"index","follow":"follow","max-snippet":"max-snippet:-1","max-image-preview":"max-image-preview:large","max-video-preview":"max-video-preview:-1"},"canonical":"https:\/\/www.africascoop.net\/index.php\/2025\/11\/19\/mali-pari-reussi-pour-oumou-sall-seck-au-salon-international-de-lentrepreneuriat\/","og_locale":"fr_FR","og_type":"article","og_title":"Mali : Pari r\u00e9ussi pour Oumou Sall Seck au Salon International de l\u2019Entrepreneuriat - Actualit\u00e9s Africaines","og_description":"Bamako vibrait mardi 18 novembre 2025. D\u00e8s le matin, le stade du 26 Mars a \u00e9t\u00e9 pris d\u2019assaut","og_url":"https:\/\/www.africascoop.net\/index.php\/2025\/11\/19\/mali-pari-reussi-pour-oumou-sall-seck-au-salon-international-de-lentrepreneuriat\/","og_site_name":"Actualit\u00e9s Africaines","article_published_time":"2025-11-19T18:39:17+00:00","article_modified_time":"2025-11-19T18:39:21+00:00","og_image":[{"url":"https:\/\/www.africascoop.net\/wp-content\/uploads\/2025\/11\/sall-sek-1024x576.jpg","type":"","width":"","height":""}],"author":"Africascoop","twitter_card":"summary_large_image","twitter_misc":{"\u00c9crit par":"Africascoop","Dur\u00e9e de lecture estim\u00e9e":"4 minutes"},"schema":{"@context":"https:\/\/schema.org","@graph":[{"@type":"Article","@id":"https:\/\/www.africascoop.net\/index.php\/2025\/11\/19\/mali-pari-reussi-pour-oumou-sall-seck-au-salon-international-de-lentrepreneuriat\/#article","isPartOf":{"@id":"https:\/\/www.africascoop.net\/index.php\/2025\/11\/19\/mali-pari-reussi-pour-oumou-sall-seck-au-salon-international-de-lentrepreneuriat\/"},"author":{"name":"Africascoop","@id":"https:\/\/www.africascoop.net\/#\/schema\/person\/2cbcc632c110d739d93a6b196c67230a"},"headline":"Mali : Pari r\u00e9ussi pour Oumou Sall Seck au Salon International de l\u2019Entrepreneuriat","datePublished":"2025-11-19T18:39:17+00:00","dateModified":"2025-11-19T18:39:21+00:00","mainEntityOfPage":{"@id":"https:\/\/www.africascoop.net\/index.php\/2025\/11\/19\/mali-pari-reussi-pour-oumou-sall-seck-au-salon-international-de-lentrepreneuriat\/"},"wordCount":660,"commentCount":0,"publisher":{"@id":"https:\/\/www.africascoop.net\/#organization"},"image":{"@id":"https:\/\/www.africascoop.net\/index.php\/2025\/11\/19\/mali-pari-reussi-pour-oumou-sall-seck-au-salon-international-de-lentrepreneuriat\/#primaryimage"},"thumbnailUrl":"https:\/\/www.africascoop.net\/wp-content\/uploads\/2025\/11\/sall-sek-1024x576.jpg","articleSection":["\u00c9conomie","Exclusif","Soci\u00e9t\u00e9"],"inLanguage":"fr-FR","potentialAction":[{"@type":"CommentAction","name":"Comment","target":["https:\/\/www.africascoop.net\/index.php\/2025\/11\/19\/mali-pari-reussi-pour-oumou-sall-seck-au-salon-international-de-lentrepreneuriat\/#respond"]}]},{"@type":"WebPage","@id":"https:\/\/www.africascoop.net\/index.php\/2025\/11\/19\/mali-pari-reussi-pour-oumou-sall-seck-au-salon-international-de-lentrepreneuriat\/","url":"https:\/\/www.africascoop.net\/index.php\/2025\/11\/19\/mali-pari-reussi-pour-oumou-sall-seck-au-salon-international-de-lentrepreneuriat\/","name":"Mali : Pari r\u00e9ussi pour Oumou Sall Seck au Salon International de l\u2019Entrepreneuriat - Actualit\u00e9s Africaines","isPartOf":{"@id":"https:\/\/www.africascoop.net\/#website"},"primaryImageOfPage":{"@id":"https:\/\/www.africascoop.net\/index.php\/2025\/11\/19\/mali-pari-reussi-pour-oumou-sall-seck-au-salon-international-de-lentrepreneuriat\/#primaryimage"},"image":{"@id":"https:\/\/www.africascoop.net\/index.php\/2025\/11\/19\/mali-pari-reussi-pour-oumou-sall-seck-au-salon-international-de-lentrepreneuriat\/#primaryimage"},"thumbnailUrl":"https:\/\/www.africascoop.net\/wp-content\/uploads\/2025\/11\/sall-sek-1024x576.jpg","datePublished":"2025-11-19T18:39:17+00:00","dateModified":"2025-11-19T18:39:21+00:00","breadcrumb":{"@id":"https:\/\/www.africascoop.net\/index.php\/2025\/11\/19\/mali-pari-reussi-pour-oumou-sall-seck-au-salon-international-de-lentrepreneuriat\/#breadcrumb"},"inLanguage":"fr-FR","potentialAction":[{"@type":"ReadAction","target":["https:\/\/www.africascoop.net\/index.php\/2025\/11\/19\/mali-pari-reussi-pour-oumou-sall-seck-au-salon-international-de-lentrepreneuriat\/"]}]},{"@type":"ImageObject","inLanguage":"fr-FR","@id":"https:\/\/www.africascoop.net\/index.php\/2025\/11\/19\/mali-pari-reussi-pour-oumou-sall-seck-au-salon-international-de-lentrepreneuriat\/#primaryimage","url":"https:\/\/www.africascoop.net\/wp-content\/uploads\/2025\/11\/sall-sek.jpg","contentUrl":"https:\/\/www.africascoop.net\/wp-content\/uploads\/2025\/11\/sall-sek.jpg","width":1366,"height":768},{"@type":"BreadcrumbList","@id":"https:\/\/www.africascoop.net\/index.php\/2025\/11\/19\/mali-pari-reussi-pour-oumou-sall-seck-au-salon-international-de-lentrepreneuriat\/#breadcrumb","itemListElement":[{"@type":"ListItem","position":1,"name":"Accueil","item":"https:\/\/www.africascoop.net\/"},{"@type":"ListItem","position":2,"name":"Mali : Pari r\u00e9ussi pour Oumou Sall Seck au Salon International de l\u2019Entrepreneuriat"}]},{"@type":"WebSite","@id":"https:\/\/www.africascoop.net\/#website","url":"https:\/\/www.africascoop.net\/","name":"Actualit\u00e9s Africaines","description":"","publisher":{"@id":"https:\/\/www.africascoop.net\/#organization"},"potentialAction":[{"@type":"SearchAction","target":{"@type":"EntryPoint","urlTemplate":"https:\/\/www.africascoop.net\/?s={search_term_string}"},"query-input":{"@type":"PropertyValueSpecification","valueRequired":true,"valueName":"search_term_string"}}],"inLanguage":"fr-FR"},{"@type":"Organization","@id":"https:\/\/www.africascoop.net\/#organization","name":"Actualit\u00e9s Africaines","url":"https:\/\/www.africascoop.net\/","logo":{"@type":"ImageObject","inLanguage":"fr-FR","@id":"https:\/\/www.africascoop.net\/#\/schema\/logo\/image\/","url":"https:\/\/www.africascoop.net\/wp-content\/uploads\/2025\/09\/cropped-logo-2.jpg","contentUrl":"https:\/\/www.africascoop.net\/wp-content\/uploads\/2025\/09\/cropped-logo-2.jpg","width":945,"height":591,"caption":"Actualit\u00e9s Africaines"},"image":{"@id":"https:\/\/www.africascoop.net\/#\/schema\/logo\/image\/"}},{"@type":"Person","@id":"https:\/\/www.africascoop.net\/#\/schema\/person\/2cbcc632c110d739d93a6b196c67230a","name":"Africascoop","image":{"@type":"ImageObject","inLanguage":"fr-FR","@id":"https:\/\/www.africascoop.net\/#\/schema\/person\/image\/","url":"https:\/\/secure.gravatar.com\/avatar\/230d851f5173f64fe9487b948bd2daf02707ef49aea942bc1bdad649c82025b9?s=96&d=mm&r=g","contentUrl":"https:\/\/secure.gravatar.com\/avatar\/230d851f5173f64fe9487b948bd2daf02707ef49aea942bc1bdad649c82025b9?s=96&d=mm&r=g","caption":"Africascoop"},"url":"https:\/\/www.africascoop.net\/index.php\/author\/jul\/"}]}},"_links":{"self":[{"href":"https:\/\/www.africascoop.net\/index.php\/wp-json\/wp\/v2\/posts\/776","targetHints":{"allow":["GET"]}}],"collection":[{"href":"https:\/\/www.africascoop.net\/index.php\/wp-json\/wp\/v2\/posts"}],"about":[{"href":"https:\/\/www.africascoop.net\/index.php\/wp-json\/wp\/v2\/types\/post"}],"author":[{"embeddable":true,"href":"https:\/\/www.africascoop.net\/index.php\/wp-json\/wp\/v2\/users\/3"}],"replies":[{"embeddable":true,"href":"https:\/\/www.africascoop.net\/index.php\/wp-json\/wp\/v2\/comments?post=776"}],"version-history":[{"count":1,"href":"https:\/\/www.africascoop.net\/index.php\/wp-json\/wp\/v2\/posts\/776\/revisions"}],"predecessor-version":[{"id":778,"href":"https:\/\/www.africascoop.net\/index.php\/wp-json\/wp\/v2\/posts\/776\/revisions\/778"}],"wp:attachment":[{"href":"https:\/\/www.africascoop.net\/index.php\/wp-json\/wp\/v2\/media?parent=776"}],"wp:term":[{"taxonomy":"category","embeddable":true,"href":"https:\/\/www.africascoop.net\/index.php\/wp-json\/wp\/v2\/categories?post=776"},{"taxonomy":"post_tag","embeddable":true,"href":"https:\/\/www.africascoop.net\/index.php\/wp-json\/wp\/v2\/tags?post=776"}],"curies":[{"name":"wp","href":"https:\/\/api.w.org\/{rel}","templated":true}]}}