{"id":779,"date":"2025-11-20T11:36:20","date_gmt":"2025-11-20T11:36:20","guid":{"rendered":"https:\/\/www.africascoop.net\/?p=779"},"modified":"2025-11-20T11:36:24","modified_gmt":"2025-11-20T11:36:24","slug":"crise-des-hydrocarbures-au-mali-le-premier-ministre-mobilise-pour-un-retour-a-la-normale","status":"publish","type":"post","link":"https:\/\/www.africascoop.net\/index.php\/2025\/11\/20\/crise-des-hydrocarbures-au-mali-le-premier-ministre-mobilise-pour-un-retour-a-la-normale\/","title":{"rendered":"Crise des hydrocarbures au Mali : le Premier ministre mobilise pour un retour \u00e0 la normale"},"content":{"rendered":"\n<figure class=\"wp-block-image size-large\"><img loading=\"lazy\" decoding=\"async\" width=\"1024\" height=\"576\" src=\"https:\/\/www.africascoop.net\/wp-content\/uploads\/2025\/11\/PM-1024x576.jpg\" alt=\"\" class=\"wp-image-780\" srcset=\"https:\/\/www.africascoop.net\/wp-content\/uploads\/2025\/11\/PM-1024x576.jpg 1024w, https:\/\/www.africascoop.net\/wp-content\/uploads\/2025\/11\/PM-300x169.jpg 300w, https:\/\/www.africascoop.net\/wp-content\/uploads\/2025\/11\/PM-768x432.jpg 768w, https:\/\/www.africascoop.net\/wp-content\/uploads\/2025\/11\/PM.jpg 1366w\" sizes=\"auto, (max-width: 1024px) 100vw, 1024px\" \/><\/figure>\n\n\n\n<p><strong><em>Dans un contexte marqu\u00e9 par une p\u00e9nurie persistante de carburant, le Premier ministre, Chef du gouvernement, le G\u00e9n\u00e9ral de Division Abdoulaye Ma\u00efga, s\u2019est rendu ce mardi 18 novembre 2025 au bureau des produits p\u00e9troliers de la Direction G\u00e9n\u00e9rale des Douanes ainsi qu\u2019\u00e0 l\u2019Office malien des produits p\u00e9troliers (OMAP).<\/em><\/strong><\/p>\n\n\n\n<p>Une visite de terrain destin\u00e9e \u00e0 appr\u00e9cier le dispositif mis en place pour juguler la crise des hydrocarbures et acc\u00e9l\u00e9rer l\u2019approvisionnement du pays.<\/p>\n\n\n\n<p>Sous son regard attentif, plusieurs camions citernes charg\u00e9s d\u2019essence ont quitt\u00e9 les installations douani\u00e8res en direction des stations-service. Une sc\u00e8ne qui se veut rassurante pour les populations, confront\u00e9es depuis plusieurs jours \u00e0 de longues files d\u2019attente devant les points de distribution.<\/p>\n\n\n\n<p>Le Premier ministre a transmis, au nom du Chef de l\u2019\u00c9tat, les f\u00e9licitations et encouragements aux agents du bureau des p\u00e9troles et de l\u2019OMAP. Il a salu\u00e9 leur mobilisation dans un contexte particuli\u00e8rement sensible pour l\u2019\u00e9conomie et le quotidien des citoyens.<\/p>\n\n\n\n<p>Cependant, le Chef du gouvernement a \u00e9galement rappel\u00e9 les d\u00e9fis qui demeurent. Il a soulign\u00e9 le contraste entre les proc\u00e9dures administratives, o\u00f9 les camions sont nombreux et pr\u00eats \u00e0 \u00eatre d\u00e9ploy\u00e9s, et la r\u00e9alit\u00e9 observ\u00e9e dans les stations-service, o\u00f9 les ruptures persistent. Une situation qui n\u00e9cessite, selon lui, une optimisation des circuits de distribution et un renforcement de la coordination entre les diff\u00e9rents services impliqu\u00e9s.<\/p>\n\n\n\n<p>De son c\u00f4t\u00e9, le chef du Bureau des p\u00e9troles, le colonel-major Sira Mall\u00e9, a affirm\u00e9 que ses services travaillent d\u00e9sormais jour et nuit pour acc\u00e9l\u00e9rer le traitement des dossiers. Au moment o\u00f9 nous mettions ces informations sous presse, 114 citernes \u00e9taient toujours en attente \u00e0 la Douane. Vingt-cinq (25) autres intercept\u00e9es et onze (11) immobilis\u00e9es dans le cadre de contr\u00f4les renforc\u00e9s.<\/p>\n\n\n\n<p>Cette visite intervient alors que les autorit\u00e9s multiplient les efforts pour r\u00e9tablir un approvisionnement r\u00e9gulier en hydrocarbures et mettre fin aux perturbations qui affectent les secteurs du transport, du commerce et des services essentiels.<\/p>\n\n\n\n<p>Lamine&nbsp;BAGAYOGO<\/p>\n\n\n\n<p><\/p>\n\n\n\n<p><\/p>\n","protected":false},"excerpt":{"rendered":"<p>Dans un contexte marqu\u00e9 par une p\u00e9nurie persistante de carburant, le Premier ministre, Chef du gouvernement, le G\u00e9n\u00e9ral<\/p>\n","protected":false},"author":3,"featured_media":0,"comment_status":"open","ping_status":"open","sticky":false,"template":"","format":"standard","meta":{"footnotes":""},"categories":[36,9],"tags":[],"class_list":["post-779","post","type-post","status-publish","format-standard","hentry","category-exclusif","category-politique"],"yoast_head":"<!-- This site is optimized with the Yoast SEO plugin v26.0 - https:\/\/yoast.com\/wordpress\/plugins\/seo\/ -->\n<title>Crise des hydrocarbures au Mali : le Premier ministre mobilise pour un retour \u00e0 la normale - Actualit\u00e9s Africaines<\/title>\n<meta name=\"robots\" content=\"index, follow, max-snippet:-1, max-image-preview:large, max-video-preview:-1\" \/>\n<link rel=\"canonical\" href=\"https:\/\/www.africascoop.net\/index.php\/2025\/11\/20\/crise-des-hydrocarbures-au-mali-le-premier-ministre-mobilise-pour-un-retour-a-la-normale\/\" \/>\n<meta property=\"og:locale\" content=\"fr_FR\" \/>\n<meta property=\"og:type\" content=\"article\" \/>\n<meta property=\"og:title\" content=\"Crise des hydrocarbures au Mali : le Premier ministre mobilise pour un retour \u00e0 la normale - Actualit\u00e9s Africaines\" \/>\n<meta property=\"og:description\" content=\"Dans un contexte marqu\u00e9 par une p\u00e9nurie persistante de carburant, le Premier ministre, Chef du gouvernement, le G\u00e9n\u00e9ral\" \/>\n<meta property=\"og:url\" content=\"https:\/\/www.africascoop.net\/index.php\/2025\/11\/20\/crise-des-hydrocarbures-au-mali-le-premier-ministre-mobilise-pour-un-retour-a-la-normale\/\" \/>\n<meta property=\"og:site_name\" content=\"Actualit\u00e9s Africaines\" \/>\n<meta property=\"article:published_time\" content=\"2025-11-20T11:36:20+00:00\" \/>\n<meta property=\"article:modified_time\" content=\"2025-11-20T11:36:24+00:00\" \/>\n<meta property=\"og:image\" content=\"https:\/\/www.africascoop.net\/wp-content\/uploads\/2025\/11\/PM-1024x576.jpg\" \/>\n<meta name=\"author\" content=\"Africascoop\" \/>\n<meta name=\"twitter:card\" content=\"summary_large_image\" \/>\n<meta name=\"twitter:label1\" content=\"\u00c9crit par\" \/>\n\t<meta name=\"twitter:data1\" content=\"Africascoop\" \/>\n\t<meta name=\"twitter:label2\" content=\"Dur\u00e9e de lecture estim\u00e9e\" \/>\n\t<meta name=\"twitter:data2\" content=\"2 minutes\" \/>\n<script type=\"application\/ld+json\" class=\"yoast-schema-graph\">{\"@context\":\"https:\/\/schema.org\",\"@graph\":[{\"@type\":\"Article\",\"@id\":\"https:\/\/www.africascoop.net\/index.php\/2025\/11\/20\/crise-des-hydrocarbures-au-mali-le-premier-ministre-mobilise-pour-un-retour-a-la-normale\/#article\",\"isPartOf\":{\"@id\":\"https:\/\/www.africascoop.net\/index.php\/2025\/11\/20\/crise-des-hydrocarbures-au-mali-le-premier-ministre-mobilise-pour-un-retour-a-la-normale\/\"},\"author\":{\"name\":\"Africascoop\",\"@id\":\"https:\/\/www.africascoop.net\/#\/schema\/person\/2cbcc632c110d739d93a6b196c67230a\"},\"headline\":\"Crise des hydrocarbures au Mali : le Premier ministre mobilise pour un retour \u00e0 la normale\",\"datePublished\":\"2025-11-20T11:36:20+00:00\",\"dateModified\":\"2025-11-20T11:36:24+00:00\",\"mainEntityOfPage\":{\"@id\":\"https:\/\/www.africascoop.net\/index.php\/2025\/11\/20\/crise-des-hydrocarbures-au-mali-le-premier-ministre-mobilise-pour-un-retour-a-la-normale\/\"},\"wordCount\":370,\"commentCount\":0,\"publisher\":{\"@id\":\"https:\/\/www.africascoop.net\/#organization\"},\"image\":{\"@id\":\"https:\/\/www.africascoop.net\/index.php\/2025\/11\/20\/crise-des-hydrocarbures-au-mali-le-premier-ministre-mobilise-pour-un-retour-a-la-normale\/#primaryimage\"},\"thumbnailUrl\":\"https:\/\/www.africascoop.net\/wp-content\/uploads\/2025\/11\/PM-1024x576.jpg\",\"articleSection\":[\"Exclusif\",\"Politique\"],\"inLanguage\":\"fr-FR\",\"potentialAction\":[{\"@type\":\"CommentAction\",\"name\":\"Comment\",\"target\":[\"https:\/\/www.africascoop.net\/index.php\/2025\/11\/20\/crise-des-hydrocarbures-au-mali-le-premier-ministre-mobilise-pour-un-retour-a-la-normale\/#respond\"]}]},{\"@type\":\"WebPage\",\"@id\":\"https:\/\/www.africascoop.net\/index.php\/2025\/11\/20\/crise-des-hydrocarbures-au-mali-le-premier-ministre-mobilise-pour-un-retour-a-la-normale\/\",\"url\":\"https:\/\/www.africascoop.net\/index.php\/2025\/11\/20\/crise-des-hydrocarbures-au-mali-le-premier-ministre-mobilise-pour-un-retour-a-la-normale\/\",\"name\":\"Crise des hydrocarbures au Mali : le Premier ministre mobilise pour un retour \u00e0 la normale - Actualit\u00e9s Africaines\",\"isPartOf\":{\"@id\":\"https:\/\/www.africascoop.net\/#website\"},\"primaryImageOfPage\":{\"@id\":\"https:\/\/www.africascoop.net\/index.php\/2025\/11\/20\/crise-des-hydrocarbures-au-mali-le-premier-ministre-mobilise-pour-un-retour-a-la-normale\/#primaryimage\"},\"image\":{\"@id\":\"https:\/\/www.africascoop.net\/index.php\/2025\/11\/20\/crise-des-hydrocarbures-au-mali-le-premier-ministre-mobilise-pour-un-retour-a-la-normale\/#primaryimage\"},\"thumbnailUrl\":\"https:\/\/www.africascoop.net\/wp-content\/uploads\/2025\/11\/PM-1024x576.jpg\",\"datePublished\":\"2025-11-20T11:36:20+00:00\",\"dateModified\":\"2025-11-20T11:36:24+00:00\",\"breadcrumb\":{\"@id\":\"https:\/\/www.africascoop.net\/index.php\/2025\/11\/20\/crise-des-hydrocarbures-au-mali-le-premier-ministre-mobilise-pour-un-retour-a-la-normale\/#breadcrumb\"},\"inLanguage\":\"fr-FR\",\"potentialAction\":[{\"@type\":\"ReadAction\",\"target\":[\"https:\/\/www.africascoop.net\/index.php\/2025\/11\/20\/crise-des-hydrocarbures-au-mali-le-premier-ministre-mobilise-pour-un-retour-a-la-normale\/\"]}]},{\"@type\":\"ImageObject\",\"inLanguage\":\"fr-FR\",\"@id\":\"https:\/\/www.africascoop.net\/index.php\/2025\/11\/20\/crise-des-hydrocarbures-au-mali-le-premier-ministre-mobilise-pour-un-retour-a-la-normale\/#primaryimage\",\"url\":\"https:\/\/www.africascoop.net\/wp-content\/uploads\/2025\/11\/PM.jpg\",\"contentUrl\":\"https:\/\/www.africascoop.net\/wp-content\/uploads\/2025\/11\/PM.jpg\",\"width\":1366,\"height\":768},{\"@type\":\"BreadcrumbList\",\"@id\":\"https:\/\/www.africascoop.net\/index.php\/2025\/11\/20\/crise-des-hydrocarbures-au-mali-le-premier-ministre-mobilise-pour-un-retour-a-la-normale\/#breadcrumb\",\"itemListElement\":[{\"@type\":\"ListItem\",\"position\":1,\"name\":\"Accueil\",\"item\":\"https:\/\/www.africascoop.net\/\"},{\"@type\":\"ListItem\",\"position\":2,\"name\":\"Crise des hydrocarbures au Mali : le Premier ministre mobilise pour un retour \u00e0 la normale\"}]},{\"@type\":\"WebSite\",\"@id\":\"https:\/\/www.africascoop.net\/#website\",\"url\":\"https:\/\/www.africascoop.net\/\",\"name\":\"Actualit\u00e9s Africaines\",\"description\":\"\",\"publisher\":{\"@id\":\"https:\/\/www.africascoop.net\/#organization\"},\"potentialAction\":[{\"@type\":\"SearchAction\",\"target\":{\"@type\":\"EntryPoint\",\"urlTemplate\":\"https:\/\/www.africascoop.net\/?s={search_term_string}\"},\"query-input\":{\"@type\":\"PropertyValueSpecification\",\"valueRequired\":true,\"valueName\":\"search_term_string\"}}],\"inLanguage\":\"fr-FR\"},{\"@type\":\"Organization\",\"@id\":\"https:\/\/www.africascoop.net\/#organization\",\"name\":\"Actualit\u00e9s Africaines\",\"url\":\"https:\/\/www.africascoop.net\/\",\"logo\":{\"@type\":\"ImageObject\",\"inLanguage\":\"fr-FR\",\"@id\":\"https:\/\/www.africascoop.net\/#\/schema\/logo\/image\/\",\"url\":\"https:\/\/www.africascoop.net\/wp-content\/uploads\/2025\/09\/cropped-logo-2.jpg\",\"contentUrl\":\"https:\/\/www.africascoop.net\/wp-content\/uploads\/2025\/09\/cropped-logo-2.jpg\",\"width\":945,\"height\":591,\"caption\":\"Actualit\u00e9s Africaines\"},\"image\":{\"@id\":\"https:\/\/www.africascoop.net\/#\/schema\/logo\/image\/\"}},{\"@type\":\"Person\",\"@id\":\"https:\/\/www.africascoop.net\/#\/schema\/person\/2cbcc632c110d739d93a6b196c67230a\",\"name\":\"Africascoop\",\"image\":{\"@type\":\"ImageObject\",\"inLanguage\":\"fr-FR\",\"@id\":\"https:\/\/www.africascoop.net\/#\/schema\/person\/image\/\",\"url\":\"https:\/\/secure.gravatar.com\/avatar\/230d851f5173f64fe9487b948bd2daf02707ef49aea942bc1bdad649c82025b9?s=96&d=mm&r=g\",\"contentUrl\":\"https:\/\/secure.gravatar.com\/avatar\/230d851f5173f64fe9487b948bd2daf02707ef49aea942bc1bdad649c82025b9?s=96&d=mm&r=g\",\"caption\":\"Africascoop\"},\"url\":\"https:\/\/www.africascoop.net\/index.php\/author\/jul\/\"}]}<\/script>\n<!-- \/ Yoast SEO plugin. -->","yoast_head_json":{"title":"Crise des hydrocarbures au Mali : le Premier ministre mobilise pour un retour \u00e0 la normale - Actualit\u00e9s Africaines","robots":{"index":"index","follow":"follow","max-snippet":"max-snippet:-1","max-image-preview":"max-image-preview:large","max-video-preview":"max-video-preview:-1"},"canonical":"https:\/\/www.africascoop.net\/index.php\/2025\/11\/20\/crise-des-hydrocarbures-au-mali-le-premier-ministre-mobilise-pour-un-retour-a-la-normale\/","og_locale":"fr_FR","og_type":"article","og_title":"Crise des hydrocarbures au Mali : le Premier ministre mobilise pour un retour \u00e0 la normale - Actualit\u00e9s Africaines","og_description":"Dans un contexte marqu\u00e9 par une p\u00e9nurie persistante de carburant, le Premier ministre, Chef du gouvernement, le G\u00e9n\u00e9ral","og_url":"https:\/\/www.africascoop.net\/index.php\/2025\/11\/20\/crise-des-hydrocarbures-au-mali-le-premier-ministre-mobilise-pour-un-retour-a-la-normale\/","og_site_name":"Actualit\u00e9s Africaines","article_published_time":"2025-11-20T11:36:20+00:00","article_modified_time":"2025-11-20T11:36:24+00:00","og_image":[{"url":"https:\/\/www.africascoop.net\/wp-content\/uploads\/2025\/11\/PM-1024x576.jpg","type":"","width":"","height":""}],"author":"Africascoop","twitter_card":"summary_large_image","twitter_misc":{"\u00c9crit par":"Africascoop","Dur\u00e9e de lecture estim\u00e9e":"2 minutes"},"schema":{"@context":"https:\/\/schema.org","@graph":[{"@type":"Article","@id":"https:\/\/www.africascoop.net\/index.php\/2025\/11\/20\/crise-des-hydrocarbures-au-mali-le-premier-ministre-mobilise-pour-un-retour-a-la-normale\/#article","isPartOf":{"@id":"https:\/\/www.africascoop.net\/index.php\/2025\/11\/20\/crise-des-hydrocarbures-au-mali-le-premier-ministre-mobilise-pour-un-retour-a-la-normale\/"},"author":{"name":"Africascoop","@id":"https:\/\/www.africascoop.net\/#\/schema\/person\/2cbcc632c110d739d93a6b196c67230a"},"headline":"Crise des hydrocarbures au Mali : le Premier ministre mobilise pour un retour \u00e0 la normale","datePublished":"2025-11-20T11:36:20+00:00","dateModified":"2025-11-20T11:36:24+00:00","mainEntityOfPage":{"@id":"https:\/\/www.africascoop.net\/index.php\/2025\/11\/20\/crise-des-hydrocarbures-au-mali-le-premier-ministre-mobilise-pour-un-retour-a-la-normale\/"},"wordCount":370,"commentCount":0,"publisher":{"@id":"https:\/\/www.africascoop.net\/#organization"},"image":{"@id":"https:\/\/www.africascoop.net\/index.php\/2025\/11\/20\/crise-des-hydrocarbures-au-mali-le-premier-ministre-mobilise-pour-un-retour-a-la-normale\/#primaryimage"},"thumbnailUrl":"https:\/\/www.africascoop.net\/wp-content\/uploads\/2025\/11\/PM-1024x576.jpg","articleSection":["Exclusif","Politique"],"inLanguage":"fr-FR","potentialAction":[{"@type":"CommentAction","name":"Comment","target":["https:\/\/www.africascoop.net\/index.php\/2025\/11\/20\/crise-des-hydrocarbures-au-mali-le-premier-ministre-mobilise-pour-un-retour-a-la-normale\/#respond"]}]},{"@type":"WebPage","@id":"https:\/\/www.africascoop.net\/index.php\/2025\/11\/20\/crise-des-hydrocarbures-au-mali-le-premier-ministre-mobilise-pour-un-retour-a-la-normale\/","url":"https:\/\/www.africascoop.net\/index.php\/2025\/11\/20\/crise-des-hydrocarbures-au-mali-le-premier-ministre-mobilise-pour-un-retour-a-la-normale\/","name":"Crise des hydrocarbures au Mali : le Premier ministre mobilise pour un retour \u00e0 la normale - Actualit\u00e9s Africaines","isPartOf":{"@id":"https:\/\/www.africascoop.net\/#website"},"primaryImageOfPage":{"@id":"https:\/\/www.africascoop.net\/index.php\/2025\/11\/20\/crise-des-hydrocarbures-au-mali-le-premier-ministre-mobilise-pour-un-retour-a-la-normale\/#primaryimage"},"image":{"@id":"https:\/\/www.africascoop.net\/index.php\/2025\/11\/20\/crise-des-hydrocarbures-au-mali-le-premier-ministre-mobilise-pour-un-retour-a-la-normale\/#primaryimage"},"thumbnailUrl":"https:\/\/www.africascoop.net\/wp-content\/uploads\/2025\/11\/PM-1024x576.jpg","datePublished":"2025-11-20T11:36:20+00:00","dateModified":"2025-11-20T11:36:24+00:00","breadcrumb":{"@id":"https:\/\/www.africascoop.net\/index.php\/2025\/11\/20\/crise-des-hydrocarbures-au-mali-le-premier-ministre-mobilise-pour-un-retour-a-la-normale\/#breadcrumb"},"inLanguage":"fr-FR","potentialAction":[{"@type":"ReadAction","target":["https:\/\/www.africascoop.net\/index.php\/2025\/11\/20\/crise-des-hydrocarbures-au-mali-le-premier-ministre-mobilise-pour-un-retour-a-la-normale\/"]}]},{"@type":"ImageObject","inLanguage":"fr-FR","@id":"https:\/\/www.africascoop.net\/index.php\/2025\/11\/20\/crise-des-hydrocarbures-au-mali-le-premier-ministre-mobilise-pour-un-retour-a-la-normale\/#primaryimage","url":"https:\/\/www.africascoop.net\/wp-content\/uploads\/2025\/11\/PM.jpg","contentUrl":"https:\/\/www.africascoop.net\/wp-content\/uploads\/2025\/11\/PM.jpg","width":1366,"height":768},{"@type":"BreadcrumbList","@id":"https:\/\/www.africascoop.net\/index.php\/2025\/11\/20\/crise-des-hydrocarbures-au-mali-le-premier-ministre-mobilise-pour-un-retour-a-la-normale\/#breadcrumb","itemListElement":[{"@type":"ListItem","position":1,"name":"Accueil","item":"https:\/\/www.africascoop.net\/"},{"@type":"ListItem","position":2,"name":"Crise des hydrocarbures au Mali : le Premier ministre mobilise pour un retour \u00e0 la normale"}]},{"@type":"WebSite","@id":"https:\/\/www.africascoop.net\/#website","url":"https:\/\/www.africascoop.net\/","name":"Actualit\u00e9s Africaines","description":"","publisher":{"@id":"https:\/\/www.africascoop.net\/#organization"},"potentialAction":[{"@type":"SearchAction","target":{"@type":"EntryPoint","urlTemplate":"https:\/\/www.africascoop.net\/?s={search_term_string}"},"query-input":{"@type":"PropertyValueSpecification","valueRequired":true,"valueName":"search_term_string"}}],"inLanguage":"fr-FR"},{"@type":"Organization","@id":"https:\/\/www.africascoop.net\/#organization","name":"Actualit\u00e9s Africaines","url":"https:\/\/www.africascoop.net\/","logo":{"@type":"ImageObject","inLanguage":"fr-FR","@id":"https:\/\/www.africascoop.net\/#\/schema\/logo\/image\/","url":"https:\/\/www.africascoop.net\/wp-content\/uploads\/2025\/09\/cropped-logo-2.jpg","contentUrl":"https:\/\/www.africascoop.net\/wp-content\/uploads\/2025\/09\/cropped-logo-2.jpg","width":945,"height":591,"caption":"Actualit\u00e9s Africaines"},"image":{"@id":"https:\/\/www.africascoop.net\/#\/schema\/logo\/image\/"}},{"@type":"Person","@id":"https:\/\/www.africascoop.net\/#\/schema\/person\/2cbcc632c110d739d93a6b196c67230a","name":"Africascoop","image":{"@type":"ImageObject","inLanguage":"fr-FR","@id":"https:\/\/www.africascoop.net\/#\/schema\/person\/image\/","url":"https:\/\/secure.gravatar.com\/avatar\/230d851f5173f64fe9487b948bd2daf02707ef49aea942bc1bdad649c82025b9?s=96&d=mm&r=g","contentUrl":"https:\/\/secure.gravatar.com\/avatar\/230d851f5173f64fe9487b948bd2daf02707ef49aea942bc1bdad649c82025b9?s=96&d=mm&r=g","caption":"Africascoop"},"url":"https:\/\/www.africascoop.net\/index.php\/author\/jul\/"}]}},"_links":{"self":[{"href":"https:\/\/www.africascoop.net\/index.php\/wp-json\/wp\/v2\/posts\/779","targetHints":{"allow":["GET"]}}],"collection":[{"href":"https:\/\/www.africascoop.net\/index.php\/wp-json\/wp\/v2\/posts"}],"about":[{"href":"https:\/\/www.africascoop.net\/index.php\/wp-json\/wp\/v2\/types\/post"}],"author":[{"embeddable":true,"href":"https:\/\/www.africascoop.net\/index.php\/wp-json\/wp\/v2\/users\/3"}],"replies":[{"embeddable":true,"href":"https:\/\/www.africascoop.net\/index.php\/wp-json\/wp\/v2\/comments?post=779"}],"version-history":[{"count":1,"href":"https:\/\/www.africascoop.net\/index.php\/wp-json\/wp\/v2\/posts\/779\/revisions"}],"predecessor-version":[{"id":781,"href":"https:\/\/www.africascoop.net\/index.php\/wp-json\/wp\/v2\/posts\/779\/revisions\/781"}],"wp:attachment":[{"href":"https:\/\/www.africascoop.net\/index.php\/wp-json\/wp\/v2\/media?parent=779"}],"wp:term":[{"taxonomy":"category","embeddable":true,"href":"https:\/\/www.africascoop.net\/index.php\/wp-json\/wp\/v2\/categories?post=779"},{"taxonomy":"post_tag","embeddable":true,"href":"https:\/\/www.africascoop.net\/index.php\/wp-json\/wp\/v2\/tags?post=779"}],"curies":[{"name":"wp","href":"https:\/\/api.w.org\/{rel}","templated":true}]}}