{"id":782,"date":"2025-11-20T11:39:44","date_gmt":"2025-11-20T11:39:44","guid":{"rendered":"https:\/\/www.africascoop.net\/?p=782"},"modified":"2025-11-20T11:39:46","modified_gmt":"2025-11-20T11:39:46","slug":"niamey-accueille-la-6e-edition-du-forum-de-la-jeunesse-deux-jours-dedies-au-leadership-et-a-la-participation-des-jeunes-au-sahel","status":"publish","type":"post","link":"https:\/\/www.africascoop.net\/index.php\/2025\/11\/20\/niamey-accueille-la-6e-edition-du-forum-de-la-jeunesse-deux-jours-dedies-au-leadership-et-a-la-participation-des-jeunes-au-sahel\/","title":{"rendered":"Niamey accueille la 6e \u00e9dition du Forum de la Jeunesse : deux jours d\u00e9di\u00e9s au leadership et \u00e0 la participation des jeunes au Sahel"},"content":{"rendered":"\n<figure class=\"wp-block-image size-large\"><img loading=\"lazy\" decoding=\"async\" width=\"1024\" height=\"576\" src=\"https:\/\/www.africascoop.net\/wp-content\/uploads\/2025\/11\/Niamey-1024x576.jpg\" alt=\"\" class=\"wp-image-783\" srcset=\"https:\/\/www.africascoop.net\/wp-content\/uploads\/2025\/11\/Niamey-1024x576.jpg 1024w, https:\/\/www.africascoop.net\/wp-content\/uploads\/2025\/11\/Niamey-300x169.jpg 300w, https:\/\/www.africascoop.net\/wp-content\/uploads\/2025\/11\/Niamey-768x432.jpg 768w, https:\/\/www.africascoop.net\/wp-content\/uploads\/2025\/11\/Niamey.jpg 1366w\" sizes=\"auto, (max-width: 1024px) 100vw, 1024px\" \/><\/figure>\n\n\n\n<p><strong><em>La capitale nig\u00e9rienne accueille, les 19 et 20 novembre 2025, la 6e \u00e9dition du Forum annuel de la Jeunesse. Plac\u00e9 sous le th\u00e8me \u00ab Construire l\u2019avenir au Sahel : participation et leadership des jeunes dans les politiques publiques \u00bb, l\u2019\u00e9v\u00e9nement r\u00e9unit plus de 200 jeunes leaders venus de plusieurs pays du Sahel et de l\u2019Afrique de l\u2019Ouest pour r\u00e9fl\u00e9chir aux d\u00e9fis de refondation des \u00c9tats sah\u00e9liens.<\/em><\/strong><\/p>\n\n\n\n<p>Organis\u00e9 par le Gor\u00e9e Institut en partenariat avec le Centre d\u2019\u00c9tudes, de Recherches et d\u2019Analyses Strat\u00e9giques (CERAS) et le gouvernement du Niger, ce Forum offre un espace de dialogue direct entre la jeunesse, les d\u00e9cideurs publics et les partenaires techniques. La c\u00e9r\u00e9monie officielle d\u2019ouverture, tenue le mercredi 19 novembre, a donn\u00e9 le ton \u00e0 deux jours d\u2019\u00e9changes approfondis autour des enjeux politiques, \u00e9conomiques et sociaux qui fa\u00e7onnent l\u2019avenir du Sahel.<\/p>\n\n\n\n<p>Le ministre nig\u00e9rien de la Jeunesse, des Sports et de la Culture, parrain de cette 6\u1d49 \u00e9dition, a pris part \u00e0 la c\u00e9r\u00e9monie d\u2019ouverture aux c\u00f4t\u00e9s des jeunes venus de toute la r\u00e9gion. M. Sidi Mohamed Almouhmouda a salu\u00e9 l\u2019initiative et remerci\u00e9 le Gor\u00e9e Institute d\u2019avoir honor\u00e9 le Niger en organisant cette \u00e9dition \u00e0 Niamey. Tr\u00e8s impliqu\u00e9 dans la pr\u00e9paration de l\u2019\u00e9v\u00e8nement, il a soulign\u00e9 que ce Forum constitue \u00ab une occasion pr\u00e9cieuse pour la jeunesse nig\u00e9rienne et africaine de se former, d\u2019\u00e9changer et de s\u2019impliquer pour le bien des pays du Sahel \u00bb. Pour lui, promouvoir le leadership des jeunes, c\u2019est investir directement dans la stabilit\u00e9, l\u2019innovation et la transformation de la r\u00e9gion.<\/p>\n\n\n\n<p>Les interventions des autres autorit\u00e9s et personnalit\u00e9s invit\u00e9es ont \u00e9galement mis en avant le r\u00f4le d\u00e9terminant de la jeunesse. Le Gouverneur de Niamey, le G\u00e9n\u00e9ral de Division Abdou Assoumane Harouna, a rappel\u00e9 que \u00ab plus rien ne se construit aujourd\u2019hui sans cette jeunesse consciente, connect\u00e9e et responsable \u00bb. Selon lui, ce rendez-vous est \u00ab une occasion pr\u00e9cieuse d\u2019\u00e9changes et de r\u00e9flexion collective \u00bb.<\/p>\n\n\n\n<p>La Directrice du CERAS et le Directeur ex\u00e9cutif du Gor\u00e9e Institute ont insist\u00e9 sur la n\u00e9cessit\u00e9 d\u2019int\u00e9grer davantage les jeunes dans les dynamiques de gouvernance. Doudou Dia, Directeur ex\u00e9cutif du Gor\u00e9e Institute, a livr\u00e9 un discours marquant : \u00ab Le Gor\u00e9e Institute n\u2019est pas une institution neutre. Nous sommes un acteur engag\u00e9, un producteur d\u2019id\u00e9es, un facilitateur politique, un catalyseur de transformations profondes \u00bb. Il a ajout\u00e9 que \u00ab le leadership des jeunes n\u2019est pas une question d\u2019\u00e2ge, c\u2019est une question de courage \u00bb, convaincu que les participants pr\u00e9sents \u00e0 Niamey sont pr\u00eats \u00e0 occuper l\u2019espace public et \u00e0 porter les valeurs de la paix et de la justice.<\/p>\n\n\n\n<p>Abdoulaye Bald\u00e9, Team Lead du PNUD Niger, a rappel\u00e9 que \u00ab l\u2019on ne peut pas parler de refondation de nos soci\u00e9t\u00e9s sans les jeunes \u00bb. Il a r\u00e9affirm\u00e9 l\u2019engagement constant du PNUD \u00e0 accompagner les initiatives port\u00e9es par les jeunes du Sahel, avant de les encourager \u00e0 \u00ab oser inventer \u00bb, leur assurant que le PNUD restera \u00ab toujours \u00e0 leurs c\u00f4t\u00e9s \u00bb.<\/p>\n\n\n\n<p>Pr\u00e9sent \u00e9galement \u00e0 la c\u00e9r\u00e9monie, l\u2019Ambassadeur du Royaume des Pays-Bas au Niger, Andr\u00e9 Carstens, a illustr\u00e9 son message avec un proverbe haoussa : \u00ab Qui s\u2019occupe bien de son poulain aura un jour un cheval \u00bb. Une fa\u00e7on d\u2019inviter les gouvernements sah\u00e9liens \u00e0 miser r\u00e9solument sur la jeunesse pour garantir l\u2019avenir de leurs nations.<\/p>\n\n\n\n<p>Avec cette 6\u1d49 \u00e9dition du Forum de la Jeunesse, Niamey devient, le temps de deux jours, un v\u00e9ritable laboratoire d\u2019id\u00e9es, un lieu de mobilisation et de construction d\u2019alternatives pour un Sahel r\u00e9silient. Une jeunesse engag\u00e9e, soutenue par des institutions d\u00e9termin\u00e9es, s\u2019y r\u00e9unit pour r\u00e9fl\u00e9chir, proposer et agir en faveur de l\u2019avenir de la r\u00e9gion.<\/p>\n\n\n\n<p>Par Djibrilla Tour\u00e9<\/p>\n","protected":false},"excerpt":{"rendered":"<p>La capitale nig\u00e9rienne accueille, les 19 et 20 novembre 2025, la 6e \u00e9dition du Forum annuel de la<\/p>\n","protected":false},"author":3,"featured_media":0,"comment_status":"open","ping_status":"open","sticky":false,"template":"","format":"standard","meta":{"footnotes":""},"categories":[36,35],"tags":[],"class_list":["post-782","post","type-post","status-publish","format-standard","hentry","category-exclusif","category-societe"],"yoast_head":"<!-- This site is optimized with the Yoast SEO plugin v26.0 - https:\/\/yoast.com\/wordpress\/plugins\/seo\/ -->\n<title>Niamey accueille la 6e \u00e9dition du Forum de la Jeunesse : deux jours d\u00e9di\u00e9s au leadership et \u00e0 la participation des jeunes au Sahel - Actualit\u00e9s Africaines<\/title>\n<meta name=\"robots\" content=\"index, follow, max-snippet:-1, max-image-preview:large, max-video-preview:-1\" \/>\n<link rel=\"canonical\" href=\"https:\/\/www.africascoop.net\/index.php\/2025\/11\/20\/niamey-accueille-la-6e-edition-du-forum-de-la-jeunesse-deux-jours-dedies-au-leadership-et-a-la-participation-des-jeunes-au-sahel\/\" \/>\n<meta property=\"og:locale\" content=\"fr_FR\" \/>\n<meta property=\"og:type\" content=\"article\" \/>\n<meta property=\"og:title\" content=\"Niamey accueille la 6e \u00e9dition du Forum de la Jeunesse : deux jours d\u00e9di\u00e9s au leadership et \u00e0 la participation des jeunes au Sahel - Actualit\u00e9s Africaines\" \/>\n<meta property=\"og:description\" content=\"La capitale nig\u00e9rienne accueille, les 19 et 20 novembre 2025, la 6e \u00e9dition du Forum annuel de la\" \/>\n<meta property=\"og:url\" content=\"https:\/\/www.africascoop.net\/index.php\/2025\/11\/20\/niamey-accueille-la-6e-edition-du-forum-de-la-jeunesse-deux-jours-dedies-au-leadership-et-a-la-participation-des-jeunes-au-sahel\/\" \/>\n<meta property=\"og:site_name\" content=\"Actualit\u00e9s Africaines\" \/>\n<meta property=\"article:published_time\" content=\"2025-11-20T11:39:44+00:00\" \/>\n<meta property=\"article:modified_time\" content=\"2025-11-20T11:39:46+00:00\" \/>\n<meta property=\"og:image\" content=\"https:\/\/www.africascoop.net\/wp-content\/uploads\/2025\/11\/Niamey-1024x576.jpg\" \/>\n<meta name=\"author\" content=\"Africascoop\" \/>\n<meta name=\"twitter:card\" content=\"summary_large_image\" \/>\n<meta name=\"twitter:label1\" content=\"\u00c9crit par\" \/>\n\t<meta name=\"twitter:data1\" content=\"Africascoop\" \/>\n\t<meta name=\"twitter:label2\" content=\"Dur\u00e9e de lecture estim\u00e9e\" \/>\n\t<meta name=\"twitter:data2\" content=\"4 minutes\" \/>\n<script type=\"application\/ld+json\" class=\"yoast-schema-graph\">{\"@context\":\"https:\/\/schema.org\",\"@graph\":[{\"@type\":\"Article\",\"@id\":\"https:\/\/www.africascoop.net\/index.php\/2025\/11\/20\/niamey-accueille-la-6e-edition-du-forum-de-la-jeunesse-deux-jours-dedies-au-leadership-et-a-la-participation-des-jeunes-au-sahel\/#article\",\"isPartOf\":{\"@id\":\"https:\/\/www.africascoop.net\/index.php\/2025\/11\/20\/niamey-accueille-la-6e-edition-du-forum-de-la-jeunesse-deux-jours-dedies-au-leadership-et-a-la-participation-des-jeunes-au-sahel\/\"},\"author\":{\"name\":\"Africascoop\",\"@id\":\"https:\/\/www.africascoop.net\/#\/schema\/person\/2cbcc632c110d739d93a6b196c67230a\"},\"headline\":\"Niamey accueille la 6e \u00e9dition du Forum de la Jeunesse : deux jours d\u00e9di\u00e9s au leadership et \u00e0 la participation des jeunes au Sahel\",\"datePublished\":\"2025-11-20T11:39:44+00:00\",\"dateModified\":\"2025-11-20T11:39:46+00:00\",\"mainEntityOfPage\":{\"@id\":\"https:\/\/www.africascoop.net\/index.php\/2025\/11\/20\/niamey-accueille-la-6e-edition-du-forum-de-la-jeunesse-deux-jours-dedies-au-leadership-et-a-la-participation-des-jeunes-au-sahel\/\"},\"wordCount\":684,\"commentCount\":0,\"publisher\":{\"@id\":\"https:\/\/www.africascoop.net\/#organization\"},\"image\":{\"@id\":\"https:\/\/www.africascoop.net\/index.php\/2025\/11\/20\/niamey-accueille-la-6e-edition-du-forum-de-la-jeunesse-deux-jours-dedies-au-leadership-et-a-la-participation-des-jeunes-au-sahel\/#primaryimage\"},\"thumbnailUrl\":\"https:\/\/www.africascoop.net\/wp-content\/uploads\/2025\/11\/Niamey-1024x576.jpg\",\"articleSection\":[\"Exclusif\",\"Soci\u00e9t\u00e9\"],\"inLanguage\":\"fr-FR\",\"potentialAction\":[{\"@type\":\"CommentAction\",\"name\":\"Comment\",\"target\":[\"https:\/\/www.africascoop.net\/index.php\/2025\/11\/20\/niamey-accueille-la-6e-edition-du-forum-de-la-jeunesse-deux-jours-dedies-au-leadership-et-a-la-participation-des-jeunes-au-sahel\/#respond\"]}]},{\"@type\":\"WebPage\",\"@id\":\"https:\/\/www.africascoop.net\/index.php\/2025\/11\/20\/niamey-accueille-la-6e-edition-du-forum-de-la-jeunesse-deux-jours-dedies-au-leadership-et-a-la-participation-des-jeunes-au-sahel\/\",\"url\":\"https:\/\/www.africascoop.net\/index.php\/2025\/11\/20\/niamey-accueille-la-6e-edition-du-forum-de-la-jeunesse-deux-jours-dedies-au-leadership-et-a-la-participation-des-jeunes-au-sahel\/\",\"name\":\"Niamey accueille la 6e \u00e9dition du Forum de la Jeunesse : deux jours d\u00e9di\u00e9s au leadership et \u00e0 la participation des jeunes au Sahel - Actualit\u00e9s Africaines\",\"isPartOf\":{\"@id\":\"https:\/\/www.africascoop.net\/#website\"},\"primaryImageOfPage\":{\"@id\":\"https:\/\/www.africascoop.net\/index.php\/2025\/11\/20\/niamey-accueille-la-6e-edition-du-forum-de-la-jeunesse-deux-jours-dedies-au-leadership-et-a-la-participation-des-jeunes-au-sahel\/#primaryimage\"},\"image\":{\"@id\":\"https:\/\/www.africascoop.net\/index.php\/2025\/11\/20\/niamey-accueille-la-6e-edition-du-forum-de-la-jeunesse-deux-jours-dedies-au-leadership-et-a-la-participation-des-jeunes-au-sahel\/#primaryimage\"},\"thumbnailUrl\":\"https:\/\/www.africascoop.net\/wp-content\/uploads\/2025\/11\/Niamey-1024x576.jpg\",\"datePublished\":\"2025-11-20T11:39:44+00:00\",\"dateModified\":\"2025-11-20T11:39:46+00:00\",\"breadcrumb\":{\"@id\":\"https:\/\/www.africascoop.net\/index.php\/2025\/11\/20\/niamey-accueille-la-6e-edition-du-forum-de-la-jeunesse-deux-jours-dedies-au-leadership-et-a-la-participation-des-jeunes-au-sahel\/#breadcrumb\"},\"inLanguage\":\"fr-FR\",\"potentialAction\":[{\"@type\":\"ReadAction\",\"target\":[\"https:\/\/www.africascoop.net\/index.php\/2025\/11\/20\/niamey-accueille-la-6e-edition-du-forum-de-la-jeunesse-deux-jours-dedies-au-leadership-et-a-la-participation-des-jeunes-au-sahel\/\"]}]},{\"@type\":\"ImageObject\",\"inLanguage\":\"fr-FR\",\"@id\":\"https:\/\/www.africascoop.net\/index.php\/2025\/11\/20\/niamey-accueille-la-6e-edition-du-forum-de-la-jeunesse-deux-jours-dedies-au-leadership-et-a-la-participation-des-jeunes-au-sahel\/#primaryimage\",\"url\":\"https:\/\/www.africascoop.net\/wp-content\/uploads\/2025\/11\/Niamey.jpg\",\"contentUrl\":\"https:\/\/www.africascoop.net\/wp-content\/uploads\/2025\/11\/Niamey.jpg\",\"width\":1366,\"height\":768},{\"@type\":\"BreadcrumbList\",\"@id\":\"https:\/\/www.africascoop.net\/index.php\/2025\/11\/20\/niamey-accueille-la-6e-edition-du-forum-de-la-jeunesse-deux-jours-dedies-au-leadership-et-a-la-participation-des-jeunes-au-sahel\/#breadcrumb\",\"itemListElement\":[{\"@type\":\"ListItem\",\"position\":1,\"name\":\"Accueil\",\"item\":\"https:\/\/www.africascoop.net\/\"},{\"@type\":\"ListItem\",\"position\":2,\"name\":\"Niamey accueille la 6e \u00e9dition du Forum de la Jeunesse : deux jours d\u00e9di\u00e9s au leadership et \u00e0 la participation des jeunes au Sahel\"}]},{\"@type\":\"WebSite\",\"@id\":\"https:\/\/www.africascoop.net\/#website\",\"url\":\"https:\/\/www.africascoop.net\/\",\"name\":\"Actualit\u00e9s Africaines\",\"description\":\"\",\"publisher\":{\"@id\":\"https:\/\/www.africascoop.net\/#organization\"},\"potentialAction\":[{\"@type\":\"SearchAction\",\"target\":{\"@type\":\"EntryPoint\",\"urlTemplate\":\"https:\/\/www.africascoop.net\/?s={search_term_string}\"},\"query-input\":{\"@type\":\"PropertyValueSpecification\",\"valueRequired\":true,\"valueName\":\"search_term_string\"}}],\"inLanguage\":\"fr-FR\"},{\"@type\":\"Organization\",\"@id\":\"https:\/\/www.africascoop.net\/#organization\",\"name\":\"Actualit\u00e9s Africaines\",\"url\":\"https:\/\/www.africascoop.net\/\",\"logo\":{\"@type\":\"ImageObject\",\"inLanguage\":\"fr-FR\",\"@id\":\"https:\/\/www.africascoop.net\/#\/schema\/logo\/image\/\",\"url\":\"https:\/\/www.africascoop.net\/wp-content\/uploads\/2025\/09\/cropped-logo-2.jpg\",\"contentUrl\":\"https:\/\/www.africascoop.net\/wp-content\/uploads\/2025\/09\/cropped-logo-2.jpg\",\"width\":945,\"height\":591,\"caption\":\"Actualit\u00e9s Africaines\"},\"image\":{\"@id\":\"https:\/\/www.africascoop.net\/#\/schema\/logo\/image\/\"}},{\"@type\":\"Person\",\"@id\":\"https:\/\/www.africascoop.net\/#\/schema\/person\/2cbcc632c110d739d93a6b196c67230a\",\"name\":\"Africascoop\",\"image\":{\"@type\":\"ImageObject\",\"inLanguage\":\"fr-FR\",\"@id\":\"https:\/\/www.africascoop.net\/#\/schema\/person\/image\/\",\"url\":\"https:\/\/secure.gravatar.com\/avatar\/230d851f5173f64fe9487b948bd2daf02707ef49aea942bc1bdad649c82025b9?s=96&d=mm&r=g\",\"contentUrl\":\"https:\/\/secure.gravatar.com\/avatar\/230d851f5173f64fe9487b948bd2daf02707ef49aea942bc1bdad649c82025b9?s=96&d=mm&r=g\",\"caption\":\"Africascoop\"},\"url\":\"https:\/\/www.africascoop.net\/index.php\/author\/jul\/\"}]}<\/script>\n<!-- \/ Yoast SEO plugin. -->","yoast_head_json":{"title":"Niamey accueille la 6e \u00e9dition du Forum de la Jeunesse : deux jours d\u00e9di\u00e9s au leadership et \u00e0 la participation des jeunes au Sahel - Actualit\u00e9s Africaines","robots":{"index":"index","follow":"follow","max-snippet":"max-snippet:-1","max-image-preview":"max-image-preview:large","max-video-preview":"max-video-preview:-1"},"canonical":"https:\/\/www.africascoop.net\/index.php\/2025\/11\/20\/niamey-accueille-la-6e-edition-du-forum-de-la-jeunesse-deux-jours-dedies-au-leadership-et-a-la-participation-des-jeunes-au-sahel\/","og_locale":"fr_FR","og_type":"article","og_title":"Niamey accueille la 6e \u00e9dition du Forum de la Jeunesse : deux jours d\u00e9di\u00e9s au leadership et \u00e0 la participation des jeunes au Sahel - Actualit\u00e9s Africaines","og_description":"La capitale nig\u00e9rienne accueille, les 19 et 20 novembre 2025, la 6e \u00e9dition du Forum annuel de la","og_url":"https:\/\/www.africascoop.net\/index.php\/2025\/11\/20\/niamey-accueille-la-6e-edition-du-forum-de-la-jeunesse-deux-jours-dedies-au-leadership-et-a-la-participation-des-jeunes-au-sahel\/","og_site_name":"Actualit\u00e9s Africaines","article_published_time":"2025-11-20T11:39:44+00:00","article_modified_time":"2025-11-20T11:39:46+00:00","og_image":[{"url":"https:\/\/www.africascoop.net\/wp-content\/uploads\/2025\/11\/Niamey-1024x576.jpg","type":"","width":"","height":""}],"author":"Africascoop","twitter_card":"summary_large_image","twitter_misc":{"\u00c9crit par":"Africascoop","Dur\u00e9e de lecture estim\u00e9e":"4 minutes"},"schema":{"@context":"https:\/\/schema.org","@graph":[{"@type":"Article","@id":"https:\/\/www.africascoop.net\/index.php\/2025\/11\/20\/niamey-accueille-la-6e-edition-du-forum-de-la-jeunesse-deux-jours-dedies-au-leadership-et-a-la-participation-des-jeunes-au-sahel\/#article","isPartOf":{"@id":"https:\/\/www.africascoop.net\/index.php\/2025\/11\/20\/niamey-accueille-la-6e-edition-du-forum-de-la-jeunesse-deux-jours-dedies-au-leadership-et-a-la-participation-des-jeunes-au-sahel\/"},"author":{"name":"Africascoop","@id":"https:\/\/www.africascoop.net\/#\/schema\/person\/2cbcc632c110d739d93a6b196c67230a"},"headline":"Niamey accueille la 6e \u00e9dition du Forum de la Jeunesse : deux jours d\u00e9di\u00e9s au leadership et \u00e0 la participation des jeunes au Sahel","datePublished":"2025-11-20T11:39:44+00:00","dateModified":"2025-11-20T11:39:46+00:00","mainEntityOfPage":{"@id":"https:\/\/www.africascoop.net\/index.php\/2025\/11\/20\/niamey-accueille-la-6e-edition-du-forum-de-la-jeunesse-deux-jours-dedies-au-leadership-et-a-la-participation-des-jeunes-au-sahel\/"},"wordCount":684,"commentCount":0,"publisher":{"@id":"https:\/\/www.africascoop.net\/#organization"},"image":{"@id":"https:\/\/www.africascoop.net\/index.php\/2025\/11\/20\/niamey-accueille-la-6e-edition-du-forum-de-la-jeunesse-deux-jours-dedies-au-leadership-et-a-la-participation-des-jeunes-au-sahel\/#primaryimage"},"thumbnailUrl":"https:\/\/www.africascoop.net\/wp-content\/uploads\/2025\/11\/Niamey-1024x576.jpg","articleSection":["Exclusif","Soci\u00e9t\u00e9"],"inLanguage":"fr-FR","potentialAction":[{"@type":"CommentAction","name":"Comment","target":["https:\/\/www.africascoop.net\/index.php\/2025\/11\/20\/niamey-accueille-la-6e-edition-du-forum-de-la-jeunesse-deux-jours-dedies-au-leadership-et-a-la-participation-des-jeunes-au-sahel\/#respond"]}]},{"@type":"WebPage","@id":"https:\/\/www.africascoop.net\/index.php\/2025\/11\/20\/niamey-accueille-la-6e-edition-du-forum-de-la-jeunesse-deux-jours-dedies-au-leadership-et-a-la-participation-des-jeunes-au-sahel\/","url":"https:\/\/www.africascoop.net\/index.php\/2025\/11\/20\/niamey-accueille-la-6e-edition-du-forum-de-la-jeunesse-deux-jours-dedies-au-leadership-et-a-la-participation-des-jeunes-au-sahel\/","name":"Niamey accueille la 6e \u00e9dition du Forum de la Jeunesse : deux jours d\u00e9di\u00e9s au leadership et \u00e0 la participation des jeunes au Sahel - Actualit\u00e9s Africaines","isPartOf":{"@id":"https:\/\/www.africascoop.net\/#website"},"primaryImageOfPage":{"@id":"https:\/\/www.africascoop.net\/index.php\/2025\/11\/20\/niamey-accueille-la-6e-edition-du-forum-de-la-jeunesse-deux-jours-dedies-au-leadership-et-a-la-participation-des-jeunes-au-sahel\/#primaryimage"},"image":{"@id":"https:\/\/www.africascoop.net\/index.php\/2025\/11\/20\/niamey-accueille-la-6e-edition-du-forum-de-la-jeunesse-deux-jours-dedies-au-leadership-et-a-la-participation-des-jeunes-au-sahel\/#primaryimage"},"thumbnailUrl":"https:\/\/www.africascoop.net\/wp-content\/uploads\/2025\/11\/Niamey-1024x576.jpg","datePublished":"2025-11-20T11:39:44+00:00","dateModified":"2025-11-20T11:39:46+00:00","breadcrumb":{"@id":"https:\/\/www.africascoop.net\/index.php\/2025\/11\/20\/niamey-accueille-la-6e-edition-du-forum-de-la-jeunesse-deux-jours-dedies-au-leadership-et-a-la-participation-des-jeunes-au-sahel\/#breadcrumb"},"inLanguage":"fr-FR","potentialAction":[{"@type":"ReadAction","target":["https:\/\/www.africascoop.net\/index.php\/2025\/11\/20\/niamey-accueille-la-6e-edition-du-forum-de-la-jeunesse-deux-jours-dedies-au-leadership-et-a-la-participation-des-jeunes-au-sahel\/"]}]},{"@type":"ImageObject","inLanguage":"fr-FR","@id":"https:\/\/www.africascoop.net\/index.php\/2025\/11\/20\/niamey-accueille-la-6e-edition-du-forum-de-la-jeunesse-deux-jours-dedies-au-leadership-et-a-la-participation-des-jeunes-au-sahel\/#primaryimage","url":"https:\/\/www.africascoop.net\/wp-content\/uploads\/2025\/11\/Niamey.jpg","contentUrl":"https:\/\/www.africascoop.net\/wp-content\/uploads\/2025\/11\/Niamey.jpg","width":1366,"height":768},{"@type":"BreadcrumbList","@id":"https:\/\/www.africascoop.net\/index.php\/2025\/11\/20\/niamey-accueille-la-6e-edition-du-forum-de-la-jeunesse-deux-jours-dedies-au-leadership-et-a-la-participation-des-jeunes-au-sahel\/#breadcrumb","itemListElement":[{"@type":"ListItem","position":1,"name":"Accueil","item":"https:\/\/www.africascoop.net\/"},{"@type":"ListItem","position":2,"name":"Niamey accueille la 6e \u00e9dition du Forum de la Jeunesse : deux jours d\u00e9di\u00e9s au leadership et \u00e0 la participation des jeunes au Sahel"}]},{"@type":"WebSite","@id":"https:\/\/www.africascoop.net\/#website","url":"https:\/\/www.africascoop.net\/","name":"Actualit\u00e9s Africaines","description":"","publisher":{"@id":"https:\/\/www.africascoop.net\/#organization"},"potentialAction":[{"@type":"SearchAction","target":{"@type":"EntryPoint","urlTemplate":"https:\/\/www.africascoop.net\/?s={search_term_string}"},"query-input":{"@type":"PropertyValueSpecification","valueRequired":true,"valueName":"search_term_string"}}],"inLanguage":"fr-FR"},{"@type":"Organization","@id":"https:\/\/www.africascoop.net\/#organization","name":"Actualit\u00e9s Africaines","url":"https:\/\/www.africascoop.net\/","logo":{"@type":"ImageObject","inLanguage":"fr-FR","@id":"https:\/\/www.africascoop.net\/#\/schema\/logo\/image\/","url":"https:\/\/www.africascoop.net\/wp-content\/uploads\/2025\/09\/cropped-logo-2.jpg","contentUrl":"https:\/\/www.africascoop.net\/wp-content\/uploads\/2025\/09\/cropped-logo-2.jpg","width":945,"height":591,"caption":"Actualit\u00e9s Africaines"},"image":{"@id":"https:\/\/www.africascoop.net\/#\/schema\/logo\/image\/"}},{"@type":"Person","@id":"https:\/\/www.africascoop.net\/#\/schema\/person\/2cbcc632c110d739d93a6b196c67230a","name":"Africascoop","image":{"@type":"ImageObject","inLanguage":"fr-FR","@id":"https:\/\/www.africascoop.net\/#\/schema\/person\/image\/","url":"https:\/\/secure.gravatar.com\/avatar\/230d851f5173f64fe9487b948bd2daf02707ef49aea942bc1bdad649c82025b9?s=96&d=mm&r=g","contentUrl":"https:\/\/secure.gravatar.com\/avatar\/230d851f5173f64fe9487b948bd2daf02707ef49aea942bc1bdad649c82025b9?s=96&d=mm&r=g","caption":"Africascoop"},"url":"https:\/\/www.africascoop.net\/index.php\/author\/jul\/"}]}},"_links":{"self":[{"href":"https:\/\/www.africascoop.net\/index.php\/wp-json\/wp\/v2\/posts\/782","targetHints":{"allow":["GET"]}}],"collection":[{"href":"https:\/\/www.africascoop.net\/index.php\/wp-json\/wp\/v2\/posts"}],"about":[{"href":"https:\/\/www.africascoop.net\/index.php\/wp-json\/wp\/v2\/types\/post"}],"author":[{"embeddable":true,"href":"https:\/\/www.africascoop.net\/index.php\/wp-json\/wp\/v2\/users\/3"}],"replies":[{"embeddable":true,"href":"https:\/\/www.africascoop.net\/index.php\/wp-json\/wp\/v2\/comments?post=782"}],"version-history":[{"count":1,"href":"https:\/\/www.africascoop.net\/index.php\/wp-json\/wp\/v2\/posts\/782\/revisions"}],"predecessor-version":[{"id":784,"href":"https:\/\/www.africascoop.net\/index.php\/wp-json\/wp\/v2\/posts\/782\/revisions\/784"}],"wp:attachment":[{"href":"https:\/\/www.africascoop.net\/index.php\/wp-json\/wp\/v2\/media?parent=782"}],"wp:term":[{"taxonomy":"category","embeddable":true,"href":"https:\/\/www.africascoop.net\/index.php\/wp-json\/wp\/v2\/categories?post=782"},{"taxonomy":"post_tag","embeddable":true,"href":"https:\/\/www.africascoop.net\/index.php\/wp-json\/wp\/v2\/tags?post=782"}],"curies":[{"name":"wp","href":"https:\/\/api.w.org\/{rel}","templated":true}]}}