{"id":785,"date":"2025-11-20T21:11:42","date_gmt":"2025-11-20T21:11:42","guid":{"rendered":"https:\/\/www.africascoop.net\/?p=785"},"modified":"2025-11-20T21:11:54","modified_gmt":"2025-11-20T21:11:54","slug":"mali-onu-abdoulaye-diop-et-une-delegation-onusienne-serrent-les-rangs-contre-la-crise-securitaire","status":"publish","type":"post","link":"https:\/\/www.africascoop.net\/index.php\/2025\/11\/20\/mali-onu-abdoulaye-diop-et-une-delegation-onusienne-serrent-les-rangs-contre-la-crise-securitaire\/","title":{"rendered":"Mali-ONU : Abdoulaye Diop et une d\u00e9l\u00e9gation onusienne serrent les rangs contre la crise s\u00e9curitaire"},"content":{"rendered":"\n<figure class=\"wp-block-image size-large\"><img loading=\"lazy\" decoding=\"async\" width=\"1024\" height=\"576\" src=\"https:\/\/www.africascoop.net\/wp-content\/uploads\/2025\/11\/DIOP-1024x576.jpg\" alt=\"\" class=\"wp-image-786\" srcset=\"https:\/\/www.africascoop.net\/wp-content\/uploads\/2025\/11\/DIOP-1024x576.jpg 1024w, https:\/\/www.africascoop.net\/wp-content\/uploads\/2025\/11\/DIOP-300x169.jpg 300w, https:\/\/www.africascoop.net\/wp-content\/uploads\/2025\/11\/DIOP-768x432.jpg 768w, https:\/\/www.africascoop.net\/wp-content\/uploads\/2025\/11\/DIOP.jpg 1366w\" sizes=\"auto, (max-width: 1024px) 100vw, 1024px\" \/><\/figure>\n\n\n\n<p><strong>Le ministre malien des Affaires \u00e9trang\u00e8res et de la Coop\u00e9ration internationale, Abdoulaye Diop, a tenu ce jeudi 20 novembre 2025 une importante s\u00e9ance de travail avec une d\u00e9l\u00e9gation des Nations Unies conduite par Leonardo Santos Sim\u00e3o, Repr\u00e9sentant sp\u00e9cial du Secr\u00e9taire g\u00e9n\u00e9ral de l\u2019ONU pour l\u2019Afrique de l\u2019Ouest et le Sahel.<\/strong><\/p>\n\n\n\n<p>Le Coordonnateur r\u00e9sident par int\u00e9rim du Syst\u00e8me des Nations Unies au Mali a \u00e9galement pris part \u00e0 la rencontre.<\/p>\n\n\n\n<p>Cette visite s\u2019inscrit dans une dynamique de coop\u00e9ration renforc\u00e9e entre le Mali et l\u2019ONU, dans un contexte marqu\u00e9 par des d\u00e9fis s\u00e9curitaires, \u00e9conomiques et humanitaires \u00e0 la fois nationaux, r\u00e9gionaux et mondiaux.<\/p>\n\n\n\n<p>Au cours des \u00e9changes, le ministre Diop a dress\u00e9 un bilan d\u00e9taill\u00e9 de la situation du pays, soulignant les efforts entrepris par les autorit\u00e9s pour r\u00e9pondre de mani\u00e8re urgente et globale aux menaces auxquelles le Mali fait face. Il a notamment \u00e9voqu\u00e9 la lutte contre un \u00ab terrorisme sponsoris\u00e9 \u00bb, appuy\u00e9 selon lui par des moyens arm\u00e9s, \u00e9conomiques et m\u00e9diatiques.<\/p>\n\n\n\n<p>Le patron de la diplomatie malienne a rappel\u00e9 l\u2019\u00e9volution significative des Forces arm\u00e9es maliennes, pass\u00e9es d\u2019une posture de d\u00e9pendance op\u00e9rationnelle \u00e0 une autonomie renforc\u00e9e. Il a qualifi\u00e9 les forces de d\u00e9fense et de s\u00e9curit\u00e9 de \u00ab rempart \u00bb pour la pacification de l\u2019espace conf\u00e9d\u00e9ral, o\u00f9 op\u00e8rent \u00e9galement les Forces de d\u00e9fense de la Conf\u00e9d\u00e9ration AES, et pour la stabilit\u00e9 de la sous-r\u00e9gion.<\/p>\n\n\n\n<p>M.Diop n&rsquo;a pas oubli\u00e9 \u00e9galement de d\u00e9noncer une \u00ab synchronisation \u00bb entre perturbations \u00e9conomiques et campagnes m\u00e9diatiques hostiles men\u00e9es, selon lui, par certains m\u00e9dias \u00e9trangers. Il a mis en avant les actions men\u00e9es par les autorit\u00e9s de la Transition pour r\u00e9pondre aux besoins essentiels des populations et pour tirer des le\u00e7ons de la crise conjoncturelle, afin de renforcer durablement la r\u00e9silience nationale.<\/p>\n\n\n\n<p>Au cours de l&rsquo;audience, les discussions ont aussi port\u00e9 sur la Charte nationale pour la paix et la r\u00e9conciliation, consid\u00e9r\u00e9e par le gouvernement comme le seul document de r\u00e9f\u00e9rence en mati\u00e8re de paix au Mali. La coop\u00e9ration sous-r\u00e9gionale, la prise en compte de la dimension \u00ab Conf\u00e9d\u00e9ration AES \u00bb dans le dialogue avec l\u2019ONU, ainsi que les programmes men\u00e9s par les agences onusiennes au b\u00e9n\u00e9fice des populations ont \u00e9galement \u00e9t\u00e9 abord\u00e9s.<\/p>\n\n\n\n<p>Cette rencontre s\u2019inscrit dans la continuit\u00e9 des \u00e9changes politiques r\u00e9guliers entre Bamako et les Nations Unies, dans un contexte o\u00f9 les deux partenaires cherchent \u00e0 consolider un cadre de collaboration stable et efficace.<\/p>\n\n\n\n<p>Lamine&nbsp;BAGAYOGO<\/p>\n","protected":false},"excerpt":{"rendered":"<p>Le ministre malien des Affaires \u00e9trang\u00e8res et de la Coop\u00e9ration internationale, Abdoulaye Diop, a tenu ce jeudi 20<\/p>\n","protected":false},"author":3,"featured_media":0,"comment_status":"open","ping_status":"open","sticky":false,"template":"","format":"standard","meta":{"footnotes":""},"categories":[36,9],"tags":[],"class_list":["post-785","post","type-post","status-publish","format-standard","hentry","category-exclusif","category-politique"],"yoast_head":"<!-- This site is optimized with the Yoast SEO plugin v26.0 - https:\/\/yoast.com\/wordpress\/plugins\/seo\/ -->\n<title>Mali-ONU : Abdoulaye Diop et une d\u00e9l\u00e9gation onusienne serrent les rangs contre la crise s\u00e9curitaire - Actualit\u00e9s Africaines<\/title>\n<meta name=\"robots\" content=\"index, follow, max-snippet:-1, max-image-preview:large, max-video-preview:-1\" \/>\n<link rel=\"canonical\" href=\"https:\/\/www.africascoop.net\/index.php\/2025\/11\/20\/mali-onu-abdoulaye-diop-et-une-delegation-onusienne-serrent-les-rangs-contre-la-crise-securitaire\/\" \/>\n<meta property=\"og:locale\" content=\"fr_FR\" \/>\n<meta property=\"og:type\" content=\"article\" \/>\n<meta property=\"og:title\" content=\"Mali-ONU : Abdoulaye Diop et une d\u00e9l\u00e9gation onusienne serrent les rangs contre la crise s\u00e9curitaire - Actualit\u00e9s Africaines\" \/>\n<meta property=\"og:description\" content=\"Le ministre malien des Affaires \u00e9trang\u00e8res et de la Coop\u00e9ration internationale, Abdoulaye Diop, a tenu ce jeudi 20\" \/>\n<meta property=\"og:url\" content=\"https:\/\/www.africascoop.net\/index.php\/2025\/11\/20\/mali-onu-abdoulaye-diop-et-une-delegation-onusienne-serrent-les-rangs-contre-la-crise-securitaire\/\" \/>\n<meta property=\"og:site_name\" content=\"Actualit\u00e9s Africaines\" \/>\n<meta property=\"article:published_time\" content=\"2025-11-20T21:11:42+00:00\" \/>\n<meta property=\"article:modified_time\" content=\"2025-11-20T21:11:54+00:00\" \/>\n<meta property=\"og:image\" content=\"https:\/\/www.africascoop.net\/wp-content\/uploads\/2025\/11\/DIOP-1024x576.jpg\" \/>\n<meta name=\"author\" content=\"Africascoop\" \/>\n<meta name=\"twitter:card\" content=\"summary_large_image\" \/>\n<meta name=\"twitter:label1\" content=\"\u00c9crit par\" \/>\n\t<meta name=\"twitter:data1\" content=\"Africascoop\" \/>\n\t<meta name=\"twitter:label2\" content=\"Dur\u00e9e de lecture estim\u00e9e\" \/>\n\t<meta name=\"twitter:data2\" content=\"3 minutes\" \/>\n<script type=\"application\/ld+json\" class=\"yoast-schema-graph\">{\"@context\":\"https:\/\/schema.org\",\"@graph\":[{\"@type\":\"Article\",\"@id\":\"https:\/\/www.africascoop.net\/index.php\/2025\/11\/20\/mali-onu-abdoulaye-diop-et-une-delegation-onusienne-serrent-les-rangs-contre-la-crise-securitaire\/#article\",\"isPartOf\":{\"@id\":\"https:\/\/www.africascoop.net\/index.php\/2025\/11\/20\/mali-onu-abdoulaye-diop-et-une-delegation-onusienne-serrent-les-rangs-contre-la-crise-securitaire\/\"},\"author\":{\"name\":\"Africascoop\",\"@id\":\"https:\/\/www.africascoop.net\/#\/schema\/person\/2cbcc632c110d739d93a6b196c67230a\"},\"headline\":\"Mali-ONU : Abdoulaye Diop et une d\u00e9l\u00e9gation onusienne serrent les rangs contre la crise s\u00e9curitaire\",\"datePublished\":\"2025-11-20T21:11:42+00:00\",\"dateModified\":\"2025-11-20T21:11:54+00:00\",\"mainEntityOfPage\":{\"@id\":\"https:\/\/www.africascoop.net\/index.php\/2025\/11\/20\/mali-onu-abdoulaye-diop-et-une-delegation-onusienne-serrent-les-rangs-contre-la-crise-securitaire\/\"},\"wordCount\":471,\"commentCount\":0,\"publisher\":{\"@id\":\"https:\/\/www.africascoop.net\/#organization\"},\"image\":{\"@id\":\"https:\/\/www.africascoop.net\/index.php\/2025\/11\/20\/mali-onu-abdoulaye-diop-et-une-delegation-onusienne-serrent-les-rangs-contre-la-crise-securitaire\/#primaryimage\"},\"thumbnailUrl\":\"https:\/\/www.africascoop.net\/wp-content\/uploads\/2025\/11\/DIOP-1024x576.jpg\",\"articleSection\":[\"Exclusif\",\"Politique\"],\"inLanguage\":\"fr-FR\",\"potentialAction\":[{\"@type\":\"CommentAction\",\"name\":\"Comment\",\"target\":[\"https:\/\/www.africascoop.net\/index.php\/2025\/11\/20\/mali-onu-abdoulaye-diop-et-une-delegation-onusienne-serrent-les-rangs-contre-la-crise-securitaire\/#respond\"]}]},{\"@type\":\"WebPage\",\"@id\":\"https:\/\/www.africascoop.net\/index.php\/2025\/11\/20\/mali-onu-abdoulaye-diop-et-une-delegation-onusienne-serrent-les-rangs-contre-la-crise-securitaire\/\",\"url\":\"https:\/\/www.africascoop.net\/index.php\/2025\/11\/20\/mali-onu-abdoulaye-diop-et-une-delegation-onusienne-serrent-les-rangs-contre-la-crise-securitaire\/\",\"name\":\"Mali-ONU : Abdoulaye Diop et une d\u00e9l\u00e9gation onusienne serrent les rangs contre la crise s\u00e9curitaire - Actualit\u00e9s Africaines\",\"isPartOf\":{\"@id\":\"https:\/\/www.africascoop.net\/#website\"},\"primaryImageOfPage\":{\"@id\":\"https:\/\/www.africascoop.net\/index.php\/2025\/11\/20\/mali-onu-abdoulaye-diop-et-une-delegation-onusienne-serrent-les-rangs-contre-la-crise-securitaire\/#primaryimage\"},\"image\":{\"@id\":\"https:\/\/www.africascoop.net\/index.php\/2025\/11\/20\/mali-onu-abdoulaye-diop-et-une-delegation-onusienne-serrent-les-rangs-contre-la-crise-securitaire\/#primaryimage\"},\"thumbnailUrl\":\"https:\/\/www.africascoop.net\/wp-content\/uploads\/2025\/11\/DIOP-1024x576.jpg\",\"datePublished\":\"2025-11-20T21:11:42+00:00\",\"dateModified\":\"2025-11-20T21:11:54+00:00\",\"breadcrumb\":{\"@id\":\"https:\/\/www.africascoop.net\/index.php\/2025\/11\/20\/mali-onu-abdoulaye-diop-et-une-delegation-onusienne-serrent-les-rangs-contre-la-crise-securitaire\/#breadcrumb\"},\"inLanguage\":\"fr-FR\",\"potentialAction\":[{\"@type\":\"ReadAction\",\"target\":[\"https:\/\/www.africascoop.net\/index.php\/2025\/11\/20\/mali-onu-abdoulaye-diop-et-une-delegation-onusienne-serrent-les-rangs-contre-la-crise-securitaire\/\"]}]},{\"@type\":\"ImageObject\",\"inLanguage\":\"fr-FR\",\"@id\":\"https:\/\/www.africascoop.net\/index.php\/2025\/11\/20\/mali-onu-abdoulaye-diop-et-une-delegation-onusienne-serrent-les-rangs-contre-la-crise-securitaire\/#primaryimage\",\"url\":\"https:\/\/www.africascoop.net\/wp-content\/uploads\/2025\/11\/DIOP.jpg\",\"contentUrl\":\"https:\/\/www.africascoop.net\/wp-content\/uploads\/2025\/11\/DIOP.jpg\",\"width\":1366,\"height\":768},{\"@type\":\"BreadcrumbList\",\"@id\":\"https:\/\/www.africascoop.net\/index.php\/2025\/11\/20\/mali-onu-abdoulaye-diop-et-une-delegation-onusienne-serrent-les-rangs-contre-la-crise-securitaire\/#breadcrumb\",\"itemListElement\":[{\"@type\":\"ListItem\",\"position\":1,\"name\":\"Accueil\",\"item\":\"https:\/\/www.africascoop.net\/\"},{\"@type\":\"ListItem\",\"position\":2,\"name\":\"Mali-ONU : Abdoulaye Diop et une d\u00e9l\u00e9gation onusienne serrent les rangs contre la crise s\u00e9curitaire\"}]},{\"@type\":\"WebSite\",\"@id\":\"https:\/\/www.africascoop.net\/#website\",\"url\":\"https:\/\/www.africascoop.net\/\",\"name\":\"Actualit\u00e9s Africaines\",\"description\":\"\",\"publisher\":{\"@id\":\"https:\/\/www.africascoop.net\/#organization\"},\"potentialAction\":[{\"@type\":\"SearchAction\",\"target\":{\"@type\":\"EntryPoint\",\"urlTemplate\":\"https:\/\/www.africascoop.net\/?s={search_term_string}\"},\"query-input\":{\"@type\":\"PropertyValueSpecification\",\"valueRequired\":true,\"valueName\":\"search_term_string\"}}],\"inLanguage\":\"fr-FR\"},{\"@type\":\"Organization\",\"@id\":\"https:\/\/www.africascoop.net\/#organization\",\"name\":\"Actualit\u00e9s Africaines\",\"url\":\"https:\/\/www.africascoop.net\/\",\"logo\":{\"@type\":\"ImageObject\",\"inLanguage\":\"fr-FR\",\"@id\":\"https:\/\/www.africascoop.net\/#\/schema\/logo\/image\/\",\"url\":\"https:\/\/www.africascoop.net\/wp-content\/uploads\/2025\/09\/cropped-logo-2.jpg\",\"contentUrl\":\"https:\/\/www.africascoop.net\/wp-content\/uploads\/2025\/09\/cropped-logo-2.jpg\",\"width\":945,\"height\":591,\"caption\":\"Actualit\u00e9s Africaines\"},\"image\":{\"@id\":\"https:\/\/www.africascoop.net\/#\/schema\/logo\/image\/\"}},{\"@type\":\"Person\",\"@id\":\"https:\/\/www.africascoop.net\/#\/schema\/person\/2cbcc632c110d739d93a6b196c67230a\",\"name\":\"Africascoop\",\"image\":{\"@type\":\"ImageObject\",\"inLanguage\":\"fr-FR\",\"@id\":\"https:\/\/www.africascoop.net\/#\/schema\/person\/image\/\",\"url\":\"https:\/\/secure.gravatar.com\/avatar\/230d851f5173f64fe9487b948bd2daf02707ef49aea942bc1bdad649c82025b9?s=96&d=mm&r=g\",\"contentUrl\":\"https:\/\/secure.gravatar.com\/avatar\/230d851f5173f64fe9487b948bd2daf02707ef49aea942bc1bdad649c82025b9?s=96&d=mm&r=g\",\"caption\":\"Africascoop\"},\"url\":\"https:\/\/www.africascoop.net\/index.php\/author\/jul\/\"}]}<\/script>\n<!-- \/ Yoast SEO plugin. -->","yoast_head_json":{"title":"Mali-ONU : Abdoulaye Diop et une d\u00e9l\u00e9gation onusienne serrent les rangs contre la crise s\u00e9curitaire - Actualit\u00e9s Africaines","robots":{"index":"index","follow":"follow","max-snippet":"max-snippet:-1","max-image-preview":"max-image-preview:large","max-video-preview":"max-video-preview:-1"},"canonical":"https:\/\/www.africascoop.net\/index.php\/2025\/11\/20\/mali-onu-abdoulaye-diop-et-une-delegation-onusienne-serrent-les-rangs-contre-la-crise-securitaire\/","og_locale":"fr_FR","og_type":"article","og_title":"Mali-ONU : Abdoulaye Diop et une d\u00e9l\u00e9gation onusienne serrent les rangs contre la crise s\u00e9curitaire - Actualit\u00e9s Africaines","og_description":"Le ministre malien des Affaires \u00e9trang\u00e8res et de la Coop\u00e9ration internationale, Abdoulaye Diop, a tenu ce jeudi 20","og_url":"https:\/\/www.africascoop.net\/index.php\/2025\/11\/20\/mali-onu-abdoulaye-diop-et-une-delegation-onusienne-serrent-les-rangs-contre-la-crise-securitaire\/","og_site_name":"Actualit\u00e9s Africaines","article_published_time":"2025-11-20T21:11:42+00:00","article_modified_time":"2025-11-20T21:11:54+00:00","og_image":[{"url":"https:\/\/www.africascoop.net\/wp-content\/uploads\/2025\/11\/DIOP-1024x576.jpg","type":"","width":"","height":""}],"author":"Africascoop","twitter_card":"summary_large_image","twitter_misc":{"\u00c9crit par":"Africascoop","Dur\u00e9e de lecture estim\u00e9e":"3 minutes"},"schema":{"@context":"https:\/\/schema.org","@graph":[{"@type":"Article","@id":"https:\/\/www.africascoop.net\/index.php\/2025\/11\/20\/mali-onu-abdoulaye-diop-et-une-delegation-onusienne-serrent-les-rangs-contre-la-crise-securitaire\/#article","isPartOf":{"@id":"https:\/\/www.africascoop.net\/index.php\/2025\/11\/20\/mali-onu-abdoulaye-diop-et-une-delegation-onusienne-serrent-les-rangs-contre-la-crise-securitaire\/"},"author":{"name":"Africascoop","@id":"https:\/\/www.africascoop.net\/#\/schema\/person\/2cbcc632c110d739d93a6b196c67230a"},"headline":"Mali-ONU : Abdoulaye Diop et une d\u00e9l\u00e9gation onusienne serrent les rangs contre la crise s\u00e9curitaire","datePublished":"2025-11-20T21:11:42+00:00","dateModified":"2025-11-20T21:11:54+00:00","mainEntityOfPage":{"@id":"https:\/\/www.africascoop.net\/index.php\/2025\/11\/20\/mali-onu-abdoulaye-diop-et-une-delegation-onusienne-serrent-les-rangs-contre-la-crise-securitaire\/"},"wordCount":471,"commentCount":0,"publisher":{"@id":"https:\/\/www.africascoop.net\/#organization"},"image":{"@id":"https:\/\/www.africascoop.net\/index.php\/2025\/11\/20\/mali-onu-abdoulaye-diop-et-une-delegation-onusienne-serrent-les-rangs-contre-la-crise-securitaire\/#primaryimage"},"thumbnailUrl":"https:\/\/www.africascoop.net\/wp-content\/uploads\/2025\/11\/DIOP-1024x576.jpg","articleSection":["Exclusif","Politique"],"inLanguage":"fr-FR","potentialAction":[{"@type":"CommentAction","name":"Comment","target":["https:\/\/www.africascoop.net\/index.php\/2025\/11\/20\/mali-onu-abdoulaye-diop-et-une-delegation-onusienne-serrent-les-rangs-contre-la-crise-securitaire\/#respond"]}]},{"@type":"WebPage","@id":"https:\/\/www.africascoop.net\/index.php\/2025\/11\/20\/mali-onu-abdoulaye-diop-et-une-delegation-onusienne-serrent-les-rangs-contre-la-crise-securitaire\/","url":"https:\/\/www.africascoop.net\/index.php\/2025\/11\/20\/mali-onu-abdoulaye-diop-et-une-delegation-onusienne-serrent-les-rangs-contre-la-crise-securitaire\/","name":"Mali-ONU : Abdoulaye Diop et une d\u00e9l\u00e9gation onusienne serrent les rangs contre la crise s\u00e9curitaire - Actualit\u00e9s Africaines","isPartOf":{"@id":"https:\/\/www.africascoop.net\/#website"},"primaryImageOfPage":{"@id":"https:\/\/www.africascoop.net\/index.php\/2025\/11\/20\/mali-onu-abdoulaye-diop-et-une-delegation-onusienne-serrent-les-rangs-contre-la-crise-securitaire\/#primaryimage"},"image":{"@id":"https:\/\/www.africascoop.net\/index.php\/2025\/11\/20\/mali-onu-abdoulaye-diop-et-une-delegation-onusienne-serrent-les-rangs-contre-la-crise-securitaire\/#primaryimage"},"thumbnailUrl":"https:\/\/www.africascoop.net\/wp-content\/uploads\/2025\/11\/DIOP-1024x576.jpg","datePublished":"2025-11-20T21:11:42+00:00","dateModified":"2025-11-20T21:11:54+00:00","breadcrumb":{"@id":"https:\/\/www.africascoop.net\/index.php\/2025\/11\/20\/mali-onu-abdoulaye-diop-et-une-delegation-onusienne-serrent-les-rangs-contre-la-crise-securitaire\/#breadcrumb"},"inLanguage":"fr-FR","potentialAction":[{"@type":"ReadAction","target":["https:\/\/www.africascoop.net\/index.php\/2025\/11\/20\/mali-onu-abdoulaye-diop-et-une-delegation-onusienne-serrent-les-rangs-contre-la-crise-securitaire\/"]}]},{"@type":"ImageObject","inLanguage":"fr-FR","@id":"https:\/\/www.africascoop.net\/index.php\/2025\/11\/20\/mali-onu-abdoulaye-diop-et-une-delegation-onusienne-serrent-les-rangs-contre-la-crise-securitaire\/#primaryimage","url":"https:\/\/www.africascoop.net\/wp-content\/uploads\/2025\/11\/DIOP.jpg","contentUrl":"https:\/\/www.africascoop.net\/wp-content\/uploads\/2025\/11\/DIOP.jpg","width":1366,"height":768},{"@type":"BreadcrumbList","@id":"https:\/\/www.africascoop.net\/index.php\/2025\/11\/20\/mali-onu-abdoulaye-diop-et-une-delegation-onusienne-serrent-les-rangs-contre-la-crise-securitaire\/#breadcrumb","itemListElement":[{"@type":"ListItem","position":1,"name":"Accueil","item":"https:\/\/www.africascoop.net\/"},{"@type":"ListItem","position":2,"name":"Mali-ONU : Abdoulaye Diop et une d\u00e9l\u00e9gation onusienne serrent les rangs contre la crise s\u00e9curitaire"}]},{"@type":"WebSite","@id":"https:\/\/www.africascoop.net\/#website","url":"https:\/\/www.africascoop.net\/","name":"Actualit\u00e9s Africaines","description":"","publisher":{"@id":"https:\/\/www.africascoop.net\/#organization"},"potentialAction":[{"@type":"SearchAction","target":{"@type":"EntryPoint","urlTemplate":"https:\/\/www.africascoop.net\/?s={search_term_string}"},"query-input":{"@type":"PropertyValueSpecification","valueRequired":true,"valueName":"search_term_string"}}],"inLanguage":"fr-FR"},{"@type":"Organization","@id":"https:\/\/www.africascoop.net\/#organization","name":"Actualit\u00e9s Africaines","url":"https:\/\/www.africascoop.net\/","logo":{"@type":"ImageObject","inLanguage":"fr-FR","@id":"https:\/\/www.africascoop.net\/#\/schema\/logo\/image\/","url":"https:\/\/www.africascoop.net\/wp-content\/uploads\/2025\/09\/cropped-logo-2.jpg","contentUrl":"https:\/\/www.africascoop.net\/wp-content\/uploads\/2025\/09\/cropped-logo-2.jpg","width":945,"height":591,"caption":"Actualit\u00e9s Africaines"},"image":{"@id":"https:\/\/www.africascoop.net\/#\/schema\/logo\/image\/"}},{"@type":"Person","@id":"https:\/\/www.africascoop.net\/#\/schema\/person\/2cbcc632c110d739d93a6b196c67230a","name":"Africascoop","image":{"@type":"ImageObject","inLanguage":"fr-FR","@id":"https:\/\/www.africascoop.net\/#\/schema\/person\/image\/","url":"https:\/\/secure.gravatar.com\/avatar\/230d851f5173f64fe9487b948bd2daf02707ef49aea942bc1bdad649c82025b9?s=96&d=mm&r=g","contentUrl":"https:\/\/secure.gravatar.com\/avatar\/230d851f5173f64fe9487b948bd2daf02707ef49aea942bc1bdad649c82025b9?s=96&d=mm&r=g","caption":"Africascoop"},"url":"https:\/\/www.africascoop.net\/index.php\/author\/jul\/"}]}},"_links":{"self":[{"href":"https:\/\/www.africascoop.net\/index.php\/wp-json\/wp\/v2\/posts\/785","targetHints":{"allow":["GET"]}}],"collection":[{"href":"https:\/\/www.africascoop.net\/index.php\/wp-json\/wp\/v2\/posts"}],"about":[{"href":"https:\/\/www.africascoop.net\/index.php\/wp-json\/wp\/v2\/types\/post"}],"author":[{"embeddable":true,"href":"https:\/\/www.africascoop.net\/index.php\/wp-json\/wp\/v2\/users\/3"}],"replies":[{"embeddable":true,"href":"https:\/\/www.africascoop.net\/index.php\/wp-json\/wp\/v2\/comments?post=785"}],"version-history":[{"count":1,"href":"https:\/\/www.africascoop.net\/index.php\/wp-json\/wp\/v2\/posts\/785\/revisions"}],"predecessor-version":[{"id":787,"href":"https:\/\/www.africascoop.net\/index.php\/wp-json\/wp\/v2\/posts\/785\/revisions\/787"}],"wp:attachment":[{"href":"https:\/\/www.africascoop.net\/index.php\/wp-json\/wp\/v2\/media?parent=785"}],"wp:term":[{"taxonomy":"category","embeddable":true,"href":"https:\/\/www.africascoop.net\/index.php\/wp-json\/wp\/v2\/categories?post=785"},{"taxonomy":"post_tag","embeddable":true,"href":"https:\/\/www.africascoop.net\/index.php\/wp-json\/wp\/v2\/tags?post=785"}],"curies":[{"name":"wp","href":"https:\/\/api.w.org\/{rel}","templated":true}]}}