{"id":791,"date":"2025-11-20T21:33:49","date_gmt":"2025-11-20T21:33:49","guid":{"rendered":"https:\/\/www.africascoop.net\/?p=791"},"modified":"2025-11-20T21:33:59","modified_gmt":"2025-11-20T21:33:59","slug":"19-novembre-les-heritiers-de-modibo-keita-denoncent-une-blessure-encore-ouverte-dans-lhistoire-du-mali","status":"publish","type":"post","link":"https:\/\/www.africascoop.net\/index.php\/2025\/11\/20\/19-novembre-les-heritiers-de-modibo-keita-denoncent-une-blessure-encore-ouverte-dans-lhistoire-du-mali\/","title":{"rendered":"19 novembre : les H\u00e9ritiers de Modibo Ke\u00efta d\u00e9noncent \u00ab une blessure encore ouverte \u00bb dans l\u2019histoire du Mali"},"content":{"rendered":"\n<figure class=\"wp-block-image size-large\"><img loading=\"lazy\" decoding=\"async\" width=\"1024\" height=\"576\" src=\"https:\/\/www.africascoop.net\/wp-content\/uploads\/2025\/11\/MODIB-1024x576.jpg\" alt=\"\" class=\"wp-image-792\" srcset=\"https:\/\/www.africascoop.net\/wp-content\/uploads\/2025\/11\/MODIB-1024x576.jpg 1024w, https:\/\/www.africascoop.net\/wp-content\/uploads\/2025\/11\/MODIB-300x169.jpg 300w, https:\/\/www.africascoop.net\/wp-content\/uploads\/2025\/11\/MODIB-768x432.jpg 768w, https:\/\/www.africascoop.net\/wp-content\/uploads\/2025\/11\/MODIB.jpg 1366w\" sizes=\"auto, (max-width: 1024px) 100vw, 1024px\" \/><\/figure>\n\n\n\n<p><strong><em>\u00c0 l\u2019occasion du 19 novembre, date marquant le renversement du pr\u00e9sident Modibo Ke\u00efta en 1968, l\u2019Association Les H\u00e9ritiers du Pr\u00e9sident Modibo Ke\u00efta a publi\u00e9 un communiqu\u00e9 dans lequel elle condamne une nouvelle fois le coup d\u2019\u00c9tat ayant mis fin au premier r\u00e9gime malien. Pour ses membres, cet \u00e9pisode demeure \u00ab l\u2019une des pages les plus sombres \u00bb de l\u2019histoire nationale.<\/em><\/strong><\/p>\n\n\n\n<p>Dans leur d\u00e9claration, rendue publique ce 19 novembre 2025 \u00e0 Bamako, les responsables de l\u2019association estiment que l\u2019arrestation du pr\u00e9sident Modibo Ke\u00efta et de ses collaborateurs par \u00ab des militaires au service des forces de l\u2019imp\u00e9rialisme \u00bb a interrompu une trajectoire de construction nationale encore fragile. Ils affirment que les cons\u00e9quences de ce coup de force continuent d\u2019influencer la vie politique et sociale du pays.<\/p>\n\n\n\n<p>L\u2019association, pr\u00e9sid\u00e9e par Mohamed Sangar\u00e9, r\u00e9affirme son engagement \u00e0 pr\u00e9server \u00ab la conscience collective de l\u2019histoire nationale \u00bb et \u00e0 honorer l\u2019h\u00e9ritage des figures de l\u2019ind\u00e9pendance. Les H\u00e9ritiers de Modibo Ke\u00efta appellent \u00e9galement \u00e0 une refondation du Mali fond\u00e9e sur les principes du panafricanisme, de la souverainet\u00e9 et de la d\u00e9fense des id\u00e9aux port\u00e9s par le premier chef de l\u2019\u00c9tat.<\/p>\n\n\n\n<p>\u00ab Nous travaillerons sans rel\u00e2che pour que la nation malienne continue de r\u00e9sonner comme un gong sur la sc\u00e8ne internationale \u00bb, conclut le communiqu\u00e9, qui rappelle la volont\u00e9 de l\u2019association de voir le Mali demeurer \u00ab un et indivisible&nbsp;\u00bb.<\/p>\n\n\n\n<p>Par&nbsp;ABK<\/p>\n","protected":false},"excerpt":{"rendered":"<p>\u00c0 l\u2019occasion du 19 novembre, date marquant le renversement du pr\u00e9sident Modibo Ke\u00efta en 1968, l\u2019Association Les H\u00e9ritiers<\/p>\n","protected":false},"author":3,"featured_media":0,"comment_status":"open","ping_status":"open","sticky":false,"template":"","format":"standard","meta":{"footnotes":""},"categories":[36,9],"tags":[],"class_list":["post-791","post","type-post","status-publish","format-standard","hentry","category-exclusif","category-politique"],"yoast_head":"<!-- This site is optimized with the Yoast SEO plugin v26.0 - https:\/\/yoast.com\/wordpress\/plugins\/seo\/ -->\n<title>19 novembre : les H\u00e9ritiers de Modibo Ke\u00efta d\u00e9noncent \u00ab une blessure encore ouverte \u00bb dans l\u2019histoire du Mali - Actualit\u00e9s Africaines<\/title>\n<meta name=\"robots\" content=\"index, follow, max-snippet:-1, max-image-preview:large, max-video-preview:-1\" \/>\n<link rel=\"canonical\" href=\"https:\/\/www.africascoop.net\/index.php\/2025\/11\/20\/19-novembre-les-heritiers-de-modibo-keita-denoncent-une-blessure-encore-ouverte-dans-lhistoire-du-mali\/\" \/>\n<meta property=\"og:locale\" content=\"fr_FR\" \/>\n<meta property=\"og:type\" content=\"article\" \/>\n<meta property=\"og:title\" content=\"19 novembre : les H\u00e9ritiers de Modibo Ke\u00efta d\u00e9noncent \u00ab une blessure encore ouverte \u00bb dans l\u2019histoire du Mali - Actualit\u00e9s Africaines\" \/>\n<meta property=\"og:description\" content=\"\u00c0 l\u2019occasion du 19 novembre, date marquant le renversement du pr\u00e9sident Modibo Ke\u00efta en 1968, l\u2019Association Les H\u00e9ritiers\" \/>\n<meta property=\"og:url\" content=\"https:\/\/www.africascoop.net\/index.php\/2025\/11\/20\/19-novembre-les-heritiers-de-modibo-keita-denoncent-une-blessure-encore-ouverte-dans-lhistoire-du-mali\/\" \/>\n<meta property=\"og:site_name\" content=\"Actualit\u00e9s Africaines\" \/>\n<meta property=\"article:published_time\" content=\"2025-11-20T21:33:49+00:00\" \/>\n<meta property=\"article:modified_time\" content=\"2025-11-20T21:33:59+00:00\" \/>\n<meta property=\"og:image\" content=\"https:\/\/www.africascoop.net\/wp-content\/uploads\/2025\/11\/MODIB-1024x576.jpg\" \/>\n<meta name=\"author\" content=\"Africascoop\" \/>\n<meta name=\"twitter:card\" content=\"summary_large_image\" \/>\n<meta name=\"twitter:label1\" content=\"\u00c9crit par\" \/>\n\t<meta name=\"twitter:data1\" content=\"Africascoop\" \/>\n\t<meta name=\"twitter:label2\" content=\"Dur\u00e9e de lecture estim\u00e9e\" \/>\n\t<meta name=\"twitter:data2\" content=\"2 minutes\" \/>\n<script type=\"application\/ld+json\" class=\"yoast-schema-graph\">{\"@context\":\"https:\/\/schema.org\",\"@graph\":[{\"@type\":\"Article\",\"@id\":\"https:\/\/www.africascoop.net\/index.php\/2025\/11\/20\/19-novembre-les-heritiers-de-modibo-keita-denoncent-une-blessure-encore-ouverte-dans-lhistoire-du-mali\/#article\",\"isPartOf\":{\"@id\":\"https:\/\/www.africascoop.net\/index.php\/2025\/11\/20\/19-novembre-les-heritiers-de-modibo-keita-denoncent-une-blessure-encore-ouverte-dans-lhistoire-du-mali\/\"},\"author\":{\"name\":\"Africascoop\",\"@id\":\"https:\/\/www.africascoop.net\/#\/schema\/person\/2cbcc632c110d739d93a6b196c67230a\"},\"headline\":\"19 novembre : les H\u00e9ritiers de Modibo Ke\u00efta d\u00e9noncent \u00ab une blessure encore ouverte \u00bb dans l\u2019histoire du Mali\",\"datePublished\":\"2025-11-20T21:33:49+00:00\",\"dateModified\":\"2025-11-20T21:33:59+00:00\",\"mainEntityOfPage\":{\"@id\":\"https:\/\/www.africascoop.net\/index.php\/2025\/11\/20\/19-novembre-les-heritiers-de-modibo-keita-denoncent-une-blessure-encore-ouverte-dans-lhistoire-du-mali\/\"},\"wordCount\":270,\"commentCount\":0,\"publisher\":{\"@id\":\"https:\/\/www.africascoop.net\/#organization\"},\"image\":{\"@id\":\"https:\/\/www.africascoop.net\/index.php\/2025\/11\/20\/19-novembre-les-heritiers-de-modibo-keita-denoncent-une-blessure-encore-ouverte-dans-lhistoire-du-mali\/#primaryimage\"},\"thumbnailUrl\":\"https:\/\/www.africascoop.net\/wp-content\/uploads\/2025\/11\/MODIB-1024x576.jpg\",\"articleSection\":[\"Exclusif\",\"Politique\"],\"inLanguage\":\"fr-FR\",\"potentialAction\":[{\"@type\":\"CommentAction\",\"name\":\"Comment\",\"target\":[\"https:\/\/www.africascoop.net\/index.php\/2025\/11\/20\/19-novembre-les-heritiers-de-modibo-keita-denoncent-une-blessure-encore-ouverte-dans-lhistoire-du-mali\/#respond\"]}]},{\"@type\":\"WebPage\",\"@id\":\"https:\/\/www.africascoop.net\/index.php\/2025\/11\/20\/19-novembre-les-heritiers-de-modibo-keita-denoncent-une-blessure-encore-ouverte-dans-lhistoire-du-mali\/\",\"url\":\"https:\/\/www.africascoop.net\/index.php\/2025\/11\/20\/19-novembre-les-heritiers-de-modibo-keita-denoncent-une-blessure-encore-ouverte-dans-lhistoire-du-mali\/\",\"name\":\"19 novembre : les H\u00e9ritiers de Modibo Ke\u00efta d\u00e9noncent \u00ab une blessure encore ouverte \u00bb dans l\u2019histoire du Mali - Actualit\u00e9s Africaines\",\"isPartOf\":{\"@id\":\"https:\/\/www.africascoop.net\/#website\"},\"primaryImageOfPage\":{\"@id\":\"https:\/\/www.africascoop.net\/index.php\/2025\/11\/20\/19-novembre-les-heritiers-de-modibo-keita-denoncent-une-blessure-encore-ouverte-dans-lhistoire-du-mali\/#primaryimage\"},\"image\":{\"@id\":\"https:\/\/www.africascoop.net\/index.php\/2025\/11\/20\/19-novembre-les-heritiers-de-modibo-keita-denoncent-une-blessure-encore-ouverte-dans-lhistoire-du-mali\/#primaryimage\"},\"thumbnailUrl\":\"https:\/\/www.africascoop.net\/wp-content\/uploads\/2025\/11\/MODIB-1024x576.jpg\",\"datePublished\":\"2025-11-20T21:33:49+00:00\",\"dateModified\":\"2025-11-20T21:33:59+00:00\",\"breadcrumb\":{\"@id\":\"https:\/\/www.africascoop.net\/index.php\/2025\/11\/20\/19-novembre-les-heritiers-de-modibo-keita-denoncent-une-blessure-encore-ouverte-dans-lhistoire-du-mali\/#breadcrumb\"},\"inLanguage\":\"fr-FR\",\"potentialAction\":[{\"@type\":\"ReadAction\",\"target\":[\"https:\/\/www.africascoop.net\/index.php\/2025\/11\/20\/19-novembre-les-heritiers-de-modibo-keita-denoncent-une-blessure-encore-ouverte-dans-lhistoire-du-mali\/\"]}]},{\"@type\":\"ImageObject\",\"inLanguage\":\"fr-FR\",\"@id\":\"https:\/\/www.africascoop.net\/index.php\/2025\/11\/20\/19-novembre-les-heritiers-de-modibo-keita-denoncent-une-blessure-encore-ouverte-dans-lhistoire-du-mali\/#primaryimage\",\"url\":\"https:\/\/www.africascoop.net\/wp-content\/uploads\/2025\/11\/MODIB.jpg\",\"contentUrl\":\"https:\/\/www.africascoop.net\/wp-content\/uploads\/2025\/11\/MODIB.jpg\",\"width\":1366,\"height\":768},{\"@type\":\"BreadcrumbList\",\"@id\":\"https:\/\/www.africascoop.net\/index.php\/2025\/11\/20\/19-novembre-les-heritiers-de-modibo-keita-denoncent-une-blessure-encore-ouverte-dans-lhistoire-du-mali\/#breadcrumb\",\"itemListElement\":[{\"@type\":\"ListItem\",\"position\":1,\"name\":\"Accueil\",\"item\":\"https:\/\/www.africascoop.net\/\"},{\"@type\":\"ListItem\",\"position\":2,\"name\":\"19 novembre : les H\u00e9ritiers de Modibo Ke\u00efta d\u00e9noncent \u00ab une blessure encore ouverte \u00bb dans l\u2019histoire du Mali\"}]},{\"@type\":\"WebSite\",\"@id\":\"https:\/\/www.africascoop.net\/#website\",\"url\":\"https:\/\/www.africascoop.net\/\",\"name\":\"Actualit\u00e9s Africaines\",\"description\":\"\",\"publisher\":{\"@id\":\"https:\/\/www.africascoop.net\/#organization\"},\"potentialAction\":[{\"@type\":\"SearchAction\",\"target\":{\"@type\":\"EntryPoint\",\"urlTemplate\":\"https:\/\/www.africascoop.net\/?s={search_term_string}\"},\"query-input\":{\"@type\":\"PropertyValueSpecification\",\"valueRequired\":true,\"valueName\":\"search_term_string\"}}],\"inLanguage\":\"fr-FR\"},{\"@type\":\"Organization\",\"@id\":\"https:\/\/www.africascoop.net\/#organization\",\"name\":\"Actualit\u00e9s Africaines\",\"url\":\"https:\/\/www.africascoop.net\/\",\"logo\":{\"@type\":\"ImageObject\",\"inLanguage\":\"fr-FR\",\"@id\":\"https:\/\/www.africascoop.net\/#\/schema\/logo\/image\/\",\"url\":\"https:\/\/www.africascoop.net\/wp-content\/uploads\/2025\/09\/cropped-logo-2.jpg\",\"contentUrl\":\"https:\/\/www.africascoop.net\/wp-content\/uploads\/2025\/09\/cropped-logo-2.jpg\",\"width\":945,\"height\":591,\"caption\":\"Actualit\u00e9s Africaines\"},\"image\":{\"@id\":\"https:\/\/www.africascoop.net\/#\/schema\/logo\/image\/\"}},{\"@type\":\"Person\",\"@id\":\"https:\/\/www.africascoop.net\/#\/schema\/person\/2cbcc632c110d739d93a6b196c67230a\",\"name\":\"Africascoop\",\"image\":{\"@type\":\"ImageObject\",\"inLanguage\":\"fr-FR\",\"@id\":\"https:\/\/www.africascoop.net\/#\/schema\/person\/image\/\",\"url\":\"https:\/\/secure.gravatar.com\/avatar\/230d851f5173f64fe9487b948bd2daf02707ef49aea942bc1bdad649c82025b9?s=96&d=mm&r=g\",\"contentUrl\":\"https:\/\/secure.gravatar.com\/avatar\/230d851f5173f64fe9487b948bd2daf02707ef49aea942bc1bdad649c82025b9?s=96&d=mm&r=g\",\"caption\":\"Africascoop\"},\"url\":\"https:\/\/www.africascoop.net\/index.php\/author\/jul\/\"}]}<\/script>\n<!-- \/ Yoast SEO plugin. -->","yoast_head_json":{"title":"19 novembre : les H\u00e9ritiers de Modibo Ke\u00efta d\u00e9noncent \u00ab une blessure encore ouverte \u00bb dans l\u2019histoire du Mali - Actualit\u00e9s Africaines","robots":{"index":"index","follow":"follow","max-snippet":"max-snippet:-1","max-image-preview":"max-image-preview:large","max-video-preview":"max-video-preview:-1"},"canonical":"https:\/\/www.africascoop.net\/index.php\/2025\/11\/20\/19-novembre-les-heritiers-de-modibo-keita-denoncent-une-blessure-encore-ouverte-dans-lhistoire-du-mali\/","og_locale":"fr_FR","og_type":"article","og_title":"19 novembre : les H\u00e9ritiers de Modibo Ke\u00efta d\u00e9noncent \u00ab une blessure encore ouverte \u00bb dans l\u2019histoire du Mali - Actualit\u00e9s Africaines","og_description":"\u00c0 l\u2019occasion du 19 novembre, date marquant le renversement du pr\u00e9sident Modibo Ke\u00efta en 1968, l\u2019Association Les H\u00e9ritiers","og_url":"https:\/\/www.africascoop.net\/index.php\/2025\/11\/20\/19-novembre-les-heritiers-de-modibo-keita-denoncent-une-blessure-encore-ouverte-dans-lhistoire-du-mali\/","og_site_name":"Actualit\u00e9s Africaines","article_published_time":"2025-11-20T21:33:49+00:00","article_modified_time":"2025-11-20T21:33:59+00:00","og_image":[{"url":"https:\/\/www.africascoop.net\/wp-content\/uploads\/2025\/11\/MODIB-1024x576.jpg","type":"","width":"","height":""}],"author":"Africascoop","twitter_card":"summary_large_image","twitter_misc":{"\u00c9crit par":"Africascoop","Dur\u00e9e de lecture estim\u00e9e":"2 minutes"},"schema":{"@context":"https:\/\/schema.org","@graph":[{"@type":"Article","@id":"https:\/\/www.africascoop.net\/index.php\/2025\/11\/20\/19-novembre-les-heritiers-de-modibo-keita-denoncent-une-blessure-encore-ouverte-dans-lhistoire-du-mali\/#article","isPartOf":{"@id":"https:\/\/www.africascoop.net\/index.php\/2025\/11\/20\/19-novembre-les-heritiers-de-modibo-keita-denoncent-une-blessure-encore-ouverte-dans-lhistoire-du-mali\/"},"author":{"name":"Africascoop","@id":"https:\/\/www.africascoop.net\/#\/schema\/person\/2cbcc632c110d739d93a6b196c67230a"},"headline":"19 novembre : les H\u00e9ritiers de Modibo Ke\u00efta d\u00e9noncent \u00ab une blessure encore ouverte \u00bb dans l\u2019histoire du Mali","datePublished":"2025-11-20T21:33:49+00:00","dateModified":"2025-11-20T21:33:59+00:00","mainEntityOfPage":{"@id":"https:\/\/www.africascoop.net\/index.php\/2025\/11\/20\/19-novembre-les-heritiers-de-modibo-keita-denoncent-une-blessure-encore-ouverte-dans-lhistoire-du-mali\/"},"wordCount":270,"commentCount":0,"publisher":{"@id":"https:\/\/www.africascoop.net\/#organization"},"image":{"@id":"https:\/\/www.africascoop.net\/index.php\/2025\/11\/20\/19-novembre-les-heritiers-de-modibo-keita-denoncent-une-blessure-encore-ouverte-dans-lhistoire-du-mali\/#primaryimage"},"thumbnailUrl":"https:\/\/www.africascoop.net\/wp-content\/uploads\/2025\/11\/MODIB-1024x576.jpg","articleSection":["Exclusif","Politique"],"inLanguage":"fr-FR","potentialAction":[{"@type":"CommentAction","name":"Comment","target":["https:\/\/www.africascoop.net\/index.php\/2025\/11\/20\/19-novembre-les-heritiers-de-modibo-keita-denoncent-une-blessure-encore-ouverte-dans-lhistoire-du-mali\/#respond"]}]},{"@type":"WebPage","@id":"https:\/\/www.africascoop.net\/index.php\/2025\/11\/20\/19-novembre-les-heritiers-de-modibo-keita-denoncent-une-blessure-encore-ouverte-dans-lhistoire-du-mali\/","url":"https:\/\/www.africascoop.net\/index.php\/2025\/11\/20\/19-novembre-les-heritiers-de-modibo-keita-denoncent-une-blessure-encore-ouverte-dans-lhistoire-du-mali\/","name":"19 novembre : les H\u00e9ritiers de Modibo Ke\u00efta d\u00e9noncent \u00ab une blessure encore ouverte \u00bb dans l\u2019histoire du Mali - Actualit\u00e9s Africaines","isPartOf":{"@id":"https:\/\/www.africascoop.net\/#website"},"primaryImageOfPage":{"@id":"https:\/\/www.africascoop.net\/index.php\/2025\/11\/20\/19-novembre-les-heritiers-de-modibo-keita-denoncent-une-blessure-encore-ouverte-dans-lhistoire-du-mali\/#primaryimage"},"image":{"@id":"https:\/\/www.africascoop.net\/index.php\/2025\/11\/20\/19-novembre-les-heritiers-de-modibo-keita-denoncent-une-blessure-encore-ouverte-dans-lhistoire-du-mali\/#primaryimage"},"thumbnailUrl":"https:\/\/www.africascoop.net\/wp-content\/uploads\/2025\/11\/MODIB-1024x576.jpg","datePublished":"2025-11-20T21:33:49+00:00","dateModified":"2025-11-20T21:33:59+00:00","breadcrumb":{"@id":"https:\/\/www.africascoop.net\/index.php\/2025\/11\/20\/19-novembre-les-heritiers-de-modibo-keita-denoncent-une-blessure-encore-ouverte-dans-lhistoire-du-mali\/#breadcrumb"},"inLanguage":"fr-FR","potentialAction":[{"@type":"ReadAction","target":["https:\/\/www.africascoop.net\/index.php\/2025\/11\/20\/19-novembre-les-heritiers-de-modibo-keita-denoncent-une-blessure-encore-ouverte-dans-lhistoire-du-mali\/"]}]},{"@type":"ImageObject","inLanguage":"fr-FR","@id":"https:\/\/www.africascoop.net\/index.php\/2025\/11\/20\/19-novembre-les-heritiers-de-modibo-keita-denoncent-une-blessure-encore-ouverte-dans-lhistoire-du-mali\/#primaryimage","url":"https:\/\/www.africascoop.net\/wp-content\/uploads\/2025\/11\/MODIB.jpg","contentUrl":"https:\/\/www.africascoop.net\/wp-content\/uploads\/2025\/11\/MODIB.jpg","width":1366,"height":768},{"@type":"BreadcrumbList","@id":"https:\/\/www.africascoop.net\/index.php\/2025\/11\/20\/19-novembre-les-heritiers-de-modibo-keita-denoncent-une-blessure-encore-ouverte-dans-lhistoire-du-mali\/#breadcrumb","itemListElement":[{"@type":"ListItem","position":1,"name":"Accueil","item":"https:\/\/www.africascoop.net\/"},{"@type":"ListItem","position":2,"name":"19 novembre : les H\u00e9ritiers de Modibo Ke\u00efta d\u00e9noncent \u00ab une blessure encore ouverte \u00bb dans l\u2019histoire du Mali"}]},{"@type":"WebSite","@id":"https:\/\/www.africascoop.net\/#website","url":"https:\/\/www.africascoop.net\/","name":"Actualit\u00e9s Africaines","description":"","publisher":{"@id":"https:\/\/www.africascoop.net\/#organization"},"potentialAction":[{"@type":"SearchAction","target":{"@type":"EntryPoint","urlTemplate":"https:\/\/www.africascoop.net\/?s={search_term_string}"},"query-input":{"@type":"PropertyValueSpecification","valueRequired":true,"valueName":"search_term_string"}}],"inLanguage":"fr-FR"},{"@type":"Organization","@id":"https:\/\/www.africascoop.net\/#organization","name":"Actualit\u00e9s Africaines","url":"https:\/\/www.africascoop.net\/","logo":{"@type":"ImageObject","inLanguage":"fr-FR","@id":"https:\/\/www.africascoop.net\/#\/schema\/logo\/image\/","url":"https:\/\/www.africascoop.net\/wp-content\/uploads\/2025\/09\/cropped-logo-2.jpg","contentUrl":"https:\/\/www.africascoop.net\/wp-content\/uploads\/2025\/09\/cropped-logo-2.jpg","width":945,"height":591,"caption":"Actualit\u00e9s Africaines"},"image":{"@id":"https:\/\/www.africascoop.net\/#\/schema\/logo\/image\/"}},{"@type":"Person","@id":"https:\/\/www.africascoop.net\/#\/schema\/person\/2cbcc632c110d739d93a6b196c67230a","name":"Africascoop","image":{"@type":"ImageObject","inLanguage":"fr-FR","@id":"https:\/\/www.africascoop.net\/#\/schema\/person\/image\/","url":"https:\/\/secure.gravatar.com\/avatar\/230d851f5173f64fe9487b948bd2daf02707ef49aea942bc1bdad649c82025b9?s=96&d=mm&r=g","contentUrl":"https:\/\/secure.gravatar.com\/avatar\/230d851f5173f64fe9487b948bd2daf02707ef49aea942bc1bdad649c82025b9?s=96&d=mm&r=g","caption":"Africascoop"},"url":"https:\/\/www.africascoop.net\/index.php\/author\/jul\/"}]}},"_links":{"self":[{"href":"https:\/\/www.africascoop.net\/index.php\/wp-json\/wp\/v2\/posts\/791","targetHints":{"allow":["GET"]}}],"collection":[{"href":"https:\/\/www.africascoop.net\/index.php\/wp-json\/wp\/v2\/posts"}],"about":[{"href":"https:\/\/www.africascoop.net\/index.php\/wp-json\/wp\/v2\/types\/post"}],"author":[{"embeddable":true,"href":"https:\/\/www.africascoop.net\/index.php\/wp-json\/wp\/v2\/users\/3"}],"replies":[{"embeddable":true,"href":"https:\/\/www.africascoop.net\/index.php\/wp-json\/wp\/v2\/comments?post=791"}],"version-history":[{"count":1,"href":"https:\/\/www.africascoop.net\/index.php\/wp-json\/wp\/v2\/posts\/791\/revisions"}],"predecessor-version":[{"id":793,"href":"https:\/\/www.africascoop.net\/index.php\/wp-json\/wp\/v2\/posts\/791\/revisions\/793"}],"wp:attachment":[{"href":"https:\/\/www.africascoop.net\/index.php\/wp-json\/wp\/v2\/media?parent=791"}],"wp:term":[{"taxonomy":"category","embeddable":true,"href":"https:\/\/www.africascoop.net\/index.php\/wp-json\/wp\/v2\/categories?post=791"},{"taxonomy":"post_tag","embeddable":true,"href":"https:\/\/www.africascoop.net\/index.php\/wp-json\/wp\/v2\/tags?post=791"}],"curies":[{"name":"wp","href":"https:\/\/api.w.org\/{rel}","templated":true}]}}