{"id":794,"date":"2025-11-21T21:43:46","date_gmt":"2025-11-21T21:43:46","guid":{"rendered":"https:\/\/www.africascoop.net\/?p=794"},"modified":"2025-11-21T21:43:54","modified_gmt":"2025-11-21T21:43:54","slug":"cedeao-onu-dr-omar-touray-alerte-sur-une-guerre-economique-terroriste-au-sahel","status":"publish","type":"post","link":"https:\/\/www.africascoop.net\/index.php\/2025\/11\/21\/cedeao-onu-dr-omar-touray-alerte-sur-une-guerre-economique-terroriste-au-sahel\/","title":{"rendered":"CEDEAO\u2013ONU : Dr Omar Touray alerte sur une \u00ab guerre \u00e9conomique \u00bb terroriste au Sahel"},"content":{"rendered":"\n<figure class=\"wp-block-image size-large\"><img loading=\"lazy\" decoding=\"async\" width=\"1024\" height=\"576\" src=\"https:\/\/www.africascoop.net\/wp-content\/uploads\/2025\/11\/DR-1024x576.jpg\" alt=\"\" class=\"wp-image-795\" srcset=\"https:\/\/www.africascoop.net\/wp-content\/uploads\/2025\/11\/DR-1024x576.jpg 1024w, https:\/\/www.africascoop.net\/wp-content\/uploads\/2025\/11\/DR-300x169.jpg 300w, https:\/\/www.africascoop.net\/wp-content\/uploads\/2025\/11\/DR-768x432.jpg 768w, https:\/\/www.africascoop.net\/wp-content\/uploads\/2025\/11\/DR.jpg 1366w\" sizes=\"auto, (max-width: 1024px) 100vw, 1024px\" \/><\/figure>\n\n\n\n<p><strong><em>Lors de la 10047\u1d49 r\u00e9union du Conseil de s\u00e9curit\u00e9 des Nations unies, le Pr\u00e9sident de la Commission de la CEDEAO, S.E. Dr Omar Alieu Touray, a dress\u00e9 un tableau sans concession de l\u2019escalade terroriste en Afrique de l\u2019Ouest et au Sahel. Il a averti que les groupes extr\u00e9mistes ont franchi un nouveau palier en menant une v\u00e9ritable \u00ab guerre \u00e9conomique \u00bb destin\u00e9e \u00e0 asphyxier les \u00c9tats sah\u00e9liens et c\u00f4tiers, en ciblant notamment les routes commerciales et l\u2019approvisionnement en carburant. Une strat\u00e9gie qui, selon lui, menace directement la stabilit\u00e9 institutionnelle et la survie \u00e9conomique des pays de la r\u00e9gion.<\/em><\/strong><\/p>\n\n\n\n<p>Face \u00e0 cette menace multidimensionnelle, Dr Touray a d\u00e9taill\u00e9 les r\u00e9ponses d\u00e9j\u00e0 engag\u00e9es par la CEDEAO. Il a soulign\u00e9 l\u2019acc\u00e9l\u00e9ration de l\u2019op\u00e9rationnalisation de la Force en Attente, pr\u00e9sent\u00e9e comme un levier essentiel pour renforcer l\u2019action collective contre le terrorisme. Sur le volet non militaire, il a mis en avant les efforts de restauration de la confiance politique et de relance du dialogue avec le Mali, le Burkina Faso et le Niger, tout en insistant sur la n\u00e9cessit\u00e9 de s\u2019attaquer aux causes profondes de l\u2019extr\u00e9misme : vuln\u00e9rabilit\u00e9s sociales, pauvret\u00e9 persistante, marginalisation et fractures politiques.<\/p>\n\n\n\n<p>Le Conseil de s\u00e9curit\u00e9 a \u00e9galement entendu le Secr\u00e9taire g\u00e9n\u00e9ral de l\u2019ONU, Ant\u00f3nio Guterres, qui a tir\u00e9 la sonnette d\u2019alarme sur la d\u00e9gradation acc\u00e9l\u00e9r\u00e9e de la situation s\u00e9curitaire et humanitaire au Sahel. Il a exhort\u00e9 \u00e0 une r\u00e9ponse internationale coh\u00e9rente et mieux articul\u00e9e, estimant que l\u2019effritement de la gouvernance locale et l\u2019expansion des groupes arm\u00e9s rendent indispensable une coop\u00e9ration renforc\u00e9e entre partenaires r\u00e9gionaux et multilat\u00e9raux.<\/p>\n\n\n\n<p>Pr\u00e9sidant la session, le chef de l\u2019\u00c9tat sierra-l\u00e9onais Julius Maada Bio a rappel\u00e9 que le terrorisme n\u2019est plus une crise localis\u00e9e mais un d\u00e9fi mondial partag\u00e9, exigeant une solidarit\u00e9 renouvel\u00e9e. En conclusion, Dr Omar Alieu Touray a r\u00e9affirm\u00e9 que la CEDEAO reste d\u00e9termin\u00e9e \u00e0 travailler \u00ab main dans la main \u00bb avec l\u2019ONU, l\u2019Union africaine et l\u2019ensemble des partenaires strat\u00e9giques pour pr\u00e9server la paix, la stabilit\u00e9 et la r\u00e9silience dans une r\u00e9gion au bord de la rupture.<\/p>\n\n\n\n<p>Par&nbsp;ABK<\/p>\n","protected":false},"excerpt":{"rendered":"<p>Lors de la 10047\u1d49 r\u00e9union du Conseil de s\u00e9curit\u00e9 des Nations unies, le Pr\u00e9sident de la Commission de<\/p>\n","protected":false},"author":3,"featured_media":0,"comment_status":"open","ping_status":"open","sticky":false,"template":"","format":"standard","meta":{"footnotes":""},"categories":[36,7],"tags":[],"class_list":["post-794","post","type-post","status-publish","format-standard","hentry","category-exclusif","category-securite"],"yoast_head":"<!-- This site is optimized with the Yoast SEO plugin v26.0 - https:\/\/yoast.com\/wordpress\/plugins\/seo\/ -->\n<title>CEDEAO\u2013ONU : Dr Omar Touray alerte sur une \u00ab guerre \u00e9conomique \u00bb terroriste au Sahel - Actualit\u00e9s Africaines<\/title>\n<meta name=\"robots\" content=\"index, follow, max-snippet:-1, max-image-preview:large, max-video-preview:-1\" \/>\n<link rel=\"canonical\" href=\"https:\/\/www.africascoop.net\/index.php\/2025\/11\/21\/cedeao-onu-dr-omar-touray-alerte-sur-une-guerre-economique-terroriste-au-sahel\/\" \/>\n<meta property=\"og:locale\" content=\"fr_FR\" \/>\n<meta property=\"og:type\" content=\"article\" \/>\n<meta property=\"og:title\" content=\"CEDEAO\u2013ONU : Dr Omar Touray alerte sur une \u00ab guerre \u00e9conomique \u00bb terroriste au Sahel - Actualit\u00e9s Africaines\" \/>\n<meta property=\"og:description\" content=\"Lors de la 10047\u1d49 r\u00e9union du Conseil de s\u00e9curit\u00e9 des Nations unies, le Pr\u00e9sident de la Commission de\" \/>\n<meta property=\"og:url\" content=\"https:\/\/www.africascoop.net\/index.php\/2025\/11\/21\/cedeao-onu-dr-omar-touray-alerte-sur-une-guerre-economique-terroriste-au-sahel\/\" \/>\n<meta property=\"og:site_name\" content=\"Actualit\u00e9s Africaines\" \/>\n<meta property=\"article:published_time\" content=\"2025-11-21T21:43:46+00:00\" \/>\n<meta property=\"article:modified_time\" content=\"2025-11-21T21:43:54+00:00\" \/>\n<meta property=\"og:image\" content=\"https:\/\/www.africascoop.net\/wp-content\/uploads\/2025\/11\/DR-1024x576.jpg\" \/>\n<meta name=\"author\" content=\"Africascoop\" \/>\n<meta name=\"twitter:card\" content=\"summary_large_image\" \/>\n<meta name=\"twitter:label1\" content=\"\u00c9crit par\" \/>\n\t<meta name=\"twitter:data1\" content=\"Africascoop\" \/>\n\t<meta name=\"twitter:label2\" content=\"Dur\u00e9e de lecture estim\u00e9e\" \/>\n\t<meta name=\"twitter:data2\" content=\"2 minutes\" \/>\n<script type=\"application\/ld+json\" class=\"yoast-schema-graph\">{\"@context\":\"https:\/\/schema.org\",\"@graph\":[{\"@type\":\"Article\",\"@id\":\"https:\/\/www.africascoop.net\/index.php\/2025\/11\/21\/cedeao-onu-dr-omar-touray-alerte-sur-une-guerre-economique-terroriste-au-sahel\/#article\",\"isPartOf\":{\"@id\":\"https:\/\/www.africascoop.net\/index.php\/2025\/11\/21\/cedeao-onu-dr-omar-touray-alerte-sur-une-guerre-economique-terroriste-au-sahel\/\"},\"author\":{\"name\":\"Africascoop\",\"@id\":\"https:\/\/www.africascoop.net\/#\/schema\/person\/2cbcc632c110d739d93a6b196c67230a\"},\"headline\":\"CEDEAO\u2013ONU : Dr Omar Touray alerte sur une \u00ab guerre \u00e9conomique \u00bb terroriste au Sahel\",\"datePublished\":\"2025-11-21T21:43:46+00:00\",\"dateModified\":\"2025-11-21T21:43:54+00:00\",\"mainEntityOfPage\":{\"@id\":\"https:\/\/www.africascoop.net\/index.php\/2025\/11\/21\/cedeao-onu-dr-omar-touray-alerte-sur-une-guerre-economique-terroriste-au-sahel\/\"},\"wordCount\":410,\"commentCount\":0,\"publisher\":{\"@id\":\"https:\/\/www.africascoop.net\/#organization\"},\"image\":{\"@id\":\"https:\/\/www.africascoop.net\/index.php\/2025\/11\/21\/cedeao-onu-dr-omar-touray-alerte-sur-une-guerre-economique-terroriste-au-sahel\/#primaryimage\"},\"thumbnailUrl\":\"https:\/\/www.africascoop.net\/wp-content\/uploads\/2025\/11\/DR-1024x576.jpg\",\"articleSection\":[\"Exclusif\",\"S\u00e9curit\u00e9\"],\"inLanguage\":\"fr-FR\",\"potentialAction\":[{\"@type\":\"CommentAction\",\"name\":\"Comment\",\"target\":[\"https:\/\/www.africascoop.net\/index.php\/2025\/11\/21\/cedeao-onu-dr-omar-touray-alerte-sur-une-guerre-economique-terroriste-au-sahel\/#respond\"]}]},{\"@type\":\"WebPage\",\"@id\":\"https:\/\/www.africascoop.net\/index.php\/2025\/11\/21\/cedeao-onu-dr-omar-touray-alerte-sur-une-guerre-economique-terroriste-au-sahel\/\",\"url\":\"https:\/\/www.africascoop.net\/index.php\/2025\/11\/21\/cedeao-onu-dr-omar-touray-alerte-sur-une-guerre-economique-terroriste-au-sahel\/\",\"name\":\"CEDEAO\u2013ONU : Dr Omar Touray alerte sur une \u00ab guerre \u00e9conomique \u00bb terroriste au Sahel - Actualit\u00e9s Africaines\",\"isPartOf\":{\"@id\":\"https:\/\/www.africascoop.net\/#website\"},\"primaryImageOfPage\":{\"@id\":\"https:\/\/www.africascoop.net\/index.php\/2025\/11\/21\/cedeao-onu-dr-omar-touray-alerte-sur-une-guerre-economique-terroriste-au-sahel\/#primaryimage\"},\"image\":{\"@id\":\"https:\/\/www.africascoop.net\/index.php\/2025\/11\/21\/cedeao-onu-dr-omar-touray-alerte-sur-une-guerre-economique-terroriste-au-sahel\/#primaryimage\"},\"thumbnailUrl\":\"https:\/\/www.africascoop.net\/wp-content\/uploads\/2025\/11\/DR-1024x576.jpg\",\"datePublished\":\"2025-11-21T21:43:46+00:00\",\"dateModified\":\"2025-11-21T21:43:54+00:00\",\"breadcrumb\":{\"@id\":\"https:\/\/www.africascoop.net\/index.php\/2025\/11\/21\/cedeao-onu-dr-omar-touray-alerte-sur-une-guerre-economique-terroriste-au-sahel\/#breadcrumb\"},\"inLanguage\":\"fr-FR\",\"potentialAction\":[{\"@type\":\"ReadAction\",\"target\":[\"https:\/\/www.africascoop.net\/index.php\/2025\/11\/21\/cedeao-onu-dr-omar-touray-alerte-sur-une-guerre-economique-terroriste-au-sahel\/\"]}]},{\"@type\":\"ImageObject\",\"inLanguage\":\"fr-FR\",\"@id\":\"https:\/\/www.africascoop.net\/index.php\/2025\/11\/21\/cedeao-onu-dr-omar-touray-alerte-sur-une-guerre-economique-terroriste-au-sahel\/#primaryimage\",\"url\":\"https:\/\/www.africascoop.net\/wp-content\/uploads\/2025\/11\/DR.jpg\",\"contentUrl\":\"https:\/\/www.africascoop.net\/wp-content\/uploads\/2025\/11\/DR.jpg\",\"width\":1366,\"height\":768},{\"@type\":\"BreadcrumbList\",\"@id\":\"https:\/\/www.africascoop.net\/index.php\/2025\/11\/21\/cedeao-onu-dr-omar-touray-alerte-sur-une-guerre-economique-terroriste-au-sahel\/#breadcrumb\",\"itemListElement\":[{\"@type\":\"ListItem\",\"position\":1,\"name\":\"Accueil\",\"item\":\"https:\/\/www.africascoop.net\/\"},{\"@type\":\"ListItem\",\"position\":2,\"name\":\"CEDEAO\u2013ONU : Dr Omar Touray alerte sur une \u00ab guerre \u00e9conomique \u00bb terroriste au Sahel\"}]},{\"@type\":\"WebSite\",\"@id\":\"https:\/\/www.africascoop.net\/#website\",\"url\":\"https:\/\/www.africascoop.net\/\",\"name\":\"Actualit\u00e9s Africaines\",\"description\":\"\",\"publisher\":{\"@id\":\"https:\/\/www.africascoop.net\/#organization\"},\"potentialAction\":[{\"@type\":\"SearchAction\",\"target\":{\"@type\":\"EntryPoint\",\"urlTemplate\":\"https:\/\/www.africascoop.net\/?s={search_term_string}\"},\"query-input\":{\"@type\":\"PropertyValueSpecification\",\"valueRequired\":true,\"valueName\":\"search_term_string\"}}],\"inLanguage\":\"fr-FR\"},{\"@type\":\"Organization\",\"@id\":\"https:\/\/www.africascoop.net\/#organization\",\"name\":\"Actualit\u00e9s Africaines\",\"url\":\"https:\/\/www.africascoop.net\/\",\"logo\":{\"@type\":\"ImageObject\",\"inLanguage\":\"fr-FR\",\"@id\":\"https:\/\/www.africascoop.net\/#\/schema\/logo\/image\/\",\"url\":\"https:\/\/www.africascoop.net\/wp-content\/uploads\/2025\/09\/cropped-logo-2.jpg\",\"contentUrl\":\"https:\/\/www.africascoop.net\/wp-content\/uploads\/2025\/09\/cropped-logo-2.jpg\",\"width\":945,\"height\":591,\"caption\":\"Actualit\u00e9s Africaines\"},\"image\":{\"@id\":\"https:\/\/www.africascoop.net\/#\/schema\/logo\/image\/\"}},{\"@type\":\"Person\",\"@id\":\"https:\/\/www.africascoop.net\/#\/schema\/person\/2cbcc632c110d739d93a6b196c67230a\",\"name\":\"Africascoop\",\"image\":{\"@type\":\"ImageObject\",\"inLanguage\":\"fr-FR\",\"@id\":\"https:\/\/www.africascoop.net\/#\/schema\/person\/image\/\",\"url\":\"https:\/\/secure.gravatar.com\/avatar\/230d851f5173f64fe9487b948bd2daf02707ef49aea942bc1bdad649c82025b9?s=96&d=mm&r=g\",\"contentUrl\":\"https:\/\/secure.gravatar.com\/avatar\/230d851f5173f64fe9487b948bd2daf02707ef49aea942bc1bdad649c82025b9?s=96&d=mm&r=g\",\"caption\":\"Africascoop\"},\"url\":\"https:\/\/www.africascoop.net\/index.php\/author\/jul\/\"}]}<\/script>\n<!-- \/ Yoast SEO plugin. -->","yoast_head_json":{"title":"CEDEAO\u2013ONU : Dr Omar Touray alerte sur une \u00ab guerre \u00e9conomique \u00bb terroriste au Sahel - Actualit\u00e9s Africaines","robots":{"index":"index","follow":"follow","max-snippet":"max-snippet:-1","max-image-preview":"max-image-preview:large","max-video-preview":"max-video-preview:-1"},"canonical":"https:\/\/www.africascoop.net\/index.php\/2025\/11\/21\/cedeao-onu-dr-omar-touray-alerte-sur-une-guerre-economique-terroriste-au-sahel\/","og_locale":"fr_FR","og_type":"article","og_title":"CEDEAO\u2013ONU : Dr Omar Touray alerte sur une \u00ab guerre \u00e9conomique \u00bb terroriste au Sahel - Actualit\u00e9s Africaines","og_description":"Lors de la 10047\u1d49 r\u00e9union du Conseil de s\u00e9curit\u00e9 des Nations unies, le Pr\u00e9sident de la Commission de","og_url":"https:\/\/www.africascoop.net\/index.php\/2025\/11\/21\/cedeao-onu-dr-omar-touray-alerte-sur-une-guerre-economique-terroriste-au-sahel\/","og_site_name":"Actualit\u00e9s Africaines","article_published_time":"2025-11-21T21:43:46+00:00","article_modified_time":"2025-11-21T21:43:54+00:00","og_image":[{"url":"https:\/\/www.africascoop.net\/wp-content\/uploads\/2025\/11\/DR-1024x576.jpg","type":"","width":"","height":""}],"author":"Africascoop","twitter_card":"summary_large_image","twitter_misc":{"\u00c9crit par":"Africascoop","Dur\u00e9e de lecture estim\u00e9e":"2 minutes"},"schema":{"@context":"https:\/\/schema.org","@graph":[{"@type":"Article","@id":"https:\/\/www.africascoop.net\/index.php\/2025\/11\/21\/cedeao-onu-dr-omar-touray-alerte-sur-une-guerre-economique-terroriste-au-sahel\/#article","isPartOf":{"@id":"https:\/\/www.africascoop.net\/index.php\/2025\/11\/21\/cedeao-onu-dr-omar-touray-alerte-sur-une-guerre-economique-terroriste-au-sahel\/"},"author":{"name":"Africascoop","@id":"https:\/\/www.africascoop.net\/#\/schema\/person\/2cbcc632c110d739d93a6b196c67230a"},"headline":"CEDEAO\u2013ONU : Dr Omar Touray alerte sur une \u00ab guerre \u00e9conomique \u00bb terroriste au Sahel","datePublished":"2025-11-21T21:43:46+00:00","dateModified":"2025-11-21T21:43:54+00:00","mainEntityOfPage":{"@id":"https:\/\/www.africascoop.net\/index.php\/2025\/11\/21\/cedeao-onu-dr-omar-touray-alerte-sur-une-guerre-economique-terroriste-au-sahel\/"},"wordCount":410,"commentCount":0,"publisher":{"@id":"https:\/\/www.africascoop.net\/#organization"},"image":{"@id":"https:\/\/www.africascoop.net\/index.php\/2025\/11\/21\/cedeao-onu-dr-omar-touray-alerte-sur-une-guerre-economique-terroriste-au-sahel\/#primaryimage"},"thumbnailUrl":"https:\/\/www.africascoop.net\/wp-content\/uploads\/2025\/11\/DR-1024x576.jpg","articleSection":["Exclusif","S\u00e9curit\u00e9"],"inLanguage":"fr-FR","potentialAction":[{"@type":"CommentAction","name":"Comment","target":["https:\/\/www.africascoop.net\/index.php\/2025\/11\/21\/cedeao-onu-dr-omar-touray-alerte-sur-une-guerre-economique-terroriste-au-sahel\/#respond"]}]},{"@type":"WebPage","@id":"https:\/\/www.africascoop.net\/index.php\/2025\/11\/21\/cedeao-onu-dr-omar-touray-alerte-sur-une-guerre-economique-terroriste-au-sahel\/","url":"https:\/\/www.africascoop.net\/index.php\/2025\/11\/21\/cedeao-onu-dr-omar-touray-alerte-sur-une-guerre-economique-terroriste-au-sahel\/","name":"CEDEAO\u2013ONU : Dr Omar Touray alerte sur une \u00ab guerre \u00e9conomique \u00bb terroriste au Sahel - Actualit\u00e9s Africaines","isPartOf":{"@id":"https:\/\/www.africascoop.net\/#website"},"primaryImageOfPage":{"@id":"https:\/\/www.africascoop.net\/index.php\/2025\/11\/21\/cedeao-onu-dr-omar-touray-alerte-sur-une-guerre-economique-terroriste-au-sahel\/#primaryimage"},"image":{"@id":"https:\/\/www.africascoop.net\/index.php\/2025\/11\/21\/cedeao-onu-dr-omar-touray-alerte-sur-une-guerre-economique-terroriste-au-sahel\/#primaryimage"},"thumbnailUrl":"https:\/\/www.africascoop.net\/wp-content\/uploads\/2025\/11\/DR-1024x576.jpg","datePublished":"2025-11-21T21:43:46+00:00","dateModified":"2025-11-21T21:43:54+00:00","breadcrumb":{"@id":"https:\/\/www.africascoop.net\/index.php\/2025\/11\/21\/cedeao-onu-dr-omar-touray-alerte-sur-une-guerre-economique-terroriste-au-sahel\/#breadcrumb"},"inLanguage":"fr-FR","potentialAction":[{"@type":"ReadAction","target":["https:\/\/www.africascoop.net\/index.php\/2025\/11\/21\/cedeao-onu-dr-omar-touray-alerte-sur-une-guerre-economique-terroriste-au-sahel\/"]}]},{"@type":"ImageObject","inLanguage":"fr-FR","@id":"https:\/\/www.africascoop.net\/index.php\/2025\/11\/21\/cedeao-onu-dr-omar-touray-alerte-sur-une-guerre-economique-terroriste-au-sahel\/#primaryimage","url":"https:\/\/www.africascoop.net\/wp-content\/uploads\/2025\/11\/DR.jpg","contentUrl":"https:\/\/www.africascoop.net\/wp-content\/uploads\/2025\/11\/DR.jpg","width":1366,"height":768},{"@type":"BreadcrumbList","@id":"https:\/\/www.africascoop.net\/index.php\/2025\/11\/21\/cedeao-onu-dr-omar-touray-alerte-sur-une-guerre-economique-terroriste-au-sahel\/#breadcrumb","itemListElement":[{"@type":"ListItem","position":1,"name":"Accueil","item":"https:\/\/www.africascoop.net\/"},{"@type":"ListItem","position":2,"name":"CEDEAO\u2013ONU : Dr Omar Touray alerte sur une \u00ab guerre \u00e9conomique \u00bb terroriste au Sahel"}]},{"@type":"WebSite","@id":"https:\/\/www.africascoop.net\/#website","url":"https:\/\/www.africascoop.net\/","name":"Actualit\u00e9s Africaines","description":"","publisher":{"@id":"https:\/\/www.africascoop.net\/#organization"},"potentialAction":[{"@type":"SearchAction","target":{"@type":"EntryPoint","urlTemplate":"https:\/\/www.africascoop.net\/?s={search_term_string}"},"query-input":{"@type":"PropertyValueSpecification","valueRequired":true,"valueName":"search_term_string"}}],"inLanguage":"fr-FR"},{"@type":"Organization","@id":"https:\/\/www.africascoop.net\/#organization","name":"Actualit\u00e9s Africaines","url":"https:\/\/www.africascoop.net\/","logo":{"@type":"ImageObject","inLanguage":"fr-FR","@id":"https:\/\/www.africascoop.net\/#\/schema\/logo\/image\/","url":"https:\/\/www.africascoop.net\/wp-content\/uploads\/2025\/09\/cropped-logo-2.jpg","contentUrl":"https:\/\/www.africascoop.net\/wp-content\/uploads\/2025\/09\/cropped-logo-2.jpg","width":945,"height":591,"caption":"Actualit\u00e9s Africaines"},"image":{"@id":"https:\/\/www.africascoop.net\/#\/schema\/logo\/image\/"}},{"@type":"Person","@id":"https:\/\/www.africascoop.net\/#\/schema\/person\/2cbcc632c110d739d93a6b196c67230a","name":"Africascoop","image":{"@type":"ImageObject","inLanguage":"fr-FR","@id":"https:\/\/www.africascoop.net\/#\/schema\/person\/image\/","url":"https:\/\/secure.gravatar.com\/avatar\/230d851f5173f64fe9487b948bd2daf02707ef49aea942bc1bdad649c82025b9?s=96&d=mm&r=g","contentUrl":"https:\/\/secure.gravatar.com\/avatar\/230d851f5173f64fe9487b948bd2daf02707ef49aea942bc1bdad649c82025b9?s=96&d=mm&r=g","caption":"Africascoop"},"url":"https:\/\/www.africascoop.net\/index.php\/author\/jul\/"}]}},"_links":{"self":[{"href":"https:\/\/www.africascoop.net\/index.php\/wp-json\/wp\/v2\/posts\/794","targetHints":{"allow":["GET"]}}],"collection":[{"href":"https:\/\/www.africascoop.net\/index.php\/wp-json\/wp\/v2\/posts"}],"about":[{"href":"https:\/\/www.africascoop.net\/index.php\/wp-json\/wp\/v2\/types\/post"}],"author":[{"embeddable":true,"href":"https:\/\/www.africascoop.net\/index.php\/wp-json\/wp\/v2\/users\/3"}],"replies":[{"embeddable":true,"href":"https:\/\/www.africascoop.net\/index.php\/wp-json\/wp\/v2\/comments?post=794"}],"version-history":[{"count":1,"href":"https:\/\/www.africascoop.net\/index.php\/wp-json\/wp\/v2\/posts\/794\/revisions"}],"predecessor-version":[{"id":796,"href":"https:\/\/www.africascoop.net\/index.php\/wp-json\/wp\/v2\/posts\/794\/revisions\/796"}],"wp:attachment":[{"href":"https:\/\/www.africascoop.net\/index.php\/wp-json\/wp\/v2\/media?parent=794"}],"wp:term":[{"taxonomy":"category","embeddable":true,"href":"https:\/\/www.africascoop.net\/index.php\/wp-json\/wp\/v2\/categories?post=794"},{"taxonomy":"post_tag","embeddable":true,"href":"https:\/\/www.africascoop.net\/index.php\/wp-json\/wp\/v2\/tags?post=794"}],"curies":[{"name":"wp","href":"https:\/\/api.w.org\/{rel}","templated":true}]}}