{"id":818,"date":"2025-11-26T09:32:55","date_gmt":"2025-11-26T09:32:55","guid":{"rendered":"https:\/\/www.africascoop.net\/?p=818"},"modified":"2025-11-26T09:32:57","modified_gmt":"2025-11-26T09:32:57","slug":"mali-comment-la-fao-prevoit-dappuyer-les-menages-vulnerables-dici-2028","status":"publish","type":"post","link":"https:\/\/www.africascoop.net\/index.php\/2025\/11\/26\/mali-comment-la-fao-prevoit-dappuyer-les-menages-vulnerables-dici-2028\/","title":{"rendered":"Mali : comment la FAO pr\u00e9voit d\u2019appuyer les m\u00e9nages vuln\u00e9rables d\u2019ici 2028 ?"},"content":{"rendered":"\n<figure class=\"wp-block-image size-large\"><img loading=\"lazy\" decoding=\"async\" width=\"1024\" height=\"576\" src=\"https:\/\/www.africascoop.net\/wp-content\/uploads\/2025\/11\/FAO-1024x576.jpg\" alt=\"\" class=\"wp-image-819\" srcset=\"https:\/\/www.africascoop.net\/wp-content\/uploads\/2025\/11\/FAO-1024x576.jpg 1024w, https:\/\/www.africascoop.net\/wp-content\/uploads\/2025\/11\/FAO-300x169.jpg 300w, https:\/\/www.africascoop.net\/wp-content\/uploads\/2025\/11\/FAO-768x432.jpg 768w, https:\/\/www.africascoop.net\/wp-content\/uploads\/2025\/11\/FAO.jpg 1366w\" sizes=\"auto, (max-width: 1024px) 100vw, 1024px\" \/><\/figure>\n\n\n\n<p><strong><em>Le Mali traverse une crise humanitaire marqu\u00e9e par les conflits arm\u00e9s, l\u2019ins\u00e9curit\u00e9 et les effets des chocs climatiques. Cette combinaison de facteurs a entra\u00een\u00e9 une ins\u00e9curit\u00e9 alimentaire \u00e9tendue, une malnutrition aigu\u00eb et chronique chez les enfants ainsi qu\u2019une d\u00e9gradation des moyens d\u2019existence dans plusieurs zones rurales.<\/em><\/strong><\/p>\n\n\n\n<p>Pour r\u00e9pondre \u00e0 ces enjeux, l\u2019Organisation des Nations Unies pour l\u2019alimentation et l\u2019agriculture (FAO) a \u00e9labor\u00e9 un Plan d\u2019urgence et de r\u00e9silience couvrant la p\u00e9riode 2026-2028. Ce plan vise \u00e0 fournir une r\u00e9ponse multidimensionnelle m\u00ealant assistance imm\u00e9diate, anticipation des crises et consolidation des syst\u00e8mes alimentaires.<\/p>\n\n\n\n<p>La premi\u00e8re composante porte sur l\u2019am\u00e9lioration des donn\u00e9es, du suivi et de la coordination, notamment \u00e0 travers le renforcement des syst\u00e8mes d\u2019alerte pr\u00e9coce. L\u2019objectif est de faciliter des actions anticipatoires telles que la distribution de semences r\u00e9silientes, de kits v\u00e9t\u00e9rinaires ou d\u2019aliments pour le b\u00e9tail, afin de r\u00e9duire les pertes agricoles et pastorales.<\/p>\n\n\n\n<p>La seconde composante concerne l\u2019agriculture d\u2019urgence. Elle pr\u00e9voit un soutien imm\u00e9diat \u00e0 la production alimentaire locale, en particulier pour les cultures \u00e0 cycle court, ainsi que des transferts mon\u00e9taires inconditionnels destin\u00e9s \u00e0 couvrir les besoins essentiels des m\u00e9nages durant les p\u00e9riodes critiques, notamment avant la premi\u00e8re r\u00e9colte ou pendant la soudure pastorale.<\/p>\n\n\n\n<p>Le plan met \u00e9galement l\u2019accent sur la r\u00e9silience des moyens d\u2019existence \u00e0 travers des actions telles que l\u2019agriculture intelligente face au climat, l\u2019am\u00e9nagement durable des bas-fonds, la r\u00e9habilitation des infrastructures d\u2019irrigation, et le d\u00e9veloppement d\u2019activit\u00e9s mara\u00eech\u00e8res ou piscicoles. Des approches sensibles aux conflits sont int\u00e9gr\u00e9es, notamment via le soutien aux comit\u00e9s fonciers locaux et \u00e0 la cartographie des zones d\u2019intervention.<\/p>\n\n\n\n<p>Une autre composante concerne le rel\u00e8vement des syst\u00e8mes agroalimentaires. Elle inclut la r\u00e9habilitation et la modernisation des unit\u00e9s de transformation, comme les moulins ou les presses \u00e0 huile, afin d\u2019am\u00e9liorer la valeur ajout\u00e9e des produits agricoles et de soutenir l\u2019emploi, notamment parmi les femmes et les jeunes.<\/p>\n\n\n\n<p>Le Plan d\u2019urgence et de r\u00e9silience s\u2019aligne sur les politiques nationales, dont le projet structurant FARAFINNA JIGIN\u0190 \u2013 \u00ab Nourrir le Mali et la sous-r\u00e9gion \u00bb. Il repose sur plusieurs principes : la promotion de la coh\u00e9sion sociale, l\u2019inclusion des populations d\u00e9plac\u00e9es d\u00e9pendantes de l\u2019agriculture et de l\u2019\u00e9levage, le renforcement des organisations locales dans l\u2019\u00e9valuation et la mise en \u0153uvre des interventions, ainsi que l\u2019ancrage institutionnel des actions pr\u00e9vues.<\/p>\n\n\n\n<p>Pour sa mise en \u0153uvre, la FAO estime les besoins \u00e0 environ 66,5 millions USD pour la p\u00e9riode 2026-2028, avec un objectif de 127 000 m\u00e9nages cibl\u00e9s, soit environ 824 000 personnes. Le financement sera r\u00e9parti selon les diff\u00e9rentes composantes du plan, couvrant l\u2019anticipation, l\u2019aide d\u2019urgence, la r\u00e9silience et la relance des syst\u00e8mes agroalimentaires.<\/p>\n\n\n\n<p>Ce document constitue une feuille de route op\u00e9rationnelle visant \u00e0 structurer les interventions de la FAO au Mali au cours des trois prochaines ann\u00e9es, afin de r\u00e9pondre aux besoins humanitaires imm\u00e9diats tout en renfor\u00e7ant les capacit\u00e9s de r\u00e9silience des communaut\u00e9s.<\/p>\n\n\n\n<p>Par&nbsp;ABK<\/p>\n","protected":false},"excerpt":{"rendered":"<p>Le Mali traverse une crise humanitaire marqu\u00e9e par les conflits arm\u00e9s, l\u2019ins\u00e9curit\u00e9 et les effets des chocs climatiques.<\/p>\n","protected":false},"author":3,"featured_media":0,"comment_status":"open","ping_status":"open","sticky":false,"template":"","format":"standard","meta":{"footnotes":""},"categories":[43,36],"tags":[],"class_list":["post-818","post","type-post","status-publish","format-standard","hentry","category-action-humanitaire","category-exclusif"],"yoast_head":"<!-- This site is optimized with the Yoast SEO plugin v26.0 - https:\/\/yoast.com\/wordpress\/plugins\/seo\/ -->\n<title>Mali : comment la FAO pr\u00e9voit d\u2019appuyer les m\u00e9nages vuln\u00e9rables d\u2019ici 2028 ? - Actualit\u00e9s Africaines<\/title>\n<meta name=\"robots\" content=\"index, follow, max-snippet:-1, max-image-preview:large, max-video-preview:-1\" \/>\n<link rel=\"canonical\" href=\"http:\/\/www.africascoop.net\/index.php\/2025\/11\/26\/mali-comment-la-fao-prevoit-dappuyer-les-menages-vulnerables-dici-2028\/\" \/>\n<meta property=\"og:locale\" content=\"fr_FR\" \/>\n<meta property=\"og:type\" content=\"article\" \/>\n<meta property=\"og:title\" content=\"Mali : comment la FAO pr\u00e9voit d\u2019appuyer les m\u00e9nages vuln\u00e9rables d\u2019ici 2028 ? - Actualit\u00e9s Africaines\" \/>\n<meta property=\"og:description\" content=\"Le Mali traverse une crise humanitaire marqu\u00e9e par les conflits arm\u00e9s, l\u2019ins\u00e9curit\u00e9 et les effets des chocs climatiques.\" \/>\n<meta property=\"og:url\" content=\"http:\/\/www.africascoop.net\/index.php\/2025\/11\/26\/mali-comment-la-fao-prevoit-dappuyer-les-menages-vulnerables-dici-2028\/\" \/>\n<meta property=\"og:site_name\" content=\"Actualit\u00e9s Africaines\" \/>\n<meta property=\"article:published_time\" content=\"2025-11-26T09:32:55+00:00\" \/>\n<meta property=\"article:modified_time\" content=\"2025-11-26T09:32:57+00:00\" \/>\n<meta property=\"og:image\" content=\"https:\/\/www.africascoop.net\/wp-content\/uploads\/2025\/11\/FAO-1024x576.jpg\" \/>\n<meta name=\"author\" content=\"Africascoop\" \/>\n<meta name=\"twitter:card\" content=\"summary_large_image\" \/>\n<meta name=\"twitter:label1\" content=\"\u00c9crit par\" \/>\n\t<meta name=\"twitter:data1\" content=\"Africascoop\" \/>\n\t<meta name=\"twitter:label2\" content=\"Dur\u00e9e de lecture estim\u00e9e\" \/>\n\t<meta name=\"twitter:data2\" content=\"3 minutes\" \/>\n<script type=\"application\/ld+json\" class=\"yoast-schema-graph\">{\"@context\":\"https:\/\/schema.org\",\"@graph\":[{\"@type\":\"Article\",\"@id\":\"http:\/\/www.africascoop.net\/index.php\/2025\/11\/26\/mali-comment-la-fao-prevoit-dappuyer-les-menages-vulnerables-dici-2028\/#article\",\"isPartOf\":{\"@id\":\"http:\/\/www.africascoop.net\/index.php\/2025\/11\/26\/mali-comment-la-fao-prevoit-dappuyer-les-menages-vulnerables-dici-2028\/\"},\"author\":{\"name\":\"Africascoop\",\"@id\":\"https:\/\/www.africascoop.net\/#\/schema\/person\/2cbcc632c110d739d93a6b196c67230a\"},\"headline\":\"Mali : comment la FAO pr\u00e9voit d\u2019appuyer les m\u00e9nages vuln\u00e9rables d\u2019ici 2028 ?\",\"datePublished\":\"2025-11-26T09:32:55+00:00\",\"dateModified\":\"2025-11-26T09:32:57+00:00\",\"mainEntityOfPage\":{\"@id\":\"http:\/\/www.africascoop.net\/index.php\/2025\/11\/26\/mali-comment-la-fao-prevoit-dappuyer-les-menages-vulnerables-dici-2028\/\"},\"wordCount\":565,\"commentCount\":0,\"publisher\":{\"@id\":\"https:\/\/www.africascoop.net\/#organization\"},\"image\":{\"@id\":\"http:\/\/www.africascoop.net\/index.php\/2025\/11\/26\/mali-comment-la-fao-prevoit-dappuyer-les-menages-vulnerables-dici-2028\/#primaryimage\"},\"thumbnailUrl\":\"https:\/\/www.africascoop.net\/wp-content\/uploads\/2025\/11\/FAO-1024x576.jpg\",\"articleSection\":[\"Action Humanitaire\",\"Exclusif\"],\"inLanguage\":\"fr-FR\",\"potentialAction\":[{\"@type\":\"CommentAction\",\"name\":\"Comment\",\"target\":[\"http:\/\/www.africascoop.net\/index.php\/2025\/11\/26\/mali-comment-la-fao-prevoit-dappuyer-les-menages-vulnerables-dici-2028\/#respond\"]}]},{\"@type\":\"WebPage\",\"@id\":\"http:\/\/www.africascoop.net\/index.php\/2025\/11\/26\/mali-comment-la-fao-prevoit-dappuyer-les-menages-vulnerables-dici-2028\/\",\"url\":\"http:\/\/www.africascoop.net\/index.php\/2025\/11\/26\/mali-comment-la-fao-prevoit-dappuyer-les-menages-vulnerables-dici-2028\/\",\"name\":\"Mali : comment la FAO pr\u00e9voit d\u2019appuyer les m\u00e9nages vuln\u00e9rables d\u2019ici 2028 ? - Actualit\u00e9s Africaines\",\"isPartOf\":{\"@id\":\"https:\/\/www.africascoop.net\/#website\"},\"primaryImageOfPage\":{\"@id\":\"http:\/\/www.africascoop.net\/index.php\/2025\/11\/26\/mali-comment-la-fao-prevoit-dappuyer-les-menages-vulnerables-dici-2028\/#primaryimage\"},\"image\":{\"@id\":\"http:\/\/www.africascoop.net\/index.php\/2025\/11\/26\/mali-comment-la-fao-prevoit-dappuyer-les-menages-vulnerables-dici-2028\/#primaryimage\"},\"thumbnailUrl\":\"https:\/\/www.africascoop.net\/wp-content\/uploads\/2025\/11\/FAO-1024x576.jpg\",\"datePublished\":\"2025-11-26T09:32:55+00:00\",\"dateModified\":\"2025-11-26T09:32:57+00:00\",\"breadcrumb\":{\"@id\":\"http:\/\/www.africascoop.net\/index.php\/2025\/11\/26\/mali-comment-la-fao-prevoit-dappuyer-les-menages-vulnerables-dici-2028\/#breadcrumb\"},\"inLanguage\":\"fr-FR\",\"potentialAction\":[{\"@type\":\"ReadAction\",\"target\":[\"http:\/\/www.africascoop.net\/index.php\/2025\/11\/26\/mali-comment-la-fao-prevoit-dappuyer-les-menages-vulnerables-dici-2028\/\"]}]},{\"@type\":\"ImageObject\",\"inLanguage\":\"fr-FR\",\"@id\":\"http:\/\/www.africascoop.net\/index.php\/2025\/11\/26\/mali-comment-la-fao-prevoit-dappuyer-les-menages-vulnerables-dici-2028\/#primaryimage\",\"url\":\"https:\/\/www.africascoop.net\/wp-content\/uploads\/2025\/11\/FAO.jpg\",\"contentUrl\":\"https:\/\/www.africascoop.net\/wp-content\/uploads\/2025\/11\/FAO.jpg\",\"width\":1366,\"height\":768},{\"@type\":\"BreadcrumbList\",\"@id\":\"http:\/\/www.africascoop.net\/index.php\/2025\/11\/26\/mali-comment-la-fao-prevoit-dappuyer-les-menages-vulnerables-dici-2028\/#breadcrumb\",\"itemListElement\":[{\"@type\":\"ListItem\",\"position\":1,\"name\":\"Accueil\",\"item\":\"https:\/\/www.africascoop.net\/\"},{\"@type\":\"ListItem\",\"position\":2,\"name\":\"Mali : comment la FAO pr\u00e9voit d\u2019appuyer les m\u00e9nages vuln\u00e9rables d\u2019ici 2028 ?\"}]},{\"@type\":\"WebSite\",\"@id\":\"https:\/\/www.africascoop.net\/#website\",\"url\":\"https:\/\/www.africascoop.net\/\",\"name\":\"Actualit\u00e9s Africaines\",\"description\":\"\",\"publisher\":{\"@id\":\"https:\/\/www.africascoop.net\/#organization\"},\"potentialAction\":[{\"@type\":\"SearchAction\",\"target\":{\"@type\":\"EntryPoint\",\"urlTemplate\":\"https:\/\/www.africascoop.net\/?s={search_term_string}\"},\"query-input\":{\"@type\":\"PropertyValueSpecification\",\"valueRequired\":true,\"valueName\":\"search_term_string\"}}],\"inLanguage\":\"fr-FR\"},{\"@type\":\"Organization\",\"@id\":\"https:\/\/www.africascoop.net\/#organization\",\"name\":\"Actualit\u00e9s Africaines\",\"url\":\"https:\/\/www.africascoop.net\/\",\"logo\":{\"@type\":\"ImageObject\",\"inLanguage\":\"fr-FR\",\"@id\":\"https:\/\/www.africascoop.net\/#\/schema\/logo\/image\/\",\"url\":\"https:\/\/www.africascoop.net\/wp-content\/uploads\/2025\/09\/cropped-logo-2.jpg\",\"contentUrl\":\"https:\/\/www.africascoop.net\/wp-content\/uploads\/2025\/09\/cropped-logo-2.jpg\",\"width\":945,\"height\":591,\"caption\":\"Actualit\u00e9s Africaines\"},\"image\":{\"@id\":\"https:\/\/www.africascoop.net\/#\/schema\/logo\/image\/\"}},{\"@type\":\"Person\",\"@id\":\"https:\/\/www.africascoop.net\/#\/schema\/person\/2cbcc632c110d739d93a6b196c67230a\",\"name\":\"Africascoop\",\"image\":{\"@type\":\"ImageObject\",\"inLanguage\":\"fr-FR\",\"@id\":\"https:\/\/www.africascoop.net\/#\/schema\/person\/image\/\",\"url\":\"https:\/\/secure.gravatar.com\/avatar\/230d851f5173f64fe9487b948bd2daf02707ef49aea942bc1bdad649c82025b9?s=96&d=mm&r=g\",\"contentUrl\":\"https:\/\/secure.gravatar.com\/avatar\/230d851f5173f64fe9487b948bd2daf02707ef49aea942bc1bdad649c82025b9?s=96&d=mm&r=g\",\"caption\":\"Africascoop\"},\"url\":\"https:\/\/www.africascoop.net\/index.php\/author\/jul\/\"}]}<\/script>\n<!-- \/ Yoast SEO plugin. -->","yoast_head_json":{"title":"Mali : comment la FAO pr\u00e9voit d\u2019appuyer les m\u00e9nages vuln\u00e9rables d\u2019ici 2028 ? - Actualit\u00e9s Africaines","robots":{"index":"index","follow":"follow","max-snippet":"max-snippet:-1","max-image-preview":"max-image-preview:large","max-video-preview":"max-video-preview:-1"},"canonical":"http:\/\/www.africascoop.net\/index.php\/2025\/11\/26\/mali-comment-la-fao-prevoit-dappuyer-les-menages-vulnerables-dici-2028\/","og_locale":"fr_FR","og_type":"article","og_title":"Mali : comment la FAO pr\u00e9voit d\u2019appuyer les m\u00e9nages vuln\u00e9rables d\u2019ici 2028 ? - Actualit\u00e9s Africaines","og_description":"Le Mali traverse une crise humanitaire marqu\u00e9e par les conflits arm\u00e9s, l\u2019ins\u00e9curit\u00e9 et les effets des chocs climatiques.","og_url":"http:\/\/www.africascoop.net\/index.php\/2025\/11\/26\/mali-comment-la-fao-prevoit-dappuyer-les-menages-vulnerables-dici-2028\/","og_site_name":"Actualit\u00e9s Africaines","article_published_time":"2025-11-26T09:32:55+00:00","article_modified_time":"2025-11-26T09:32:57+00:00","og_image":[{"url":"https:\/\/www.africascoop.net\/wp-content\/uploads\/2025\/11\/FAO-1024x576.jpg","type":"","width":"","height":""}],"author":"Africascoop","twitter_card":"summary_large_image","twitter_misc":{"\u00c9crit par":"Africascoop","Dur\u00e9e de lecture estim\u00e9e":"3 minutes"},"schema":{"@context":"https:\/\/schema.org","@graph":[{"@type":"Article","@id":"http:\/\/www.africascoop.net\/index.php\/2025\/11\/26\/mali-comment-la-fao-prevoit-dappuyer-les-menages-vulnerables-dici-2028\/#article","isPartOf":{"@id":"http:\/\/www.africascoop.net\/index.php\/2025\/11\/26\/mali-comment-la-fao-prevoit-dappuyer-les-menages-vulnerables-dici-2028\/"},"author":{"name":"Africascoop","@id":"https:\/\/www.africascoop.net\/#\/schema\/person\/2cbcc632c110d739d93a6b196c67230a"},"headline":"Mali : comment la FAO pr\u00e9voit d\u2019appuyer les m\u00e9nages vuln\u00e9rables d\u2019ici 2028 ?","datePublished":"2025-11-26T09:32:55+00:00","dateModified":"2025-11-26T09:32:57+00:00","mainEntityOfPage":{"@id":"http:\/\/www.africascoop.net\/index.php\/2025\/11\/26\/mali-comment-la-fao-prevoit-dappuyer-les-menages-vulnerables-dici-2028\/"},"wordCount":565,"commentCount":0,"publisher":{"@id":"https:\/\/www.africascoop.net\/#organization"},"image":{"@id":"http:\/\/www.africascoop.net\/index.php\/2025\/11\/26\/mali-comment-la-fao-prevoit-dappuyer-les-menages-vulnerables-dici-2028\/#primaryimage"},"thumbnailUrl":"https:\/\/www.africascoop.net\/wp-content\/uploads\/2025\/11\/FAO-1024x576.jpg","articleSection":["Action Humanitaire","Exclusif"],"inLanguage":"fr-FR","potentialAction":[{"@type":"CommentAction","name":"Comment","target":["http:\/\/www.africascoop.net\/index.php\/2025\/11\/26\/mali-comment-la-fao-prevoit-dappuyer-les-menages-vulnerables-dici-2028\/#respond"]}]},{"@type":"WebPage","@id":"http:\/\/www.africascoop.net\/index.php\/2025\/11\/26\/mali-comment-la-fao-prevoit-dappuyer-les-menages-vulnerables-dici-2028\/","url":"http:\/\/www.africascoop.net\/index.php\/2025\/11\/26\/mali-comment-la-fao-prevoit-dappuyer-les-menages-vulnerables-dici-2028\/","name":"Mali : comment la FAO pr\u00e9voit d\u2019appuyer les m\u00e9nages vuln\u00e9rables d\u2019ici 2028 ? - Actualit\u00e9s Africaines","isPartOf":{"@id":"https:\/\/www.africascoop.net\/#website"},"primaryImageOfPage":{"@id":"http:\/\/www.africascoop.net\/index.php\/2025\/11\/26\/mali-comment-la-fao-prevoit-dappuyer-les-menages-vulnerables-dici-2028\/#primaryimage"},"image":{"@id":"http:\/\/www.africascoop.net\/index.php\/2025\/11\/26\/mali-comment-la-fao-prevoit-dappuyer-les-menages-vulnerables-dici-2028\/#primaryimage"},"thumbnailUrl":"https:\/\/www.africascoop.net\/wp-content\/uploads\/2025\/11\/FAO-1024x576.jpg","datePublished":"2025-11-26T09:32:55+00:00","dateModified":"2025-11-26T09:32:57+00:00","breadcrumb":{"@id":"http:\/\/www.africascoop.net\/index.php\/2025\/11\/26\/mali-comment-la-fao-prevoit-dappuyer-les-menages-vulnerables-dici-2028\/#breadcrumb"},"inLanguage":"fr-FR","potentialAction":[{"@type":"ReadAction","target":["http:\/\/www.africascoop.net\/index.php\/2025\/11\/26\/mali-comment-la-fao-prevoit-dappuyer-les-menages-vulnerables-dici-2028\/"]}]},{"@type":"ImageObject","inLanguage":"fr-FR","@id":"http:\/\/www.africascoop.net\/index.php\/2025\/11\/26\/mali-comment-la-fao-prevoit-dappuyer-les-menages-vulnerables-dici-2028\/#primaryimage","url":"https:\/\/www.africascoop.net\/wp-content\/uploads\/2025\/11\/FAO.jpg","contentUrl":"https:\/\/www.africascoop.net\/wp-content\/uploads\/2025\/11\/FAO.jpg","width":1366,"height":768},{"@type":"BreadcrumbList","@id":"http:\/\/www.africascoop.net\/index.php\/2025\/11\/26\/mali-comment-la-fao-prevoit-dappuyer-les-menages-vulnerables-dici-2028\/#breadcrumb","itemListElement":[{"@type":"ListItem","position":1,"name":"Accueil","item":"https:\/\/www.africascoop.net\/"},{"@type":"ListItem","position":2,"name":"Mali : comment la FAO pr\u00e9voit d\u2019appuyer les m\u00e9nages vuln\u00e9rables d\u2019ici 2028 ?"}]},{"@type":"WebSite","@id":"https:\/\/www.africascoop.net\/#website","url":"https:\/\/www.africascoop.net\/","name":"Actualit\u00e9s Africaines","description":"","publisher":{"@id":"https:\/\/www.africascoop.net\/#organization"},"potentialAction":[{"@type":"SearchAction","target":{"@type":"EntryPoint","urlTemplate":"https:\/\/www.africascoop.net\/?s={search_term_string}"},"query-input":{"@type":"PropertyValueSpecification","valueRequired":true,"valueName":"search_term_string"}}],"inLanguage":"fr-FR"},{"@type":"Organization","@id":"https:\/\/www.africascoop.net\/#organization","name":"Actualit\u00e9s Africaines","url":"https:\/\/www.africascoop.net\/","logo":{"@type":"ImageObject","inLanguage":"fr-FR","@id":"https:\/\/www.africascoop.net\/#\/schema\/logo\/image\/","url":"https:\/\/www.africascoop.net\/wp-content\/uploads\/2025\/09\/cropped-logo-2.jpg","contentUrl":"https:\/\/www.africascoop.net\/wp-content\/uploads\/2025\/09\/cropped-logo-2.jpg","width":945,"height":591,"caption":"Actualit\u00e9s Africaines"},"image":{"@id":"https:\/\/www.africascoop.net\/#\/schema\/logo\/image\/"}},{"@type":"Person","@id":"https:\/\/www.africascoop.net\/#\/schema\/person\/2cbcc632c110d739d93a6b196c67230a","name":"Africascoop","image":{"@type":"ImageObject","inLanguage":"fr-FR","@id":"https:\/\/www.africascoop.net\/#\/schema\/person\/image\/","url":"https:\/\/secure.gravatar.com\/avatar\/230d851f5173f64fe9487b948bd2daf02707ef49aea942bc1bdad649c82025b9?s=96&d=mm&r=g","contentUrl":"https:\/\/secure.gravatar.com\/avatar\/230d851f5173f64fe9487b948bd2daf02707ef49aea942bc1bdad649c82025b9?s=96&d=mm&r=g","caption":"Africascoop"},"url":"https:\/\/www.africascoop.net\/index.php\/author\/jul\/"}]}},"_links":{"self":[{"href":"https:\/\/www.africascoop.net\/index.php\/wp-json\/wp\/v2\/posts\/818","targetHints":{"allow":["GET"]}}],"collection":[{"href":"https:\/\/www.africascoop.net\/index.php\/wp-json\/wp\/v2\/posts"}],"about":[{"href":"https:\/\/www.africascoop.net\/index.php\/wp-json\/wp\/v2\/types\/post"}],"author":[{"embeddable":true,"href":"https:\/\/www.africascoop.net\/index.php\/wp-json\/wp\/v2\/users\/3"}],"replies":[{"embeddable":true,"href":"https:\/\/www.africascoop.net\/index.php\/wp-json\/wp\/v2\/comments?post=818"}],"version-history":[{"count":1,"href":"https:\/\/www.africascoop.net\/index.php\/wp-json\/wp\/v2\/posts\/818\/revisions"}],"predecessor-version":[{"id":820,"href":"https:\/\/www.africascoop.net\/index.php\/wp-json\/wp\/v2\/posts\/818\/revisions\/820"}],"wp:attachment":[{"href":"https:\/\/www.africascoop.net\/index.php\/wp-json\/wp\/v2\/media?parent=818"}],"wp:term":[{"taxonomy":"category","embeddable":true,"href":"https:\/\/www.africascoop.net\/index.php\/wp-json\/wp\/v2\/categories?post=818"},{"taxonomy":"post_tag","embeddable":true,"href":"https:\/\/www.africascoop.net\/index.php\/wp-json\/wp\/v2\/tags?post=818"}],"curies":[{"name":"wp","href":"https:\/\/api.w.org\/{rel}","templated":true}]}}