{"id":823,"date":"2025-11-26T10:11:04","date_gmt":"2025-11-26T10:11:04","guid":{"rendered":"https:\/\/www.africascoop.net\/?p=823"},"modified":"2025-11-26T10:11:09","modified_gmt":"2025-11-26T10:11:09","slug":"republique-democratique-du-congo-larmee-annonce-larrestation-de-plusieurs-hauts-grades","status":"publish","type":"post","link":"https:\/\/www.africascoop.net\/index.php\/2025\/11\/26\/republique-democratique-du-congo-larmee-annonce-larrestation-de-plusieurs-hauts-grades\/","title":{"rendered":"R\u00e9publique d\u00e9mocratique du Congo : L\u2019arm\u00e9e annonce l\u2019arrestation de plusieurs hauts grad\u00e9s"},"content":{"rendered":"\n<figure class=\"wp-block-image size-large\"><img loading=\"lazy\" decoding=\"async\" width=\"1024\" height=\"576\" src=\"https:\/\/www.africascoop.net\/wp-content\/uploads\/2025\/11\/RDC-1024x576.jpg\" alt=\"\" class=\"wp-image-824\" srcset=\"https:\/\/www.africascoop.net\/wp-content\/uploads\/2025\/11\/RDC-1024x576.jpg 1024w, https:\/\/www.africascoop.net\/wp-content\/uploads\/2025\/11\/RDC-300x169.jpg 300w, https:\/\/www.africascoop.net\/wp-content\/uploads\/2025\/11\/RDC-768x432.jpg 768w, https:\/\/www.africascoop.net\/wp-content\/uploads\/2025\/11\/RDC.jpg 1366w\" sizes=\"auto, (max-width: 1024px) 100vw, 1024px\" \/><\/figure>\n\n\n\n<p><strong><em>L\u2019arm\u00e9e de la R\u00e9publique d\u00e9mocratique du Congo (RDC) a confirm\u00e9 l\u2019arrestation de plusieurs officiers de haut rang, plac\u00e9s en d\u00e9tention pour des raisons li\u00e9es \u00e0 la s\u00e9curit\u00e9 nationale. L\u2019annonce a \u00e9t\u00e9 faite par le porte-parole des Forces arm\u00e9es de la RDC (FARDC), le g\u00e9n\u00e9ral de division Sylvain Ekenge, cit\u00e9 par l\u2019agence Anadolu.<\/em><\/strong><\/p>\n\n\n\n<p>Selon le g\u00e9n\u00e9ral Ekenge, les officiers concern\u00e9s sont soup\u00e7onn\u00e9s d\u2019avoir commis des actes qualifi\u00e9s de \u00ab gravit\u00e9 exceptionnelle \u00bb et portant atteinte \u00e0 la s\u00e9curit\u00e9 de l\u2019\u00c9tat. Il a toutefois refus\u00e9 de r\u00e9v\u00e9ler les identit\u00e9s des personnes arr\u00eat\u00e9es, indiquant que les proc\u00e9dures se d\u00e9roulent dans le strict respect de la loi et sous supervision des autorit\u00e9s comp\u00e9tentes.<\/p>\n\n\n\n<p>Des sources m\u00e9diatiques congolaises rapportent que 25 officiers seraient impliqu\u00e9s. Parmi eux figureraient 11 g\u00e9n\u00e9raux et 14 officiers sup\u00e9rieurs. Contrairement aux d\u00e9tenus ordinaires, ces hauts grad\u00e9s ne seraient pas incarc\u00e9r\u00e9s dans des \u00e9tablissements p\u00e9nitentiaires classiques, mais dans des r\u00e9sidences sp\u00e9cialement s\u00e9curis\u00e9es mises \u00e0 leur disposition.<\/p>\n\n\n\n<p>Pour l\u2019heure, aucune pr\u00e9cision officielle n\u2019a \u00e9t\u00e9 fournie sur la nature exacte des accusations pesant sur ces officiers. Cette affaire intervient dans un contexte s\u00e9curitaire tendu dans plusieurs r\u00e9gions du pays, o\u00f9 les FARDC m\u00e8nent des op\u00e9rations contre diff\u00e9rents groupes arm\u00e9s.<\/p>\n\n\n\n<p>Les autorit\u00e9s congolaises n\u2019ont pas encore communiqu\u00e9 de calendrier concernant la suite de la proc\u00e9dure ni les \u00e9ventuels d\u00e9veloppements des enqu\u00eates en cours. Le dossier reste sensible et sous haute surveillance.<\/p>\n\n\n\n<p>La R\u00e9daction<\/p>\n","protected":false},"excerpt":{"rendered":"<p>L\u2019arm\u00e9e de la R\u00e9publique d\u00e9mocratique du Congo (RDC) a confirm\u00e9 l\u2019arrestation de plusieurs officiers de haut rang, plac\u00e9s<\/p>\n","protected":false},"author":3,"featured_media":0,"comment_status":"open","ping_status":"open","sticky":false,"template":"","format":"standard","meta":{"footnotes":""},"categories":[36,7],"tags":[],"class_list":["post-823","post","type-post","status-publish","format-standard","hentry","category-exclusif","category-securite"],"yoast_head":"<!-- This site is optimized with the Yoast SEO plugin v26.0 - https:\/\/yoast.com\/wordpress\/plugins\/seo\/ -->\n<title>R\u00e9publique d\u00e9mocratique du Congo : L\u2019arm\u00e9e annonce l\u2019arrestation de plusieurs hauts grad\u00e9s - Actualit\u00e9s Africaines<\/title>\n<meta name=\"robots\" content=\"index, follow, max-snippet:-1, max-image-preview:large, max-video-preview:-1\" \/>\n<link rel=\"canonical\" href=\"https:\/\/www.africascoop.net\/index.php\/2025\/11\/26\/republique-democratique-du-congo-larmee-annonce-larrestation-de-plusieurs-hauts-grades\/\" \/>\n<meta property=\"og:locale\" content=\"fr_FR\" \/>\n<meta property=\"og:type\" content=\"article\" \/>\n<meta property=\"og:title\" content=\"R\u00e9publique d\u00e9mocratique du Congo : L\u2019arm\u00e9e annonce l\u2019arrestation de plusieurs hauts grad\u00e9s - Actualit\u00e9s Africaines\" \/>\n<meta property=\"og:description\" content=\"L\u2019arm\u00e9e de la R\u00e9publique d\u00e9mocratique du Congo (RDC) a confirm\u00e9 l\u2019arrestation de plusieurs officiers de haut rang, plac\u00e9s\" \/>\n<meta property=\"og:url\" content=\"https:\/\/www.africascoop.net\/index.php\/2025\/11\/26\/republique-democratique-du-congo-larmee-annonce-larrestation-de-plusieurs-hauts-grades\/\" \/>\n<meta property=\"og:site_name\" content=\"Actualit\u00e9s Africaines\" \/>\n<meta property=\"article:published_time\" content=\"2025-11-26T10:11:04+00:00\" \/>\n<meta property=\"article:modified_time\" content=\"2025-11-26T10:11:09+00:00\" \/>\n<meta property=\"og:image\" content=\"https:\/\/www.africascoop.net\/wp-content\/uploads\/2025\/11\/RDC-1024x576.jpg\" \/>\n<meta name=\"author\" content=\"Africascoop\" \/>\n<meta name=\"twitter:card\" content=\"summary_large_image\" \/>\n<meta name=\"twitter:label1\" content=\"\u00c9crit par\" \/>\n\t<meta name=\"twitter:data1\" content=\"Africascoop\" \/>\n\t<meta name=\"twitter:label2\" content=\"Dur\u00e9e de lecture estim\u00e9e\" \/>\n\t<meta name=\"twitter:data2\" content=\"2 minutes\" \/>\n<script type=\"application\/ld+json\" class=\"yoast-schema-graph\">{\"@context\":\"https:\/\/schema.org\",\"@graph\":[{\"@type\":\"Article\",\"@id\":\"https:\/\/www.africascoop.net\/index.php\/2025\/11\/26\/republique-democratique-du-congo-larmee-annonce-larrestation-de-plusieurs-hauts-grades\/#article\",\"isPartOf\":{\"@id\":\"https:\/\/www.africascoop.net\/index.php\/2025\/11\/26\/republique-democratique-du-congo-larmee-annonce-larrestation-de-plusieurs-hauts-grades\/\"},\"author\":{\"name\":\"Africascoop\",\"@id\":\"https:\/\/www.africascoop.net\/#\/schema\/person\/2cbcc632c110d739d93a6b196c67230a\"},\"headline\":\"R\u00e9publique d\u00e9mocratique du Congo : L\u2019arm\u00e9e annonce l\u2019arrestation de plusieurs hauts grad\u00e9s\",\"datePublished\":\"2025-11-26T10:11:04+00:00\",\"dateModified\":\"2025-11-26T10:11:09+00:00\",\"mainEntityOfPage\":{\"@id\":\"https:\/\/www.africascoop.net\/index.php\/2025\/11\/26\/republique-democratique-du-congo-larmee-annonce-larrestation-de-plusieurs-hauts-grades\/\"},\"wordCount\":298,\"commentCount\":0,\"publisher\":{\"@id\":\"https:\/\/www.africascoop.net\/#organization\"},\"image\":{\"@id\":\"https:\/\/www.africascoop.net\/index.php\/2025\/11\/26\/republique-democratique-du-congo-larmee-annonce-larrestation-de-plusieurs-hauts-grades\/#primaryimage\"},\"thumbnailUrl\":\"https:\/\/www.africascoop.net\/wp-content\/uploads\/2025\/11\/RDC-1024x576.jpg\",\"articleSection\":[\"Exclusif\",\"S\u00e9curit\u00e9\"],\"inLanguage\":\"fr-FR\",\"potentialAction\":[{\"@type\":\"CommentAction\",\"name\":\"Comment\",\"target\":[\"https:\/\/www.africascoop.net\/index.php\/2025\/11\/26\/republique-democratique-du-congo-larmee-annonce-larrestation-de-plusieurs-hauts-grades\/#respond\"]}]},{\"@type\":\"WebPage\",\"@id\":\"https:\/\/www.africascoop.net\/index.php\/2025\/11\/26\/republique-democratique-du-congo-larmee-annonce-larrestation-de-plusieurs-hauts-grades\/\",\"url\":\"https:\/\/www.africascoop.net\/index.php\/2025\/11\/26\/republique-democratique-du-congo-larmee-annonce-larrestation-de-plusieurs-hauts-grades\/\",\"name\":\"R\u00e9publique d\u00e9mocratique du Congo : L\u2019arm\u00e9e annonce l\u2019arrestation de plusieurs hauts grad\u00e9s - Actualit\u00e9s Africaines\",\"isPartOf\":{\"@id\":\"https:\/\/www.africascoop.net\/#website\"},\"primaryImageOfPage\":{\"@id\":\"https:\/\/www.africascoop.net\/index.php\/2025\/11\/26\/republique-democratique-du-congo-larmee-annonce-larrestation-de-plusieurs-hauts-grades\/#primaryimage\"},\"image\":{\"@id\":\"https:\/\/www.africascoop.net\/index.php\/2025\/11\/26\/republique-democratique-du-congo-larmee-annonce-larrestation-de-plusieurs-hauts-grades\/#primaryimage\"},\"thumbnailUrl\":\"https:\/\/www.africascoop.net\/wp-content\/uploads\/2025\/11\/RDC-1024x576.jpg\",\"datePublished\":\"2025-11-26T10:11:04+00:00\",\"dateModified\":\"2025-11-26T10:11:09+00:00\",\"breadcrumb\":{\"@id\":\"https:\/\/www.africascoop.net\/index.php\/2025\/11\/26\/republique-democratique-du-congo-larmee-annonce-larrestation-de-plusieurs-hauts-grades\/#breadcrumb\"},\"inLanguage\":\"fr-FR\",\"potentialAction\":[{\"@type\":\"ReadAction\",\"target\":[\"https:\/\/www.africascoop.net\/index.php\/2025\/11\/26\/republique-democratique-du-congo-larmee-annonce-larrestation-de-plusieurs-hauts-grades\/\"]}]},{\"@type\":\"ImageObject\",\"inLanguage\":\"fr-FR\",\"@id\":\"https:\/\/www.africascoop.net\/index.php\/2025\/11\/26\/republique-democratique-du-congo-larmee-annonce-larrestation-de-plusieurs-hauts-grades\/#primaryimage\",\"url\":\"https:\/\/www.africascoop.net\/wp-content\/uploads\/2025\/11\/RDC.jpg\",\"contentUrl\":\"https:\/\/www.africascoop.net\/wp-content\/uploads\/2025\/11\/RDC.jpg\",\"width\":1366,\"height\":768},{\"@type\":\"BreadcrumbList\",\"@id\":\"https:\/\/www.africascoop.net\/index.php\/2025\/11\/26\/republique-democratique-du-congo-larmee-annonce-larrestation-de-plusieurs-hauts-grades\/#breadcrumb\",\"itemListElement\":[{\"@type\":\"ListItem\",\"position\":1,\"name\":\"Accueil\",\"item\":\"https:\/\/www.africascoop.net\/\"},{\"@type\":\"ListItem\",\"position\":2,\"name\":\"R\u00e9publique d\u00e9mocratique du Congo : L\u2019arm\u00e9e annonce l\u2019arrestation de plusieurs hauts grad\u00e9s\"}]},{\"@type\":\"WebSite\",\"@id\":\"https:\/\/www.africascoop.net\/#website\",\"url\":\"https:\/\/www.africascoop.net\/\",\"name\":\"Actualit\u00e9s Africaines\",\"description\":\"\",\"publisher\":{\"@id\":\"https:\/\/www.africascoop.net\/#organization\"},\"potentialAction\":[{\"@type\":\"SearchAction\",\"target\":{\"@type\":\"EntryPoint\",\"urlTemplate\":\"https:\/\/www.africascoop.net\/?s={search_term_string}\"},\"query-input\":{\"@type\":\"PropertyValueSpecification\",\"valueRequired\":true,\"valueName\":\"search_term_string\"}}],\"inLanguage\":\"fr-FR\"},{\"@type\":\"Organization\",\"@id\":\"https:\/\/www.africascoop.net\/#organization\",\"name\":\"Actualit\u00e9s Africaines\",\"url\":\"https:\/\/www.africascoop.net\/\",\"logo\":{\"@type\":\"ImageObject\",\"inLanguage\":\"fr-FR\",\"@id\":\"https:\/\/www.africascoop.net\/#\/schema\/logo\/image\/\",\"url\":\"https:\/\/www.africascoop.net\/wp-content\/uploads\/2025\/09\/cropped-logo-2.jpg\",\"contentUrl\":\"https:\/\/www.africascoop.net\/wp-content\/uploads\/2025\/09\/cropped-logo-2.jpg\",\"width\":945,\"height\":591,\"caption\":\"Actualit\u00e9s Africaines\"},\"image\":{\"@id\":\"https:\/\/www.africascoop.net\/#\/schema\/logo\/image\/\"}},{\"@type\":\"Person\",\"@id\":\"https:\/\/www.africascoop.net\/#\/schema\/person\/2cbcc632c110d739d93a6b196c67230a\",\"name\":\"Africascoop\",\"image\":{\"@type\":\"ImageObject\",\"inLanguage\":\"fr-FR\",\"@id\":\"https:\/\/www.africascoop.net\/#\/schema\/person\/image\/\",\"url\":\"https:\/\/secure.gravatar.com\/avatar\/230d851f5173f64fe9487b948bd2daf02707ef49aea942bc1bdad649c82025b9?s=96&d=mm&r=g\",\"contentUrl\":\"https:\/\/secure.gravatar.com\/avatar\/230d851f5173f64fe9487b948bd2daf02707ef49aea942bc1bdad649c82025b9?s=96&d=mm&r=g\",\"caption\":\"Africascoop\"},\"url\":\"https:\/\/www.africascoop.net\/index.php\/author\/jul\/\"}]}<\/script>\n<!-- \/ Yoast SEO plugin. -->","yoast_head_json":{"title":"R\u00e9publique d\u00e9mocratique du Congo : L\u2019arm\u00e9e annonce l\u2019arrestation de plusieurs hauts grad\u00e9s - Actualit\u00e9s Africaines","robots":{"index":"index","follow":"follow","max-snippet":"max-snippet:-1","max-image-preview":"max-image-preview:large","max-video-preview":"max-video-preview:-1"},"canonical":"https:\/\/www.africascoop.net\/index.php\/2025\/11\/26\/republique-democratique-du-congo-larmee-annonce-larrestation-de-plusieurs-hauts-grades\/","og_locale":"fr_FR","og_type":"article","og_title":"R\u00e9publique d\u00e9mocratique du Congo : L\u2019arm\u00e9e annonce l\u2019arrestation de plusieurs hauts grad\u00e9s - Actualit\u00e9s Africaines","og_description":"L\u2019arm\u00e9e de la R\u00e9publique d\u00e9mocratique du Congo (RDC) a confirm\u00e9 l\u2019arrestation de plusieurs officiers de haut rang, plac\u00e9s","og_url":"https:\/\/www.africascoop.net\/index.php\/2025\/11\/26\/republique-democratique-du-congo-larmee-annonce-larrestation-de-plusieurs-hauts-grades\/","og_site_name":"Actualit\u00e9s Africaines","article_published_time":"2025-11-26T10:11:04+00:00","article_modified_time":"2025-11-26T10:11:09+00:00","og_image":[{"url":"https:\/\/www.africascoop.net\/wp-content\/uploads\/2025\/11\/RDC-1024x576.jpg","type":"","width":"","height":""}],"author":"Africascoop","twitter_card":"summary_large_image","twitter_misc":{"\u00c9crit par":"Africascoop","Dur\u00e9e de lecture estim\u00e9e":"2 minutes"},"schema":{"@context":"https:\/\/schema.org","@graph":[{"@type":"Article","@id":"https:\/\/www.africascoop.net\/index.php\/2025\/11\/26\/republique-democratique-du-congo-larmee-annonce-larrestation-de-plusieurs-hauts-grades\/#article","isPartOf":{"@id":"https:\/\/www.africascoop.net\/index.php\/2025\/11\/26\/republique-democratique-du-congo-larmee-annonce-larrestation-de-plusieurs-hauts-grades\/"},"author":{"name":"Africascoop","@id":"https:\/\/www.africascoop.net\/#\/schema\/person\/2cbcc632c110d739d93a6b196c67230a"},"headline":"R\u00e9publique d\u00e9mocratique du Congo : L\u2019arm\u00e9e annonce l\u2019arrestation de plusieurs hauts grad\u00e9s","datePublished":"2025-11-26T10:11:04+00:00","dateModified":"2025-11-26T10:11:09+00:00","mainEntityOfPage":{"@id":"https:\/\/www.africascoop.net\/index.php\/2025\/11\/26\/republique-democratique-du-congo-larmee-annonce-larrestation-de-plusieurs-hauts-grades\/"},"wordCount":298,"commentCount":0,"publisher":{"@id":"https:\/\/www.africascoop.net\/#organization"},"image":{"@id":"https:\/\/www.africascoop.net\/index.php\/2025\/11\/26\/republique-democratique-du-congo-larmee-annonce-larrestation-de-plusieurs-hauts-grades\/#primaryimage"},"thumbnailUrl":"https:\/\/www.africascoop.net\/wp-content\/uploads\/2025\/11\/RDC-1024x576.jpg","articleSection":["Exclusif","S\u00e9curit\u00e9"],"inLanguage":"fr-FR","potentialAction":[{"@type":"CommentAction","name":"Comment","target":["https:\/\/www.africascoop.net\/index.php\/2025\/11\/26\/republique-democratique-du-congo-larmee-annonce-larrestation-de-plusieurs-hauts-grades\/#respond"]}]},{"@type":"WebPage","@id":"https:\/\/www.africascoop.net\/index.php\/2025\/11\/26\/republique-democratique-du-congo-larmee-annonce-larrestation-de-plusieurs-hauts-grades\/","url":"https:\/\/www.africascoop.net\/index.php\/2025\/11\/26\/republique-democratique-du-congo-larmee-annonce-larrestation-de-plusieurs-hauts-grades\/","name":"R\u00e9publique d\u00e9mocratique du Congo : L\u2019arm\u00e9e annonce l\u2019arrestation de plusieurs hauts grad\u00e9s - Actualit\u00e9s Africaines","isPartOf":{"@id":"https:\/\/www.africascoop.net\/#website"},"primaryImageOfPage":{"@id":"https:\/\/www.africascoop.net\/index.php\/2025\/11\/26\/republique-democratique-du-congo-larmee-annonce-larrestation-de-plusieurs-hauts-grades\/#primaryimage"},"image":{"@id":"https:\/\/www.africascoop.net\/index.php\/2025\/11\/26\/republique-democratique-du-congo-larmee-annonce-larrestation-de-plusieurs-hauts-grades\/#primaryimage"},"thumbnailUrl":"https:\/\/www.africascoop.net\/wp-content\/uploads\/2025\/11\/RDC-1024x576.jpg","datePublished":"2025-11-26T10:11:04+00:00","dateModified":"2025-11-26T10:11:09+00:00","breadcrumb":{"@id":"https:\/\/www.africascoop.net\/index.php\/2025\/11\/26\/republique-democratique-du-congo-larmee-annonce-larrestation-de-plusieurs-hauts-grades\/#breadcrumb"},"inLanguage":"fr-FR","potentialAction":[{"@type":"ReadAction","target":["https:\/\/www.africascoop.net\/index.php\/2025\/11\/26\/republique-democratique-du-congo-larmee-annonce-larrestation-de-plusieurs-hauts-grades\/"]}]},{"@type":"ImageObject","inLanguage":"fr-FR","@id":"https:\/\/www.africascoop.net\/index.php\/2025\/11\/26\/republique-democratique-du-congo-larmee-annonce-larrestation-de-plusieurs-hauts-grades\/#primaryimage","url":"https:\/\/www.africascoop.net\/wp-content\/uploads\/2025\/11\/RDC.jpg","contentUrl":"https:\/\/www.africascoop.net\/wp-content\/uploads\/2025\/11\/RDC.jpg","width":1366,"height":768},{"@type":"BreadcrumbList","@id":"https:\/\/www.africascoop.net\/index.php\/2025\/11\/26\/republique-democratique-du-congo-larmee-annonce-larrestation-de-plusieurs-hauts-grades\/#breadcrumb","itemListElement":[{"@type":"ListItem","position":1,"name":"Accueil","item":"https:\/\/www.africascoop.net\/"},{"@type":"ListItem","position":2,"name":"R\u00e9publique d\u00e9mocratique du Congo : L\u2019arm\u00e9e annonce l\u2019arrestation de plusieurs hauts grad\u00e9s"}]},{"@type":"WebSite","@id":"https:\/\/www.africascoop.net\/#website","url":"https:\/\/www.africascoop.net\/","name":"Actualit\u00e9s Africaines","description":"","publisher":{"@id":"https:\/\/www.africascoop.net\/#organization"},"potentialAction":[{"@type":"SearchAction","target":{"@type":"EntryPoint","urlTemplate":"https:\/\/www.africascoop.net\/?s={search_term_string}"},"query-input":{"@type":"PropertyValueSpecification","valueRequired":true,"valueName":"search_term_string"}}],"inLanguage":"fr-FR"},{"@type":"Organization","@id":"https:\/\/www.africascoop.net\/#organization","name":"Actualit\u00e9s Africaines","url":"https:\/\/www.africascoop.net\/","logo":{"@type":"ImageObject","inLanguage":"fr-FR","@id":"https:\/\/www.africascoop.net\/#\/schema\/logo\/image\/","url":"https:\/\/www.africascoop.net\/wp-content\/uploads\/2025\/09\/cropped-logo-2.jpg","contentUrl":"https:\/\/www.africascoop.net\/wp-content\/uploads\/2025\/09\/cropped-logo-2.jpg","width":945,"height":591,"caption":"Actualit\u00e9s Africaines"},"image":{"@id":"https:\/\/www.africascoop.net\/#\/schema\/logo\/image\/"}},{"@type":"Person","@id":"https:\/\/www.africascoop.net\/#\/schema\/person\/2cbcc632c110d739d93a6b196c67230a","name":"Africascoop","image":{"@type":"ImageObject","inLanguage":"fr-FR","@id":"https:\/\/www.africascoop.net\/#\/schema\/person\/image\/","url":"https:\/\/secure.gravatar.com\/avatar\/230d851f5173f64fe9487b948bd2daf02707ef49aea942bc1bdad649c82025b9?s=96&d=mm&r=g","contentUrl":"https:\/\/secure.gravatar.com\/avatar\/230d851f5173f64fe9487b948bd2daf02707ef49aea942bc1bdad649c82025b9?s=96&d=mm&r=g","caption":"Africascoop"},"url":"https:\/\/www.africascoop.net\/index.php\/author\/jul\/"}]}},"_links":{"self":[{"href":"https:\/\/www.africascoop.net\/index.php\/wp-json\/wp\/v2\/posts\/823","targetHints":{"allow":["GET"]}}],"collection":[{"href":"https:\/\/www.africascoop.net\/index.php\/wp-json\/wp\/v2\/posts"}],"about":[{"href":"https:\/\/www.africascoop.net\/index.php\/wp-json\/wp\/v2\/types\/post"}],"author":[{"embeddable":true,"href":"https:\/\/www.africascoop.net\/index.php\/wp-json\/wp\/v2\/users\/3"}],"replies":[{"embeddable":true,"href":"https:\/\/www.africascoop.net\/index.php\/wp-json\/wp\/v2\/comments?post=823"}],"version-history":[{"count":1,"href":"https:\/\/www.africascoop.net\/index.php\/wp-json\/wp\/v2\/posts\/823\/revisions"}],"predecessor-version":[{"id":825,"href":"https:\/\/www.africascoop.net\/index.php\/wp-json\/wp\/v2\/posts\/823\/revisions\/825"}],"wp:attachment":[{"href":"https:\/\/www.africascoop.net\/index.php\/wp-json\/wp\/v2\/media?parent=823"}],"wp:term":[{"taxonomy":"category","embeddable":true,"href":"https:\/\/www.africascoop.net\/index.php\/wp-json\/wp\/v2\/categories?post=823"},{"taxonomy":"post_tag","embeddable":true,"href":"https:\/\/www.africascoop.net\/index.php\/wp-json\/wp\/v2\/tags?post=823"}],"curies":[{"name":"wp","href":"https:\/\/api.w.org\/{rel}","templated":true}]}}