{"id":832,"date":"2025-11-27T21:52:25","date_gmt":"2025-11-27T21:52:25","guid":{"rendered":"https:\/\/www.africascoop.net\/?p=832"},"modified":"2025-11-27T21:52:30","modified_gmt":"2025-11-27T21:52:30","slug":"aes-les-ministres-denoncent-une-cabale-mediatique-contre-le-mali-et-renforcent-leur-unite-diplomatique","status":"publish","type":"post","link":"https:\/\/www.africascoop.net\/index.php\/2025\/11\/27\/aes-les-ministres-denoncent-une-cabale-mediatique-contre-le-mali-et-renforcent-leur-unite-diplomatique\/","title":{"rendered":"AES : les ministres d\u00e9noncent une \u00ab cabale m\u00e9diatique \u00bb contre le Mali et renforcent leur unit\u00e9 diplomatique"},"content":{"rendered":"\n<figure class=\"wp-block-image size-large\"><img loading=\"lazy\" decoding=\"async\" width=\"1024\" height=\"576\" src=\"https:\/\/www.africascoop.net\/wp-content\/uploads\/2025\/11\/aes-1024x576.jpg\" alt=\"\" class=\"wp-image-833\" srcset=\"https:\/\/www.africascoop.net\/wp-content\/uploads\/2025\/11\/aes-1024x576.jpg 1024w, https:\/\/www.africascoop.net\/wp-content\/uploads\/2025\/11\/aes-300x169.jpg 300w, https:\/\/www.africascoop.net\/wp-content\/uploads\/2025\/11\/aes-768x432.jpg 768w, https:\/\/www.africascoop.net\/wp-content\/uploads\/2025\/11\/aes.jpg 1366w\" sizes=\"auto, (max-width: 1024px) 100vw, 1024px\" \/><\/figure>\n\n\n\n<p><strong><em>Les ministres des Affaires \u00e9trang\u00e8res de la Conf\u00e9d\u00e9ration des \u00c9tats du Sahel (AES) se sont r\u00e9unis le 26 novembre 2025 \u00e0 Ouagadougou pour coordonner leur action diplomatique en amont de la deuxi\u00e8me session ordinaire du Coll\u00e8ge des chefs d\u2019\u00c9tat. La rencontre, pr\u00e9sid\u00e9e par Abdoulaye Diop, ministre malien des Affaires \u00e9trang\u00e8res et de la Coop\u00e9ration internationale, a r\u00e9uni ses homologues burkinab\u00e8, Karamoko Jean Marie Traor\u00e9, et nig\u00e9rien, Bakary Yaou Sangar\u00e9. Elle faisait suite aux travaux des hauts fonctionnaires charg\u00e9s des piliers D\u00e9fense-S\u00e9curit\u00e9, Diplomatie et D\u00e9veloppement.<\/em><\/strong><\/p>\n\n\n\n<p>Les trois d\u00e9l\u00e9gations ont rappel\u00e9 que cette r\u00e9union s\u2019inscrit dans la mise en \u0153uvre de la vision commune port\u00e9e par le g\u00e9n\u00e9ral Assimi Go\u00efta, le capitaine Ibrahim Traor\u00e9 et le g\u00e9n\u00e9ral Abdourahamane Tiani, visant \u00e0 b\u00e2tir un espace souverain, s\u00e9curis\u00e9 et prosp\u00e8re pour les populations du Sahel. Les ministres ont salu\u00e9 les avanc\u00e9es majeures enregistr\u00e9es depuis le sommet de Niamey du 6 juillet 2024, notamment dans la lutte commune contre le terrorisme, la coordination diplomatique et l\u2019impulsion d\u2019un d\u00e9veloppement socio-\u00e9conomique durable.<\/p>\n\n\n\n<p>Un point central de la r\u00e9union a \u00e9t\u00e9 la d\u00e9nonciation vigoureuse d\u2019une \u00ab cabale m\u00e9diatique \u00bb visant le Mali. Les ministres ont fustig\u00e9 une campagne qualifi\u00e9e de \u00ab terrorisme m\u00e9diatique \u00bb, destin\u00e9e selon eux \u00e0 discr\u00e9diter le pays et \u00e0 saper les efforts de stabilisation entrepris par les autorit\u00e9s maliennes. Ils ont exprim\u00e9 leur solidarit\u00e9 totale envers le gouvernement et le peuple maliens, saluant la r\u00e9silience et le courage dont ils font preuve face aux attaques terroristes et aux pressions informationnelles. Les ministres ont \u00e9galement relev\u00e9 que les groupes terroristes modifient d\u00e9sormais leurs strat\u00e9gies en ciblant l\u2019activit\u00e9 \u00e9conomique de l\u2019espace AES, une \u00e9volution qu\u2019ils consid\u00e8rent comme une menace directe pour la souverainet\u00e9 r\u00e9gionale.<\/p>\n\n\n\n<p>Dans cette perspective, les responsables diplomatiques ont mis en avant les efforts engag\u00e9s par les chefs d\u2019\u00c9tat pour doter la Conf\u00e9d\u00e9ration d\u2019outils efficaces contre la d\u00e9sinformation. Ils se sont r\u00e9jouis du lancement, le m\u00eame jour \u00e0 Ouagadougou, de la radio \u00ab AES Daand\u00e8 Liptako \u00bb, pr\u00e9sent\u00e9e comme un instrument strat\u00e9gique pour promouvoir le narratif de la Conf\u00e9d\u00e9ration et renforcer la mobilisation des populations autour de ses id\u00e9aux.<\/p>\n\n\n\n<p>Les ministres ont \u00e9galement \u00e9tudi\u00e9 plusieurs projets d\u2019instruments juridiques destin\u00e9s \u00e0 consolider davantage l\u2019architecture institutionnelle de l\u2019AES avant la prochaine session du Coll\u00e8ge des chefs d\u2019\u00c9tat. \u00c0 l\u2019issue des travaux, ils ont renouvel\u00e9 leur engagement \u00e0 poursuivre la construction de l\u2019espace conf\u00e9d\u00e9ral dans la dynamique impuls\u00e9e par leurs dirigeants. Une motion sp\u00e9ciale de remerciements a \u00e9t\u00e9 adress\u00e9e au pr\u00e9sident burkinab\u00e8, le capitaine Ibrahim Traor\u00e9, pour son engagement constant aux c\u00f4t\u00e9s de ses pairs du Mali et du Niger dans la d\u00e9fense de la souverainet\u00e9 des peuples du&nbsp;Sahel.<\/p>\n\n\n\n<p>Par&nbsp;ABK<\/p>\n","protected":false},"excerpt":{"rendered":"<p>Les ministres des Affaires \u00e9trang\u00e8res de la Conf\u00e9d\u00e9ration des \u00c9tats du Sahel (AES) se sont r\u00e9unis le 26<\/p>\n","protected":false},"author":3,"featured_media":0,"comment_status":"open","ping_status":"open","sticky":false,"template":"","format":"standard","meta":{"footnotes":""},"categories":[36,9],"tags":[],"class_list":["post-832","post","type-post","status-publish","format-standard","hentry","category-exclusif","category-politique"],"yoast_head":"<!-- This site is optimized with the Yoast SEO plugin v26.0 - https:\/\/yoast.com\/wordpress\/plugins\/seo\/ -->\n<title>AES : les ministres d\u00e9noncent une \u00ab cabale m\u00e9diatique \u00bb contre le Mali et renforcent leur unit\u00e9 diplomatique - Actualit\u00e9s Africaines<\/title>\n<meta name=\"robots\" content=\"index, follow, max-snippet:-1, max-image-preview:large, max-video-preview:-1\" \/>\n<link rel=\"canonical\" href=\"https:\/\/www.africascoop.net\/index.php\/2025\/11\/27\/aes-les-ministres-denoncent-une-cabale-mediatique-contre-le-mali-et-renforcent-leur-unite-diplomatique\/\" \/>\n<meta property=\"og:locale\" content=\"fr_FR\" \/>\n<meta property=\"og:type\" content=\"article\" \/>\n<meta property=\"og:title\" content=\"AES : les ministres d\u00e9noncent une \u00ab cabale m\u00e9diatique \u00bb contre le Mali et renforcent leur unit\u00e9 diplomatique - Actualit\u00e9s Africaines\" \/>\n<meta property=\"og:description\" content=\"Les ministres des Affaires \u00e9trang\u00e8res de la Conf\u00e9d\u00e9ration des \u00c9tats du Sahel (AES) se sont r\u00e9unis le 26\" \/>\n<meta property=\"og:url\" content=\"https:\/\/www.africascoop.net\/index.php\/2025\/11\/27\/aes-les-ministres-denoncent-une-cabale-mediatique-contre-le-mali-et-renforcent-leur-unite-diplomatique\/\" \/>\n<meta property=\"og:site_name\" content=\"Actualit\u00e9s Africaines\" \/>\n<meta property=\"article:published_time\" content=\"2025-11-27T21:52:25+00:00\" \/>\n<meta property=\"article:modified_time\" content=\"2025-11-27T21:52:30+00:00\" \/>\n<meta property=\"og:image\" content=\"https:\/\/www.africascoop.net\/wp-content\/uploads\/2025\/11\/aes-1024x576.jpg\" \/>\n<meta name=\"author\" content=\"Africascoop\" \/>\n<meta name=\"twitter:card\" content=\"summary_large_image\" \/>\n<meta name=\"twitter:label1\" content=\"\u00c9crit par\" \/>\n\t<meta name=\"twitter:data1\" content=\"Africascoop\" \/>\n\t<meta name=\"twitter:label2\" content=\"Dur\u00e9e de lecture estim\u00e9e\" \/>\n\t<meta name=\"twitter:data2\" content=\"3 minutes\" \/>\n<script type=\"application\/ld+json\" class=\"yoast-schema-graph\">{\"@context\":\"https:\/\/schema.org\",\"@graph\":[{\"@type\":\"Article\",\"@id\":\"https:\/\/www.africascoop.net\/index.php\/2025\/11\/27\/aes-les-ministres-denoncent-une-cabale-mediatique-contre-le-mali-et-renforcent-leur-unite-diplomatique\/#article\",\"isPartOf\":{\"@id\":\"https:\/\/www.africascoop.net\/index.php\/2025\/11\/27\/aes-les-ministres-denoncent-une-cabale-mediatique-contre-le-mali-et-renforcent-leur-unite-diplomatique\/\"},\"author\":{\"name\":\"Africascoop\",\"@id\":\"https:\/\/www.africascoop.net\/#\/schema\/person\/2cbcc632c110d739d93a6b196c67230a\"},\"headline\":\"AES : les ministres d\u00e9noncent une \u00ab cabale m\u00e9diatique \u00bb contre le Mali et renforcent leur unit\u00e9 diplomatique\",\"datePublished\":\"2025-11-27T21:52:25+00:00\",\"dateModified\":\"2025-11-27T21:52:30+00:00\",\"mainEntityOfPage\":{\"@id\":\"https:\/\/www.africascoop.net\/index.php\/2025\/11\/27\/aes-les-ministres-denoncent-une-cabale-mediatique-contre-le-mali-et-renforcent-leur-unite-diplomatique\/\"},\"wordCount\":520,\"commentCount\":0,\"publisher\":{\"@id\":\"https:\/\/www.africascoop.net\/#organization\"},\"image\":{\"@id\":\"https:\/\/www.africascoop.net\/index.php\/2025\/11\/27\/aes-les-ministres-denoncent-une-cabale-mediatique-contre-le-mali-et-renforcent-leur-unite-diplomatique\/#primaryimage\"},\"thumbnailUrl\":\"https:\/\/www.africascoop.net\/wp-content\/uploads\/2025\/11\/aes-1024x576.jpg\",\"articleSection\":[\"Exclusif\",\"Politique\"],\"inLanguage\":\"fr-FR\",\"potentialAction\":[{\"@type\":\"CommentAction\",\"name\":\"Comment\",\"target\":[\"https:\/\/www.africascoop.net\/index.php\/2025\/11\/27\/aes-les-ministres-denoncent-une-cabale-mediatique-contre-le-mali-et-renforcent-leur-unite-diplomatique\/#respond\"]}]},{\"@type\":\"WebPage\",\"@id\":\"https:\/\/www.africascoop.net\/index.php\/2025\/11\/27\/aes-les-ministres-denoncent-une-cabale-mediatique-contre-le-mali-et-renforcent-leur-unite-diplomatique\/\",\"url\":\"https:\/\/www.africascoop.net\/index.php\/2025\/11\/27\/aes-les-ministres-denoncent-une-cabale-mediatique-contre-le-mali-et-renforcent-leur-unite-diplomatique\/\",\"name\":\"AES : les ministres d\u00e9noncent une \u00ab cabale m\u00e9diatique \u00bb contre le Mali et renforcent leur unit\u00e9 diplomatique - Actualit\u00e9s Africaines\",\"isPartOf\":{\"@id\":\"https:\/\/www.africascoop.net\/#website\"},\"primaryImageOfPage\":{\"@id\":\"https:\/\/www.africascoop.net\/index.php\/2025\/11\/27\/aes-les-ministres-denoncent-une-cabale-mediatique-contre-le-mali-et-renforcent-leur-unite-diplomatique\/#primaryimage\"},\"image\":{\"@id\":\"https:\/\/www.africascoop.net\/index.php\/2025\/11\/27\/aes-les-ministres-denoncent-une-cabale-mediatique-contre-le-mali-et-renforcent-leur-unite-diplomatique\/#primaryimage\"},\"thumbnailUrl\":\"https:\/\/www.africascoop.net\/wp-content\/uploads\/2025\/11\/aes-1024x576.jpg\",\"datePublished\":\"2025-11-27T21:52:25+00:00\",\"dateModified\":\"2025-11-27T21:52:30+00:00\",\"breadcrumb\":{\"@id\":\"https:\/\/www.africascoop.net\/index.php\/2025\/11\/27\/aes-les-ministres-denoncent-une-cabale-mediatique-contre-le-mali-et-renforcent-leur-unite-diplomatique\/#breadcrumb\"},\"inLanguage\":\"fr-FR\",\"potentialAction\":[{\"@type\":\"ReadAction\",\"target\":[\"https:\/\/www.africascoop.net\/index.php\/2025\/11\/27\/aes-les-ministres-denoncent-une-cabale-mediatique-contre-le-mali-et-renforcent-leur-unite-diplomatique\/\"]}]},{\"@type\":\"ImageObject\",\"inLanguage\":\"fr-FR\",\"@id\":\"https:\/\/www.africascoop.net\/index.php\/2025\/11\/27\/aes-les-ministres-denoncent-une-cabale-mediatique-contre-le-mali-et-renforcent-leur-unite-diplomatique\/#primaryimage\",\"url\":\"https:\/\/www.africascoop.net\/wp-content\/uploads\/2025\/11\/aes.jpg\",\"contentUrl\":\"https:\/\/www.africascoop.net\/wp-content\/uploads\/2025\/11\/aes.jpg\",\"width\":1366,\"height\":768},{\"@type\":\"BreadcrumbList\",\"@id\":\"https:\/\/www.africascoop.net\/index.php\/2025\/11\/27\/aes-les-ministres-denoncent-une-cabale-mediatique-contre-le-mali-et-renforcent-leur-unite-diplomatique\/#breadcrumb\",\"itemListElement\":[{\"@type\":\"ListItem\",\"position\":1,\"name\":\"Accueil\",\"item\":\"https:\/\/www.africascoop.net\/\"},{\"@type\":\"ListItem\",\"position\":2,\"name\":\"AES : les ministres d\u00e9noncent une \u00ab cabale m\u00e9diatique \u00bb contre le Mali et renforcent leur unit\u00e9 diplomatique\"}]},{\"@type\":\"WebSite\",\"@id\":\"https:\/\/www.africascoop.net\/#website\",\"url\":\"https:\/\/www.africascoop.net\/\",\"name\":\"Actualit\u00e9s Africaines\",\"description\":\"\",\"publisher\":{\"@id\":\"https:\/\/www.africascoop.net\/#organization\"},\"potentialAction\":[{\"@type\":\"SearchAction\",\"target\":{\"@type\":\"EntryPoint\",\"urlTemplate\":\"https:\/\/www.africascoop.net\/?s={search_term_string}\"},\"query-input\":{\"@type\":\"PropertyValueSpecification\",\"valueRequired\":true,\"valueName\":\"search_term_string\"}}],\"inLanguage\":\"fr-FR\"},{\"@type\":\"Organization\",\"@id\":\"https:\/\/www.africascoop.net\/#organization\",\"name\":\"Actualit\u00e9s Africaines\",\"url\":\"https:\/\/www.africascoop.net\/\",\"logo\":{\"@type\":\"ImageObject\",\"inLanguage\":\"fr-FR\",\"@id\":\"https:\/\/www.africascoop.net\/#\/schema\/logo\/image\/\",\"url\":\"https:\/\/www.africascoop.net\/wp-content\/uploads\/2025\/09\/cropped-logo-2.jpg\",\"contentUrl\":\"https:\/\/www.africascoop.net\/wp-content\/uploads\/2025\/09\/cropped-logo-2.jpg\",\"width\":945,\"height\":591,\"caption\":\"Actualit\u00e9s Africaines\"},\"image\":{\"@id\":\"https:\/\/www.africascoop.net\/#\/schema\/logo\/image\/\"}},{\"@type\":\"Person\",\"@id\":\"https:\/\/www.africascoop.net\/#\/schema\/person\/2cbcc632c110d739d93a6b196c67230a\",\"name\":\"Africascoop\",\"image\":{\"@type\":\"ImageObject\",\"inLanguage\":\"fr-FR\",\"@id\":\"https:\/\/www.africascoop.net\/#\/schema\/person\/image\/\",\"url\":\"https:\/\/secure.gravatar.com\/avatar\/230d851f5173f64fe9487b948bd2daf02707ef49aea942bc1bdad649c82025b9?s=96&d=mm&r=g\",\"contentUrl\":\"https:\/\/secure.gravatar.com\/avatar\/230d851f5173f64fe9487b948bd2daf02707ef49aea942bc1bdad649c82025b9?s=96&d=mm&r=g\",\"caption\":\"Africascoop\"},\"url\":\"https:\/\/www.africascoop.net\/index.php\/author\/jul\/\"}]}<\/script>\n<!-- \/ Yoast SEO plugin. -->","yoast_head_json":{"title":"AES : les ministres d\u00e9noncent une \u00ab cabale m\u00e9diatique \u00bb contre le Mali et renforcent leur unit\u00e9 diplomatique - Actualit\u00e9s Africaines","robots":{"index":"index","follow":"follow","max-snippet":"max-snippet:-1","max-image-preview":"max-image-preview:large","max-video-preview":"max-video-preview:-1"},"canonical":"https:\/\/www.africascoop.net\/index.php\/2025\/11\/27\/aes-les-ministres-denoncent-une-cabale-mediatique-contre-le-mali-et-renforcent-leur-unite-diplomatique\/","og_locale":"fr_FR","og_type":"article","og_title":"AES : les ministres d\u00e9noncent une \u00ab cabale m\u00e9diatique \u00bb contre le Mali et renforcent leur unit\u00e9 diplomatique - Actualit\u00e9s Africaines","og_description":"Les ministres des Affaires \u00e9trang\u00e8res de la Conf\u00e9d\u00e9ration des \u00c9tats du Sahel (AES) se sont r\u00e9unis le 26","og_url":"https:\/\/www.africascoop.net\/index.php\/2025\/11\/27\/aes-les-ministres-denoncent-une-cabale-mediatique-contre-le-mali-et-renforcent-leur-unite-diplomatique\/","og_site_name":"Actualit\u00e9s Africaines","article_published_time":"2025-11-27T21:52:25+00:00","article_modified_time":"2025-11-27T21:52:30+00:00","og_image":[{"url":"https:\/\/www.africascoop.net\/wp-content\/uploads\/2025\/11\/aes-1024x576.jpg","type":"","width":"","height":""}],"author":"Africascoop","twitter_card":"summary_large_image","twitter_misc":{"\u00c9crit par":"Africascoop","Dur\u00e9e de lecture estim\u00e9e":"3 minutes"},"schema":{"@context":"https:\/\/schema.org","@graph":[{"@type":"Article","@id":"https:\/\/www.africascoop.net\/index.php\/2025\/11\/27\/aes-les-ministres-denoncent-une-cabale-mediatique-contre-le-mali-et-renforcent-leur-unite-diplomatique\/#article","isPartOf":{"@id":"https:\/\/www.africascoop.net\/index.php\/2025\/11\/27\/aes-les-ministres-denoncent-une-cabale-mediatique-contre-le-mali-et-renforcent-leur-unite-diplomatique\/"},"author":{"name":"Africascoop","@id":"https:\/\/www.africascoop.net\/#\/schema\/person\/2cbcc632c110d739d93a6b196c67230a"},"headline":"AES : les ministres d\u00e9noncent une \u00ab cabale m\u00e9diatique \u00bb contre le Mali et renforcent leur unit\u00e9 diplomatique","datePublished":"2025-11-27T21:52:25+00:00","dateModified":"2025-11-27T21:52:30+00:00","mainEntityOfPage":{"@id":"https:\/\/www.africascoop.net\/index.php\/2025\/11\/27\/aes-les-ministres-denoncent-une-cabale-mediatique-contre-le-mali-et-renforcent-leur-unite-diplomatique\/"},"wordCount":520,"commentCount":0,"publisher":{"@id":"https:\/\/www.africascoop.net\/#organization"},"image":{"@id":"https:\/\/www.africascoop.net\/index.php\/2025\/11\/27\/aes-les-ministres-denoncent-une-cabale-mediatique-contre-le-mali-et-renforcent-leur-unite-diplomatique\/#primaryimage"},"thumbnailUrl":"https:\/\/www.africascoop.net\/wp-content\/uploads\/2025\/11\/aes-1024x576.jpg","articleSection":["Exclusif","Politique"],"inLanguage":"fr-FR","potentialAction":[{"@type":"CommentAction","name":"Comment","target":["https:\/\/www.africascoop.net\/index.php\/2025\/11\/27\/aes-les-ministres-denoncent-une-cabale-mediatique-contre-le-mali-et-renforcent-leur-unite-diplomatique\/#respond"]}]},{"@type":"WebPage","@id":"https:\/\/www.africascoop.net\/index.php\/2025\/11\/27\/aes-les-ministres-denoncent-une-cabale-mediatique-contre-le-mali-et-renforcent-leur-unite-diplomatique\/","url":"https:\/\/www.africascoop.net\/index.php\/2025\/11\/27\/aes-les-ministres-denoncent-une-cabale-mediatique-contre-le-mali-et-renforcent-leur-unite-diplomatique\/","name":"AES : les ministres d\u00e9noncent une \u00ab cabale m\u00e9diatique \u00bb contre le Mali et renforcent leur unit\u00e9 diplomatique - Actualit\u00e9s Africaines","isPartOf":{"@id":"https:\/\/www.africascoop.net\/#website"},"primaryImageOfPage":{"@id":"https:\/\/www.africascoop.net\/index.php\/2025\/11\/27\/aes-les-ministres-denoncent-une-cabale-mediatique-contre-le-mali-et-renforcent-leur-unite-diplomatique\/#primaryimage"},"image":{"@id":"https:\/\/www.africascoop.net\/index.php\/2025\/11\/27\/aes-les-ministres-denoncent-une-cabale-mediatique-contre-le-mali-et-renforcent-leur-unite-diplomatique\/#primaryimage"},"thumbnailUrl":"https:\/\/www.africascoop.net\/wp-content\/uploads\/2025\/11\/aes-1024x576.jpg","datePublished":"2025-11-27T21:52:25+00:00","dateModified":"2025-11-27T21:52:30+00:00","breadcrumb":{"@id":"https:\/\/www.africascoop.net\/index.php\/2025\/11\/27\/aes-les-ministres-denoncent-une-cabale-mediatique-contre-le-mali-et-renforcent-leur-unite-diplomatique\/#breadcrumb"},"inLanguage":"fr-FR","potentialAction":[{"@type":"ReadAction","target":["https:\/\/www.africascoop.net\/index.php\/2025\/11\/27\/aes-les-ministres-denoncent-une-cabale-mediatique-contre-le-mali-et-renforcent-leur-unite-diplomatique\/"]}]},{"@type":"ImageObject","inLanguage":"fr-FR","@id":"https:\/\/www.africascoop.net\/index.php\/2025\/11\/27\/aes-les-ministres-denoncent-une-cabale-mediatique-contre-le-mali-et-renforcent-leur-unite-diplomatique\/#primaryimage","url":"https:\/\/www.africascoop.net\/wp-content\/uploads\/2025\/11\/aes.jpg","contentUrl":"https:\/\/www.africascoop.net\/wp-content\/uploads\/2025\/11\/aes.jpg","width":1366,"height":768},{"@type":"BreadcrumbList","@id":"https:\/\/www.africascoop.net\/index.php\/2025\/11\/27\/aes-les-ministres-denoncent-une-cabale-mediatique-contre-le-mali-et-renforcent-leur-unite-diplomatique\/#breadcrumb","itemListElement":[{"@type":"ListItem","position":1,"name":"Accueil","item":"https:\/\/www.africascoop.net\/"},{"@type":"ListItem","position":2,"name":"AES : les ministres d\u00e9noncent une \u00ab cabale m\u00e9diatique \u00bb contre le Mali et renforcent leur unit\u00e9 diplomatique"}]},{"@type":"WebSite","@id":"https:\/\/www.africascoop.net\/#website","url":"https:\/\/www.africascoop.net\/","name":"Actualit\u00e9s Africaines","description":"","publisher":{"@id":"https:\/\/www.africascoop.net\/#organization"},"potentialAction":[{"@type":"SearchAction","target":{"@type":"EntryPoint","urlTemplate":"https:\/\/www.africascoop.net\/?s={search_term_string}"},"query-input":{"@type":"PropertyValueSpecification","valueRequired":true,"valueName":"search_term_string"}}],"inLanguage":"fr-FR"},{"@type":"Organization","@id":"https:\/\/www.africascoop.net\/#organization","name":"Actualit\u00e9s Africaines","url":"https:\/\/www.africascoop.net\/","logo":{"@type":"ImageObject","inLanguage":"fr-FR","@id":"https:\/\/www.africascoop.net\/#\/schema\/logo\/image\/","url":"https:\/\/www.africascoop.net\/wp-content\/uploads\/2025\/09\/cropped-logo-2.jpg","contentUrl":"https:\/\/www.africascoop.net\/wp-content\/uploads\/2025\/09\/cropped-logo-2.jpg","width":945,"height":591,"caption":"Actualit\u00e9s Africaines"},"image":{"@id":"https:\/\/www.africascoop.net\/#\/schema\/logo\/image\/"}},{"@type":"Person","@id":"https:\/\/www.africascoop.net\/#\/schema\/person\/2cbcc632c110d739d93a6b196c67230a","name":"Africascoop","image":{"@type":"ImageObject","inLanguage":"fr-FR","@id":"https:\/\/www.africascoop.net\/#\/schema\/person\/image\/","url":"https:\/\/secure.gravatar.com\/avatar\/230d851f5173f64fe9487b948bd2daf02707ef49aea942bc1bdad649c82025b9?s=96&d=mm&r=g","contentUrl":"https:\/\/secure.gravatar.com\/avatar\/230d851f5173f64fe9487b948bd2daf02707ef49aea942bc1bdad649c82025b9?s=96&d=mm&r=g","caption":"Africascoop"},"url":"https:\/\/www.africascoop.net\/index.php\/author\/jul\/"}]}},"_links":{"self":[{"href":"https:\/\/www.africascoop.net\/index.php\/wp-json\/wp\/v2\/posts\/832","targetHints":{"allow":["GET"]}}],"collection":[{"href":"https:\/\/www.africascoop.net\/index.php\/wp-json\/wp\/v2\/posts"}],"about":[{"href":"https:\/\/www.africascoop.net\/index.php\/wp-json\/wp\/v2\/types\/post"}],"author":[{"embeddable":true,"href":"https:\/\/www.africascoop.net\/index.php\/wp-json\/wp\/v2\/users\/3"}],"replies":[{"embeddable":true,"href":"https:\/\/www.africascoop.net\/index.php\/wp-json\/wp\/v2\/comments?post=832"}],"version-history":[{"count":1,"href":"https:\/\/www.africascoop.net\/index.php\/wp-json\/wp\/v2\/posts\/832\/revisions"}],"predecessor-version":[{"id":834,"href":"https:\/\/www.africascoop.net\/index.php\/wp-json\/wp\/v2\/posts\/832\/revisions\/834"}],"wp:attachment":[{"href":"https:\/\/www.africascoop.net\/index.php\/wp-json\/wp\/v2\/media?parent=832"}],"wp:term":[{"taxonomy":"category","embeddable":true,"href":"https:\/\/www.africascoop.net\/index.php\/wp-json\/wp\/v2\/categories?post=832"},{"taxonomy":"post_tag","embeddable":true,"href":"https:\/\/www.africascoop.net\/index.php\/wp-json\/wp\/v2\/tags?post=832"}],"curies":[{"name":"wp","href":"https:\/\/api.w.org\/{rel}","templated":true}]}}