{"id":844,"date":"2025-11-28T15:35:03","date_gmt":"2025-11-28T15:35:03","guid":{"rendered":"https:\/\/www.africascoop.net\/?p=844"},"modified":"2025-11-28T15:35:12","modified_gmt":"2025-11-28T15:35:12","slug":"crise-en-guinee-bissau-le-senegal-en-premiere-ligne-pour-le-retablissement-de-lordre-constitutionnel","status":"publish","type":"post","link":"https:\/\/www.africascoop.net\/index.php\/2025\/11\/28\/crise-en-guinee-bissau-le-senegal-en-premiere-ligne-pour-le-retablissement-de-lordre-constitutionnel\/","title":{"rendered":"Crise en Guin\u00e9e-Bissau : le S\u00e9n\u00e9gal en premi\u00e8re ligne pour le r\u00e9tablissement de l\u2019ordre constitutionnel"},"content":{"rendered":"\n<figure class=\"wp-block-image size-large\"><img loading=\"lazy\" decoding=\"async\" width=\"1024\" height=\"576\" src=\"https:\/\/www.africascoop.net\/wp-content\/uploads\/2025\/11\/SISSAKO-1024x576.jpg\" alt=\"\" class=\"wp-image-845\" srcset=\"https:\/\/www.africascoop.net\/wp-content\/uploads\/2025\/11\/SISSAKO-1024x576.jpg 1024w, https:\/\/www.africascoop.net\/wp-content\/uploads\/2025\/11\/SISSAKO-300x169.jpg 300w, https:\/\/www.africascoop.net\/wp-content\/uploads\/2025\/11\/SISSAKO-768x432.jpg 768w, https:\/\/www.africascoop.net\/wp-content\/uploads\/2025\/11\/SISSAKO.jpg 1366w\" sizes=\"auto, (max-width: 1024px) 100vw, 1024px\" \/><\/figure>\n\n\n\n<p><strong><em>Le gouvernement s\u00e9n\u00e9galais a annonc\u00e9, ce jeudi 27 novembre 2025, la participation active du pr\u00e9sident Bassirou Diomaye Diakhar Faye au sommet extraordinaire de la CEDEAO consacr\u00e9 \u00e0 la crise en Guin\u00e9e-Bissau, o\u00f9 des \u00e9l\u00e9ments de l\u2019arm\u00e9e ont tent\u00e9 de prendre le pouvoir. La rencontre, organis\u00e9e en visioconf\u00e9rence, a d\u00e9bouch\u00e9 sur une s\u00e9rie de d\u00e9cisions fermes destin\u00e9es \u00e0 ramener le pays \u00e0 l\u2019ordre constitutionnel.<\/em><\/strong><\/p>\n\n\n\n<p>Les chefs d\u2019\u00c9tat de la communaut\u00e9 ont unanimement condamn\u00e9 la tentative de prise de pouvoir par la force et exig\u00e9 la lib\u00e9ration imm\u00e9diate du pr\u00e9sident Umaro Sissoco Embal\u00f3, ainsi que de toutes les personnes arr\u00eat\u00e9es dans ce contexte. Ils ont \u00e9galement d\u00e9cid\u00e9 la cr\u00e9ation d\u2019un comit\u00e9 de m\u00e9diation restreint charg\u00e9 d\u2019assurer le suivi de la mise en \u0153uvre de ces mesures. Le S\u00e9n\u00e9gal fait partie de cette d\u00e9l\u00e9gation, qui se rendra prochainement \u00e0 Bissau.<\/p>\n\n\n\n<p>Lors de son intervention, le pr\u00e9sident Bassirou Diomaye Faye a insist\u00e9 sur la n\u00e9cessit\u00e9 absolue de pr\u00e9server l\u2019ordre constitutionnel et d\u2019assurer la protection des populations. Il a rappel\u00e9 que tout processus \u00e9lectoral doit se d\u00e9rouler dans un environnement apais\u00e9, s\u00e9curis\u00e9 et conforme aux m\u00e9canismes r\u00e9gionaux de gouvernance d\u00e9mocratique.<\/p>\n\n\n\n<p>Depuis le d\u00e9but de la crise, les autorit\u00e9s s\u00e9n\u00e9galaises, sous la direction directe du chef de l\u2019\u00c9tat, ont multipli\u00e9 les contacts avec les acteurs politiques bissau-guin\u00e9ens.<\/p>\n\n\n\n<p>Ces \u00e9changes ont port\u00e9 sur la lib\u00e9ration du pr\u00e9sident Embal\u00f3, de ses collaborateurs et d\u2019autres personnalit\u00e9s politiques arr\u00eat\u00e9es, mais aussi sur la r\u00e9ouverture des fronti\u00e8res afin de permettre l\u2019exfiltration et le rapatriement, y compris des membres des missions d\u2019observation \u00e9lectorale.<\/p>\n\n\n\n<p>Un a\u00e9ronef affr\u00e9t\u00e9 par le gouvernement s\u00e9n\u00e9galais a \u00e9t\u00e9 d\u00e9p\u00each\u00e9 \u00e0 Bissau pour contribuer \u00e0 ces op\u00e9rations. Cette mobilisation a permis l\u2019arriv\u00e9e au S\u00e9n\u00e9gal, sain et sauf, du pr\u00e9sident Umaro Sissoco Embal\u00f3.<\/p>\n\n\n\n<p>Le S\u00e9n\u00e9gal r\u00e9affirme enfin sa disponibilit\u00e9 \u00e0 travailler aux c\u00f4t\u00e9s de la CEDEAO, de l\u2019Union africaine et de l\u2019ensemble des partenaires impliqu\u00e9s pour soutenir le dialogue, pr\u00e9server la stabilit\u00e9 et favoriser un retour rapide \u00e0 l\u2019ordre constitutionnel et \u00e0 la l\u00e9gitimit\u00e9 d\u00e9mocratique en Guin\u00e9e-Bissau.<\/p>\n\n\n\n<p>Par&nbsp;ABK<\/p>\n","protected":false},"excerpt":{"rendered":"<p>Le gouvernement s\u00e9n\u00e9galais a annonc\u00e9, ce jeudi 27 novembre 2025, la participation active du pr\u00e9sident Bassirou Diomaye Diakhar<\/p>\n","protected":false},"author":3,"featured_media":0,"comment_status":"open","ping_status":"open","sticky":false,"template":"","format":"standard","meta":{"footnotes":""},"categories":[36,9],"tags":[],"class_list":["post-844","post","type-post","status-publish","format-standard","hentry","category-exclusif","category-politique"],"yoast_head":"<!-- This site is optimized with the Yoast SEO plugin v26.0 - https:\/\/yoast.com\/wordpress\/plugins\/seo\/ -->\n<title>Crise en Guin\u00e9e-Bissau : le S\u00e9n\u00e9gal en premi\u00e8re ligne pour le r\u00e9tablissement de l\u2019ordre constitutionnel - Actualit\u00e9s Africaines<\/title>\n<meta name=\"robots\" content=\"index, follow, max-snippet:-1, max-image-preview:large, max-video-preview:-1\" \/>\n<link rel=\"canonical\" href=\"https:\/\/www.africascoop.net\/index.php\/2025\/11\/28\/crise-en-guinee-bissau-le-senegal-en-premiere-ligne-pour-le-retablissement-de-lordre-constitutionnel\/\" \/>\n<meta property=\"og:locale\" content=\"fr_FR\" \/>\n<meta property=\"og:type\" content=\"article\" \/>\n<meta property=\"og:title\" content=\"Crise en Guin\u00e9e-Bissau : le S\u00e9n\u00e9gal en premi\u00e8re ligne pour le r\u00e9tablissement de l\u2019ordre constitutionnel - Actualit\u00e9s Africaines\" \/>\n<meta property=\"og:description\" content=\"Le gouvernement s\u00e9n\u00e9galais a annonc\u00e9, ce jeudi 27 novembre 2025, la participation active du pr\u00e9sident Bassirou Diomaye Diakhar\" \/>\n<meta property=\"og:url\" content=\"https:\/\/www.africascoop.net\/index.php\/2025\/11\/28\/crise-en-guinee-bissau-le-senegal-en-premiere-ligne-pour-le-retablissement-de-lordre-constitutionnel\/\" \/>\n<meta property=\"og:site_name\" content=\"Actualit\u00e9s Africaines\" \/>\n<meta property=\"article:published_time\" content=\"2025-11-28T15:35:03+00:00\" \/>\n<meta property=\"article:modified_time\" content=\"2025-11-28T15:35:12+00:00\" \/>\n<meta property=\"og:image\" content=\"https:\/\/www.africascoop.net\/wp-content\/uploads\/2025\/11\/SISSAKO-1024x576.jpg\" \/>\n<meta name=\"author\" content=\"Africascoop\" \/>\n<meta name=\"twitter:card\" content=\"summary_large_image\" \/>\n<meta name=\"twitter:label1\" content=\"\u00c9crit par\" \/>\n\t<meta name=\"twitter:data1\" content=\"Africascoop\" \/>\n\t<meta name=\"twitter:label2\" content=\"Dur\u00e9e de lecture estim\u00e9e\" \/>\n\t<meta name=\"twitter:data2\" content=\"2 minutes\" \/>\n<script type=\"application\/ld+json\" class=\"yoast-schema-graph\">{\"@context\":\"https:\/\/schema.org\",\"@graph\":[{\"@type\":\"Article\",\"@id\":\"https:\/\/www.africascoop.net\/index.php\/2025\/11\/28\/crise-en-guinee-bissau-le-senegal-en-premiere-ligne-pour-le-retablissement-de-lordre-constitutionnel\/#article\",\"isPartOf\":{\"@id\":\"https:\/\/www.africascoop.net\/index.php\/2025\/11\/28\/crise-en-guinee-bissau-le-senegal-en-premiere-ligne-pour-le-retablissement-de-lordre-constitutionnel\/\"},\"author\":{\"name\":\"Africascoop\",\"@id\":\"https:\/\/www.africascoop.net\/#\/schema\/person\/2cbcc632c110d739d93a6b196c67230a\"},\"headline\":\"Crise en Guin\u00e9e-Bissau : le S\u00e9n\u00e9gal en premi\u00e8re ligne pour le r\u00e9tablissement de l\u2019ordre constitutionnel\",\"datePublished\":\"2025-11-28T15:35:03+00:00\",\"dateModified\":\"2025-11-28T15:35:12+00:00\",\"mainEntityOfPage\":{\"@id\":\"https:\/\/www.africascoop.net\/index.php\/2025\/11\/28\/crise-en-guinee-bissau-le-senegal-en-premiere-ligne-pour-le-retablissement-de-lordre-constitutionnel\/\"},\"wordCount\":419,\"commentCount\":0,\"publisher\":{\"@id\":\"https:\/\/www.africascoop.net\/#organization\"},\"image\":{\"@id\":\"https:\/\/www.africascoop.net\/index.php\/2025\/11\/28\/crise-en-guinee-bissau-le-senegal-en-premiere-ligne-pour-le-retablissement-de-lordre-constitutionnel\/#primaryimage\"},\"thumbnailUrl\":\"https:\/\/www.africascoop.net\/wp-content\/uploads\/2025\/11\/SISSAKO-1024x576.jpg\",\"articleSection\":[\"Exclusif\",\"Politique\"],\"inLanguage\":\"fr-FR\",\"potentialAction\":[{\"@type\":\"CommentAction\",\"name\":\"Comment\",\"target\":[\"https:\/\/www.africascoop.net\/index.php\/2025\/11\/28\/crise-en-guinee-bissau-le-senegal-en-premiere-ligne-pour-le-retablissement-de-lordre-constitutionnel\/#respond\"]}]},{\"@type\":\"WebPage\",\"@id\":\"https:\/\/www.africascoop.net\/index.php\/2025\/11\/28\/crise-en-guinee-bissau-le-senegal-en-premiere-ligne-pour-le-retablissement-de-lordre-constitutionnel\/\",\"url\":\"https:\/\/www.africascoop.net\/index.php\/2025\/11\/28\/crise-en-guinee-bissau-le-senegal-en-premiere-ligne-pour-le-retablissement-de-lordre-constitutionnel\/\",\"name\":\"Crise en Guin\u00e9e-Bissau : le S\u00e9n\u00e9gal en premi\u00e8re ligne pour le r\u00e9tablissement de l\u2019ordre constitutionnel - Actualit\u00e9s Africaines\",\"isPartOf\":{\"@id\":\"https:\/\/www.africascoop.net\/#website\"},\"primaryImageOfPage\":{\"@id\":\"https:\/\/www.africascoop.net\/index.php\/2025\/11\/28\/crise-en-guinee-bissau-le-senegal-en-premiere-ligne-pour-le-retablissement-de-lordre-constitutionnel\/#primaryimage\"},\"image\":{\"@id\":\"https:\/\/www.africascoop.net\/index.php\/2025\/11\/28\/crise-en-guinee-bissau-le-senegal-en-premiere-ligne-pour-le-retablissement-de-lordre-constitutionnel\/#primaryimage\"},\"thumbnailUrl\":\"https:\/\/www.africascoop.net\/wp-content\/uploads\/2025\/11\/SISSAKO-1024x576.jpg\",\"datePublished\":\"2025-11-28T15:35:03+00:00\",\"dateModified\":\"2025-11-28T15:35:12+00:00\",\"breadcrumb\":{\"@id\":\"https:\/\/www.africascoop.net\/index.php\/2025\/11\/28\/crise-en-guinee-bissau-le-senegal-en-premiere-ligne-pour-le-retablissement-de-lordre-constitutionnel\/#breadcrumb\"},\"inLanguage\":\"fr-FR\",\"potentialAction\":[{\"@type\":\"ReadAction\",\"target\":[\"https:\/\/www.africascoop.net\/index.php\/2025\/11\/28\/crise-en-guinee-bissau-le-senegal-en-premiere-ligne-pour-le-retablissement-de-lordre-constitutionnel\/\"]}]},{\"@type\":\"ImageObject\",\"inLanguage\":\"fr-FR\",\"@id\":\"https:\/\/www.africascoop.net\/index.php\/2025\/11\/28\/crise-en-guinee-bissau-le-senegal-en-premiere-ligne-pour-le-retablissement-de-lordre-constitutionnel\/#primaryimage\",\"url\":\"https:\/\/www.africascoop.net\/wp-content\/uploads\/2025\/11\/SISSAKO.jpg\",\"contentUrl\":\"https:\/\/www.africascoop.net\/wp-content\/uploads\/2025\/11\/SISSAKO.jpg\",\"width\":1366,\"height\":768},{\"@type\":\"BreadcrumbList\",\"@id\":\"https:\/\/www.africascoop.net\/index.php\/2025\/11\/28\/crise-en-guinee-bissau-le-senegal-en-premiere-ligne-pour-le-retablissement-de-lordre-constitutionnel\/#breadcrumb\",\"itemListElement\":[{\"@type\":\"ListItem\",\"position\":1,\"name\":\"Accueil\",\"item\":\"https:\/\/www.africascoop.net\/\"},{\"@type\":\"ListItem\",\"position\":2,\"name\":\"Crise en Guin\u00e9e-Bissau : le S\u00e9n\u00e9gal en premi\u00e8re ligne pour le r\u00e9tablissement de l\u2019ordre constitutionnel\"}]},{\"@type\":\"WebSite\",\"@id\":\"https:\/\/www.africascoop.net\/#website\",\"url\":\"https:\/\/www.africascoop.net\/\",\"name\":\"Actualit\u00e9s Africaines\",\"description\":\"\",\"publisher\":{\"@id\":\"https:\/\/www.africascoop.net\/#organization\"},\"potentialAction\":[{\"@type\":\"SearchAction\",\"target\":{\"@type\":\"EntryPoint\",\"urlTemplate\":\"https:\/\/www.africascoop.net\/?s={search_term_string}\"},\"query-input\":{\"@type\":\"PropertyValueSpecification\",\"valueRequired\":true,\"valueName\":\"search_term_string\"}}],\"inLanguage\":\"fr-FR\"},{\"@type\":\"Organization\",\"@id\":\"https:\/\/www.africascoop.net\/#organization\",\"name\":\"Actualit\u00e9s Africaines\",\"url\":\"https:\/\/www.africascoop.net\/\",\"logo\":{\"@type\":\"ImageObject\",\"inLanguage\":\"fr-FR\",\"@id\":\"https:\/\/www.africascoop.net\/#\/schema\/logo\/image\/\",\"url\":\"https:\/\/www.africascoop.net\/wp-content\/uploads\/2025\/09\/cropped-logo-2.jpg\",\"contentUrl\":\"https:\/\/www.africascoop.net\/wp-content\/uploads\/2025\/09\/cropped-logo-2.jpg\",\"width\":945,\"height\":591,\"caption\":\"Actualit\u00e9s Africaines\"},\"image\":{\"@id\":\"https:\/\/www.africascoop.net\/#\/schema\/logo\/image\/\"}},{\"@type\":\"Person\",\"@id\":\"https:\/\/www.africascoop.net\/#\/schema\/person\/2cbcc632c110d739d93a6b196c67230a\",\"name\":\"Africascoop\",\"image\":{\"@type\":\"ImageObject\",\"inLanguage\":\"fr-FR\",\"@id\":\"https:\/\/www.africascoop.net\/#\/schema\/person\/image\/\",\"url\":\"https:\/\/secure.gravatar.com\/avatar\/230d851f5173f64fe9487b948bd2daf02707ef49aea942bc1bdad649c82025b9?s=96&d=mm&r=g\",\"contentUrl\":\"https:\/\/secure.gravatar.com\/avatar\/230d851f5173f64fe9487b948bd2daf02707ef49aea942bc1bdad649c82025b9?s=96&d=mm&r=g\",\"caption\":\"Africascoop\"},\"url\":\"https:\/\/www.africascoop.net\/index.php\/author\/jul\/\"}]}<\/script>\n<!-- \/ Yoast SEO plugin. -->","yoast_head_json":{"title":"Crise en Guin\u00e9e-Bissau : le S\u00e9n\u00e9gal en premi\u00e8re ligne pour le r\u00e9tablissement de l\u2019ordre constitutionnel - Actualit\u00e9s Africaines","robots":{"index":"index","follow":"follow","max-snippet":"max-snippet:-1","max-image-preview":"max-image-preview:large","max-video-preview":"max-video-preview:-1"},"canonical":"https:\/\/www.africascoop.net\/index.php\/2025\/11\/28\/crise-en-guinee-bissau-le-senegal-en-premiere-ligne-pour-le-retablissement-de-lordre-constitutionnel\/","og_locale":"fr_FR","og_type":"article","og_title":"Crise en Guin\u00e9e-Bissau : le S\u00e9n\u00e9gal en premi\u00e8re ligne pour le r\u00e9tablissement de l\u2019ordre constitutionnel - Actualit\u00e9s Africaines","og_description":"Le gouvernement s\u00e9n\u00e9galais a annonc\u00e9, ce jeudi 27 novembre 2025, la participation active du pr\u00e9sident Bassirou Diomaye Diakhar","og_url":"https:\/\/www.africascoop.net\/index.php\/2025\/11\/28\/crise-en-guinee-bissau-le-senegal-en-premiere-ligne-pour-le-retablissement-de-lordre-constitutionnel\/","og_site_name":"Actualit\u00e9s Africaines","article_published_time":"2025-11-28T15:35:03+00:00","article_modified_time":"2025-11-28T15:35:12+00:00","og_image":[{"url":"https:\/\/www.africascoop.net\/wp-content\/uploads\/2025\/11\/SISSAKO-1024x576.jpg","type":"","width":"","height":""}],"author":"Africascoop","twitter_card":"summary_large_image","twitter_misc":{"\u00c9crit par":"Africascoop","Dur\u00e9e de lecture estim\u00e9e":"2 minutes"},"schema":{"@context":"https:\/\/schema.org","@graph":[{"@type":"Article","@id":"https:\/\/www.africascoop.net\/index.php\/2025\/11\/28\/crise-en-guinee-bissau-le-senegal-en-premiere-ligne-pour-le-retablissement-de-lordre-constitutionnel\/#article","isPartOf":{"@id":"https:\/\/www.africascoop.net\/index.php\/2025\/11\/28\/crise-en-guinee-bissau-le-senegal-en-premiere-ligne-pour-le-retablissement-de-lordre-constitutionnel\/"},"author":{"name":"Africascoop","@id":"https:\/\/www.africascoop.net\/#\/schema\/person\/2cbcc632c110d739d93a6b196c67230a"},"headline":"Crise en Guin\u00e9e-Bissau : le S\u00e9n\u00e9gal en premi\u00e8re ligne pour le r\u00e9tablissement de l\u2019ordre constitutionnel","datePublished":"2025-11-28T15:35:03+00:00","dateModified":"2025-11-28T15:35:12+00:00","mainEntityOfPage":{"@id":"https:\/\/www.africascoop.net\/index.php\/2025\/11\/28\/crise-en-guinee-bissau-le-senegal-en-premiere-ligne-pour-le-retablissement-de-lordre-constitutionnel\/"},"wordCount":419,"commentCount":0,"publisher":{"@id":"https:\/\/www.africascoop.net\/#organization"},"image":{"@id":"https:\/\/www.africascoop.net\/index.php\/2025\/11\/28\/crise-en-guinee-bissau-le-senegal-en-premiere-ligne-pour-le-retablissement-de-lordre-constitutionnel\/#primaryimage"},"thumbnailUrl":"https:\/\/www.africascoop.net\/wp-content\/uploads\/2025\/11\/SISSAKO-1024x576.jpg","articleSection":["Exclusif","Politique"],"inLanguage":"fr-FR","potentialAction":[{"@type":"CommentAction","name":"Comment","target":["https:\/\/www.africascoop.net\/index.php\/2025\/11\/28\/crise-en-guinee-bissau-le-senegal-en-premiere-ligne-pour-le-retablissement-de-lordre-constitutionnel\/#respond"]}]},{"@type":"WebPage","@id":"https:\/\/www.africascoop.net\/index.php\/2025\/11\/28\/crise-en-guinee-bissau-le-senegal-en-premiere-ligne-pour-le-retablissement-de-lordre-constitutionnel\/","url":"https:\/\/www.africascoop.net\/index.php\/2025\/11\/28\/crise-en-guinee-bissau-le-senegal-en-premiere-ligne-pour-le-retablissement-de-lordre-constitutionnel\/","name":"Crise en Guin\u00e9e-Bissau : le S\u00e9n\u00e9gal en premi\u00e8re ligne pour le r\u00e9tablissement de l\u2019ordre constitutionnel - Actualit\u00e9s Africaines","isPartOf":{"@id":"https:\/\/www.africascoop.net\/#website"},"primaryImageOfPage":{"@id":"https:\/\/www.africascoop.net\/index.php\/2025\/11\/28\/crise-en-guinee-bissau-le-senegal-en-premiere-ligne-pour-le-retablissement-de-lordre-constitutionnel\/#primaryimage"},"image":{"@id":"https:\/\/www.africascoop.net\/index.php\/2025\/11\/28\/crise-en-guinee-bissau-le-senegal-en-premiere-ligne-pour-le-retablissement-de-lordre-constitutionnel\/#primaryimage"},"thumbnailUrl":"https:\/\/www.africascoop.net\/wp-content\/uploads\/2025\/11\/SISSAKO-1024x576.jpg","datePublished":"2025-11-28T15:35:03+00:00","dateModified":"2025-11-28T15:35:12+00:00","breadcrumb":{"@id":"https:\/\/www.africascoop.net\/index.php\/2025\/11\/28\/crise-en-guinee-bissau-le-senegal-en-premiere-ligne-pour-le-retablissement-de-lordre-constitutionnel\/#breadcrumb"},"inLanguage":"fr-FR","potentialAction":[{"@type":"ReadAction","target":["https:\/\/www.africascoop.net\/index.php\/2025\/11\/28\/crise-en-guinee-bissau-le-senegal-en-premiere-ligne-pour-le-retablissement-de-lordre-constitutionnel\/"]}]},{"@type":"ImageObject","inLanguage":"fr-FR","@id":"https:\/\/www.africascoop.net\/index.php\/2025\/11\/28\/crise-en-guinee-bissau-le-senegal-en-premiere-ligne-pour-le-retablissement-de-lordre-constitutionnel\/#primaryimage","url":"https:\/\/www.africascoop.net\/wp-content\/uploads\/2025\/11\/SISSAKO.jpg","contentUrl":"https:\/\/www.africascoop.net\/wp-content\/uploads\/2025\/11\/SISSAKO.jpg","width":1366,"height":768},{"@type":"BreadcrumbList","@id":"https:\/\/www.africascoop.net\/index.php\/2025\/11\/28\/crise-en-guinee-bissau-le-senegal-en-premiere-ligne-pour-le-retablissement-de-lordre-constitutionnel\/#breadcrumb","itemListElement":[{"@type":"ListItem","position":1,"name":"Accueil","item":"https:\/\/www.africascoop.net\/"},{"@type":"ListItem","position":2,"name":"Crise en Guin\u00e9e-Bissau : le S\u00e9n\u00e9gal en premi\u00e8re ligne pour le r\u00e9tablissement de l\u2019ordre constitutionnel"}]},{"@type":"WebSite","@id":"https:\/\/www.africascoop.net\/#website","url":"https:\/\/www.africascoop.net\/","name":"Actualit\u00e9s Africaines","description":"","publisher":{"@id":"https:\/\/www.africascoop.net\/#organization"},"potentialAction":[{"@type":"SearchAction","target":{"@type":"EntryPoint","urlTemplate":"https:\/\/www.africascoop.net\/?s={search_term_string}"},"query-input":{"@type":"PropertyValueSpecification","valueRequired":true,"valueName":"search_term_string"}}],"inLanguage":"fr-FR"},{"@type":"Organization","@id":"https:\/\/www.africascoop.net\/#organization","name":"Actualit\u00e9s Africaines","url":"https:\/\/www.africascoop.net\/","logo":{"@type":"ImageObject","inLanguage":"fr-FR","@id":"https:\/\/www.africascoop.net\/#\/schema\/logo\/image\/","url":"https:\/\/www.africascoop.net\/wp-content\/uploads\/2025\/09\/cropped-logo-2.jpg","contentUrl":"https:\/\/www.africascoop.net\/wp-content\/uploads\/2025\/09\/cropped-logo-2.jpg","width":945,"height":591,"caption":"Actualit\u00e9s Africaines"},"image":{"@id":"https:\/\/www.africascoop.net\/#\/schema\/logo\/image\/"}},{"@type":"Person","@id":"https:\/\/www.africascoop.net\/#\/schema\/person\/2cbcc632c110d739d93a6b196c67230a","name":"Africascoop","image":{"@type":"ImageObject","inLanguage":"fr-FR","@id":"https:\/\/www.africascoop.net\/#\/schema\/person\/image\/","url":"https:\/\/secure.gravatar.com\/avatar\/230d851f5173f64fe9487b948bd2daf02707ef49aea942bc1bdad649c82025b9?s=96&d=mm&r=g","contentUrl":"https:\/\/secure.gravatar.com\/avatar\/230d851f5173f64fe9487b948bd2daf02707ef49aea942bc1bdad649c82025b9?s=96&d=mm&r=g","caption":"Africascoop"},"url":"https:\/\/www.africascoop.net\/index.php\/author\/jul\/"}]}},"_links":{"self":[{"href":"https:\/\/www.africascoop.net\/index.php\/wp-json\/wp\/v2\/posts\/844","targetHints":{"allow":["GET"]}}],"collection":[{"href":"https:\/\/www.africascoop.net\/index.php\/wp-json\/wp\/v2\/posts"}],"about":[{"href":"https:\/\/www.africascoop.net\/index.php\/wp-json\/wp\/v2\/types\/post"}],"author":[{"embeddable":true,"href":"https:\/\/www.africascoop.net\/index.php\/wp-json\/wp\/v2\/users\/3"}],"replies":[{"embeddable":true,"href":"https:\/\/www.africascoop.net\/index.php\/wp-json\/wp\/v2\/comments?post=844"}],"version-history":[{"count":1,"href":"https:\/\/www.africascoop.net\/index.php\/wp-json\/wp\/v2\/posts\/844\/revisions"}],"predecessor-version":[{"id":846,"href":"https:\/\/www.africascoop.net\/index.php\/wp-json\/wp\/v2\/posts\/844\/revisions\/846"}],"wp:attachment":[{"href":"https:\/\/www.africascoop.net\/index.php\/wp-json\/wp\/v2\/media?parent=844"}],"wp:term":[{"taxonomy":"category","embeddable":true,"href":"https:\/\/www.africascoop.net\/index.php\/wp-json\/wp\/v2\/categories?post=844"},{"taxonomy":"post_tag","embeddable":true,"href":"https:\/\/www.africascoop.net\/index.php\/wp-json\/wp\/v2\/tags?post=844"}],"curies":[{"name":"wp","href":"https:\/\/api.w.org\/{rel}","templated":true}]}}