{"id":850,"date":"2025-11-29T00:22:23","date_gmt":"2025-11-29T00:22:23","guid":{"rendered":"https:\/\/www.africascoop.net\/?p=850"},"modified":"2025-11-29T14:18:37","modified_gmt":"2025-11-29T14:18:37","slug":"pour-des-quartiers-plus-vivables-le-pavage-des-rues-demarre-a-bamako","status":"publish","type":"post","link":"https:\/\/www.africascoop.net\/index.php\/2025\/11\/29\/pour-des-quartiers-plus-vivables-le-pavage-des-rues-demarre-a-bamako\/","title":{"rendered":"Pour des quartiers plus vivables : le pavage des rues d\u00e9marre \u00e0 Bamako"},"content":{"rendered":"\n<figure class=\"wp-block-image size-large\"><img loading=\"lazy\" decoding=\"async\" width=\"1024\" height=\"576\" src=\"https:\/\/www.africascoop.net\/wp-content\/uploads\/2025\/11\/Pave-1024x576.jpg\" alt=\"\" class=\"wp-image-851\" srcset=\"https:\/\/www.africascoop.net\/wp-content\/uploads\/2025\/11\/Pave-1024x576.jpg 1024w, https:\/\/www.africascoop.net\/wp-content\/uploads\/2025\/11\/Pave-300x169.jpg 300w, https:\/\/www.africascoop.net\/wp-content\/uploads\/2025\/11\/Pave-768x432.jpg 768w, https:\/\/www.africascoop.net\/wp-content\/uploads\/2025\/11\/Pave.jpg 1366w\" sizes=\"auto, (max-width: 1024px) 100vw, 1024px\" \/><\/figure>\n\n\n\n<p><strong><em>Le District de Bamako a donn\u00e9, ce jeudi, le coup d\u2019envoi d\u2019un ambitieux projet de pavage destin\u00e9 \u00e0 moderniser les voies urbaines et \u00e0 am\u00e9liorer durablement le cadre de vie des populations. Port\u00e9e par le minist\u00e8re de l\u2019Urbanisme, de l\u2019Habitat, des Domaines, de l\u2019Am\u00e9nagement du territoire et de la Population, cette premi\u00e8re phase concerne cinq rues r\u00e9parties dans quatre communes : la rue 200 au quartier Mali, la rue 26 \u00e0 Garantiguibougou, la rue du Cimeti\u00e8re \u00e0 S\u00e9b\u00e9nikoro, ainsi que les rues 62 et 64 \u00e0 Bougouba.<\/em><\/strong><\/p>\n\n\n\n<p>Devant une foule nombreuse et l\u2019ensemble des autorit\u00e9s locales, le ministre Imrane Abdoulaye Tour\u00e9 a insist\u00e9 sur l\u2019importance strat\u00e9gique du projet, rappelant que la Politique nationale de la ville, adopt\u00e9e en 2014, avait plac\u00e9 l\u2019am\u00e9lioration du cadre de vie au c\u0153ur des priorit\u00e9s nationales. \u00ab Ce projet est la concr\u00e9tisation d&rsquo;une volont\u00e9 politique clairement affirm\u00e9e : am\u00e9liorer le cadre de vie dans les grandes villes \u00bb, a d\u00e9clar\u00e9 le ministre, soulignant que les plus hautes autorit\u00e9s, sous la conduite du Pr\u00e9sident de la Transition Assimi Go\u00efta, ont fait de l\u2019action, de la r\u00e9silience et de l\u2019intelligence collective un imp\u00e9ratif.<\/p>\n\n\n\n<p>Le pavage des rues, financ\u00e9 \u00e0 hauteur de 87 millions de FCFA enti\u00e8rement pris en charge par le budget national, mobilise quatre entreprises locales, une mani\u00e8re de stimuler l\u2019\u00e9conomie nationale tout en renfor\u00e7ant les comp\u00e9tences techniques du secteur. Pour le chef de la cellule de suivi de politique nationale de la ville, N\u2019Tji Abdramane Diawara, cette initiative constitue une \u00ab contribution directe \u00e0 la mise en \u0153uvre de la Politique nationale des villes \u00bb, un chantier crucial alors que Bamako fait face \u00e0 une urbanisation rapide et \u00e0 la d\u00e9gradation avanc\u00e9e de ses infrastructures.<\/p>\n\n\n\n<p>Le maire de la Commune V, Amadou Ouattara, a salu\u00e9 un projet \u00ab structurant \u00bb qui r\u00e9pond aux besoins urgents des habitants. \u00ab Le District conna\u00eet une croissance d\u00e9mographique acc\u00e9l\u00e9r\u00e9e et des d\u00e9fis majeurs en mati\u00e8re d\u2019assainissement et de mobilit\u00e9. Ces travaux repr\u00e9sentent une \u00e9tape cl\u00e9 pour moderniser nos infrastructures \u00bb, a-t-il d\u00e9clar\u00e9, avant d\u2019appeler les populations \u00e0 s\u2019approprier et pr\u00e9server les ouvrages.<\/p>\n\n\n\n<p>Pour les chefs de quartier pr\u00e9sents, notamment celui du quartier Mali, l\u2019annonce sonne comme un soulagement apr\u00e8s plusieurs ann\u00e9es de d\u00e9gradation. Les chantiers, r\u00e9alis\u00e9s en haute intensit\u00e9 de main-d\u2019\u0153uvre, devraient \u00e9galement favoriser l\u2019emploi local, un aspect salu\u00e9 par les habitants mobilis\u00e9s lors de la c\u00e9r\u00e9monie.<\/p>\n\n\n\n<p>Avec ce projet, Bamako amorce un tournant concret : celui d\u2019une capitale plus propre, plus fluide et mieux pr\u00e9par\u00e9e aux d\u00e9fis urbains des prochaines d\u00e9cennies. Le ministre Tour\u00e9 a officiellement lanc\u00e9 les travaux sous les applaudissements, promettant d\u2019autres phases pour \u00e9tendre le pavage \u00e0 l\u2019ensemble du District.<\/p>\n\n\n\n<p>Par Abdrahamane&nbsp;Baba&nbsp;Kouyat\u00e9<\/p>\n","protected":false},"excerpt":{"rendered":"<p>Le District de Bamako a donn\u00e9, ce jeudi, le coup d\u2019envoi d\u2019un ambitieux projet de pavage destin\u00e9 \u00e0<\/p>\n","protected":false},"author":3,"featured_media":0,"comment_status":"open","ping_status":"open","sticky":false,"template":"","format":"standard","meta":{"footnotes":""},"categories":[36,35],"tags":[],"class_list":["post-850","post","type-post","status-publish","format-standard","hentry","category-exclusif","category-societe"],"yoast_head":"<!-- This site is optimized with the Yoast SEO plugin v26.0 - https:\/\/yoast.com\/wordpress\/plugins\/seo\/ -->\n<title>Pour des quartiers plus vivables : le pavage des rues d\u00e9marre \u00e0 Bamako - Actualit\u00e9s Africaines<\/title>\n<meta name=\"robots\" content=\"index, follow, max-snippet:-1, max-image-preview:large, max-video-preview:-1\" \/>\n<link rel=\"canonical\" href=\"https:\/\/www.africascoop.net\/index.php\/2025\/11\/29\/pour-des-quartiers-plus-vivables-le-pavage-des-rues-demarre-a-bamako\/\" \/>\n<meta property=\"og:locale\" content=\"fr_FR\" \/>\n<meta property=\"og:type\" content=\"article\" \/>\n<meta property=\"og:title\" content=\"Pour des quartiers plus vivables : le pavage des rues d\u00e9marre \u00e0 Bamako - Actualit\u00e9s Africaines\" \/>\n<meta property=\"og:description\" content=\"Le District de Bamako a donn\u00e9, ce jeudi, le coup d\u2019envoi d\u2019un ambitieux projet de pavage destin\u00e9 \u00e0\" \/>\n<meta property=\"og:url\" content=\"https:\/\/www.africascoop.net\/index.php\/2025\/11\/29\/pour-des-quartiers-plus-vivables-le-pavage-des-rues-demarre-a-bamako\/\" \/>\n<meta property=\"og:site_name\" content=\"Actualit\u00e9s Africaines\" \/>\n<meta property=\"article:published_time\" content=\"2025-11-29T00:22:23+00:00\" \/>\n<meta property=\"article:modified_time\" content=\"2025-11-29T14:18:37+00:00\" \/>\n<meta property=\"og:image\" content=\"https:\/\/www.africascoop.net\/wp-content\/uploads\/2025\/11\/Pave-1024x576.jpg\" \/>\n<meta name=\"author\" content=\"Africascoop\" \/>\n<meta name=\"twitter:card\" content=\"summary_large_image\" \/>\n<meta name=\"twitter:label1\" content=\"\u00c9crit par\" \/>\n\t<meta name=\"twitter:data1\" content=\"Africascoop\" \/>\n\t<meta name=\"twitter:label2\" content=\"Dur\u00e9e de lecture estim\u00e9e\" \/>\n\t<meta name=\"twitter:data2\" content=\"3 minutes\" \/>\n<script type=\"application\/ld+json\" class=\"yoast-schema-graph\">{\"@context\":\"https:\/\/schema.org\",\"@graph\":[{\"@type\":\"Article\",\"@id\":\"https:\/\/www.africascoop.net\/index.php\/2025\/11\/29\/pour-des-quartiers-plus-vivables-le-pavage-des-rues-demarre-a-bamako\/#article\",\"isPartOf\":{\"@id\":\"https:\/\/www.africascoop.net\/index.php\/2025\/11\/29\/pour-des-quartiers-plus-vivables-le-pavage-des-rues-demarre-a-bamako\/\"},\"author\":{\"name\":\"Africascoop\",\"@id\":\"https:\/\/www.africascoop.net\/#\/schema\/person\/2cbcc632c110d739d93a6b196c67230a\"},\"headline\":\"Pour des quartiers plus vivables : le pavage des rues d\u00e9marre \u00e0 Bamako\",\"datePublished\":\"2025-11-29T00:22:23+00:00\",\"dateModified\":\"2025-11-29T14:18:37+00:00\",\"mainEntityOfPage\":{\"@id\":\"https:\/\/www.africascoop.net\/index.php\/2025\/11\/29\/pour-des-quartiers-plus-vivables-le-pavage-des-rues-demarre-a-bamako\/\"},\"wordCount\":501,\"commentCount\":0,\"publisher\":{\"@id\":\"https:\/\/www.africascoop.net\/#organization\"},\"image\":{\"@id\":\"https:\/\/www.africascoop.net\/index.php\/2025\/11\/29\/pour-des-quartiers-plus-vivables-le-pavage-des-rues-demarre-a-bamako\/#primaryimage\"},\"thumbnailUrl\":\"https:\/\/www.africascoop.net\/wp-content\/uploads\/2025\/11\/Pave-1024x576.jpg\",\"articleSection\":[\"Exclusif\",\"Soci\u00e9t\u00e9\"],\"inLanguage\":\"fr-FR\",\"potentialAction\":[{\"@type\":\"CommentAction\",\"name\":\"Comment\",\"target\":[\"https:\/\/www.africascoop.net\/index.php\/2025\/11\/29\/pour-des-quartiers-plus-vivables-le-pavage-des-rues-demarre-a-bamako\/#respond\"]}]},{\"@type\":\"WebPage\",\"@id\":\"https:\/\/www.africascoop.net\/index.php\/2025\/11\/29\/pour-des-quartiers-plus-vivables-le-pavage-des-rues-demarre-a-bamako\/\",\"url\":\"https:\/\/www.africascoop.net\/index.php\/2025\/11\/29\/pour-des-quartiers-plus-vivables-le-pavage-des-rues-demarre-a-bamako\/\",\"name\":\"Pour des quartiers plus vivables : le pavage des rues d\u00e9marre \u00e0 Bamako - Actualit\u00e9s Africaines\",\"isPartOf\":{\"@id\":\"https:\/\/www.africascoop.net\/#website\"},\"primaryImageOfPage\":{\"@id\":\"https:\/\/www.africascoop.net\/index.php\/2025\/11\/29\/pour-des-quartiers-plus-vivables-le-pavage-des-rues-demarre-a-bamako\/#primaryimage\"},\"image\":{\"@id\":\"https:\/\/www.africascoop.net\/index.php\/2025\/11\/29\/pour-des-quartiers-plus-vivables-le-pavage-des-rues-demarre-a-bamako\/#primaryimage\"},\"thumbnailUrl\":\"https:\/\/www.africascoop.net\/wp-content\/uploads\/2025\/11\/Pave-1024x576.jpg\",\"datePublished\":\"2025-11-29T00:22:23+00:00\",\"dateModified\":\"2025-11-29T14:18:37+00:00\",\"breadcrumb\":{\"@id\":\"https:\/\/www.africascoop.net\/index.php\/2025\/11\/29\/pour-des-quartiers-plus-vivables-le-pavage-des-rues-demarre-a-bamako\/#breadcrumb\"},\"inLanguage\":\"fr-FR\",\"potentialAction\":[{\"@type\":\"ReadAction\",\"target\":[\"https:\/\/www.africascoop.net\/index.php\/2025\/11\/29\/pour-des-quartiers-plus-vivables-le-pavage-des-rues-demarre-a-bamako\/\"]}]},{\"@type\":\"ImageObject\",\"inLanguage\":\"fr-FR\",\"@id\":\"https:\/\/www.africascoop.net\/index.php\/2025\/11\/29\/pour-des-quartiers-plus-vivables-le-pavage-des-rues-demarre-a-bamako\/#primaryimage\",\"url\":\"https:\/\/www.africascoop.net\/wp-content\/uploads\/2025\/11\/Pave.jpg\",\"contentUrl\":\"https:\/\/www.africascoop.net\/wp-content\/uploads\/2025\/11\/Pave.jpg\",\"width\":1366,\"height\":768},{\"@type\":\"BreadcrumbList\",\"@id\":\"https:\/\/www.africascoop.net\/index.php\/2025\/11\/29\/pour-des-quartiers-plus-vivables-le-pavage-des-rues-demarre-a-bamako\/#breadcrumb\",\"itemListElement\":[{\"@type\":\"ListItem\",\"position\":1,\"name\":\"Accueil\",\"item\":\"https:\/\/www.africascoop.net\/\"},{\"@type\":\"ListItem\",\"position\":2,\"name\":\"Pour des quartiers plus vivables : le pavage des rues d\u00e9marre \u00e0 Bamako\"}]},{\"@type\":\"WebSite\",\"@id\":\"https:\/\/www.africascoop.net\/#website\",\"url\":\"https:\/\/www.africascoop.net\/\",\"name\":\"Actualit\u00e9s Africaines\",\"description\":\"\",\"publisher\":{\"@id\":\"https:\/\/www.africascoop.net\/#organization\"},\"potentialAction\":[{\"@type\":\"SearchAction\",\"target\":{\"@type\":\"EntryPoint\",\"urlTemplate\":\"https:\/\/www.africascoop.net\/?s={search_term_string}\"},\"query-input\":{\"@type\":\"PropertyValueSpecification\",\"valueRequired\":true,\"valueName\":\"search_term_string\"}}],\"inLanguage\":\"fr-FR\"},{\"@type\":\"Organization\",\"@id\":\"https:\/\/www.africascoop.net\/#organization\",\"name\":\"Actualit\u00e9s Africaines\",\"url\":\"https:\/\/www.africascoop.net\/\",\"logo\":{\"@type\":\"ImageObject\",\"inLanguage\":\"fr-FR\",\"@id\":\"https:\/\/www.africascoop.net\/#\/schema\/logo\/image\/\",\"url\":\"https:\/\/www.africascoop.net\/wp-content\/uploads\/2025\/09\/cropped-logo-2.jpg\",\"contentUrl\":\"https:\/\/www.africascoop.net\/wp-content\/uploads\/2025\/09\/cropped-logo-2.jpg\",\"width\":945,\"height\":591,\"caption\":\"Actualit\u00e9s Africaines\"},\"image\":{\"@id\":\"https:\/\/www.africascoop.net\/#\/schema\/logo\/image\/\"}},{\"@type\":\"Person\",\"@id\":\"https:\/\/www.africascoop.net\/#\/schema\/person\/2cbcc632c110d739d93a6b196c67230a\",\"name\":\"Africascoop\",\"image\":{\"@type\":\"ImageObject\",\"inLanguage\":\"fr-FR\",\"@id\":\"https:\/\/www.africascoop.net\/#\/schema\/person\/image\/\",\"url\":\"https:\/\/secure.gravatar.com\/avatar\/230d851f5173f64fe9487b948bd2daf02707ef49aea942bc1bdad649c82025b9?s=96&d=mm&r=g\",\"contentUrl\":\"https:\/\/secure.gravatar.com\/avatar\/230d851f5173f64fe9487b948bd2daf02707ef49aea942bc1bdad649c82025b9?s=96&d=mm&r=g\",\"caption\":\"Africascoop\"},\"url\":\"https:\/\/www.africascoop.net\/index.php\/author\/jul\/\"}]}<\/script>\n<!-- \/ Yoast SEO plugin. -->","yoast_head_json":{"title":"Pour des quartiers plus vivables : le pavage des rues d\u00e9marre \u00e0 Bamako - Actualit\u00e9s Africaines","robots":{"index":"index","follow":"follow","max-snippet":"max-snippet:-1","max-image-preview":"max-image-preview:large","max-video-preview":"max-video-preview:-1"},"canonical":"https:\/\/www.africascoop.net\/index.php\/2025\/11\/29\/pour-des-quartiers-plus-vivables-le-pavage-des-rues-demarre-a-bamako\/","og_locale":"fr_FR","og_type":"article","og_title":"Pour des quartiers plus vivables : le pavage des rues d\u00e9marre \u00e0 Bamako - Actualit\u00e9s Africaines","og_description":"Le District de Bamako a donn\u00e9, ce jeudi, le coup d\u2019envoi d\u2019un ambitieux projet de pavage destin\u00e9 \u00e0","og_url":"https:\/\/www.africascoop.net\/index.php\/2025\/11\/29\/pour-des-quartiers-plus-vivables-le-pavage-des-rues-demarre-a-bamako\/","og_site_name":"Actualit\u00e9s Africaines","article_published_time":"2025-11-29T00:22:23+00:00","article_modified_time":"2025-11-29T14:18:37+00:00","og_image":[{"url":"https:\/\/www.africascoop.net\/wp-content\/uploads\/2025\/11\/Pave-1024x576.jpg","type":"","width":"","height":""}],"author":"Africascoop","twitter_card":"summary_large_image","twitter_misc":{"\u00c9crit par":"Africascoop","Dur\u00e9e de lecture estim\u00e9e":"3 minutes"},"schema":{"@context":"https:\/\/schema.org","@graph":[{"@type":"Article","@id":"https:\/\/www.africascoop.net\/index.php\/2025\/11\/29\/pour-des-quartiers-plus-vivables-le-pavage-des-rues-demarre-a-bamako\/#article","isPartOf":{"@id":"https:\/\/www.africascoop.net\/index.php\/2025\/11\/29\/pour-des-quartiers-plus-vivables-le-pavage-des-rues-demarre-a-bamako\/"},"author":{"name":"Africascoop","@id":"https:\/\/www.africascoop.net\/#\/schema\/person\/2cbcc632c110d739d93a6b196c67230a"},"headline":"Pour des quartiers plus vivables : le pavage des rues d\u00e9marre \u00e0 Bamako","datePublished":"2025-11-29T00:22:23+00:00","dateModified":"2025-11-29T14:18:37+00:00","mainEntityOfPage":{"@id":"https:\/\/www.africascoop.net\/index.php\/2025\/11\/29\/pour-des-quartiers-plus-vivables-le-pavage-des-rues-demarre-a-bamako\/"},"wordCount":501,"commentCount":0,"publisher":{"@id":"https:\/\/www.africascoop.net\/#organization"},"image":{"@id":"https:\/\/www.africascoop.net\/index.php\/2025\/11\/29\/pour-des-quartiers-plus-vivables-le-pavage-des-rues-demarre-a-bamako\/#primaryimage"},"thumbnailUrl":"https:\/\/www.africascoop.net\/wp-content\/uploads\/2025\/11\/Pave-1024x576.jpg","articleSection":["Exclusif","Soci\u00e9t\u00e9"],"inLanguage":"fr-FR","potentialAction":[{"@type":"CommentAction","name":"Comment","target":["https:\/\/www.africascoop.net\/index.php\/2025\/11\/29\/pour-des-quartiers-plus-vivables-le-pavage-des-rues-demarre-a-bamako\/#respond"]}]},{"@type":"WebPage","@id":"https:\/\/www.africascoop.net\/index.php\/2025\/11\/29\/pour-des-quartiers-plus-vivables-le-pavage-des-rues-demarre-a-bamako\/","url":"https:\/\/www.africascoop.net\/index.php\/2025\/11\/29\/pour-des-quartiers-plus-vivables-le-pavage-des-rues-demarre-a-bamako\/","name":"Pour des quartiers plus vivables : le pavage des rues d\u00e9marre \u00e0 Bamako - Actualit\u00e9s Africaines","isPartOf":{"@id":"https:\/\/www.africascoop.net\/#website"},"primaryImageOfPage":{"@id":"https:\/\/www.africascoop.net\/index.php\/2025\/11\/29\/pour-des-quartiers-plus-vivables-le-pavage-des-rues-demarre-a-bamako\/#primaryimage"},"image":{"@id":"https:\/\/www.africascoop.net\/index.php\/2025\/11\/29\/pour-des-quartiers-plus-vivables-le-pavage-des-rues-demarre-a-bamako\/#primaryimage"},"thumbnailUrl":"https:\/\/www.africascoop.net\/wp-content\/uploads\/2025\/11\/Pave-1024x576.jpg","datePublished":"2025-11-29T00:22:23+00:00","dateModified":"2025-11-29T14:18:37+00:00","breadcrumb":{"@id":"https:\/\/www.africascoop.net\/index.php\/2025\/11\/29\/pour-des-quartiers-plus-vivables-le-pavage-des-rues-demarre-a-bamako\/#breadcrumb"},"inLanguage":"fr-FR","potentialAction":[{"@type":"ReadAction","target":["https:\/\/www.africascoop.net\/index.php\/2025\/11\/29\/pour-des-quartiers-plus-vivables-le-pavage-des-rues-demarre-a-bamako\/"]}]},{"@type":"ImageObject","inLanguage":"fr-FR","@id":"https:\/\/www.africascoop.net\/index.php\/2025\/11\/29\/pour-des-quartiers-plus-vivables-le-pavage-des-rues-demarre-a-bamako\/#primaryimage","url":"https:\/\/www.africascoop.net\/wp-content\/uploads\/2025\/11\/Pave.jpg","contentUrl":"https:\/\/www.africascoop.net\/wp-content\/uploads\/2025\/11\/Pave.jpg","width":1366,"height":768},{"@type":"BreadcrumbList","@id":"https:\/\/www.africascoop.net\/index.php\/2025\/11\/29\/pour-des-quartiers-plus-vivables-le-pavage-des-rues-demarre-a-bamako\/#breadcrumb","itemListElement":[{"@type":"ListItem","position":1,"name":"Accueil","item":"https:\/\/www.africascoop.net\/"},{"@type":"ListItem","position":2,"name":"Pour des quartiers plus vivables : le pavage des rues d\u00e9marre \u00e0 Bamako"}]},{"@type":"WebSite","@id":"https:\/\/www.africascoop.net\/#website","url":"https:\/\/www.africascoop.net\/","name":"Actualit\u00e9s Africaines","description":"","publisher":{"@id":"https:\/\/www.africascoop.net\/#organization"},"potentialAction":[{"@type":"SearchAction","target":{"@type":"EntryPoint","urlTemplate":"https:\/\/www.africascoop.net\/?s={search_term_string}"},"query-input":{"@type":"PropertyValueSpecification","valueRequired":true,"valueName":"search_term_string"}}],"inLanguage":"fr-FR"},{"@type":"Organization","@id":"https:\/\/www.africascoop.net\/#organization","name":"Actualit\u00e9s Africaines","url":"https:\/\/www.africascoop.net\/","logo":{"@type":"ImageObject","inLanguage":"fr-FR","@id":"https:\/\/www.africascoop.net\/#\/schema\/logo\/image\/","url":"https:\/\/www.africascoop.net\/wp-content\/uploads\/2025\/09\/cropped-logo-2.jpg","contentUrl":"https:\/\/www.africascoop.net\/wp-content\/uploads\/2025\/09\/cropped-logo-2.jpg","width":945,"height":591,"caption":"Actualit\u00e9s Africaines"},"image":{"@id":"https:\/\/www.africascoop.net\/#\/schema\/logo\/image\/"}},{"@type":"Person","@id":"https:\/\/www.africascoop.net\/#\/schema\/person\/2cbcc632c110d739d93a6b196c67230a","name":"Africascoop","image":{"@type":"ImageObject","inLanguage":"fr-FR","@id":"https:\/\/www.africascoop.net\/#\/schema\/person\/image\/","url":"https:\/\/secure.gravatar.com\/avatar\/230d851f5173f64fe9487b948bd2daf02707ef49aea942bc1bdad649c82025b9?s=96&d=mm&r=g","contentUrl":"https:\/\/secure.gravatar.com\/avatar\/230d851f5173f64fe9487b948bd2daf02707ef49aea942bc1bdad649c82025b9?s=96&d=mm&r=g","caption":"Africascoop"},"url":"https:\/\/www.africascoop.net\/index.php\/author\/jul\/"}]}},"_links":{"self":[{"href":"https:\/\/www.africascoop.net\/index.php\/wp-json\/wp\/v2\/posts\/850","targetHints":{"allow":["GET"]}}],"collection":[{"href":"https:\/\/www.africascoop.net\/index.php\/wp-json\/wp\/v2\/posts"}],"about":[{"href":"https:\/\/www.africascoop.net\/index.php\/wp-json\/wp\/v2\/types\/post"}],"author":[{"embeddable":true,"href":"https:\/\/www.africascoop.net\/index.php\/wp-json\/wp\/v2\/users\/3"}],"replies":[{"embeddable":true,"href":"https:\/\/www.africascoop.net\/index.php\/wp-json\/wp\/v2\/comments?post=850"}],"version-history":[{"count":2,"href":"https:\/\/www.africascoop.net\/index.php\/wp-json\/wp\/v2\/posts\/850\/revisions"}],"predecessor-version":[{"id":855,"href":"https:\/\/www.africascoop.net\/index.php\/wp-json\/wp\/v2\/posts\/850\/revisions\/855"}],"wp:attachment":[{"href":"https:\/\/www.africascoop.net\/index.php\/wp-json\/wp\/v2\/media?parent=850"}],"wp:term":[{"taxonomy":"category","embeddable":true,"href":"https:\/\/www.africascoop.net\/index.php\/wp-json\/wp\/v2\/categories?post=850"},{"taxonomy":"post_tag","embeddable":true,"href":"https:\/\/www.africascoop.net\/index.php\/wp-json\/wp\/v2\/tags?post=850"}],"curies":[{"name":"wp","href":"https:\/\/api.w.org\/{rel}","templated":true}]}}