{"id":887,"date":"2025-12-04T16:13:56","date_gmt":"2025-12-04T16:13:56","guid":{"rendered":"https:\/\/www.africascoop.net\/?p=887"},"modified":"2025-12-04T16:14:26","modified_gmt":"2025-12-04T16:14:26","slug":"gestion-publique-oumou-sall-seck-mise-sur-la-formation-pour-moderniser-lonef","status":"publish","type":"post","link":"https:\/\/www.africascoop.net\/index.php\/2025\/12\/04\/gestion-publique-oumou-sall-seck-mise-sur-la-formation-pour-moderniser-lonef\/","title":{"rendered":"Gestion publique : Oumou Sall Seck mise sur la formation pour moderniser l\u2019ONEF"},"content":{"rendered":"\n<figure class=\"wp-block-image size-large\"><img loading=\"lazy\" decoding=\"async\" width=\"1024\" height=\"576\" src=\"https:\/\/www.africascoop.net\/wp-content\/uploads\/2025\/12\/sall-1024x576.jpg\" alt=\"\" class=\"wp-image-888\" srcset=\"https:\/\/www.africascoop.net\/wp-content\/uploads\/2025\/12\/sall-1024x576.jpg 1024w, https:\/\/www.africascoop.net\/wp-content\/uploads\/2025\/12\/sall-300x169.jpg 300w, https:\/\/www.africascoop.net\/wp-content\/uploads\/2025\/12\/sall-768x432.jpg 768w, https:\/\/www.africascoop.net\/wp-content\/uploads\/2025\/12\/sall.jpg 1366w\" sizes=\"auto, (max-width: 1024px) 100vw, 1024px\" \/><\/figure>\n\n\n\n<p><strong><em>La ministre de l\u2019Entreprenariat national, de l\u2019Emploi et de la Formation professionnelle, Oumou Sall Seck, a pr\u00e9sid\u00e9, le jeudi 4 d\u00e9cembre 2025, dans les locaux de l\u2019Observatoire National de l\u2019Emploi et de la Formation (ONEF), l\u2019ouverture d\u2019une session de formation destin\u00e9e aux administrateurs de la structure. Cette initiative s\u2019inscrit dans la vision nationale \u00ab Mali kura n\u00e8 taasira ka b\u00e8n san 2063 ma \u00bb, que son d\u00e9partement s\u2019emploie \u00e0 concr\u00e9tiser.<\/em><\/strong><\/p>\n\n\n\n<p>Sous l\u2019impulsion de la ministre, la session porte sur \u00ab l\u2019analyse et l\u2019interpr\u00e9tation des \u00e9tats financiers d\u2019un compte de gestion \u00bb, un th\u00e8me essentiel pour renforcer la ma\u00eetrise des outils financiers dans les structures publiques. Il s\u2019agit d\u2019un volet crucial de la gouvernance administrative, comme le rappelle le D\u00e9cret n\u00b02018-0009\/P-RM relatif \u00e0 la comptabilit\u00e9 publique, r\u00e9f\u00e9rence cit\u00e9e par la ministre.<\/p>\n\n\n\n<p>Dans son allocution d\u2019ouverture, Oumou Sall Seck a mis en avant l\u2019importance strat\u00e9gique de cette formation pour les administrateurs.<\/p>\n\n\n\n<p>\u00ab C\u2019est pour moi un r\u00e9el plaisir de pr\u00e9sider cette formation d\u00e9di\u00e9e aux administrateurs de l\u2019ONEF. Elle vous permettra de renforcer vos capacit\u00e9s dans l\u2019analyse financi\u00e8re et d\u2019am\u00e9liorer l\u2019appr\u00e9ciation des performances de la structure \u00bb, a-t-elle affirm\u00e9. Elle a \u00e9galement insist\u00e9 sur le fait que cette session concr\u00e9tise une recommandation majeure du Conseil d\u2019administration de l\u2019ONEF, r\u00e9pondant ainsi \u00e0 un besoin r\u00e9el exprim\u00e9 par les administrateurs eux-m\u00eames.<\/p>\n\n\n\n<p>La formation est structur\u00e9e autour de trois modules : la pr\u00e9sentation des \u00e9tats financiers (r\u00e9sultats, bilan, flux de tr\u00e9sorerie), la compr\u00e9hension de leurs composantes essentielles ainsi que leur utilit\u00e9 dans la communication financi\u00e8re, et enfin l\u2019initiation aux m\u00e9thodes d\u2019analyse financi\u00e8re accompagn\u00e9e d\u2019exercices pratiques. Ces diff\u00e9rents modules visent \u00e0 doter les administrateurs des comp\u00e9tences n\u00e9cessaires pour assurer un pilotage plus rigoureux et \u00e9clair\u00e9 de l\u2019ONEF.<\/p>\n\n\n\n<p>Au nom des participants, le Directeur national du Travail, Ben Abdoulahi Tahar, a salu\u00e9 l\u2019initiative du d\u00e9partement et remerci\u00e9 la ministre pour cette opportunit\u00e9. Selon lui, \u00ab les modules propos\u00e9s r\u00e9pondent aux besoins exprim\u00e9s par les administrateurs, qui souhaitent \u00eatre mieux outill\u00e9s pour servir efficacement le pays \u00bb.<\/p>\n\n\n\n<p>\u00c0 travers cette d\u00e9marche, Oumou Sall Seck r\u00e9affirme son engagement \u00e0 moderniser la gestion des structures rattach\u00e9es \u00e0 son d\u00e9partement. Elle entend instaurer une culture de rigueur, de transparence et de performance au sein du service public, \u00e9tape indispensable pour atteindre les ambitions du Mali \u00e0 l\u2019horizon 2063.<\/p>\n\n\n\n<p>Par Abdrahamane&nbsp;Baba&nbsp;Kouyat\u00e9<\/p>\n","protected":false},"excerpt":{"rendered":"<p>La ministre de l\u2019Entreprenariat national, de l\u2019Emploi et de la Formation professionnelle, Oumou Sall Seck, a pr\u00e9sid\u00e9, le<\/p>\n","protected":false},"author":3,"featured_media":0,"comment_status":"open","ping_status":"open","sticky":false,"template":"","format":"standard","meta":{"footnotes":""},"categories":[35],"tags":[],"class_list":["post-887","post","type-post","status-publish","format-standard","hentry","category-societe"],"yoast_head":"<!-- This site is optimized with the Yoast SEO plugin v26.0 - https:\/\/yoast.com\/wordpress\/plugins\/seo\/ -->\n<title>Gestion publique : Oumou Sall Seck mise sur la formation pour moderniser l\u2019ONEF - Actualit\u00e9s Africaines<\/title>\n<meta name=\"robots\" content=\"index, follow, max-snippet:-1, max-image-preview:large, max-video-preview:-1\" \/>\n<link rel=\"canonical\" href=\"https:\/\/www.africascoop.net\/index.php\/2025\/12\/04\/gestion-publique-oumou-sall-seck-mise-sur-la-formation-pour-moderniser-lonef\/\" \/>\n<meta property=\"og:locale\" content=\"fr_FR\" \/>\n<meta property=\"og:type\" content=\"article\" \/>\n<meta property=\"og:title\" content=\"Gestion publique : Oumou Sall Seck mise sur la formation pour moderniser l\u2019ONEF - Actualit\u00e9s Africaines\" \/>\n<meta property=\"og:description\" content=\"La ministre de l\u2019Entreprenariat national, de l\u2019Emploi et de la Formation professionnelle, Oumou Sall Seck, a pr\u00e9sid\u00e9, le\" \/>\n<meta property=\"og:url\" content=\"https:\/\/www.africascoop.net\/index.php\/2025\/12\/04\/gestion-publique-oumou-sall-seck-mise-sur-la-formation-pour-moderniser-lonef\/\" \/>\n<meta property=\"og:site_name\" content=\"Actualit\u00e9s Africaines\" \/>\n<meta property=\"article:published_time\" content=\"2025-12-04T16:13:56+00:00\" \/>\n<meta property=\"article:modified_time\" content=\"2025-12-04T16:14:26+00:00\" \/>\n<meta property=\"og:image\" content=\"https:\/\/www.africascoop.net\/wp-content\/uploads\/2025\/12\/sall-1024x576.jpg\" \/>\n<meta name=\"author\" content=\"Africascoop\" \/>\n<meta name=\"twitter:card\" content=\"summary_large_image\" \/>\n<meta name=\"twitter:label1\" content=\"\u00c9crit par\" \/>\n\t<meta name=\"twitter:data1\" content=\"Africascoop\" \/>\n\t<meta name=\"twitter:label2\" content=\"Dur\u00e9e de lecture estim\u00e9e\" \/>\n\t<meta name=\"twitter:data2\" content=\"3 minutes\" \/>\n<script type=\"application\/ld+json\" class=\"yoast-schema-graph\">{\"@context\":\"https:\/\/schema.org\",\"@graph\":[{\"@type\":\"Article\",\"@id\":\"https:\/\/www.africascoop.net\/index.php\/2025\/12\/04\/gestion-publique-oumou-sall-seck-mise-sur-la-formation-pour-moderniser-lonef\/#article\",\"isPartOf\":{\"@id\":\"https:\/\/www.africascoop.net\/index.php\/2025\/12\/04\/gestion-publique-oumou-sall-seck-mise-sur-la-formation-pour-moderniser-lonef\/\"},\"author\":{\"name\":\"Africascoop\",\"@id\":\"https:\/\/www.africascoop.net\/#\/schema\/person\/2cbcc632c110d739d93a6b196c67230a\"},\"headline\":\"Gestion publique : Oumou Sall Seck mise sur la formation pour moderniser l\u2019ONEF\",\"datePublished\":\"2025-12-04T16:13:56+00:00\",\"dateModified\":\"2025-12-04T16:14:26+00:00\",\"mainEntityOfPage\":{\"@id\":\"https:\/\/www.africascoop.net\/index.php\/2025\/12\/04\/gestion-publique-oumou-sall-seck-mise-sur-la-formation-pour-moderniser-lonef\/\"},\"wordCount\":452,\"commentCount\":0,\"publisher\":{\"@id\":\"https:\/\/www.africascoop.net\/#organization\"},\"image\":{\"@id\":\"https:\/\/www.africascoop.net\/index.php\/2025\/12\/04\/gestion-publique-oumou-sall-seck-mise-sur-la-formation-pour-moderniser-lonef\/#primaryimage\"},\"thumbnailUrl\":\"https:\/\/www.africascoop.net\/wp-content\/uploads\/2025\/12\/sall-1024x576.jpg\",\"articleSection\":[\"Soci\u00e9t\u00e9\"],\"inLanguage\":\"fr-FR\",\"potentialAction\":[{\"@type\":\"CommentAction\",\"name\":\"Comment\",\"target\":[\"https:\/\/www.africascoop.net\/index.php\/2025\/12\/04\/gestion-publique-oumou-sall-seck-mise-sur-la-formation-pour-moderniser-lonef\/#respond\"]}]},{\"@type\":\"WebPage\",\"@id\":\"https:\/\/www.africascoop.net\/index.php\/2025\/12\/04\/gestion-publique-oumou-sall-seck-mise-sur-la-formation-pour-moderniser-lonef\/\",\"url\":\"https:\/\/www.africascoop.net\/index.php\/2025\/12\/04\/gestion-publique-oumou-sall-seck-mise-sur-la-formation-pour-moderniser-lonef\/\",\"name\":\"Gestion publique : Oumou Sall Seck mise sur la formation pour moderniser l\u2019ONEF - Actualit\u00e9s Africaines\",\"isPartOf\":{\"@id\":\"https:\/\/www.africascoop.net\/#website\"},\"primaryImageOfPage\":{\"@id\":\"https:\/\/www.africascoop.net\/index.php\/2025\/12\/04\/gestion-publique-oumou-sall-seck-mise-sur-la-formation-pour-moderniser-lonef\/#primaryimage\"},\"image\":{\"@id\":\"https:\/\/www.africascoop.net\/index.php\/2025\/12\/04\/gestion-publique-oumou-sall-seck-mise-sur-la-formation-pour-moderniser-lonef\/#primaryimage\"},\"thumbnailUrl\":\"https:\/\/www.africascoop.net\/wp-content\/uploads\/2025\/12\/sall-1024x576.jpg\",\"datePublished\":\"2025-12-04T16:13:56+00:00\",\"dateModified\":\"2025-12-04T16:14:26+00:00\",\"breadcrumb\":{\"@id\":\"https:\/\/www.africascoop.net\/index.php\/2025\/12\/04\/gestion-publique-oumou-sall-seck-mise-sur-la-formation-pour-moderniser-lonef\/#breadcrumb\"},\"inLanguage\":\"fr-FR\",\"potentialAction\":[{\"@type\":\"ReadAction\",\"target\":[\"https:\/\/www.africascoop.net\/index.php\/2025\/12\/04\/gestion-publique-oumou-sall-seck-mise-sur-la-formation-pour-moderniser-lonef\/\"]}]},{\"@type\":\"ImageObject\",\"inLanguage\":\"fr-FR\",\"@id\":\"https:\/\/www.africascoop.net\/index.php\/2025\/12\/04\/gestion-publique-oumou-sall-seck-mise-sur-la-formation-pour-moderniser-lonef\/#primaryimage\",\"url\":\"https:\/\/www.africascoop.net\/wp-content\/uploads\/2025\/12\/sall.jpg\",\"contentUrl\":\"https:\/\/www.africascoop.net\/wp-content\/uploads\/2025\/12\/sall.jpg\",\"width\":1366,\"height\":768},{\"@type\":\"BreadcrumbList\",\"@id\":\"https:\/\/www.africascoop.net\/index.php\/2025\/12\/04\/gestion-publique-oumou-sall-seck-mise-sur-la-formation-pour-moderniser-lonef\/#breadcrumb\",\"itemListElement\":[{\"@type\":\"ListItem\",\"position\":1,\"name\":\"Accueil\",\"item\":\"https:\/\/www.africascoop.net\/\"},{\"@type\":\"ListItem\",\"position\":2,\"name\":\"Gestion publique : Oumou Sall Seck mise sur la formation pour moderniser l\u2019ONEF\"}]},{\"@type\":\"WebSite\",\"@id\":\"https:\/\/www.africascoop.net\/#website\",\"url\":\"https:\/\/www.africascoop.net\/\",\"name\":\"Actualit\u00e9s Africaines\",\"description\":\"\",\"publisher\":{\"@id\":\"https:\/\/www.africascoop.net\/#organization\"},\"potentialAction\":[{\"@type\":\"SearchAction\",\"target\":{\"@type\":\"EntryPoint\",\"urlTemplate\":\"https:\/\/www.africascoop.net\/?s={search_term_string}\"},\"query-input\":{\"@type\":\"PropertyValueSpecification\",\"valueRequired\":true,\"valueName\":\"search_term_string\"}}],\"inLanguage\":\"fr-FR\"},{\"@type\":\"Organization\",\"@id\":\"https:\/\/www.africascoop.net\/#organization\",\"name\":\"Actualit\u00e9s Africaines\",\"url\":\"https:\/\/www.africascoop.net\/\",\"logo\":{\"@type\":\"ImageObject\",\"inLanguage\":\"fr-FR\",\"@id\":\"https:\/\/www.africascoop.net\/#\/schema\/logo\/image\/\",\"url\":\"https:\/\/www.africascoop.net\/wp-content\/uploads\/2025\/09\/cropped-logo-2.jpg\",\"contentUrl\":\"https:\/\/www.africascoop.net\/wp-content\/uploads\/2025\/09\/cropped-logo-2.jpg\",\"width\":945,\"height\":591,\"caption\":\"Actualit\u00e9s Africaines\"},\"image\":{\"@id\":\"https:\/\/www.africascoop.net\/#\/schema\/logo\/image\/\"}},{\"@type\":\"Person\",\"@id\":\"https:\/\/www.africascoop.net\/#\/schema\/person\/2cbcc632c110d739d93a6b196c67230a\",\"name\":\"Africascoop\",\"image\":{\"@type\":\"ImageObject\",\"inLanguage\":\"fr-FR\",\"@id\":\"https:\/\/www.africascoop.net\/#\/schema\/person\/image\/\",\"url\":\"https:\/\/secure.gravatar.com\/avatar\/230d851f5173f64fe9487b948bd2daf02707ef49aea942bc1bdad649c82025b9?s=96&d=mm&r=g\",\"contentUrl\":\"https:\/\/secure.gravatar.com\/avatar\/230d851f5173f64fe9487b948bd2daf02707ef49aea942bc1bdad649c82025b9?s=96&d=mm&r=g\",\"caption\":\"Africascoop\"},\"url\":\"https:\/\/www.africascoop.net\/index.php\/author\/jul\/\"}]}<\/script>\n<!-- \/ Yoast SEO plugin. -->","yoast_head_json":{"title":"Gestion publique : Oumou Sall Seck mise sur la formation pour moderniser l\u2019ONEF - Actualit\u00e9s Africaines","robots":{"index":"index","follow":"follow","max-snippet":"max-snippet:-1","max-image-preview":"max-image-preview:large","max-video-preview":"max-video-preview:-1"},"canonical":"https:\/\/www.africascoop.net\/index.php\/2025\/12\/04\/gestion-publique-oumou-sall-seck-mise-sur-la-formation-pour-moderniser-lonef\/","og_locale":"fr_FR","og_type":"article","og_title":"Gestion publique : Oumou Sall Seck mise sur la formation pour moderniser l\u2019ONEF - Actualit\u00e9s Africaines","og_description":"La ministre de l\u2019Entreprenariat national, de l\u2019Emploi et de la Formation professionnelle, Oumou Sall Seck, a pr\u00e9sid\u00e9, le","og_url":"https:\/\/www.africascoop.net\/index.php\/2025\/12\/04\/gestion-publique-oumou-sall-seck-mise-sur-la-formation-pour-moderniser-lonef\/","og_site_name":"Actualit\u00e9s Africaines","article_published_time":"2025-12-04T16:13:56+00:00","article_modified_time":"2025-12-04T16:14:26+00:00","og_image":[{"url":"https:\/\/www.africascoop.net\/wp-content\/uploads\/2025\/12\/sall-1024x576.jpg","type":"","width":"","height":""}],"author":"Africascoop","twitter_card":"summary_large_image","twitter_misc":{"\u00c9crit par":"Africascoop","Dur\u00e9e de lecture estim\u00e9e":"3 minutes"},"schema":{"@context":"https:\/\/schema.org","@graph":[{"@type":"Article","@id":"https:\/\/www.africascoop.net\/index.php\/2025\/12\/04\/gestion-publique-oumou-sall-seck-mise-sur-la-formation-pour-moderniser-lonef\/#article","isPartOf":{"@id":"https:\/\/www.africascoop.net\/index.php\/2025\/12\/04\/gestion-publique-oumou-sall-seck-mise-sur-la-formation-pour-moderniser-lonef\/"},"author":{"name":"Africascoop","@id":"https:\/\/www.africascoop.net\/#\/schema\/person\/2cbcc632c110d739d93a6b196c67230a"},"headline":"Gestion publique : Oumou Sall Seck mise sur la formation pour moderniser l\u2019ONEF","datePublished":"2025-12-04T16:13:56+00:00","dateModified":"2025-12-04T16:14:26+00:00","mainEntityOfPage":{"@id":"https:\/\/www.africascoop.net\/index.php\/2025\/12\/04\/gestion-publique-oumou-sall-seck-mise-sur-la-formation-pour-moderniser-lonef\/"},"wordCount":452,"commentCount":0,"publisher":{"@id":"https:\/\/www.africascoop.net\/#organization"},"image":{"@id":"https:\/\/www.africascoop.net\/index.php\/2025\/12\/04\/gestion-publique-oumou-sall-seck-mise-sur-la-formation-pour-moderniser-lonef\/#primaryimage"},"thumbnailUrl":"https:\/\/www.africascoop.net\/wp-content\/uploads\/2025\/12\/sall-1024x576.jpg","articleSection":["Soci\u00e9t\u00e9"],"inLanguage":"fr-FR","potentialAction":[{"@type":"CommentAction","name":"Comment","target":["https:\/\/www.africascoop.net\/index.php\/2025\/12\/04\/gestion-publique-oumou-sall-seck-mise-sur-la-formation-pour-moderniser-lonef\/#respond"]}]},{"@type":"WebPage","@id":"https:\/\/www.africascoop.net\/index.php\/2025\/12\/04\/gestion-publique-oumou-sall-seck-mise-sur-la-formation-pour-moderniser-lonef\/","url":"https:\/\/www.africascoop.net\/index.php\/2025\/12\/04\/gestion-publique-oumou-sall-seck-mise-sur-la-formation-pour-moderniser-lonef\/","name":"Gestion publique : Oumou Sall Seck mise sur la formation pour moderniser l\u2019ONEF - Actualit\u00e9s Africaines","isPartOf":{"@id":"https:\/\/www.africascoop.net\/#website"},"primaryImageOfPage":{"@id":"https:\/\/www.africascoop.net\/index.php\/2025\/12\/04\/gestion-publique-oumou-sall-seck-mise-sur-la-formation-pour-moderniser-lonef\/#primaryimage"},"image":{"@id":"https:\/\/www.africascoop.net\/index.php\/2025\/12\/04\/gestion-publique-oumou-sall-seck-mise-sur-la-formation-pour-moderniser-lonef\/#primaryimage"},"thumbnailUrl":"https:\/\/www.africascoop.net\/wp-content\/uploads\/2025\/12\/sall-1024x576.jpg","datePublished":"2025-12-04T16:13:56+00:00","dateModified":"2025-12-04T16:14:26+00:00","breadcrumb":{"@id":"https:\/\/www.africascoop.net\/index.php\/2025\/12\/04\/gestion-publique-oumou-sall-seck-mise-sur-la-formation-pour-moderniser-lonef\/#breadcrumb"},"inLanguage":"fr-FR","potentialAction":[{"@type":"ReadAction","target":["https:\/\/www.africascoop.net\/index.php\/2025\/12\/04\/gestion-publique-oumou-sall-seck-mise-sur-la-formation-pour-moderniser-lonef\/"]}]},{"@type":"ImageObject","inLanguage":"fr-FR","@id":"https:\/\/www.africascoop.net\/index.php\/2025\/12\/04\/gestion-publique-oumou-sall-seck-mise-sur-la-formation-pour-moderniser-lonef\/#primaryimage","url":"https:\/\/www.africascoop.net\/wp-content\/uploads\/2025\/12\/sall.jpg","contentUrl":"https:\/\/www.africascoop.net\/wp-content\/uploads\/2025\/12\/sall.jpg","width":1366,"height":768},{"@type":"BreadcrumbList","@id":"https:\/\/www.africascoop.net\/index.php\/2025\/12\/04\/gestion-publique-oumou-sall-seck-mise-sur-la-formation-pour-moderniser-lonef\/#breadcrumb","itemListElement":[{"@type":"ListItem","position":1,"name":"Accueil","item":"https:\/\/www.africascoop.net\/"},{"@type":"ListItem","position":2,"name":"Gestion publique : Oumou Sall Seck mise sur la formation pour moderniser l\u2019ONEF"}]},{"@type":"WebSite","@id":"https:\/\/www.africascoop.net\/#website","url":"https:\/\/www.africascoop.net\/","name":"Actualit\u00e9s Africaines","description":"","publisher":{"@id":"https:\/\/www.africascoop.net\/#organization"},"potentialAction":[{"@type":"SearchAction","target":{"@type":"EntryPoint","urlTemplate":"https:\/\/www.africascoop.net\/?s={search_term_string}"},"query-input":{"@type":"PropertyValueSpecification","valueRequired":true,"valueName":"search_term_string"}}],"inLanguage":"fr-FR"},{"@type":"Organization","@id":"https:\/\/www.africascoop.net\/#organization","name":"Actualit\u00e9s Africaines","url":"https:\/\/www.africascoop.net\/","logo":{"@type":"ImageObject","inLanguage":"fr-FR","@id":"https:\/\/www.africascoop.net\/#\/schema\/logo\/image\/","url":"https:\/\/www.africascoop.net\/wp-content\/uploads\/2025\/09\/cropped-logo-2.jpg","contentUrl":"https:\/\/www.africascoop.net\/wp-content\/uploads\/2025\/09\/cropped-logo-2.jpg","width":945,"height":591,"caption":"Actualit\u00e9s Africaines"},"image":{"@id":"https:\/\/www.africascoop.net\/#\/schema\/logo\/image\/"}},{"@type":"Person","@id":"https:\/\/www.africascoop.net\/#\/schema\/person\/2cbcc632c110d739d93a6b196c67230a","name":"Africascoop","image":{"@type":"ImageObject","inLanguage":"fr-FR","@id":"https:\/\/www.africascoop.net\/#\/schema\/person\/image\/","url":"https:\/\/secure.gravatar.com\/avatar\/230d851f5173f64fe9487b948bd2daf02707ef49aea942bc1bdad649c82025b9?s=96&d=mm&r=g","contentUrl":"https:\/\/secure.gravatar.com\/avatar\/230d851f5173f64fe9487b948bd2daf02707ef49aea942bc1bdad649c82025b9?s=96&d=mm&r=g","caption":"Africascoop"},"url":"https:\/\/www.africascoop.net\/index.php\/author\/jul\/"}]}},"_links":{"self":[{"href":"https:\/\/www.africascoop.net\/index.php\/wp-json\/wp\/v2\/posts\/887","targetHints":{"allow":["GET"]}}],"collection":[{"href":"https:\/\/www.africascoop.net\/index.php\/wp-json\/wp\/v2\/posts"}],"about":[{"href":"https:\/\/www.africascoop.net\/index.php\/wp-json\/wp\/v2\/types\/post"}],"author":[{"embeddable":true,"href":"https:\/\/www.africascoop.net\/index.php\/wp-json\/wp\/v2\/users\/3"}],"replies":[{"embeddable":true,"href":"https:\/\/www.africascoop.net\/index.php\/wp-json\/wp\/v2\/comments?post=887"}],"version-history":[{"count":1,"href":"https:\/\/www.africascoop.net\/index.php\/wp-json\/wp\/v2\/posts\/887\/revisions"}],"predecessor-version":[{"id":889,"href":"https:\/\/www.africascoop.net\/index.php\/wp-json\/wp\/v2\/posts\/887\/revisions\/889"}],"wp:attachment":[{"href":"https:\/\/www.africascoop.net\/index.php\/wp-json\/wp\/v2\/media?parent=887"}],"wp:term":[{"taxonomy":"category","embeddable":true,"href":"https:\/\/www.africascoop.net\/index.php\/wp-json\/wp\/v2\/categories?post=887"},{"taxonomy":"post_tag","embeddable":true,"href":"https:\/\/www.africascoop.net\/index.php\/wp-json\/wp\/v2\/tags?post=887"}],"curies":[{"name":"wp","href":"https:\/\/api.w.org\/{rel}","templated":true}]}}