{"id":890,"date":"2025-12-04T16:21:46","date_gmt":"2025-12-04T16:21:46","guid":{"rendered":"https:\/\/www.africascoop.net\/?p=890"},"modified":"2025-12-04T16:22:17","modified_gmt":"2025-12-04T16:22:17","slug":"le-burkina-faso-retablit-la-peine-de-mort-et-durcit-les-sanctions-penales","status":"publish","type":"post","link":"https:\/\/www.africascoop.net\/index.php\/2025\/12\/04\/le-burkina-faso-retablit-la-peine-de-mort-et-durcit-les-sanctions-penales\/","title":{"rendered":"Le Burkina Faso r\u00e9tablit la peine de mort et durcit les sanctions p\u00e9nales"},"content":{"rendered":"\n<figure class=\"wp-block-image size-large\"><img loading=\"lazy\" decoding=\"async\" width=\"1024\" height=\"576\" src=\"https:\/\/www.africascoop.net\/wp-content\/uploads\/2025\/12\/bF-1024x576.jpg\" alt=\"\" class=\"wp-image-891\" srcset=\"https:\/\/www.africascoop.net\/wp-content\/uploads\/2025\/12\/bF-1024x576.jpg 1024w, https:\/\/www.africascoop.net\/wp-content\/uploads\/2025\/12\/bF-300x169.jpg 300w, https:\/\/www.africascoop.net\/wp-content\/uploads\/2025\/12\/bF-768x432.jpg 768w, https:\/\/www.africascoop.net\/wp-content\/uploads\/2025\/12\/bF.jpg 1366w\" sizes=\"auto, (max-width: 1024px) 100vw, 1024px\" \/><\/figure>\n\n\n\n<p>Le gouvernement burkinab\u00e8 a annonc\u00e9, lors du Conseil des ministres du jeudi 4 d\u00e9cembre 2025, une s\u00e9rie de d\u00e9cisions majeures touchant la justice, l\u2019\u00e9conomie et la s\u00e9curit\u00e9 nationale. Parmi les mesures les plus marquantes figure le r\u00e9tablissement de la peine de mort pour plusieurs infractions graves, un tournant important dans la politique p\u00e9nale du pays.<\/p>\n\n\n\n<p>Selon le rapport pr\u00e9sent\u00e9 par le ministre de l\u2019\u00c9conomie et des Finances, Dr Aboubacar Nacanabo, le Burkina Faso affiche une performance budg\u00e9taire exceptionnelle au 30 septembre 2025, avec 2 500 milliards de F CFA mobilis\u00e9s, soit 105 % des pr\u00e9visions. Cette hausse de 388 milliards par rapport \u00e0 l\u2019ann\u00e9e pr\u00e9c\u00e9dente a permis de r\u00e9gler une grande partie de la dette int\u00e9rieure. Le gouvernement table sur un taux de croissance de 6,28 % d\u2019ici fin d\u00e9cembre.<\/p>\n\n\n\n<p>Sur le plan judiciaire, le ministre de la Justice et des Droits humains, Edasso Rodrigue Bayala, a pr\u00e9sent\u00e9 un nouveau projet de Code p\u00e9nal marqu\u00e9 par plusieurs innovations. La plus notable est le retour de la peine capitale, d\u00e9sormais applicable pour des crimes tels que la haute trahison, le terrorisme ou l\u2019espionnage. Le texte introduit aussi le travail d\u2019int\u00e9r\u00eat g\u00e9n\u00e9ral comme peine principale et durcit la l\u00e9gislation concernant les pratiques et la promotion de l\u2019homosexualit\u00e9.<\/p>\n\n\n\n<p>Les amendes ont \u00e9galement \u00e9t\u00e9 rehauss\u00e9es, passant des minimas de 250 000 F CFA \u00e0 500 000 F CFA, notamment pour les infractions routi\u00e8res, responsables de 90 \u00e0 95 % des accidents mortels selon le ministre Bayala. Pour les crimes \u00e9conomique d\u00e9tournements, corruption les peines peuvent aller jusqu&rsquo;\u00e0 la prison \u00e0 vie lorsque le montant en jeu d\u00e9passe 5 milliards de F CFA.<\/p>\n\n\n\n<p>Par&nbsp;la&nbsp;r\u00e9daction<\/p>\n","protected":false},"excerpt":{"rendered":"<p>Le gouvernement burkinab\u00e8 a annonc\u00e9, lors du Conseil des ministres du jeudi 4 d\u00e9cembre 2025, une s\u00e9rie de<\/p>\n","protected":false},"author":3,"featured_media":0,"comment_status":"open","ping_status":"open","sticky":false,"template":"","format":"standard","meta":{"footnotes":""},"categories":[36,42],"tags":[],"class_list":["post-890","post","type-post","status-publish","format-standard","hentry","category-exclusif","category-justice"],"yoast_head":"<!-- This site is optimized with the Yoast SEO plugin v26.0 - https:\/\/yoast.com\/wordpress\/plugins\/seo\/ -->\n<title>Le Burkina Faso r\u00e9tablit la peine de mort et durcit les sanctions p\u00e9nales - Actualit\u00e9s Africaines<\/title>\n<meta name=\"robots\" content=\"index, follow, max-snippet:-1, max-image-preview:large, max-video-preview:-1\" \/>\n<link rel=\"canonical\" href=\"https:\/\/www.africascoop.net\/index.php\/2025\/12\/04\/le-burkina-faso-retablit-la-peine-de-mort-et-durcit-les-sanctions-penales\/\" \/>\n<meta property=\"og:locale\" content=\"fr_FR\" \/>\n<meta property=\"og:type\" content=\"article\" \/>\n<meta property=\"og:title\" content=\"Le Burkina Faso r\u00e9tablit la peine de mort et durcit les sanctions p\u00e9nales - Actualit\u00e9s Africaines\" \/>\n<meta property=\"og:description\" content=\"Le gouvernement burkinab\u00e8 a annonc\u00e9, lors du Conseil des ministres du jeudi 4 d\u00e9cembre 2025, une s\u00e9rie de\" \/>\n<meta property=\"og:url\" content=\"https:\/\/www.africascoop.net\/index.php\/2025\/12\/04\/le-burkina-faso-retablit-la-peine-de-mort-et-durcit-les-sanctions-penales\/\" \/>\n<meta property=\"og:site_name\" content=\"Actualit\u00e9s Africaines\" \/>\n<meta property=\"article:published_time\" content=\"2025-12-04T16:21:46+00:00\" \/>\n<meta property=\"article:modified_time\" content=\"2025-12-04T16:22:17+00:00\" \/>\n<meta property=\"og:image\" content=\"https:\/\/www.africascoop.net\/wp-content\/uploads\/2025\/12\/bF-1024x576.jpg\" \/>\n<meta name=\"author\" content=\"Africascoop\" \/>\n<meta name=\"twitter:card\" content=\"summary_large_image\" \/>\n<meta name=\"twitter:label1\" content=\"\u00c9crit par\" \/>\n\t<meta name=\"twitter:data1\" content=\"Africascoop\" \/>\n\t<meta name=\"twitter:label2\" content=\"Dur\u00e9e de lecture estim\u00e9e\" \/>\n\t<meta name=\"twitter:data2\" content=\"2 minutes\" \/>\n<script type=\"application\/ld+json\" class=\"yoast-schema-graph\">{\"@context\":\"https:\/\/schema.org\",\"@graph\":[{\"@type\":\"Article\",\"@id\":\"https:\/\/www.africascoop.net\/index.php\/2025\/12\/04\/le-burkina-faso-retablit-la-peine-de-mort-et-durcit-les-sanctions-penales\/#article\",\"isPartOf\":{\"@id\":\"https:\/\/www.africascoop.net\/index.php\/2025\/12\/04\/le-burkina-faso-retablit-la-peine-de-mort-et-durcit-les-sanctions-penales\/\"},\"author\":{\"name\":\"Africascoop\",\"@id\":\"https:\/\/www.africascoop.net\/#\/schema\/person\/2cbcc632c110d739d93a6b196c67230a\"},\"headline\":\"Le Burkina Faso r\u00e9tablit la peine de mort et durcit les sanctions p\u00e9nales\",\"datePublished\":\"2025-12-04T16:21:46+00:00\",\"dateModified\":\"2025-12-04T16:22:17+00:00\",\"mainEntityOfPage\":{\"@id\":\"https:\/\/www.africascoop.net\/index.php\/2025\/12\/04\/le-burkina-faso-retablit-la-peine-de-mort-et-durcit-les-sanctions-penales\/\"},\"wordCount\":301,\"commentCount\":0,\"publisher\":{\"@id\":\"https:\/\/www.africascoop.net\/#organization\"},\"image\":{\"@id\":\"https:\/\/www.africascoop.net\/index.php\/2025\/12\/04\/le-burkina-faso-retablit-la-peine-de-mort-et-durcit-les-sanctions-penales\/#primaryimage\"},\"thumbnailUrl\":\"https:\/\/www.africascoop.net\/wp-content\/uploads\/2025\/12\/bF-1024x576.jpg\",\"articleSection\":[\"Exclusif\",\"Justice\"],\"inLanguage\":\"fr-FR\",\"potentialAction\":[{\"@type\":\"CommentAction\",\"name\":\"Comment\",\"target\":[\"https:\/\/www.africascoop.net\/index.php\/2025\/12\/04\/le-burkina-faso-retablit-la-peine-de-mort-et-durcit-les-sanctions-penales\/#respond\"]}]},{\"@type\":\"WebPage\",\"@id\":\"https:\/\/www.africascoop.net\/index.php\/2025\/12\/04\/le-burkina-faso-retablit-la-peine-de-mort-et-durcit-les-sanctions-penales\/\",\"url\":\"https:\/\/www.africascoop.net\/index.php\/2025\/12\/04\/le-burkina-faso-retablit-la-peine-de-mort-et-durcit-les-sanctions-penales\/\",\"name\":\"Le Burkina Faso r\u00e9tablit la peine de mort et durcit les sanctions p\u00e9nales - Actualit\u00e9s Africaines\",\"isPartOf\":{\"@id\":\"https:\/\/www.africascoop.net\/#website\"},\"primaryImageOfPage\":{\"@id\":\"https:\/\/www.africascoop.net\/index.php\/2025\/12\/04\/le-burkina-faso-retablit-la-peine-de-mort-et-durcit-les-sanctions-penales\/#primaryimage\"},\"image\":{\"@id\":\"https:\/\/www.africascoop.net\/index.php\/2025\/12\/04\/le-burkina-faso-retablit-la-peine-de-mort-et-durcit-les-sanctions-penales\/#primaryimage\"},\"thumbnailUrl\":\"https:\/\/www.africascoop.net\/wp-content\/uploads\/2025\/12\/bF-1024x576.jpg\",\"datePublished\":\"2025-12-04T16:21:46+00:00\",\"dateModified\":\"2025-12-04T16:22:17+00:00\",\"breadcrumb\":{\"@id\":\"https:\/\/www.africascoop.net\/index.php\/2025\/12\/04\/le-burkina-faso-retablit-la-peine-de-mort-et-durcit-les-sanctions-penales\/#breadcrumb\"},\"inLanguage\":\"fr-FR\",\"potentialAction\":[{\"@type\":\"ReadAction\",\"target\":[\"https:\/\/www.africascoop.net\/index.php\/2025\/12\/04\/le-burkina-faso-retablit-la-peine-de-mort-et-durcit-les-sanctions-penales\/\"]}]},{\"@type\":\"ImageObject\",\"inLanguage\":\"fr-FR\",\"@id\":\"https:\/\/www.africascoop.net\/index.php\/2025\/12\/04\/le-burkina-faso-retablit-la-peine-de-mort-et-durcit-les-sanctions-penales\/#primaryimage\",\"url\":\"https:\/\/www.africascoop.net\/wp-content\/uploads\/2025\/12\/bF.jpg\",\"contentUrl\":\"https:\/\/www.africascoop.net\/wp-content\/uploads\/2025\/12\/bF.jpg\",\"width\":1366,\"height\":768},{\"@type\":\"BreadcrumbList\",\"@id\":\"https:\/\/www.africascoop.net\/index.php\/2025\/12\/04\/le-burkina-faso-retablit-la-peine-de-mort-et-durcit-les-sanctions-penales\/#breadcrumb\",\"itemListElement\":[{\"@type\":\"ListItem\",\"position\":1,\"name\":\"Accueil\",\"item\":\"https:\/\/www.africascoop.net\/\"},{\"@type\":\"ListItem\",\"position\":2,\"name\":\"Le Burkina Faso r\u00e9tablit la peine de mort et durcit les sanctions p\u00e9nales\"}]},{\"@type\":\"WebSite\",\"@id\":\"https:\/\/www.africascoop.net\/#website\",\"url\":\"https:\/\/www.africascoop.net\/\",\"name\":\"Actualit\u00e9s Africaines\",\"description\":\"\",\"publisher\":{\"@id\":\"https:\/\/www.africascoop.net\/#organization\"},\"potentialAction\":[{\"@type\":\"SearchAction\",\"target\":{\"@type\":\"EntryPoint\",\"urlTemplate\":\"https:\/\/www.africascoop.net\/?s={search_term_string}\"},\"query-input\":{\"@type\":\"PropertyValueSpecification\",\"valueRequired\":true,\"valueName\":\"search_term_string\"}}],\"inLanguage\":\"fr-FR\"},{\"@type\":\"Organization\",\"@id\":\"https:\/\/www.africascoop.net\/#organization\",\"name\":\"Actualit\u00e9s Africaines\",\"url\":\"https:\/\/www.africascoop.net\/\",\"logo\":{\"@type\":\"ImageObject\",\"inLanguage\":\"fr-FR\",\"@id\":\"https:\/\/www.africascoop.net\/#\/schema\/logo\/image\/\",\"url\":\"https:\/\/www.africascoop.net\/wp-content\/uploads\/2025\/09\/cropped-logo-2.jpg\",\"contentUrl\":\"https:\/\/www.africascoop.net\/wp-content\/uploads\/2025\/09\/cropped-logo-2.jpg\",\"width\":945,\"height\":591,\"caption\":\"Actualit\u00e9s Africaines\"},\"image\":{\"@id\":\"https:\/\/www.africascoop.net\/#\/schema\/logo\/image\/\"}},{\"@type\":\"Person\",\"@id\":\"https:\/\/www.africascoop.net\/#\/schema\/person\/2cbcc632c110d739d93a6b196c67230a\",\"name\":\"Africascoop\",\"image\":{\"@type\":\"ImageObject\",\"inLanguage\":\"fr-FR\",\"@id\":\"https:\/\/www.africascoop.net\/#\/schema\/person\/image\/\",\"url\":\"https:\/\/secure.gravatar.com\/avatar\/230d851f5173f64fe9487b948bd2daf02707ef49aea942bc1bdad649c82025b9?s=96&d=mm&r=g\",\"contentUrl\":\"https:\/\/secure.gravatar.com\/avatar\/230d851f5173f64fe9487b948bd2daf02707ef49aea942bc1bdad649c82025b9?s=96&d=mm&r=g\",\"caption\":\"Africascoop\"},\"url\":\"https:\/\/www.africascoop.net\/index.php\/author\/jul\/\"}]}<\/script>\n<!-- \/ Yoast SEO plugin. -->","yoast_head_json":{"title":"Le Burkina Faso r\u00e9tablit la peine de mort et durcit les sanctions p\u00e9nales - Actualit\u00e9s Africaines","robots":{"index":"index","follow":"follow","max-snippet":"max-snippet:-1","max-image-preview":"max-image-preview:large","max-video-preview":"max-video-preview:-1"},"canonical":"https:\/\/www.africascoop.net\/index.php\/2025\/12\/04\/le-burkina-faso-retablit-la-peine-de-mort-et-durcit-les-sanctions-penales\/","og_locale":"fr_FR","og_type":"article","og_title":"Le Burkina Faso r\u00e9tablit la peine de mort et durcit les sanctions p\u00e9nales - Actualit\u00e9s Africaines","og_description":"Le gouvernement burkinab\u00e8 a annonc\u00e9, lors du Conseil des ministres du jeudi 4 d\u00e9cembre 2025, une s\u00e9rie de","og_url":"https:\/\/www.africascoop.net\/index.php\/2025\/12\/04\/le-burkina-faso-retablit-la-peine-de-mort-et-durcit-les-sanctions-penales\/","og_site_name":"Actualit\u00e9s Africaines","article_published_time":"2025-12-04T16:21:46+00:00","article_modified_time":"2025-12-04T16:22:17+00:00","og_image":[{"url":"https:\/\/www.africascoop.net\/wp-content\/uploads\/2025\/12\/bF-1024x576.jpg","type":"","width":"","height":""}],"author":"Africascoop","twitter_card":"summary_large_image","twitter_misc":{"\u00c9crit par":"Africascoop","Dur\u00e9e de lecture estim\u00e9e":"2 minutes"},"schema":{"@context":"https:\/\/schema.org","@graph":[{"@type":"Article","@id":"https:\/\/www.africascoop.net\/index.php\/2025\/12\/04\/le-burkina-faso-retablit-la-peine-de-mort-et-durcit-les-sanctions-penales\/#article","isPartOf":{"@id":"https:\/\/www.africascoop.net\/index.php\/2025\/12\/04\/le-burkina-faso-retablit-la-peine-de-mort-et-durcit-les-sanctions-penales\/"},"author":{"name":"Africascoop","@id":"https:\/\/www.africascoop.net\/#\/schema\/person\/2cbcc632c110d739d93a6b196c67230a"},"headline":"Le Burkina Faso r\u00e9tablit la peine de mort et durcit les sanctions p\u00e9nales","datePublished":"2025-12-04T16:21:46+00:00","dateModified":"2025-12-04T16:22:17+00:00","mainEntityOfPage":{"@id":"https:\/\/www.africascoop.net\/index.php\/2025\/12\/04\/le-burkina-faso-retablit-la-peine-de-mort-et-durcit-les-sanctions-penales\/"},"wordCount":301,"commentCount":0,"publisher":{"@id":"https:\/\/www.africascoop.net\/#organization"},"image":{"@id":"https:\/\/www.africascoop.net\/index.php\/2025\/12\/04\/le-burkina-faso-retablit-la-peine-de-mort-et-durcit-les-sanctions-penales\/#primaryimage"},"thumbnailUrl":"https:\/\/www.africascoop.net\/wp-content\/uploads\/2025\/12\/bF-1024x576.jpg","articleSection":["Exclusif","Justice"],"inLanguage":"fr-FR","potentialAction":[{"@type":"CommentAction","name":"Comment","target":["https:\/\/www.africascoop.net\/index.php\/2025\/12\/04\/le-burkina-faso-retablit-la-peine-de-mort-et-durcit-les-sanctions-penales\/#respond"]}]},{"@type":"WebPage","@id":"https:\/\/www.africascoop.net\/index.php\/2025\/12\/04\/le-burkina-faso-retablit-la-peine-de-mort-et-durcit-les-sanctions-penales\/","url":"https:\/\/www.africascoop.net\/index.php\/2025\/12\/04\/le-burkina-faso-retablit-la-peine-de-mort-et-durcit-les-sanctions-penales\/","name":"Le Burkina Faso r\u00e9tablit la peine de mort et durcit les sanctions p\u00e9nales - Actualit\u00e9s Africaines","isPartOf":{"@id":"https:\/\/www.africascoop.net\/#website"},"primaryImageOfPage":{"@id":"https:\/\/www.africascoop.net\/index.php\/2025\/12\/04\/le-burkina-faso-retablit-la-peine-de-mort-et-durcit-les-sanctions-penales\/#primaryimage"},"image":{"@id":"https:\/\/www.africascoop.net\/index.php\/2025\/12\/04\/le-burkina-faso-retablit-la-peine-de-mort-et-durcit-les-sanctions-penales\/#primaryimage"},"thumbnailUrl":"https:\/\/www.africascoop.net\/wp-content\/uploads\/2025\/12\/bF-1024x576.jpg","datePublished":"2025-12-04T16:21:46+00:00","dateModified":"2025-12-04T16:22:17+00:00","breadcrumb":{"@id":"https:\/\/www.africascoop.net\/index.php\/2025\/12\/04\/le-burkina-faso-retablit-la-peine-de-mort-et-durcit-les-sanctions-penales\/#breadcrumb"},"inLanguage":"fr-FR","potentialAction":[{"@type":"ReadAction","target":["https:\/\/www.africascoop.net\/index.php\/2025\/12\/04\/le-burkina-faso-retablit-la-peine-de-mort-et-durcit-les-sanctions-penales\/"]}]},{"@type":"ImageObject","inLanguage":"fr-FR","@id":"https:\/\/www.africascoop.net\/index.php\/2025\/12\/04\/le-burkina-faso-retablit-la-peine-de-mort-et-durcit-les-sanctions-penales\/#primaryimage","url":"https:\/\/www.africascoop.net\/wp-content\/uploads\/2025\/12\/bF.jpg","contentUrl":"https:\/\/www.africascoop.net\/wp-content\/uploads\/2025\/12\/bF.jpg","width":1366,"height":768},{"@type":"BreadcrumbList","@id":"https:\/\/www.africascoop.net\/index.php\/2025\/12\/04\/le-burkina-faso-retablit-la-peine-de-mort-et-durcit-les-sanctions-penales\/#breadcrumb","itemListElement":[{"@type":"ListItem","position":1,"name":"Accueil","item":"https:\/\/www.africascoop.net\/"},{"@type":"ListItem","position":2,"name":"Le Burkina Faso r\u00e9tablit la peine de mort et durcit les sanctions p\u00e9nales"}]},{"@type":"WebSite","@id":"https:\/\/www.africascoop.net\/#website","url":"https:\/\/www.africascoop.net\/","name":"Actualit\u00e9s Africaines","description":"","publisher":{"@id":"https:\/\/www.africascoop.net\/#organization"},"potentialAction":[{"@type":"SearchAction","target":{"@type":"EntryPoint","urlTemplate":"https:\/\/www.africascoop.net\/?s={search_term_string}"},"query-input":{"@type":"PropertyValueSpecification","valueRequired":true,"valueName":"search_term_string"}}],"inLanguage":"fr-FR"},{"@type":"Organization","@id":"https:\/\/www.africascoop.net\/#organization","name":"Actualit\u00e9s Africaines","url":"https:\/\/www.africascoop.net\/","logo":{"@type":"ImageObject","inLanguage":"fr-FR","@id":"https:\/\/www.africascoop.net\/#\/schema\/logo\/image\/","url":"https:\/\/www.africascoop.net\/wp-content\/uploads\/2025\/09\/cropped-logo-2.jpg","contentUrl":"https:\/\/www.africascoop.net\/wp-content\/uploads\/2025\/09\/cropped-logo-2.jpg","width":945,"height":591,"caption":"Actualit\u00e9s Africaines"},"image":{"@id":"https:\/\/www.africascoop.net\/#\/schema\/logo\/image\/"}},{"@type":"Person","@id":"https:\/\/www.africascoop.net\/#\/schema\/person\/2cbcc632c110d739d93a6b196c67230a","name":"Africascoop","image":{"@type":"ImageObject","inLanguage":"fr-FR","@id":"https:\/\/www.africascoop.net\/#\/schema\/person\/image\/","url":"https:\/\/secure.gravatar.com\/avatar\/230d851f5173f64fe9487b948bd2daf02707ef49aea942bc1bdad649c82025b9?s=96&d=mm&r=g","contentUrl":"https:\/\/secure.gravatar.com\/avatar\/230d851f5173f64fe9487b948bd2daf02707ef49aea942bc1bdad649c82025b9?s=96&d=mm&r=g","caption":"Africascoop"},"url":"https:\/\/www.africascoop.net\/index.php\/author\/jul\/"}]}},"_links":{"self":[{"href":"https:\/\/www.africascoop.net\/index.php\/wp-json\/wp\/v2\/posts\/890","targetHints":{"allow":["GET"]}}],"collection":[{"href":"https:\/\/www.africascoop.net\/index.php\/wp-json\/wp\/v2\/posts"}],"about":[{"href":"https:\/\/www.africascoop.net\/index.php\/wp-json\/wp\/v2\/types\/post"}],"author":[{"embeddable":true,"href":"https:\/\/www.africascoop.net\/index.php\/wp-json\/wp\/v2\/users\/3"}],"replies":[{"embeddable":true,"href":"https:\/\/www.africascoop.net\/index.php\/wp-json\/wp\/v2\/comments?post=890"}],"version-history":[{"count":1,"href":"https:\/\/www.africascoop.net\/index.php\/wp-json\/wp\/v2\/posts\/890\/revisions"}],"predecessor-version":[{"id":892,"href":"https:\/\/www.africascoop.net\/index.php\/wp-json\/wp\/v2\/posts\/890\/revisions\/892"}],"wp:attachment":[{"href":"https:\/\/www.africascoop.net\/index.php\/wp-json\/wp\/v2\/media?parent=890"}],"wp:term":[{"taxonomy":"category","embeddable":true,"href":"https:\/\/www.africascoop.net\/index.php\/wp-json\/wp\/v2\/categories?post=890"},{"taxonomy":"post_tag","embeddable":true,"href":"https:\/\/www.africascoop.net\/index.php\/wp-json\/wp\/v2\/tags?post=890"}],"curies":[{"name":"wp","href":"https:\/\/api.w.org\/{rel}","templated":true}]}}