{"id":893,"date":"2025-12-04T20:36:15","date_gmt":"2025-12-04T20:36:15","guid":{"rendered":"https:\/\/www.africascoop.net\/?p=893"},"modified":"2025-12-04T20:36:19","modified_gmt":"2025-12-04T20:36:19","slug":"18e-journee-scientifique-du-synappo-du-mali-les-pharmaciens-prives-appellent-a-solidarite-et-regulation-renforcee","status":"publish","type":"post","link":"https:\/\/www.africascoop.net\/index.php\/2025\/12\/04\/18e-journee-scientifique-du-synappo-du-mali-les-pharmaciens-prives-appellent-a-solidarite-et-regulation-renforcee\/","title":{"rendered":"18e Journ\u00e9e Scientifique du SYNAPPO du Mali\u00a0: Les pharmaciens priv\u00e9s appellent \u00e0 solidarit\u00e9 et r\u00e9gulation renforc\u00e9e"},"content":{"rendered":"\n<figure class=\"wp-block-image size-large\"><img loading=\"lazy\" decoding=\"async\" width=\"1024\" height=\"576\" src=\"https:\/\/www.africascoop.net\/wp-content\/uploads\/2025\/12\/pharmacie-1024x576.jpg\" alt=\"\" class=\"wp-image-894\" srcset=\"https:\/\/www.africascoop.net\/wp-content\/uploads\/2025\/12\/pharmacie-1024x576.jpg 1024w, https:\/\/www.africascoop.net\/wp-content\/uploads\/2025\/12\/pharmacie-300x169.jpg 300w, https:\/\/www.africascoop.net\/wp-content\/uploads\/2025\/12\/pharmacie-768x432.jpg 768w, https:\/\/www.africascoop.net\/wp-content\/uploads\/2025\/12\/pharmacie.jpg 1366w\" sizes=\"auto, (max-width: 1024px) 100vw, 1024px\" \/><\/figure>\n\n\n\n<p><strong><em>Le Syndicat national des pharmaciens du secteur priv\u00e9 (SYNAPPO) a tenu, le 29 novembre 2025, la 18\u1d49 \u00e9dition de sa Journ\u00e9e Scientifique, plac\u00e9e cette ann\u00e9e sous le signe du renforcement de la solidarit\u00e9 professionnelle et de la r\u00e9gulation dans un secteur pharmaceutique en pleine mutation. C&rsquo;est au cours de cette rencontre que les pharmaciens du secteur priv\u00e9 ont plaid\u00e9 pour plus de solidarit\u00e9 et une meilleure r\u00e9gulation<\/em><\/strong><\/p>\n\n\n\n<p>Pr\u00e9sid\u00e9e par la ministre de la Sant\u00e9 et du d\u00e9veloppement social, le M\u00e9decin Colonel-major Assa Badiallo Tour\u00e9, la rencontre a rassembl\u00e9 de nombreux pharmaciens d\u2019officine, acteurs institutionnels et partenaires techniques autour des enjeux cruciaux qui impactent le quotidien des professionnels. Deux th\u00e9matiques majeures ont domin\u00e9 les travaux. La premi\u00e8re a port\u00e9 sur la cr\u00e9ation d\u2019une mutuelle d\u00e9di\u00e9e aux pharmaciens du secteur priv\u00e9, un dispositif qui devrait permettre de mieux prot\u00e9ger ces acteurs face aux risques sociaux et sanitaires li\u00e9s \u00e0 leur m\u00e9tier.<\/p>\n\n\n\n<p>La seconde s\u2019est int\u00e9ress\u00e9e aux difficult\u00e9s r\u00e9currentes li\u00e9es aux rejets de feuilles de soins dans le cadre de l\u2019Assurance maladie obligatoire (AMO), un probl\u00e8me qui affecte la rentabilit\u00e9 des officines. Les participants ont plaid\u00e9 pour un dialogue renforc\u00e9 avec la CANAM et les Organismes de Gestion D\u00e9l\u00e9gu\u00e9e (OGD) afin d\u2019identifier des solutions concert\u00e9es.<\/p>\n\n\n\n<p>Un hommage aux pharmaciens d\u2019officine<\/p>\n\n\n\n<p>Dans son intervention, la ministre Assa Badiallo Tour\u00e9 a salu\u00e9 la contribution essentielle des pharmaciens d\u2019officine \u00e0 la continuit\u00e9 des soins.<\/p>\n\n\n\n<p>\u00ab Je voudrais rendre un hommage appuy\u00e9 aux pharmaciens d&rsquo;officine, dont l&rsquo;engagement, la rigueur professionnelle et la disponibilit\u00e9 dans la fourniture des m\u00e9dicaments contribuent de mani\u00e8re d\u00e9terminante \u00e0 la r\u00e9ussite de l&rsquo;AMO \u00bb, a-t-elle d\u00e9clar\u00e9, soulignant leur sens du devoir malgr\u00e9 les contraintes, notamment les retards conjoncturels de paiement.<\/p>\n\n\n\n<p>Elle a \u00e9galement r\u00e9affirm\u00e9 la volont\u00e9 du d\u00e9partement de renforcer les m\u00e9canismes de financement et de r\u00e9gulation du secteur : \u00ab Soyez assur\u00e9s que mon D\u00e9partement reste pleinement engag\u00e9 \u00e0 consolider un partenariat fond\u00e9 sur la confiance, la transparence et le respect des engagements mutuels \u00bb.<\/p>\n\n\n\n<p>Reconnaissance et engagement renouvel\u00e9<\/p>\n\n\n\n<p>La journ\u00e9e s\u2019est achev\u00e9e par la remise d\u2019attestations honorifiques \u00e0 plusieurs personnalit\u00e9s ayant \u0153uvr\u00e9 pour l\u2019am\u00e9lioration de la disponibilit\u00e9 des m\u00e9dicaments et le d\u00e9veloppement du secteur pharmaceutique.<\/p>\n\n\n\n<p>\u00c0 travers cette 18\u1d49 Journ\u00e9e Scientifique, le SYNAPPO r\u00e9affirme son r\u00f4le moteur dans la r\u00e9flexion sur l\u2019avenir de la profession et appelle \u00e0 une collaboration renforc\u00e9e avec les autorit\u00e9s pour relever les d\u00e9fis du moment.<\/p>\n\n\n\n<p>La&nbsp;r\u00e9daction<\/p>\n","protected":false},"excerpt":{"rendered":"<p>Le Syndicat national des pharmaciens du secteur priv\u00e9 (SYNAPPO) a tenu, le 29 novembre 2025, la 18\u1d49 \u00e9dition<\/p>\n","protected":false},"author":3,"featured_media":0,"comment_status":"open","ping_status":"open","sticky":false,"template":"","format":"standard","meta":{"footnotes":""},"categories":[36,10],"tags":[],"class_list":["post-893","post","type-post","status-publish","format-standard","hentry","category-exclusif","category-sante"],"yoast_head":"<!-- This site is optimized with the Yoast SEO plugin v26.0 - https:\/\/yoast.com\/wordpress\/plugins\/seo\/ -->\n<title>18e Journ\u00e9e Scientifique du SYNAPPO du Mali\u00a0: Les pharmaciens priv\u00e9s appellent \u00e0 solidarit\u00e9 et r\u00e9gulation renforc\u00e9e - Actualit\u00e9s Africaines<\/title>\n<meta name=\"robots\" content=\"index, follow, max-snippet:-1, max-image-preview:large, max-video-preview:-1\" \/>\n<link rel=\"canonical\" href=\"https:\/\/www.africascoop.net\/index.php\/2025\/12\/04\/18e-journee-scientifique-du-synappo-du-mali-les-pharmaciens-prives-appellent-a-solidarite-et-regulation-renforcee\/\" \/>\n<meta property=\"og:locale\" content=\"fr_FR\" \/>\n<meta property=\"og:type\" content=\"article\" \/>\n<meta property=\"og:title\" content=\"18e Journ\u00e9e Scientifique du SYNAPPO du Mali\u00a0: Les pharmaciens priv\u00e9s appellent \u00e0 solidarit\u00e9 et r\u00e9gulation renforc\u00e9e - Actualit\u00e9s Africaines\" \/>\n<meta property=\"og:description\" content=\"Le Syndicat national des pharmaciens du secteur priv\u00e9 (SYNAPPO) a tenu, le 29 novembre 2025, la 18\u1d49 \u00e9dition\" \/>\n<meta property=\"og:url\" content=\"https:\/\/www.africascoop.net\/index.php\/2025\/12\/04\/18e-journee-scientifique-du-synappo-du-mali-les-pharmaciens-prives-appellent-a-solidarite-et-regulation-renforcee\/\" \/>\n<meta property=\"og:site_name\" content=\"Actualit\u00e9s Africaines\" \/>\n<meta property=\"article:published_time\" content=\"2025-12-04T20:36:15+00:00\" \/>\n<meta property=\"article:modified_time\" content=\"2025-12-04T20:36:19+00:00\" \/>\n<meta property=\"og:image\" content=\"https:\/\/www.africascoop.net\/wp-content\/uploads\/2025\/12\/pharmacie-1024x576.jpg\" \/>\n<meta name=\"author\" content=\"Africascoop\" \/>\n<meta name=\"twitter:card\" content=\"summary_large_image\" \/>\n<meta name=\"twitter:label1\" content=\"\u00c9crit par\" \/>\n\t<meta name=\"twitter:data1\" content=\"Africascoop\" \/>\n\t<meta name=\"twitter:label2\" content=\"Dur\u00e9e de lecture estim\u00e9e\" \/>\n\t<meta name=\"twitter:data2\" content=\"3 minutes\" \/>\n<script type=\"application\/ld+json\" class=\"yoast-schema-graph\">{\"@context\":\"https:\/\/schema.org\",\"@graph\":[{\"@type\":\"Article\",\"@id\":\"https:\/\/www.africascoop.net\/index.php\/2025\/12\/04\/18e-journee-scientifique-du-synappo-du-mali-les-pharmaciens-prives-appellent-a-solidarite-et-regulation-renforcee\/#article\",\"isPartOf\":{\"@id\":\"https:\/\/www.africascoop.net\/index.php\/2025\/12\/04\/18e-journee-scientifique-du-synappo-du-mali-les-pharmaciens-prives-appellent-a-solidarite-et-regulation-renforcee\/\"},\"author\":{\"name\":\"Africascoop\",\"@id\":\"https:\/\/www.africascoop.net\/#\/schema\/person\/2cbcc632c110d739d93a6b196c67230a\"},\"headline\":\"18e Journ\u00e9e Scientifique du SYNAPPO du Mali\u00a0: Les pharmaciens priv\u00e9s appellent \u00e0 solidarit\u00e9 et r\u00e9gulation renforc\u00e9e\",\"datePublished\":\"2025-12-04T20:36:15+00:00\",\"dateModified\":\"2025-12-04T20:36:19+00:00\",\"mainEntityOfPage\":{\"@id\":\"https:\/\/www.africascoop.net\/index.php\/2025\/12\/04\/18e-journee-scientifique-du-synappo-du-mali-les-pharmaciens-prives-appellent-a-solidarite-et-regulation-renforcee\/\"},\"wordCount\":462,\"commentCount\":0,\"publisher\":{\"@id\":\"https:\/\/www.africascoop.net\/#organization\"},\"image\":{\"@id\":\"https:\/\/www.africascoop.net\/index.php\/2025\/12\/04\/18e-journee-scientifique-du-synappo-du-mali-les-pharmaciens-prives-appellent-a-solidarite-et-regulation-renforcee\/#primaryimage\"},\"thumbnailUrl\":\"https:\/\/www.africascoop.net\/wp-content\/uploads\/2025\/12\/pharmacie-1024x576.jpg\",\"articleSection\":[\"Exclusif\",\"Sant\u00e9\"],\"inLanguage\":\"fr-FR\",\"potentialAction\":[{\"@type\":\"CommentAction\",\"name\":\"Comment\",\"target\":[\"https:\/\/www.africascoop.net\/index.php\/2025\/12\/04\/18e-journee-scientifique-du-synappo-du-mali-les-pharmaciens-prives-appellent-a-solidarite-et-regulation-renforcee\/#respond\"]}]},{\"@type\":\"WebPage\",\"@id\":\"https:\/\/www.africascoop.net\/index.php\/2025\/12\/04\/18e-journee-scientifique-du-synappo-du-mali-les-pharmaciens-prives-appellent-a-solidarite-et-regulation-renforcee\/\",\"url\":\"https:\/\/www.africascoop.net\/index.php\/2025\/12\/04\/18e-journee-scientifique-du-synappo-du-mali-les-pharmaciens-prives-appellent-a-solidarite-et-regulation-renforcee\/\",\"name\":\"18e Journ\u00e9e Scientifique du SYNAPPO du Mali\u00a0: Les pharmaciens priv\u00e9s appellent \u00e0 solidarit\u00e9 et r\u00e9gulation renforc\u00e9e - Actualit\u00e9s Africaines\",\"isPartOf\":{\"@id\":\"https:\/\/www.africascoop.net\/#website\"},\"primaryImageOfPage\":{\"@id\":\"https:\/\/www.africascoop.net\/index.php\/2025\/12\/04\/18e-journee-scientifique-du-synappo-du-mali-les-pharmaciens-prives-appellent-a-solidarite-et-regulation-renforcee\/#primaryimage\"},\"image\":{\"@id\":\"https:\/\/www.africascoop.net\/index.php\/2025\/12\/04\/18e-journee-scientifique-du-synappo-du-mali-les-pharmaciens-prives-appellent-a-solidarite-et-regulation-renforcee\/#primaryimage\"},\"thumbnailUrl\":\"https:\/\/www.africascoop.net\/wp-content\/uploads\/2025\/12\/pharmacie-1024x576.jpg\",\"datePublished\":\"2025-12-04T20:36:15+00:00\",\"dateModified\":\"2025-12-04T20:36:19+00:00\",\"breadcrumb\":{\"@id\":\"https:\/\/www.africascoop.net\/index.php\/2025\/12\/04\/18e-journee-scientifique-du-synappo-du-mali-les-pharmaciens-prives-appellent-a-solidarite-et-regulation-renforcee\/#breadcrumb\"},\"inLanguage\":\"fr-FR\",\"potentialAction\":[{\"@type\":\"ReadAction\",\"target\":[\"https:\/\/www.africascoop.net\/index.php\/2025\/12\/04\/18e-journee-scientifique-du-synappo-du-mali-les-pharmaciens-prives-appellent-a-solidarite-et-regulation-renforcee\/\"]}]},{\"@type\":\"ImageObject\",\"inLanguage\":\"fr-FR\",\"@id\":\"https:\/\/www.africascoop.net\/index.php\/2025\/12\/04\/18e-journee-scientifique-du-synappo-du-mali-les-pharmaciens-prives-appellent-a-solidarite-et-regulation-renforcee\/#primaryimage\",\"url\":\"https:\/\/www.africascoop.net\/wp-content\/uploads\/2025\/12\/pharmacie.jpg\",\"contentUrl\":\"https:\/\/www.africascoop.net\/wp-content\/uploads\/2025\/12\/pharmacie.jpg\",\"width\":1366,\"height\":768},{\"@type\":\"BreadcrumbList\",\"@id\":\"https:\/\/www.africascoop.net\/index.php\/2025\/12\/04\/18e-journee-scientifique-du-synappo-du-mali-les-pharmaciens-prives-appellent-a-solidarite-et-regulation-renforcee\/#breadcrumb\",\"itemListElement\":[{\"@type\":\"ListItem\",\"position\":1,\"name\":\"Accueil\",\"item\":\"https:\/\/www.africascoop.net\/\"},{\"@type\":\"ListItem\",\"position\":2,\"name\":\"18e Journ\u00e9e Scientifique du SYNAPPO du Mali\u00a0: Les pharmaciens priv\u00e9s appellent \u00e0 solidarit\u00e9 et r\u00e9gulation renforc\u00e9e\"}]},{\"@type\":\"WebSite\",\"@id\":\"https:\/\/www.africascoop.net\/#website\",\"url\":\"https:\/\/www.africascoop.net\/\",\"name\":\"Actualit\u00e9s Africaines\",\"description\":\"\",\"publisher\":{\"@id\":\"https:\/\/www.africascoop.net\/#organization\"},\"potentialAction\":[{\"@type\":\"SearchAction\",\"target\":{\"@type\":\"EntryPoint\",\"urlTemplate\":\"https:\/\/www.africascoop.net\/?s={search_term_string}\"},\"query-input\":{\"@type\":\"PropertyValueSpecification\",\"valueRequired\":true,\"valueName\":\"search_term_string\"}}],\"inLanguage\":\"fr-FR\"},{\"@type\":\"Organization\",\"@id\":\"https:\/\/www.africascoop.net\/#organization\",\"name\":\"Actualit\u00e9s Africaines\",\"url\":\"https:\/\/www.africascoop.net\/\",\"logo\":{\"@type\":\"ImageObject\",\"inLanguage\":\"fr-FR\",\"@id\":\"https:\/\/www.africascoop.net\/#\/schema\/logo\/image\/\",\"url\":\"https:\/\/www.africascoop.net\/wp-content\/uploads\/2025\/09\/cropped-logo-2.jpg\",\"contentUrl\":\"https:\/\/www.africascoop.net\/wp-content\/uploads\/2025\/09\/cropped-logo-2.jpg\",\"width\":945,\"height\":591,\"caption\":\"Actualit\u00e9s Africaines\"},\"image\":{\"@id\":\"https:\/\/www.africascoop.net\/#\/schema\/logo\/image\/\"}},{\"@type\":\"Person\",\"@id\":\"https:\/\/www.africascoop.net\/#\/schema\/person\/2cbcc632c110d739d93a6b196c67230a\",\"name\":\"Africascoop\",\"image\":{\"@type\":\"ImageObject\",\"inLanguage\":\"fr-FR\",\"@id\":\"https:\/\/www.africascoop.net\/#\/schema\/person\/image\/\",\"url\":\"https:\/\/secure.gravatar.com\/avatar\/230d851f5173f64fe9487b948bd2daf02707ef49aea942bc1bdad649c82025b9?s=96&d=mm&r=g\",\"contentUrl\":\"https:\/\/secure.gravatar.com\/avatar\/230d851f5173f64fe9487b948bd2daf02707ef49aea942bc1bdad649c82025b9?s=96&d=mm&r=g\",\"caption\":\"Africascoop\"},\"url\":\"https:\/\/www.africascoop.net\/index.php\/author\/jul\/\"}]}<\/script>\n<!-- \/ Yoast SEO plugin. -->","yoast_head_json":{"title":"18e Journ\u00e9e Scientifique du SYNAPPO du Mali\u00a0: Les pharmaciens priv\u00e9s appellent \u00e0 solidarit\u00e9 et r\u00e9gulation renforc\u00e9e - Actualit\u00e9s Africaines","robots":{"index":"index","follow":"follow","max-snippet":"max-snippet:-1","max-image-preview":"max-image-preview:large","max-video-preview":"max-video-preview:-1"},"canonical":"https:\/\/www.africascoop.net\/index.php\/2025\/12\/04\/18e-journee-scientifique-du-synappo-du-mali-les-pharmaciens-prives-appellent-a-solidarite-et-regulation-renforcee\/","og_locale":"fr_FR","og_type":"article","og_title":"18e Journ\u00e9e Scientifique du SYNAPPO du Mali\u00a0: Les pharmaciens priv\u00e9s appellent \u00e0 solidarit\u00e9 et r\u00e9gulation renforc\u00e9e - Actualit\u00e9s Africaines","og_description":"Le Syndicat national des pharmaciens du secteur priv\u00e9 (SYNAPPO) a tenu, le 29 novembre 2025, la 18\u1d49 \u00e9dition","og_url":"https:\/\/www.africascoop.net\/index.php\/2025\/12\/04\/18e-journee-scientifique-du-synappo-du-mali-les-pharmaciens-prives-appellent-a-solidarite-et-regulation-renforcee\/","og_site_name":"Actualit\u00e9s Africaines","article_published_time":"2025-12-04T20:36:15+00:00","article_modified_time":"2025-12-04T20:36:19+00:00","og_image":[{"url":"https:\/\/www.africascoop.net\/wp-content\/uploads\/2025\/12\/pharmacie-1024x576.jpg","type":"","width":"","height":""}],"author":"Africascoop","twitter_card":"summary_large_image","twitter_misc":{"\u00c9crit par":"Africascoop","Dur\u00e9e de lecture estim\u00e9e":"3 minutes"},"schema":{"@context":"https:\/\/schema.org","@graph":[{"@type":"Article","@id":"https:\/\/www.africascoop.net\/index.php\/2025\/12\/04\/18e-journee-scientifique-du-synappo-du-mali-les-pharmaciens-prives-appellent-a-solidarite-et-regulation-renforcee\/#article","isPartOf":{"@id":"https:\/\/www.africascoop.net\/index.php\/2025\/12\/04\/18e-journee-scientifique-du-synappo-du-mali-les-pharmaciens-prives-appellent-a-solidarite-et-regulation-renforcee\/"},"author":{"name":"Africascoop","@id":"https:\/\/www.africascoop.net\/#\/schema\/person\/2cbcc632c110d739d93a6b196c67230a"},"headline":"18e Journ\u00e9e Scientifique du SYNAPPO du Mali\u00a0: Les pharmaciens priv\u00e9s appellent \u00e0 solidarit\u00e9 et r\u00e9gulation renforc\u00e9e","datePublished":"2025-12-04T20:36:15+00:00","dateModified":"2025-12-04T20:36:19+00:00","mainEntityOfPage":{"@id":"https:\/\/www.africascoop.net\/index.php\/2025\/12\/04\/18e-journee-scientifique-du-synappo-du-mali-les-pharmaciens-prives-appellent-a-solidarite-et-regulation-renforcee\/"},"wordCount":462,"commentCount":0,"publisher":{"@id":"https:\/\/www.africascoop.net\/#organization"},"image":{"@id":"https:\/\/www.africascoop.net\/index.php\/2025\/12\/04\/18e-journee-scientifique-du-synappo-du-mali-les-pharmaciens-prives-appellent-a-solidarite-et-regulation-renforcee\/#primaryimage"},"thumbnailUrl":"https:\/\/www.africascoop.net\/wp-content\/uploads\/2025\/12\/pharmacie-1024x576.jpg","articleSection":["Exclusif","Sant\u00e9"],"inLanguage":"fr-FR","potentialAction":[{"@type":"CommentAction","name":"Comment","target":["https:\/\/www.africascoop.net\/index.php\/2025\/12\/04\/18e-journee-scientifique-du-synappo-du-mali-les-pharmaciens-prives-appellent-a-solidarite-et-regulation-renforcee\/#respond"]}]},{"@type":"WebPage","@id":"https:\/\/www.africascoop.net\/index.php\/2025\/12\/04\/18e-journee-scientifique-du-synappo-du-mali-les-pharmaciens-prives-appellent-a-solidarite-et-regulation-renforcee\/","url":"https:\/\/www.africascoop.net\/index.php\/2025\/12\/04\/18e-journee-scientifique-du-synappo-du-mali-les-pharmaciens-prives-appellent-a-solidarite-et-regulation-renforcee\/","name":"18e Journ\u00e9e Scientifique du SYNAPPO du Mali\u00a0: Les pharmaciens priv\u00e9s appellent \u00e0 solidarit\u00e9 et r\u00e9gulation renforc\u00e9e - Actualit\u00e9s Africaines","isPartOf":{"@id":"https:\/\/www.africascoop.net\/#website"},"primaryImageOfPage":{"@id":"https:\/\/www.africascoop.net\/index.php\/2025\/12\/04\/18e-journee-scientifique-du-synappo-du-mali-les-pharmaciens-prives-appellent-a-solidarite-et-regulation-renforcee\/#primaryimage"},"image":{"@id":"https:\/\/www.africascoop.net\/index.php\/2025\/12\/04\/18e-journee-scientifique-du-synappo-du-mali-les-pharmaciens-prives-appellent-a-solidarite-et-regulation-renforcee\/#primaryimage"},"thumbnailUrl":"https:\/\/www.africascoop.net\/wp-content\/uploads\/2025\/12\/pharmacie-1024x576.jpg","datePublished":"2025-12-04T20:36:15+00:00","dateModified":"2025-12-04T20:36:19+00:00","breadcrumb":{"@id":"https:\/\/www.africascoop.net\/index.php\/2025\/12\/04\/18e-journee-scientifique-du-synappo-du-mali-les-pharmaciens-prives-appellent-a-solidarite-et-regulation-renforcee\/#breadcrumb"},"inLanguage":"fr-FR","potentialAction":[{"@type":"ReadAction","target":["https:\/\/www.africascoop.net\/index.php\/2025\/12\/04\/18e-journee-scientifique-du-synappo-du-mali-les-pharmaciens-prives-appellent-a-solidarite-et-regulation-renforcee\/"]}]},{"@type":"ImageObject","inLanguage":"fr-FR","@id":"https:\/\/www.africascoop.net\/index.php\/2025\/12\/04\/18e-journee-scientifique-du-synappo-du-mali-les-pharmaciens-prives-appellent-a-solidarite-et-regulation-renforcee\/#primaryimage","url":"https:\/\/www.africascoop.net\/wp-content\/uploads\/2025\/12\/pharmacie.jpg","contentUrl":"https:\/\/www.africascoop.net\/wp-content\/uploads\/2025\/12\/pharmacie.jpg","width":1366,"height":768},{"@type":"BreadcrumbList","@id":"https:\/\/www.africascoop.net\/index.php\/2025\/12\/04\/18e-journee-scientifique-du-synappo-du-mali-les-pharmaciens-prives-appellent-a-solidarite-et-regulation-renforcee\/#breadcrumb","itemListElement":[{"@type":"ListItem","position":1,"name":"Accueil","item":"https:\/\/www.africascoop.net\/"},{"@type":"ListItem","position":2,"name":"18e Journ\u00e9e Scientifique du SYNAPPO du Mali\u00a0: Les pharmaciens priv\u00e9s appellent \u00e0 solidarit\u00e9 et r\u00e9gulation renforc\u00e9e"}]},{"@type":"WebSite","@id":"https:\/\/www.africascoop.net\/#website","url":"https:\/\/www.africascoop.net\/","name":"Actualit\u00e9s Africaines","description":"","publisher":{"@id":"https:\/\/www.africascoop.net\/#organization"},"potentialAction":[{"@type":"SearchAction","target":{"@type":"EntryPoint","urlTemplate":"https:\/\/www.africascoop.net\/?s={search_term_string}"},"query-input":{"@type":"PropertyValueSpecification","valueRequired":true,"valueName":"search_term_string"}}],"inLanguage":"fr-FR"},{"@type":"Organization","@id":"https:\/\/www.africascoop.net\/#organization","name":"Actualit\u00e9s Africaines","url":"https:\/\/www.africascoop.net\/","logo":{"@type":"ImageObject","inLanguage":"fr-FR","@id":"https:\/\/www.africascoop.net\/#\/schema\/logo\/image\/","url":"https:\/\/www.africascoop.net\/wp-content\/uploads\/2025\/09\/cropped-logo-2.jpg","contentUrl":"https:\/\/www.africascoop.net\/wp-content\/uploads\/2025\/09\/cropped-logo-2.jpg","width":945,"height":591,"caption":"Actualit\u00e9s Africaines"},"image":{"@id":"https:\/\/www.africascoop.net\/#\/schema\/logo\/image\/"}},{"@type":"Person","@id":"https:\/\/www.africascoop.net\/#\/schema\/person\/2cbcc632c110d739d93a6b196c67230a","name":"Africascoop","image":{"@type":"ImageObject","inLanguage":"fr-FR","@id":"https:\/\/www.africascoop.net\/#\/schema\/person\/image\/","url":"https:\/\/secure.gravatar.com\/avatar\/230d851f5173f64fe9487b948bd2daf02707ef49aea942bc1bdad649c82025b9?s=96&d=mm&r=g","contentUrl":"https:\/\/secure.gravatar.com\/avatar\/230d851f5173f64fe9487b948bd2daf02707ef49aea942bc1bdad649c82025b9?s=96&d=mm&r=g","caption":"Africascoop"},"url":"https:\/\/www.africascoop.net\/index.php\/author\/jul\/"}]}},"_links":{"self":[{"href":"https:\/\/www.africascoop.net\/index.php\/wp-json\/wp\/v2\/posts\/893","targetHints":{"allow":["GET"]}}],"collection":[{"href":"https:\/\/www.africascoop.net\/index.php\/wp-json\/wp\/v2\/posts"}],"about":[{"href":"https:\/\/www.africascoop.net\/index.php\/wp-json\/wp\/v2\/types\/post"}],"author":[{"embeddable":true,"href":"https:\/\/www.africascoop.net\/index.php\/wp-json\/wp\/v2\/users\/3"}],"replies":[{"embeddable":true,"href":"https:\/\/www.africascoop.net\/index.php\/wp-json\/wp\/v2\/comments?post=893"}],"version-history":[{"count":1,"href":"https:\/\/www.africascoop.net\/index.php\/wp-json\/wp\/v2\/posts\/893\/revisions"}],"predecessor-version":[{"id":895,"href":"https:\/\/www.africascoop.net\/index.php\/wp-json\/wp\/v2\/posts\/893\/revisions\/895"}],"wp:attachment":[{"href":"https:\/\/www.africascoop.net\/index.php\/wp-json\/wp\/v2\/media?parent=893"}],"wp:term":[{"taxonomy":"category","embeddable":true,"href":"https:\/\/www.africascoop.net\/index.php\/wp-json\/wp\/v2\/categories?post=893"},{"taxonomy":"post_tag","embeddable":true,"href":"https:\/\/www.africascoop.net\/index.php\/wp-json\/wp\/v2\/tags?post=893"}],"curies":[{"name":"wp","href":"https:\/\/api.w.org\/{rel}","templated":true}]}}