{"id":899,"date":"2025-12-05T12:47:42","date_gmt":"2025-12-05T12:47:42","guid":{"rendered":"https:\/\/www.africascoop.net\/?p=899"},"modified":"2025-12-05T12:47:45","modified_gmt":"2025-12-05T12:47:45","slug":"mali-vers-un-cadre-de-concertation-religieuse","status":"publish","type":"post","link":"https:\/\/www.africascoop.net\/index.php\/2025\/12\/05\/mali-vers-un-cadre-de-concertation-religieuse\/","title":{"rendered":"Mali : Vers un cadre de concertation religieuse"},"content":{"rendered":"\n<figure class=\"wp-block-image size-large\"><img loading=\"lazy\" decoding=\"async\" width=\"1024\" height=\"576\" src=\"https:\/\/www.africascoop.net\/wp-content\/uploads\/2025\/12\/pm-m-1024x576.jpg\" alt=\"\" class=\"wp-image-900\" srcset=\"https:\/\/www.africascoop.net\/wp-content\/uploads\/2025\/12\/pm-m-1024x576.jpg 1024w, https:\/\/www.africascoop.net\/wp-content\/uploads\/2025\/12\/pm-m-300x169.jpg 300w, https:\/\/www.africascoop.net\/wp-content\/uploads\/2025\/12\/pm-m-768x432.jpg 768w, https:\/\/www.africascoop.net\/wp-content\/uploads\/2025\/12\/pm-m.jpg 1366w\" sizes=\"auto, (max-width: 1024px) 100vw, 1024px\" \/><\/figure>\n\n\n\n<p><strong><em>Le Premier ministre, le G\u00e9n\u00e9ral de Division Abdoulaye Ma\u00efga, repr\u00e9sentant le Pr\u00e9sident de la Transition, le G\u00e9n\u00e9ral d\u2019Arm\u00e9e Assimi Go\u00efta, a rencontr\u00e9 ce jeudi 4 d\u00e9cembre 2025 les responsables des principales confessions religieuses du Mali. Cette audience intervient dans un contexte o\u00f9 des propos jug\u00e9s injurieux \u00e0 l\u2019encontre de leaders religieux ont r\u00e9cemment suscit\u00e9 des inqui\u00e9tudes quant au climat social.<\/em><\/strong><\/p>\n\n\n\n<p>Pour anticiper d\u2019\u00e9ventuelles tensions, le chef du gouvernement a propos\u00e9 la mise en place d\u2019un cadre de concertation destin\u00e9 \u00e0 pr\u00e9venir et traiter les situations pouvant affecter la coh\u00e9sion nationale. Selon ses explications, ce comit\u00e9 serait constitu\u00e9 de mani\u00e8re participative, avec une repr\u00e9sentation notable des diff\u00e9rents courants religieux, afin de favoriser des solutions inclusives et consensuelles.<\/p>\n\n\n\n<p>Le Premier ministre a \u00e9galement soulign\u00e9 la n\u00e9cessit\u00e9 d\u2019apporter des r\u00e9ponses politiques aux discours hostiles ou comportements impliquant des figures religieuses, tout en appelant \u00e0 maintenir un climat d\u2019apaisement et de dialogue.<\/p>\n\n\n\n<p>Les leaders religieux pr\u00e9sents ont salu\u00e9 l\u2019initiative, estimant qu\u2019elle intervient \u00e0 un moment opportun. Le repr\u00e9sentant du Haut Conseil Islamique, Macky Bah, a exprim\u00e9 la disponibilit\u00e9 de son institution \u00e0 accompagner le processus. Les repr\u00e9sentants de l\u2019\u00c9glise catholique et de l\u2019\u00c9glise protestante ont \u00e9galement marqu\u00e9 leur adh\u00e9sion et leur volont\u00e9 de soutenir la d\u00e9marche.<\/p>\n\n\n\n<p>Cette rencontre s\u2019inscrit dans la volont\u00e9 des autorit\u00e9s de renforcer la pr\u00e9vention des tensions sociales et de consolider les m\u00e9canismes de dialogue entre l\u2019\u00c9tat et les confessions religieuses.<\/p>\n\n\n\n<p>Par&nbsp;ABK<\/p>\n","protected":false},"excerpt":{"rendered":"<p>Le Premier ministre, le G\u00e9n\u00e9ral de Division Abdoulaye Ma\u00efga, repr\u00e9sentant le Pr\u00e9sident de la Transition, le G\u00e9n\u00e9ral d\u2019Arm\u00e9e<\/p>\n","protected":false},"author":3,"featured_media":0,"comment_status":"open","ping_status":"open","sticky":false,"template":"","format":"standard","meta":{"footnotes":""},"categories":[36,35],"tags":[],"class_list":["post-899","post","type-post","status-publish","format-standard","hentry","category-exclusif","category-societe"],"yoast_head":"<!-- This site is optimized with the Yoast SEO plugin v26.0 - https:\/\/yoast.com\/wordpress\/plugins\/seo\/ -->\n<title>Mali : Vers un cadre de concertation religieuse - Actualit\u00e9s Africaines<\/title>\n<meta name=\"robots\" content=\"index, follow, max-snippet:-1, max-image-preview:large, max-video-preview:-1\" \/>\n<link rel=\"canonical\" href=\"https:\/\/www.africascoop.net\/index.php\/2025\/12\/05\/mali-vers-un-cadre-de-concertation-religieuse\/\" \/>\n<meta property=\"og:locale\" content=\"fr_FR\" \/>\n<meta property=\"og:type\" content=\"article\" \/>\n<meta property=\"og:title\" content=\"Mali : Vers un cadre de concertation religieuse - Actualit\u00e9s Africaines\" \/>\n<meta property=\"og:description\" content=\"Le Premier ministre, le G\u00e9n\u00e9ral de Division Abdoulaye Ma\u00efga, repr\u00e9sentant le Pr\u00e9sident de la Transition, le G\u00e9n\u00e9ral d\u2019Arm\u00e9e\" \/>\n<meta property=\"og:url\" content=\"https:\/\/www.africascoop.net\/index.php\/2025\/12\/05\/mali-vers-un-cadre-de-concertation-religieuse\/\" \/>\n<meta property=\"og:site_name\" content=\"Actualit\u00e9s Africaines\" \/>\n<meta property=\"article:published_time\" content=\"2025-12-05T12:47:42+00:00\" \/>\n<meta property=\"article:modified_time\" content=\"2025-12-05T12:47:45+00:00\" \/>\n<meta property=\"og:image\" content=\"https:\/\/www.africascoop.net\/wp-content\/uploads\/2025\/12\/pm-m-1024x576.jpg\" \/>\n<meta name=\"author\" content=\"Africascoop\" \/>\n<meta name=\"twitter:card\" content=\"summary_large_image\" \/>\n<meta name=\"twitter:label1\" content=\"\u00c9crit par\" \/>\n\t<meta name=\"twitter:data1\" content=\"Africascoop\" \/>\n\t<meta name=\"twitter:label2\" content=\"Dur\u00e9e de lecture estim\u00e9e\" \/>\n\t<meta name=\"twitter:data2\" content=\"2 minutes\" \/>\n<script type=\"application\/ld+json\" class=\"yoast-schema-graph\">{\"@context\":\"https:\/\/schema.org\",\"@graph\":[{\"@type\":\"Article\",\"@id\":\"https:\/\/www.africascoop.net\/index.php\/2025\/12\/05\/mali-vers-un-cadre-de-concertation-religieuse\/#article\",\"isPartOf\":{\"@id\":\"https:\/\/www.africascoop.net\/index.php\/2025\/12\/05\/mali-vers-un-cadre-de-concertation-religieuse\/\"},\"author\":{\"name\":\"Africascoop\",\"@id\":\"https:\/\/www.africascoop.net\/#\/schema\/person\/2cbcc632c110d739d93a6b196c67230a\"},\"headline\":\"Mali : Vers un cadre de concertation religieuse\",\"datePublished\":\"2025-12-05T12:47:42+00:00\",\"dateModified\":\"2025-12-05T12:47:45+00:00\",\"mainEntityOfPage\":{\"@id\":\"https:\/\/www.africascoop.net\/index.php\/2025\/12\/05\/mali-vers-un-cadre-de-concertation-religieuse\/\"},\"wordCount\":273,\"commentCount\":0,\"publisher\":{\"@id\":\"https:\/\/www.africascoop.net\/#organization\"},\"image\":{\"@id\":\"https:\/\/www.africascoop.net\/index.php\/2025\/12\/05\/mali-vers-un-cadre-de-concertation-religieuse\/#primaryimage\"},\"thumbnailUrl\":\"https:\/\/www.africascoop.net\/wp-content\/uploads\/2025\/12\/pm-m-1024x576.jpg\",\"articleSection\":[\"Exclusif\",\"Soci\u00e9t\u00e9\"],\"inLanguage\":\"fr-FR\",\"potentialAction\":[{\"@type\":\"CommentAction\",\"name\":\"Comment\",\"target\":[\"https:\/\/www.africascoop.net\/index.php\/2025\/12\/05\/mali-vers-un-cadre-de-concertation-religieuse\/#respond\"]}]},{\"@type\":\"WebPage\",\"@id\":\"https:\/\/www.africascoop.net\/index.php\/2025\/12\/05\/mali-vers-un-cadre-de-concertation-religieuse\/\",\"url\":\"https:\/\/www.africascoop.net\/index.php\/2025\/12\/05\/mali-vers-un-cadre-de-concertation-religieuse\/\",\"name\":\"Mali : Vers un cadre de concertation religieuse - Actualit\u00e9s Africaines\",\"isPartOf\":{\"@id\":\"https:\/\/www.africascoop.net\/#website\"},\"primaryImageOfPage\":{\"@id\":\"https:\/\/www.africascoop.net\/index.php\/2025\/12\/05\/mali-vers-un-cadre-de-concertation-religieuse\/#primaryimage\"},\"image\":{\"@id\":\"https:\/\/www.africascoop.net\/index.php\/2025\/12\/05\/mali-vers-un-cadre-de-concertation-religieuse\/#primaryimage\"},\"thumbnailUrl\":\"https:\/\/www.africascoop.net\/wp-content\/uploads\/2025\/12\/pm-m-1024x576.jpg\",\"datePublished\":\"2025-12-05T12:47:42+00:00\",\"dateModified\":\"2025-12-05T12:47:45+00:00\",\"breadcrumb\":{\"@id\":\"https:\/\/www.africascoop.net\/index.php\/2025\/12\/05\/mali-vers-un-cadre-de-concertation-religieuse\/#breadcrumb\"},\"inLanguage\":\"fr-FR\",\"potentialAction\":[{\"@type\":\"ReadAction\",\"target\":[\"https:\/\/www.africascoop.net\/index.php\/2025\/12\/05\/mali-vers-un-cadre-de-concertation-religieuse\/\"]}]},{\"@type\":\"ImageObject\",\"inLanguage\":\"fr-FR\",\"@id\":\"https:\/\/www.africascoop.net\/index.php\/2025\/12\/05\/mali-vers-un-cadre-de-concertation-religieuse\/#primaryimage\",\"url\":\"https:\/\/www.africascoop.net\/wp-content\/uploads\/2025\/12\/pm-m.jpg\",\"contentUrl\":\"https:\/\/www.africascoop.net\/wp-content\/uploads\/2025\/12\/pm-m.jpg\",\"width\":1366,\"height\":768},{\"@type\":\"BreadcrumbList\",\"@id\":\"https:\/\/www.africascoop.net\/index.php\/2025\/12\/05\/mali-vers-un-cadre-de-concertation-religieuse\/#breadcrumb\",\"itemListElement\":[{\"@type\":\"ListItem\",\"position\":1,\"name\":\"Accueil\",\"item\":\"https:\/\/www.africascoop.net\/\"},{\"@type\":\"ListItem\",\"position\":2,\"name\":\"Mali : Vers un cadre de concertation religieuse\"}]},{\"@type\":\"WebSite\",\"@id\":\"https:\/\/www.africascoop.net\/#website\",\"url\":\"https:\/\/www.africascoop.net\/\",\"name\":\"Actualit\u00e9s Africaines\",\"description\":\"\",\"publisher\":{\"@id\":\"https:\/\/www.africascoop.net\/#organization\"},\"potentialAction\":[{\"@type\":\"SearchAction\",\"target\":{\"@type\":\"EntryPoint\",\"urlTemplate\":\"https:\/\/www.africascoop.net\/?s={search_term_string}\"},\"query-input\":{\"@type\":\"PropertyValueSpecification\",\"valueRequired\":true,\"valueName\":\"search_term_string\"}}],\"inLanguage\":\"fr-FR\"},{\"@type\":\"Organization\",\"@id\":\"https:\/\/www.africascoop.net\/#organization\",\"name\":\"Actualit\u00e9s Africaines\",\"url\":\"https:\/\/www.africascoop.net\/\",\"logo\":{\"@type\":\"ImageObject\",\"inLanguage\":\"fr-FR\",\"@id\":\"https:\/\/www.africascoop.net\/#\/schema\/logo\/image\/\",\"url\":\"https:\/\/www.africascoop.net\/wp-content\/uploads\/2025\/09\/cropped-logo-2.jpg\",\"contentUrl\":\"https:\/\/www.africascoop.net\/wp-content\/uploads\/2025\/09\/cropped-logo-2.jpg\",\"width\":945,\"height\":591,\"caption\":\"Actualit\u00e9s Africaines\"},\"image\":{\"@id\":\"https:\/\/www.africascoop.net\/#\/schema\/logo\/image\/\"}},{\"@type\":\"Person\",\"@id\":\"https:\/\/www.africascoop.net\/#\/schema\/person\/2cbcc632c110d739d93a6b196c67230a\",\"name\":\"Africascoop\",\"image\":{\"@type\":\"ImageObject\",\"inLanguage\":\"fr-FR\",\"@id\":\"https:\/\/www.africascoop.net\/#\/schema\/person\/image\/\",\"url\":\"https:\/\/secure.gravatar.com\/avatar\/230d851f5173f64fe9487b948bd2daf02707ef49aea942bc1bdad649c82025b9?s=96&d=mm&r=g\",\"contentUrl\":\"https:\/\/secure.gravatar.com\/avatar\/230d851f5173f64fe9487b948bd2daf02707ef49aea942bc1bdad649c82025b9?s=96&d=mm&r=g\",\"caption\":\"Africascoop\"},\"url\":\"https:\/\/www.africascoop.net\/index.php\/author\/jul\/\"}]}<\/script>\n<!-- \/ Yoast SEO plugin. -->","yoast_head_json":{"title":"Mali : Vers un cadre de concertation religieuse - Actualit\u00e9s Africaines","robots":{"index":"index","follow":"follow","max-snippet":"max-snippet:-1","max-image-preview":"max-image-preview:large","max-video-preview":"max-video-preview:-1"},"canonical":"https:\/\/www.africascoop.net\/index.php\/2025\/12\/05\/mali-vers-un-cadre-de-concertation-religieuse\/","og_locale":"fr_FR","og_type":"article","og_title":"Mali : Vers un cadre de concertation religieuse - Actualit\u00e9s Africaines","og_description":"Le Premier ministre, le G\u00e9n\u00e9ral de Division Abdoulaye Ma\u00efga, repr\u00e9sentant le Pr\u00e9sident de la Transition, le G\u00e9n\u00e9ral d\u2019Arm\u00e9e","og_url":"https:\/\/www.africascoop.net\/index.php\/2025\/12\/05\/mali-vers-un-cadre-de-concertation-religieuse\/","og_site_name":"Actualit\u00e9s Africaines","article_published_time":"2025-12-05T12:47:42+00:00","article_modified_time":"2025-12-05T12:47:45+00:00","og_image":[{"url":"https:\/\/www.africascoop.net\/wp-content\/uploads\/2025\/12\/pm-m-1024x576.jpg","type":"","width":"","height":""}],"author":"Africascoop","twitter_card":"summary_large_image","twitter_misc":{"\u00c9crit par":"Africascoop","Dur\u00e9e de lecture estim\u00e9e":"2 minutes"},"schema":{"@context":"https:\/\/schema.org","@graph":[{"@type":"Article","@id":"https:\/\/www.africascoop.net\/index.php\/2025\/12\/05\/mali-vers-un-cadre-de-concertation-religieuse\/#article","isPartOf":{"@id":"https:\/\/www.africascoop.net\/index.php\/2025\/12\/05\/mali-vers-un-cadre-de-concertation-religieuse\/"},"author":{"name":"Africascoop","@id":"https:\/\/www.africascoop.net\/#\/schema\/person\/2cbcc632c110d739d93a6b196c67230a"},"headline":"Mali : Vers un cadre de concertation religieuse","datePublished":"2025-12-05T12:47:42+00:00","dateModified":"2025-12-05T12:47:45+00:00","mainEntityOfPage":{"@id":"https:\/\/www.africascoop.net\/index.php\/2025\/12\/05\/mali-vers-un-cadre-de-concertation-religieuse\/"},"wordCount":273,"commentCount":0,"publisher":{"@id":"https:\/\/www.africascoop.net\/#organization"},"image":{"@id":"https:\/\/www.africascoop.net\/index.php\/2025\/12\/05\/mali-vers-un-cadre-de-concertation-religieuse\/#primaryimage"},"thumbnailUrl":"https:\/\/www.africascoop.net\/wp-content\/uploads\/2025\/12\/pm-m-1024x576.jpg","articleSection":["Exclusif","Soci\u00e9t\u00e9"],"inLanguage":"fr-FR","potentialAction":[{"@type":"CommentAction","name":"Comment","target":["https:\/\/www.africascoop.net\/index.php\/2025\/12\/05\/mali-vers-un-cadre-de-concertation-religieuse\/#respond"]}]},{"@type":"WebPage","@id":"https:\/\/www.africascoop.net\/index.php\/2025\/12\/05\/mali-vers-un-cadre-de-concertation-religieuse\/","url":"https:\/\/www.africascoop.net\/index.php\/2025\/12\/05\/mali-vers-un-cadre-de-concertation-religieuse\/","name":"Mali : Vers un cadre de concertation religieuse - Actualit\u00e9s Africaines","isPartOf":{"@id":"https:\/\/www.africascoop.net\/#website"},"primaryImageOfPage":{"@id":"https:\/\/www.africascoop.net\/index.php\/2025\/12\/05\/mali-vers-un-cadre-de-concertation-religieuse\/#primaryimage"},"image":{"@id":"https:\/\/www.africascoop.net\/index.php\/2025\/12\/05\/mali-vers-un-cadre-de-concertation-religieuse\/#primaryimage"},"thumbnailUrl":"https:\/\/www.africascoop.net\/wp-content\/uploads\/2025\/12\/pm-m-1024x576.jpg","datePublished":"2025-12-05T12:47:42+00:00","dateModified":"2025-12-05T12:47:45+00:00","breadcrumb":{"@id":"https:\/\/www.africascoop.net\/index.php\/2025\/12\/05\/mali-vers-un-cadre-de-concertation-religieuse\/#breadcrumb"},"inLanguage":"fr-FR","potentialAction":[{"@type":"ReadAction","target":["https:\/\/www.africascoop.net\/index.php\/2025\/12\/05\/mali-vers-un-cadre-de-concertation-religieuse\/"]}]},{"@type":"ImageObject","inLanguage":"fr-FR","@id":"https:\/\/www.africascoop.net\/index.php\/2025\/12\/05\/mali-vers-un-cadre-de-concertation-religieuse\/#primaryimage","url":"https:\/\/www.africascoop.net\/wp-content\/uploads\/2025\/12\/pm-m.jpg","contentUrl":"https:\/\/www.africascoop.net\/wp-content\/uploads\/2025\/12\/pm-m.jpg","width":1366,"height":768},{"@type":"BreadcrumbList","@id":"https:\/\/www.africascoop.net\/index.php\/2025\/12\/05\/mali-vers-un-cadre-de-concertation-religieuse\/#breadcrumb","itemListElement":[{"@type":"ListItem","position":1,"name":"Accueil","item":"https:\/\/www.africascoop.net\/"},{"@type":"ListItem","position":2,"name":"Mali : Vers un cadre de concertation religieuse"}]},{"@type":"WebSite","@id":"https:\/\/www.africascoop.net\/#website","url":"https:\/\/www.africascoop.net\/","name":"Actualit\u00e9s Africaines","description":"","publisher":{"@id":"https:\/\/www.africascoop.net\/#organization"},"potentialAction":[{"@type":"SearchAction","target":{"@type":"EntryPoint","urlTemplate":"https:\/\/www.africascoop.net\/?s={search_term_string}"},"query-input":{"@type":"PropertyValueSpecification","valueRequired":true,"valueName":"search_term_string"}}],"inLanguage":"fr-FR"},{"@type":"Organization","@id":"https:\/\/www.africascoop.net\/#organization","name":"Actualit\u00e9s Africaines","url":"https:\/\/www.africascoop.net\/","logo":{"@type":"ImageObject","inLanguage":"fr-FR","@id":"https:\/\/www.africascoop.net\/#\/schema\/logo\/image\/","url":"https:\/\/www.africascoop.net\/wp-content\/uploads\/2025\/09\/cropped-logo-2.jpg","contentUrl":"https:\/\/www.africascoop.net\/wp-content\/uploads\/2025\/09\/cropped-logo-2.jpg","width":945,"height":591,"caption":"Actualit\u00e9s Africaines"},"image":{"@id":"https:\/\/www.africascoop.net\/#\/schema\/logo\/image\/"}},{"@type":"Person","@id":"https:\/\/www.africascoop.net\/#\/schema\/person\/2cbcc632c110d739d93a6b196c67230a","name":"Africascoop","image":{"@type":"ImageObject","inLanguage":"fr-FR","@id":"https:\/\/www.africascoop.net\/#\/schema\/person\/image\/","url":"https:\/\/secure.gravatar.com\/avatar\/230d851f5173f64fe9487b948bd2daf02707ef49aea942bc1bdad649c82025b9?s=96&d=mm&r=g","contentUrl":"https:\/\/secure.gravatar.com\/avatar\/230d851f5173f64fe9487b948bd2daf02707ef49aea942bc1bdad649c82025b9?s=96&d=mm&r=g","caption":"Africascoop"},"url":"https:\/\/www.africascoop.net\/index.php\/author\/jul\/"}]}},"_links":{"self":[{"href":"https:\/\/www.africascoop.net\/index.php\/wp-json\/wp\/v2\/posts\/899","targetHints":{"allow":["GET"]}}],"collection":[{"href":"https:\/\/www.africascoop.net\/index.php\/wp-json\/wp\/v2\/posts"}],"about":[{"href":"https:\/\/www.africascoop.net\/index.php\/wp-json\/wp\/v2\/types\/post"}],"author":[{"embeddable":true,"href":"https:\/\/www.africascoop.net\/index.php\/wp-json\/wp\/v2\/users\/3"}],"replies":[{"embeddable":true,"href":"https:\/\/www.africascoop.net\/index.php\/wp-json\/wp\/v2\/comments?post=899"}],"version-history":[{"count":1,"href":"https:\/\/www.africascoop.net\/index.php\/wp-json\/wp\/v2\/posts\/899\/revisions"}],"predecessor-version":[{"id":901,"href":"https:\/\/www.africascoop.net\/index.php\/wp-json\/wp\/v2\/posts\/899\/revisions\/901"}],"wp:attachment":[{"href":"https:\/\/www.africascoop.net\/index.php\/wp-json\/wp\/v2\/media?parent=899"}],"wp:term":[{"taxonomy":"category","embeddable":true,"href":"https:\/\/www.africascoop.net\/index.php\/wp-json\/wp\/v2\/categories?post=899"},{"taxonomy":"post_tag","embeddable":true,"href":"https:\/\/www.africascoop.net\/index.php\/wp-json\/wp\/v2\/tags?post=899"}],"curies":[{"name":"wp","href":"https:\/\/api.w.org\/{rel}","templated":true}]}}