{"id":902,"date":"2025-12-05T13:18:53","date_gmt":"2025-12-05T13:18:53","guid":{"rendered":"https:\/\/www.africascoop.net\/?p=902"},"modified":"2025-12-05T13:19:24","modified_gmt":"2025-12-05T13:19:24","slug":"alliance-des-etats-du-sahel-un-message-de-solidarite-burkinabe-remis-a-assimi-goita","status":"publish","type":"post","link":"https:\/\/www.africascoop.net\/index.php\/2025\/12\/05\/alliance-des-etats-du-sahel-un-message-de-solidarite-burkinabe-remis-a-assimi-goita\/","title":{"rendered":"Alliance des \u00c9tats du Sahel : un message de solidarit\u00e9 burkinab\u00e8 remis \u00e0 Assimi Go\u00efta"},"content":{"rendered":"\n<figure class=\"wp-block-image size-large\"><img loading=\"lazy\" decoding=\"async\" width=\"1024\" height=\"576\" src=\"https:\/\/www.africascoop.net\/wp-content\/uploads\/2025\/12\/asso-ib-1024x576.jpg\" alt=\"\" class=\"wp-image-903\" srcset=\"https:\/\/www.africascoop.net\/wp-content\/uploads\/2025\/12\/asso-ib-1024x576.jpg 1024w, https:\/\/www.africascoop.net\/wp-content\/uploads\/2025\/12\/asso-ib-300x169.jpg 300w, https:\/\/www.africascoop.net\/wp-content\/uploads\/2025\/12\/asso-ib-768x432.jpg 768w, https:\/\/www.africascoop.net\/wp-content\/uploads\/2025\/12\/asso-ib.jpg 1366w\" sizes=\"auto, (max-width: 1024px) 100vw, 1024px\" \/><\/figure>\n\n\n\n<p>Le Pr\u00e9sident de la Transition, le G\u00e9n\u00e9ral d\u2019Arm\u00e9e Assimi Go\u00efta, a re\u00e7u ce jeudi 4 d\u00e9cembre 2025 au Palais de Koulouba deux \u00e9missaires d\u00e9p\u00each\u00e9s par Ouagadougou dans le cadre du renforcement de la coop\u00e9ration au sein de l\u2019Alliance des \u00c9tats du Sahel (AES). Il s\u2019agit de Bazi\u00e9 Bassolma, Pr\u00e9sident de la Commission nationale de l\u2019AES du Burkina Faso, et de son vice-pr\u00e9sident, le Colonel-major Yelemou Ernest.<\/p>\n\n\n\n<p>Portant un message du Pr\u00e9sident burkinab\u00e8, le Capitaine Ibrahim Traor\u00e9, les deux responsables ont \u00e9t\u00e9 accueillis par le Chef de l\u2019\u00c9tat malien en sa qualit\u00e9 de Pr\u00e9sident de la Conf\u00e9d\u00e9ration des \u00c9tats du Sahel.<\/p>\n\n\n\n<p>\u00c0 l\u2019issue de l\u2019audience, Bazi\u00e9 Bassolma a expliqu\u00e9 que la d\u00e9l\u00e9gation \u00e9tait venue transmettre \u00ab un message de fraternit\u00e9, de solidarit\u00e9 et d\u2019engagement pour le rayonnement de l\u2019Alliance des \u00c9tats du Sahel \u00bb. Une d\u00e9marche qui s\u2019inscrit dans la dynamique de rapprochement politique et strat\u00e9gique engag\u00e9e depuis la cr\u00e9ation de l\u2019AES par le Mali, le Burkina Faso et le Niger.<\/p>\n\n\n\n<p>Cette visite de haut niveau t\u00e9moigne de la volont\u00e9 des trois pays sah\u00e9liens de consolider leur coop\u00e9ration face aux d\u00e9fis s\u00e9curitaires, \u00e9conomiques et diplomatiques communs, tout en renfor\u00e7ant les liens de solidarit\u00e9 entre les peuples de la r\u00e9gion.<\/p>\n\n\n\n<p>Par&nbsp;ABK<\/p>\n\n\n\n<p><\/p>\n","protected":false},"excerpt":{"rendered":"<p>Le Pr\u00e9sident de la Transition, le G\u00e9n\u00e9ral d\u2019Arm\u00e9e Assimi Go\u00efta, a re\u00e7u ce jeudi 4 d\u00e9cembre 2025 au<\/p>\n","protected":false},"author":3,"featured_media":0,"comment_status":"open","ping_status":"open","sticky":false,"template":"","format":"standard","meta":{"footnotes":""},"categories":[36,9],"tags":[],"class_list":["post-902","post","type-post","status-publish","format-standard","hentry","category-exclusif","category-politique"],"yoast_head":"<!-- This site is optimized with the Yoast SEO plugin v26.0 - https:\/\/yoast.com\/wordpress\/plugins\/seo\/ -->\n<title>Alliance des \u00c9tats du Sahel : un message de solidarit\u00e9 burkinab\u00e8 remis \u00e0 Assimi Go\u00efta - Actualit\u00e9s Africaines<\/title>\n<meta name=\"robots\" content=\"index, follow, max-snippet:-1, max-image-preview:large, max-video-preview:-1\" \/>\n<link rel=\"canonical\" href=\"http:\/\/www.africascoop.net\/index.php\/2025\/12\/05\/alliance-des-etats-du-sahel-un-message-de-solidarite-burkinabe-remis-a-assimi-goita\/\" \/>\n<meta property=\"og:locale\" content=\"fr_FR\" \/>\n<meta property=\"og:type\" content=\"article\" \/>\n<meta property=\"og:title\" content=\"Alliance des \u00c9tats du Sahel : un message de solidarit\u00e9 burkinab\u00e8 remis \u00e0 Assimi Go\u00efta - Actualit\u00e9s Africaines\" \/>\n<meta property=\"og:description\" content=\"Le Pr\u00e9sident de la Transition, le G\u00e9n\u00e9ral d\u2019Arm\u00e9e Assimi Go\u00efta, a re\u00e7u ce jeudi 4 d\u00e9cembre 2025 au\" \/>\n<meta property=\"og:url\" content=\"http:\/\/www.africascoop.net\/index.php\/2025\/12\/05\/alliance-des-etats-du-sahel-un-message-de-solidarite-burkinabe-remis-a-assimi-goita\/\" \/>\n<meta property=\"og:site_name\" content=\"Actualit\u00e9s Africaines\" \/>\n<meta property=\"article:published_time\" content=\"2025-12-05T13:18:53+00:00\" \/>\n<meta property=\"article:modified_time\" content=\"2025-12-05T13:19:24+00:00\" \/>\n<meta property=\"og:image\" content=\"https:\/\/www.africascoop.net\/wp-content\/uploads\/2025\/12\/asso-ib-1024x576.jpg\" \/>\n<meta name=\"author\" content=\"Africascoop\" \/>\n<meta name=\"twitter:card\" content=\"summary_large_image\" \/>\n<meta name=\"twitter:label1\" content=\"\u00c9crit par\" \/>\n\t<meta name=\"twitter:data1\" content=\"Africascoop\" \/>\n\t<meta name=\"twitter:label2\" content=\"Dur\u00e9e de lecture estim\u00e9e\" \/>\n\t<meta name=\"twitter:data2\" content=\"2 minutes\" \/>\n<script type=\"application\/ld+json\" class=\"yoast-schema-graph\">{\"@context\":\"https:\/\/schema.org\",\"@graph\":[{\"@type\":\"Article\",\"@id\":\"http:\/\/www.africascoop.net\/index.php\/2025\/12\/05\/alliance-des-etats-du-sahel-un-message-de-solidarite-burkinabe-remis-a-assimi-goita\/#article\",\"isPartOf\":{\"@id\":\"http:\/\/www.africascoop.net\/index.php\/2025\/12\/05\/alliance-des-etats-du-sahel-un-message-de-solidarite-burkinabe-remis-a-assimi-goita\/\"},\"author\":{\"name\":\"Africascoop\",\"@id\":\"https:\/\/www.africascoop.net\/#\/schema\/person\/2cbcc632c110d739d93a6b196c67230a\"},\"headline\":\"Alliance des \u00c9tats du Sahel : un message de solidarit\u00e9 burkinab\u00e8 remis \u00e0 Assimi Go\u00efta\",\"datePublished\":\"2025-12-05T13:18:53+00:00\",\"dateModified\":\"2025-12-05T13:19:24+00:00\",\"mainEntityOfPage\":{\"@id\":\"http:\/\/www.africascoop.net\/index.php\/2025\/12\/05\/alliance-des-etats-du-sahel-un-message-de-solidarite-burkinabe-remis-a-assimi-goita\/\"},\"wordCount\":251,\"commentCount\":0,\"publisher\":{\"@id\":\"https:\/\/www.africascoop.net\/#organization\"},\"image\":{\"@id\":\"http:\/\/www.africascoop.net\/index.php\/2025\/12\/05\/alliance-des-etats-du-sahel-un-message-de-solidarite-burkinabe-remis-a-assimi-goita\/#primaryimage\"},\"thumbnailUrl\":\"https:\/\/www.africascoop.net\/wp-content\/uploads\/2025\/12\/asso-ib-1024x576.jpg\",\"articleSection\":[\"Exclusif\",\"Politique\"],\"inLanguage\":\"fr-FR\",\"potentialAction\":[{\"@type\":\"CommentAction\",\"name\":\"Comment\",\"target\":[\"http:\/\/www.africascoop.net\/index.php\/2025\/12\/05\/alliance-des-etats-du-sahel-un-message-de-solidarite-burkinabe-remis-a-assimi-goita\/#respond\"]}]},{\"@type\":\"WebPage\",\"@id\":\"http:\/\/www.africascoop.net\/index.php\/2025\/12\/05\/alliance-des-etats-du-sahel-un-message-de-solidarite-burkinabe-remis-a-assimi-goita\/\",\"url\":\"http:\/\/www.africascoop.net\/index.php\/2025\/12\/05\/alliance-des-etats-du-sahel-un-message-de-solidarite-burkinabe-remis-a-assimi-goita\/\",\"name\":\"Alliance des \u00c9tats du Sahel : un message de solidarit\u00e9 burkinab\u00e8 remis \u00e0 Assimi Go\u00efta - Actualit\u00e9s Africaines\",\"isPartOf\":{\"@id\":\"https:\/\/www.africascoop.net\/#website\"},\"primaryImageOfPage\":{\"@id\":\"http:\/\/www.africascoop.net\/index.php\/2025\/12\/05\/alliance-des-etats-du-sahel-un-message-de-solidarite-burkinabe-remis-a-assimi-goita\/#primaryimage\"},\"image\":{\"@id\":\"http:\/\/www.africascoop.net\/index.php\/2025\/12\/05\/alliance-des-etats-du-sahel-un-message-de-solidarite-burkinabe-remis-a-assimi-goita\/#primaryimage\"},\"thumbnailUrl\":\"https:\/\/www.africascoop.net\/wp-content\/uploads\/2025\/12\/asso-ib-1024x576.jpg\",\"datePublished\":\"2025-12-05T13:18:53+00:00\",\"dateModified\":\"2025-12-05T13:19:24+00:00\",\"breadcrumb\":{\"@id\":\"http:\/\/www.africascoop.net\/index.php\/2025\/12\/05\/alliance-des-etats-du-sahel-un-message-de-solidarite-burkinabe-remis-a-assimi-goita\/#breadcrumb\"},\"inLanguage\":\"fr-FR\",\"potentialAction\":[{\"@type\":\"ReadAction\",\"target\":[\"http:\/\/www.africascoop.net\/index.php\/2025\/12\/05\/alliance-des-etats-du-sahel-un-message-de-solidarite-burkinabe-remis-a-assimi-goita\/\"]}]},{\"@type\":\"ImageObject\",\"inLanguage\":\"fr-FR\",\"@id\":\"http:\/\/www.africascoop.net\/index.php\/2025\/12\/05\/alliance-des-etats-du-sahel-un-message-de-solidarite-burkinabe-remis-a-assimi-goita\/#primaryimage\",\"url\":\"https:\/\/www.africascoop.net\/wp-content\/uploads\/2025\/12\/asso-ib.jpg\",\"contentUrl\":\"https:\/\/www.africascoop.net\/wp-content\/uploads\/2025\/12\/asso-ib.jpg\",\"width\":1366,\"height\":768},{\"@type\":\"BreadcrumbList\",\"@id\":\"http:\/\/www.africascoop.net\/index.php\/2025\/12\/05\/alliance-des-etats-du-sahel-un-message-de-solidarite-burkinabe-remis-a-assimi-goita\/#breadcrumb\",\"itemListElement\":[{\"@type\":\"ListItem\",\"position\":1,\"name\":\"Accueil\",\"item\":\"https:\/\/www.africascoop.net\/\"},{\"@type\":\"ListItem\",\"position\":2,\"name\":\"Alliance des \u00c9tats du Sahel : un message de solidarit\u00e9 burkinab\u00e8 remis \u00e0 Assimi Go\u00efta\"}]},{\"@type\":\"WebSite\",\"@id\":\"https:\/\/www.africascoop.net\/#website\",\"url\":\"https:\/\/www.africascoop.net\/\",\"name\":\"Actualit\u00e9s Africaines\",\"description\":\"\",\"publisher\":{\"@id\":\"https:\/\/www.africascoop.net\/#organization\"},\"potentialAction\":[{\"@type\":\"SearchAction\",\"target\":{\"@type\":\"EntryPoint\",\"urlTemplate\":\"https:\/\/www.africascoop.net\/?s={search_term_string}\"},\"query-input\":{\"@type\":\"PropertyValueSpecification\",\"valueRequired\":true,\"valueName\":\"search_term_string\"}}],\"inLanguage\":\"fr-FR\"},{\"@type\":\"Organization\",\"@id\":\"https:\/\/www.africascoop.net\/#organization\",\"name\":\"Actualit\u00e9s Africaines\",\"url\":\"https:\/\/www.africascoop.net\/\",\"logo\":{\"@type\":\"ImageObject\",\"inLanguage\":\"fr-FR\",\"@id\":\"https:\/\/www.africascoop.net\/#\/schema\/logo\/image\/\",\"url\":\"https:\/\/www.africascoop.net\/wp-content\/uploads\/2025\/09\/cropped-logo-2.jpg\",\"contentUrl\":\"https:\/\/www.africascoop.net\/wp-content\/uploads\/2025\/09\/cropped-logo-2.jpg\",\"width\":945,\"height\":591,\"caption\":\"Actualit\u00e9s Africaines\"},\"image\":{\"@id\":\"https:\/\/www.africascoop.net\/#\/schema\/logo\/image\/\"}},{\"@type\":\"Person\",\"@id\":\"https:\/\/www.africascoop.net\/#\/schema\/person\/2cbcc632c110d739d93a6b196c67230a\",\"name\":\"Africascoop\",\"image\":{\"@type\":\"ImageObject\",\"inLanguage\":\"fr-FR\",\"@id\":\"https:\/\/www.africascoop.net\/#\/schema\/person\/image\/\",\"url\":\"https:\/\/secure.gravatar.com\/avatar\/230d851f5173f64fe9487b948bd2daf02707ef49aea942bc1bdad649c82025b9?s=96&d=mm&r=g\",\"contentUrl\":\"https:\/\/secure.gravatar.com\/avatar\/230d851f5173f64fe9487b948bd2daf02707ef49aea942bc1bdad649c82025b9?s=96&d=mm&r=g\",\"caption\":\"Africascoop\"},\"url\":\"https:\/\/www.africascoop.net\/index.php\/author\/jul\/\"}]}<\/script>\n<!-- \/ Yoast SEO plugin. -->","yoast_head_json":{"title":"Alliance des \u00c9tats du Sahel : un message de solidarit\u00e9 burkinab\u00e8 remis \u00e0 Assimi Go\u00efta - Actualit\u00e9s Africaines","robots":{"index":"index","follow":"follow","max-snippet":"max-snippet:-1","max-image-preview":"max-image-preview:large","max-video-preview":"max-video-preview:-1"},"canonical":"http:\/\/www.africascoop.net\/index.php\/2025\/12\/05\/alliance-des-etats-du-sahel-un-message-de-solidarite-burkinabe-remis-a-assimi-goita\/","og_locale":"fr_FR","og_type":"article","og_title":"Alliance des \u00c9tats du Sahel : un message de solidarit\u00e9 burkinab\u00e8 remis \u00e0 Assimi Go\u00efta - Actualit\u00e9s Africaines","og_description":"Le Pr\u00e9sident de la Transition, le G\u00e9n\u00e9ral d\u2019Arm\u00e9e Assimi Go\u00efta, a re\u00e7u ce jeudi 4 d\u00e9cembre 2025 au","og_url":"http:\/\/www.africascoop.net\/index.php\/2025\/12\/05\/alliance-des-etats-du-sahel-un-message-de-solidarite-burkinabe-remis-a-assimi-goita\/","og_site_name":"Actualit\u00e9s Africaines","article_published_time":"2025-12-05T13:18:53+00:00","article_modified_time":"2025-12-05T13:19:24+00:00","og_image":[{"url":"https:\/\/www.africascoop.net\/wp-content\/uploads\/2025\/12\/asso-ib-1024x576.jpg","type":"","width":"","height":""}],"author":"Africascoop","twitter_card":"summary_large_image","twitter_misc":{"\u00c9crit par":"Africascoop","Dur\u00e9e de lecture estim\u00e9e":"2 minutes"},"schema":{"@context":"https:\/\/schema.org","@graph":[{"@type":"Article","@id":"http:\/\/www.africascoop.net\/index.php\/2025\/12\/05\/alliance-des-etats-du-sahel-un-message-de-solidarite-burkinabe-remis-a-assimi-goita\/#article","isPartOf":{"@id":"http:\/\/www.africascoop.net\/index.php\/2025\/12\/05\/alliance-des-etats-du-sahel-un-message-de-solidarite-burkinabe-remis-a-assimi-goita\/"},"author":{"name":"Africascoop","@id":"https:\/\/www.africascoop.net\/#\/schema\/person\/2cbcc632c110d739d93a6b196c67230a"},"headline":"Alliance des \u00c9tats du Sahel : un message de solidarit\u00e9 burkinab\u00e8 remis \u00e0 Assimi Go\u00efta","datePublished":"2025-12-05T13:18:53+00:00","dateModified":"2025-12-05T13:19:24+00:00","mainEntityOfPage":{"@id":"http:\/\/www.africascoop.net\/index.php\/2025\/12\/05\/alliance-des-etats-du-sahel-un-message-de-solidarite-burkinabe-remis-a-assimi-goita\/"},"wordCount":251,"commentCount":0,"publisher":{"@id":"https:\/\/www.africascoop.net\/#organization"},"image":{"@id":"http:\/\/www.africascoop.net\/index.php\/2025\/12\/05\/alliance-des-etats-du-sahel-un-message-de-solidarite-burkinabe-remis-a-assimi-goita\/#primaryimage"},"thumbnailUrl":"https:\/\/www.africascoop.net\/wp-content\/uploads\/2025\/12\/asso-ib-1024x576.jpg","articleSection":["Exclusif","Politique"],"inLanguage":"fr-FR","potentialAction":[{"@type":"CommentAction","name":"Comment","target":["http:\/\/www.africascoop.net\/index.php\/2025\/12\/05\/alliance-des-etats-du-sahel-un-message-de-solidarite-burkinabe-remis-a-assimi-goita\/#respond"]}]},{"@type":"WebPage","@id":"http:\/\/www.africascoop.net\/index.php\/2025\/12\/05\/alliance-des-etats-du-sahel-un-message-de-solidarite-burkinabe-remis-a-assimi-goita\/","url":"http:\/\/www.africascoop.net\/index.php\/2025\/12\/05\/alliance-des-etats-du-sahel-un-message-de-solidarite-burkinabe-remis-a-assimi-goita\/","name":"Alliance des \u00c9tats du Sahel : un message de solidarit\u00e9 burkinab\u00e8 remis \u00e0 Assimi Go\u00efta - Actualit\u00e9s Africaines","isPartOf":{"@id":"https:\/\/www.africascoop.net\/#website"},"primaryImageOfPage":{"@id":"http:\/\/www.africascoop.net\/index.php\/2025\/12\/05\/alliance-des-etats-du-sahel-un-message-de-solidarite-burkinabe-remis-a-assimi-goita\/#primaryimage"},"image":{"@id":"http:\/\/www.africascoop.net\/index.php\/2025\/12\/05\/alliance-des-etats-du-sahel-un-message-de-solidarite-burkinabe-remis-a-assimi-goita\/#primaryimage"},"thumbnailUrl":"https:\/\/www.africascoop.net\/wp-content\/uploads\/2025\/12\/asso-ib-1024x576.jpg","datePublished":"2025-12-05T13:18:53+00:00","dateModified":"2025-12-05T13:19:24+00:00","breadcrumb":{"@id":"http:\/\/www.africascoop.net\/index.php\/2025\/12\/05\/alliance-des-etats-du-sahel-un-message-de-solidarite-burkinabe-remis-a-assimi-goita\/#breadcrumb"},"inLanguage":"fr-FR","potentialAction":[{"@type":"ReadAction","target":["http:\/\/www.africascoop.net\/index.php\/2025\/12\/05\/alliance-des-etats-du-sahel-un-message-de-solidarite-burkinabe-remis-a-assimi-goita\/"]}]},{"@type":"ImageObject","inLanguage":"fr-FR","@id":"http:\/\/www.africascoop.net\/index.php\/2025\/12\/05\/alliance-des-etats-du-sahel-un-message-de-solidarite-burkinabe-remis-a-assimi-goita\/#primaryimage","url":"https:\/\/www.africascoop.net\/wp-content\/uploads\/2025\/12\/asso-ib.jpg","contentUrl":"https:\/\/www.africascoop.net\/wp-content\/uploads\/2025\/12\/asso-ib.jpg","width":1366,"height":768},{"@type":"BreadcrumbList","@id":"http:\/\/www.africascoop.net\/index.php\/2025\/12\/05\/alliance-des-etats-du-sahel-un-message-de-solidarite-burkinabe-remis-a-assimi-goita\/#breadcrumb","itemListElement":[{"@type":"ListItem","position":1,"name":"Accueil","item":"https:\/\/www.africascoop.net\/"},{"@type":"ListItem","position":2,"name":"Alliance des \u00c9tats du Sahel : un message de solidarit\u00e9 burkinab\u00e8 remis \u00e0 Assimi Go\u00efta"}]},{"@type":"WebSite","@id":"https:\/\/www.africascoop.net\/#website","url":"https:\/\/www.africascoop.net\/","name":"Actualit\u00e9s Africaines","description":"","publisher":{"@id":"https:\/\/www.africascoop.net\/#organization"},"potentialAction":[{"@type":"SearchAction","target":{"@type":"EntryPoint","urlTemplate":"https:\/\/www.africascoop.net\/?s={search_term_string}"},"query-input":{"@type":"PropertyValueSpecification","valueRequired":true,"valueName":"search_term_string"}}],"inLanguage":"fr-FR"},{"@type":"Organization","@id":"https:\/\/www.africascoop.net\/#organization","name":"Actualit\u00e9s Africaines","url":"https:\/\/www.africascoop.net\/","logo":{"@type":"ImageObject","inLanguage":"fr-FR","@id":"https:\/\/www.africascoop.net\/#\/schema\/logo\/image\/","url":"https:\/\/www.africascoop.net\/wp-content\/uploads\/2025\/09\/cropped-logo-2.jpg","contentUrl":"https:\/\/www.africascoop.net\/wp-content\/uploads\/2025\/09\/cropped-logo-2.jpg","width":945,"height":591,"caption":"Actualit\u00e9s Africaines"},"image":{"@id":"https:\/\/www.africascoop.net\/#\/schema\/logo\/image\/"}},{"@type":"Person","@id":"https:\/\/www.africascoop.net\/#\/schema\/person\/2cbcc632c110d739d93a6b196c67230a","name":"Africascoop","image":{"@type":"ImageObject","inLanguage":"fr-FR","@id":"https:\/\/www.africascoop.net\/#\/schema\/person\/image\/","url":"https:\/\/secure.gravatar.com\/avatar\/230d851f5173f64fe9487b948bd2daf02707ef49aea942bc1bdad649c82025b9?s=96&d=mm&r=g","contentUrl":"https:\/\/secure.gravatar.com\/avatar\/230d851f5173f64fe9487b948bd2daf02707ef49aea942bc1bdad649c82025b9?s=96&d=mm&r=g","caption":"Africascoop"},"url":"https:\/\/www.africascoop.net\/index.php\/author\/jul\/"}]}},"_links":{"self":[{"href":"https:\/\/www.africascoop.net\/index.php\/wp-json\/wp\/v2\/posts\/902","targetHints":{"allow":["GET"]}}],"collection":[{"href":"https:\/\/www.africascoop.net\/index.php\/wp-json\/wp\/v2\/posts"}],"about":[{"href":"https:\/\/www.africascoop.net\/index.php\/wp-json\/wp\/v2\/types\/post"}],"author":[{"embeddable":true,"href":"https:\/\/www.africascoop.net\/index.php\/wp-json\/wp\/v2\/users\/3"}],"replies":[{"embeddable":true,"href":"https:\/\/www.africascoop.net\/index.php\/wp-json\/wp\/v2\/comments?post=902"}],"version-history":[{"count":1,"href":"https:\/\/www.africascoop.net\/index.php\/wp-json\/wp\/v2\/posts\/902\/revisions"}],"predecessor-version":[{"id":904,"href":"https:\/\/www.africascoop.net\/index.php\/wp-json\/wp\/v2\/posts\/902\/revisions\/904"}],"wp:attachment":[{"href":"https:\/\/www.africascoop.net\/index.php\/wp-json\/wp\/v2\/media?parent=902"}],"wp:term":[{"taxonomy":"category","embeddable":true,"href":"https:\/\/www.africascoop.net\/index.php\/wp-json\/wp\/v2\/categories?post=902"},{"taxonomy":"post_tag","embeddable":true,"href":"https:\/\/www.africascoop.net\/index.php\/wp-json\/wp\/v2\/tags?post=902"}],"curies":[{"name":"wp","href":"https:\/\/api.w.org\/{rel}","templated":true}]}}