{"id":990,"date":"2025-12-16T17:56:15","date_gmt":"2025-12-16T17:56:15","guid":{"rendered":"https:\/\/www.africascoop.net\/?p=990"},"modified":"2025-12-16T17:56:20","modified_gmt":"2025-12-16T17:56:20","slug":"fama-des-bases-terroristes-detruites-lors-dune-operation-aerienne-dans-la-region-de-bougouni","status":"publish","type":"post","link":"https:\/\/www.africascoop.net\/index.php\/2025\/12\/16\/fama-des-bases-terroristes-detruites-lors-dune-operation-aerienne-dans-la-region-de-bougouni\/","title":{"rendered":"FAMa : des bases terroristes d\u00e9truites lors d\u2019une op\u00e9ration a\u00e9rienne dans la r\u00e9gion de Bougouni"},"content":{"rendered":"\n<figure class=\"wp-block-image size-large\"><img loading=\"lazy\" decoding=\"async\" width=\"1024\" height=\"576\" src=\"https:\/\/www.africascoop.net\/wp-content\/uploads\/2025\/12\/famas-1024x576.jpg\" alt=\"\" class=\"wp-image-991\" srcset=\"https:\/\/www.africascoop.net\/wp-content\/uploads\/2025\/12\/famas-1024x576.jpg 1024w, https:\/\/www.africascoop.net\/wp-content\/uploads\/2025\/12\/famas-300x169.jpg 300w, https:\/\/www.africascoop.net\/wp-content\/uploads\/2025\/12\/famas-768x432.jpg 768w, https:\/\/www.africascoop.net\/wp-content\/uploads\/2025\/12\/famas.jpg 1366w\" sizes=\"auto, (max-width: 1024px) 100vw, 1024px\" \/><\/figure>\n\n\n\n<p><strong><em>Les Forces arm\u00e9es maliennes (FAMa) ont men\u00e9 avec succ\u00e8s une op\u00e9ration a\u00e9rienne contre des groupes arm\u00e9s terroristes dans la r\u00e9gion de Bougouni. L\u2019intervention, conduite dans le cadre d\u2019une mission d\u2019appui a\u00e9rien \u00e0 un convoi de carburant, s\u2019est d\u00e9roul\u00e9e sur l\u2019axe Kadiana-Kolondi\u00e9ba-Bougouni, selon un communiqu\u00e9 de l\u2019\u00c9tat-Major g\u00e9n\u00e9ral des Arm\u00e9es publi\u00e9 le 16 d\u00e9cembre 2025 \u00e0 Bamako.<\/em><\/strong><\/p>\n\n\n\n<p>Au cours de cette op\u00e9ration, l\u2019aviation des FAMa a cibl\u00e9 et d\u00e9truit deux bases terroristes dissimul\u00e9es en zone foresti\u00e8re. La premi\u00e8re se situait \u00e0 l\u2019est de la localit\u00e9 de Kolondi\u00e9ba, tandis que la seconde a \u00e9t\u00e9 rep\u00e9r\u00e9e au sud-est de Wakoro. Les frappes ont permis de neutraliser plusieurs combattants terroristes et de d\u00e9truire d\u2019importants mat\u00e9riels logistiques appartenant aux groupes arm\u00e9s.<\/p>\n\n\n\n<p>L\u2019\u00c9tat-Major g\u00e9n\u00e9ral des Arm\u00e9es a salu\u00e9 la r\u00e9activit\u00e9 et la proactivit\u00e9 des unit\u00e9s engag\u00e9es sur le terrain, soulignant l\u2019efficacit\u00e9 de la coordination entre les forces a\u00e9riennes et les \u00e9l\u00e9ments d\u00e9ploy\u00e9s au sol pour la s\u00e9curisation du convoi. Cette action s\u2019inscrit dans les efforts continus des FAMa visant \u00e0 garantir la libre circulation des biens strat\u00e9giques et \u00e0 renforcer la s\u00e9curit\u00e9 des populations.<\/p>\n\n\n\n<p>Dans son communiqu\u00e9, le haut commandement militaire a encourag\u00e9 les forces \u00e0 poursuivre cette dynamique sur l\u2019ensemble du territoire national, r\u00e9affirmant la d\u00e9termination des FAMa \u00e0 lutter contre les groupes arm\u00e9s terroristes sous toutes leurs formes.<\/p>\n\n\n\n<p>\u00ab Unis, nous vaincrons \u00bb, a conclu l\u2019\u00c9tat-Major g\u00e9n\u00e9ral des Arm\u00e9es, r\u00e9it\u00e9rant son engagement \u00e0 d\u00e9fendre l\u2019int\u00e9grit\u00e9 territoriale et la souverainet\u00e9 du Mali.<\/p>\n\n\n\n<p>Par ABK<\/p>\n","protected":false},"excerpt":{"rendered":"<p>Les Forces arm\u00e9es maliennes (FAMa) ont men\u00e9 avec succ\u00e8s une op\u00e9ration a\u00e9rienne contre des groupes arm\u00e9s terroristes dans<\/p>\n","protected":false},"author":3,"featured_media":0,"comment_status":"open","ping_status":"open","sticky":false,"template":"","format":"standard","meta":{"footnotes":""},"categories":[36,7],"tags":[],"class_list":["post-990","post","type-post","status-publish","format-standard","hentry","category-exclusif","category-securite"],"yoast_head":"<!-- This site is optimized with the Yoast SEO plugin v26.0 - https:\/\/yoast.com\/wordpress\/plugins\/seo\/ -->\n<title>FAMa : des bases terroristes d\u00e9truites lors d\u2019une op\u00e9ration a\u00e9rienne dans la r\u00e9gion de Bougouni - Actualit\u00e9s Africaines<\/title>\n<meta name=\"robots\" content=\"index, follow, max-snippet:-1, max-image-preview:large, max-video-preview:-1\" \/>\n<link rel=\"canonical\" href=\"http:\/\/www.africascoop.net\/index.php\/2025\/12\/16\/fama-des-bases-terroristes-detruites-lors-dune-operation-aerienne-dans-la-region-de-bougouni\/\" \/>\n<meta property=\"og:locale\" content=\"fr_FR\" \/>\n<meta property=\"og:type\" content=\"article\" \/>\n<meta property=\"og:title\" content=\"FAMa : des bases terroristes d\u00e9truites lors d\u2019une op\u00e9ration a\u00e9rienne dans la r\u00e9gion de Bougouni - Actualit\u00e9s Africaines\" \/>\n<meta property=\"og:description\" content=\"Les Forces arm\u00e9es maliennes (FAMa) ont men\u00e9 avec succ\u00e8s une op\u00e9ration a\u00e9rienne contre des groupes arm\u00e9s terroristes dans\" \/>\n<meta property=\"og:url\" content=\"http:\/\/www.africascoop.net\/index.php\/2025\/12\/16\/fama-des-bases-terroristes-detruites-lors-dune-operation-aerienne-dans-la-region-de-bougouni\/\" \/>\n<meta property=\"og:site_name\" content=\"Actualit\u00e9s Africaines\" \/>\n<meta property=\"article:published_time\" content=\"2025-12-16T17:56:15+00:00\" \/>\n<meta property=\"article:modified_time\" content=\"2025-12-16T17:56:20+00:00\" \/>\n<meta property=\"og:image\" content=\"https:\/\/www.africascoop.net\/wp-content\/uploads\/2025\/12\/famas-1024x576.jpg\" \/>\n<meta name=\"author\" content=\"Africascoop\" \/>\n<meta name=\"twitter:card\" content=\"summary_large_image\" \/>\n<meta name=\"twitter:label1\" content=\"\u00c9crit par\" \/>\n\t<meta name=\"twitter:data1\" content=\"Africascoop\" \/>\n\t<meta name=\"twitter:label2\" content=\"Dur\u00e9e de lecture estim\u00e9e\" \/>\n\t<meta name=\"twitter:data2\" content=\"2 minutes\" \/>\n<script type=\"application\/ld+json\" class=\"yoast-schema-graph\">{\"@context\":\"https:\/\/schema.org\",\"@graph\":[{\"@type\":\"Article\",\"@id\":\"http:\/\/www.africascoop.net\/index.php\/2025\/12\/16\/fama-des-bases-terroristes-detruites-lors-dune-operation-aerienne-dans-la-region-de-bougouni\/#article\",\"isPartOf\":{\"@id\":\"http:\/\/www.africascoop.net\/index.php\/2025\/12\/16\/fama-des-bases-terroristes-detruites-lors-dune-operation-aerienne-dans-la-region-de-bougouni\/\"},\"author\":{\"name\":\"Africascoop\",\"@id\":\"http:\/\/www.africascoop.net\/#\/schema\/person\/2cbcc632c110d739d93a6b196c67230a\"},\"headline\":\"FAMa : des bases terroristes d\u00e9truites lors d\u2019une op\u00e9ration a\u00e9rienne dans la r\u00e9gion de Bougouni\",\"datePublished\":\"2025-12-16T17:56:15+00:00\",\"dateModified\":\"2025-12-16T17:56:20+00:00\",\"mainEntityOfPage\":{\"@id\":\"http:\/\/www.africascoop.net\/index.php\/2025\/12\/16\/fama-des-bases-terroristes-detruites-lors-dune-operation-aerienne-dans-la-region-de-bougouni\/\"},\"wordCount\":309,\"commentCount\":0,\"publisher\":{\"@id\":\"http:\/\/www.africascoop.net\/#organization\"},\"image\":{\"@id\":\"http:\/\/www.africascoop.net\/index.php\/2025\/12\/16\/fama-des-bases-terroristes-detruites-lors-dune-operation-aerienne-dans-la-region-de-bougouni\/#primaryimage\"},\"thumbnailUrl\":\"https:\/\/www.africascoop.net\/wp-content\/uploads\/2025\/12\/famas-1024x576.jpg\",\"articleSection\":[\"Exclusif\",\"S\u00e9curit\u00e9\"],\"inLanguage\":\"fr-FR\",\"potentialAction\":[{\"@type\":\"CommentAction\",\"name\":\"Comment\",\"target\":[\"http:\/\/www.africascoop.net\/index.php\/2025\/12\/16\/fama-des-bases-terroristes-detruites-lors-dune-operation-aerienne-dans-la-region-de-bougouni\/#respond\"]}]},{\"@type\":\"WebPage\",\"@id\":\"http:\/\/www.africascoop.net\/index.php\/2025\/12\/16\/fama-des-bases-terroristes-detruites-lors-dune-operation-aerienne-dans-la-region-de-bougouni\/\",\"url\":\"http:\/\/www.africascoop.net\/index.php\/2025\/12\/16\/fama-des-bases-terroristes-detruites-lors-dune-operation-aerienne-dans-la-region-de-bougouni\/\",\"name\":\"FAMa : des bases terroristes d\u00e9truites lors d\u2019une op\u00e9ration a\u00e9rienne dans la r\u00e9gion de Bougouni - Actualit\u00e9s Africaines\",\"isPartOf\":{\"@id\":\"http:\/\/www.africascoop.net\/#website\"},\"primaryImageOfPage\":{\"@id\":\"http:\/\/www.africascoop.net\/index.php\/2025\/12\/16\/fama-des-bases-terroristes-detruites-lors-dune-operation-aerienne-dans-la-region-de-bougouni\/#primaryimage\"},\"image\":{\"@id\":\"http:\/\/www.africascoop.net\/index.php\/2025\/12\/16\/fama-des-bases-terroristes-detruites-lors-dune-operation-aerienne-dans-la-region-de-bougouni\/#primaryimage\"},\"thumbnailUrl\":\"https:\/\/www.africascoop.net\/wp-content\/uploads\/2025\/12\/famas-1024x576.jpg\",\"datePublished\":\"2025-12-16T17:56:15+00:00\",\"dateModified\":\"2025-12-16T17:56:20+00:00\",\"breadcrumb\":{\"@id\":\"http:\/\/www.africascoop.net\/index.php\/2025\/12\/16\/fama-des-bases-terroristes-detruites-lors-dune-operation-aerienne-dans-la-region-de-bougouni\/#breadcrumb\"},\"inLanguage\":\"fr-FR\",\"potentialAction\":[{\"@type\":\"ReadAction\",\"target\":[\"http:\/\/www.africascoop.net\/index.php\/2025\/12\/16\/fama-des-bases-terroristes-detruites-lors-dune-operation-aerienne-dans-la-region-de-bougouni\/\"]}]},{\"@type\":\"ImageObject\",\"inLanguage\":\"fr-FR\",\"@id\":\"http:\/\/www.africascoop.net\/index.php\/2025\/12\/16\/fama-des-bases-terroristes-detruites-lors-dune-operation-aerienne-dans-la-region-de-bougouni\/#primaryimage\",\"url\":\"https:\/\/www.africascoop.net\/wp-content\/uploads\/2025\/12\/famas.jpg\",\"contentUrl\":\"https:\/\/www.africascoop.net\/wp-content\/uploads\/2025\/12\/famas.jpg\",\"width\":1366,\"height\":768},{\"@type\":\"BreadcrumbList\",\"@id\":\"http:\/\/www.africascoop.net\/index.php\/2025\/12\/16\/fama-des-bases-terroristes-detruites-lors-dune-operation-aerienne-dans-la-region-de-bougouni\/#breadcrumb\",\"itemListElement\":[{\"@type\":\"ListItem\",\"position\":1,\"name\":\"Accueil\",\"item\":\"http:\/\/www.africascoop.net\/\"},{\"@type\":\"ListItem\",\"position\":2,\"name\":\"FAMa : des bases terroristes d\u00e9truites lors d\u2019une op\u00e9ration a\u00e9rienne dans la r\u00e9gion de Bougouni\"}]},{\"@type\":\"WebSite\",\"@id\":\"http:\/\/www.africascoop.net\/#website\",\"url\":\"http:\/\/www.africascoop.net\/\",\"name\":\"Actualit\u00e9s Africaines\",\"description\":\"\",\"publisher\":{\"@id\":\"http:\/\/www.africascoop.net\/#organization\"},\"potentialAction\":[{\"@type\":\"SearchAction\",\"target\":{\"@type\":\"EntryPoint\",\"urlTemplate\":\"http:\/\/www.africascoop.net\/?s={search_term_string}\"},\"query-input\":{\"@type\":\"PropertyValueSpecification\",\"valueRequired\":true,\"valueName\":\"search_term_string\"}}],\"inLanguage\":\"fr-FR\"},{\"@type\":\"Organization\",\"@id\":\"http:\/\/www.africascoop.net\/#organization\",\"name\":\"Actualit\u00e9s Africaines\",\"url\":\"http:\/\/www.africascoop.net\/\",\"logo\":{\"@type\":\"ImageObject\",\"inLanguage\":\"fr-FR\",\"@id\":\"http:\/\/www.africascoop.net\/#\/schema\/logo\/image\/\",\"url\":\"https:\/\/www.africascoop.net\/wp-content\/uploads\/2025\/09\/cropped-logo-2.jpg\",\"contentUrl\":\"https:\/\/www.africascoop.net\/wp-content\/uploads\/2025\/09\/cropped-logo-2.jpg\",\"width\":945,\"height\":591,\"caption\":\"Actualit\u00e9s Africaines\"},\"image\":{\"@id\":\"http:\/\/www.africascoop.net\/#\/schema\/logo\/image\/\"}},{\"@type\":\"Person\",\"@id\":\"http:\/\/www.africascoop.net\/#\/schema\/person\/2cbcc632c110d739d93a6b196c67230a\",\"name\":\"Africascoop\",\"image\":{\"@type\":\"ImageObject\",\"inLanguage\":\"fr-FR\",\"@id\":\"http:\/\/www.africascoop.net\/#\/schema\/person\/image\/\",\"url\":\"https:\/\/secure.gravatar.com\/avatar\/230d851f5173f64fe9487b948bd2daf02707ef49aea942bc1bdad649c82025b9?s=96&d=mm&r=g\",\"contentUrl\":\"https:\/\/secure.gravatar.com\/avatar\/230d851f5173f64fe9487b948bd2daf02707ef49aea942bc1bdad649c82025b9?s=96&d=mm&r=g\",\"caption\":\"Africascoop\"},\"url\":\"https:\/\/www.africascoop.net\/index.php\/author\/jul\/\"}]}<\/script>\n<!-- \/ Yoast SEO plugin. -->","yoast_head_json":{"title":"FAMa : des bases terroristes d\u00e9truites lors d\u2019une op\u00e9ration a\u00e9rienne dans la r\u00e9gion de Bougouni - Actualit\u00e9s Africaines","robots":{"index":"index","follow":"follow","max-snippet":"max-snippet:-1","max-image-preview":"max-image-preview:large","max-video-preview":"max-video-preview:-1"},"canonical":"http:\/\/www.africascoop.net\/index.php\/2025\/12\/16\/fama-des-bases-terroristes-detruites-lors-dune-operation-aerienne-dans-la-region-de-bougouni\/","og_locale":"fr_FR","og_type":"article","og_title":"FAMa : des bases terroristes d\u00e9truites lors d\u2019une op\u00e9ration a\u00e9rienne dans la r\u00e9gion de Bougouni - Actualit\u00e9s Africaines","og_description":"Les Forces arm\u00e9es maliennes (FAMa) ont men\u00e9 avec succ\u00e8s une op\u00e9ration a\u00e9rienne contre des groupes arm\u00e9s terroristes dans","og_url":"http:\/\/www.africascoop.net\/index.php\/2025\/12\/16\/fama-des-bases-terroristes-detruites-lors-dune-operation-aerienne-dans-la-region-de-bougouni\/","og_site_name":"Actualit\u00e9s Africaines","article_published_time":"2025-12-16T17:56:15+00:00","article_modified_time":"2025-12-16T17:56:20+00:00","og_image":[{"url":"https:\/\/www.africascoop.net\/wp-content\/uploads\/2025\/12\/famas-1024x576.jpg","type":"","width":"","height":""}],"author":"Africascoop","twitter_card":"summary_large_image","twitter_misc":{"\u00c9crit par":"Africascoop","Dur\u00e9e de lecture estim\u00e9e":"2 minutes"},"schema":{"@context":"https:\/\/schema.org","@graph":[{"@type":"Article","@id":"http:\/\/www.africascoop.net\/index.php\/2025\/12\/16\/fama-des-bases-terroristes-detruites-lors-dune-operation-aerienne-dans-la-region-de-bougouni\/#article","isPartOf":{"@id":"http:\/\/www.africascoop.net\/index.php\/2025\/12\/16\/fama-des-bases-terroristes-detruites-lors-dune-operation-aerienne-dans-la-region-de-bougouni\/"},"author":{"name":"Africascoop","@id":"http:\/\/www.africascoop.net\/#\/schema\/person\/2cbcc632c110d739d93a6b196c67230a"},"headline":"FAMa : des bases terroristes d\u00e9truites lors d\u2019une op\u00e9ration a\u00e9rienne dans la r\u00e9gion de Bougouni","datePublished":"2025-12-16T17:56:15+00:00","dateModified":"2025-12-16T17:56:20+00:00","mainEntityOfPage":{"@id":"http:\/\/www.africascoop.net\/index.php\/2025\/12\/16\/fama-des-bases-terroristes-detruites-lors-dune-operation-aerienne-dans-la-region-de-bougouni\/"},"wordCount":309,"commentCount":0,"publisher":{"@id":"http:\/\/www.africascoop.net\/#organization"},"image":{"@id":"http:\/\/www.africascoop.net\/index.php\/2025\/12\/16\/fama-des-bases-terroristes-detruites-lors-dune-operation-aerienne-dans-la-region-de-bougouni\/#primaryimage"},"thumbnailUrl":"https:\/\/www.africascoop.net\/wp-content\/uploads\/2025\/12\/famas-1024x576.jpg","articleSection":["Exclusif","S\u00e9curit\u00e9"],"inLanguage":"fr-FR","potentialAction":[{"@type":"CommentAction","name":"Comment","target":["http:\/\/www.africascoop.net\/index.php\/2025\/12\/16\/fama-des-bases-terroristes-detruites-lors-dune-operation-aerienne-dans-la-region-de-bougouni\/#respond"]}]},{"@type":"WebPage","@id":"http:\/\/www.africascoop.net\/index.php\/2025\/12\/16\/fama-des-bases-terroristes-detruites-lors-dune-operation-aerienne-dans-la-region-de-bougouni\/","url":"http:\/\/www.africascoop.net\/index.php\/2025\/12\/16\/fama-des-bases-terroristes-detruites-lors-dune-operation-aerienne-dans-la-region-de-bougouni\/","name":"FAMa : des bases terroristes d\u00e9truites lors d\u2019une op\u00e9ration a\u00e9rienne dans la r\u00e9gion de Bougouni - Actualit\u00e9s Africaines","isPartOf":{"@id":"http:\/\/www.africascoop.net\/#website"},"primaryImageOfPage":{"@id":"http:\/\/www.africascoop.net\/index.php\/2025\/12\/16\/fama-des-bases-terroristes-detruites-lors-dune-operation-aerienne-dans-la-region-de-bougouni\/#primaryimage"},"image":{"@id":"http:\/\/www.africascoop.net\/index.php\/2025\/12\/16\/fama-des-bases-terroristes-detruites-lors-dune-operation-aerienne-dans-la-region-de-bougouni\/#primaryimage"},"thumbnailUrl":"https:\/\/www.africascoop.net\/wp-content\/uploads\/2025\/12\/famas-1024x576.jpg","datePublished":"2025-12-16T17:56:15+00:00","dateModified":"2025-12-16T17:56:20+00:00","breadcrumb":{"@id":"http:\/\/www.africascoop.net\/index.php\/2025\/12\/16\/fama-des-bases-terroristes-detruites-lors-dune-operation-aerienne-dans-la-region-de-bougouni\/#breadcrumb"},"inLanguage":"fr-FR","potentialAction":[{"@type":"ReadAction","target":["http:\/\/www.africascoop.net\/index.php\/2025\/12\/16\/fama-des-bases-terroristes-detruites-lors-dune-operation-aerienne-dans-la-region-de-bougouni\/"]}]},{"@type":"ImageObject","inLanguage":"fr-FR","@id":"http:\/\/www.africascoop.net\/index.php\/2025\/12\/16\/fama-des-bases-terroristes-detruites-lors-dune-operation-aerienne-dans-la-region-de-bougouni\/#primaryimage","url":"https:\/\/www.africascoop.net\/wp-content\/uploads\/2025\/12\/famas.jpg","contentUrl":"https:\/\/www.africascoop.net\/wp-content\/uploads\/2025\/12\/famas.jpg","width":1366,"height":768},{"@type":"BreadcrumbList","@id":"http:\/\/www.africascoop.net\/index.php\/2025\/12\/16\/fama-des-bases-terroristes-detruites-lors-dune-operation-aerienne-dans-la-region-de-bougouni\/#breadcrumb","itemListElement":[{"@type":"ListItem","position":1,"name":"Accueil","item":"http:\/\/www.africascoop.net\/"},{"@type":"ListItem","position":2,"name":"FAMa : des bases terroristes d\u00e9truites lors d\u2019une op\u00e9ration a\u00e9rienne dans la r\u00e9gion de Bougouni"}]},{"@type":"WebSite","@id":"http:\/\/www.africascoop.net\/#website","url":"http:\/\/www.africascoop.net\/","name":"Actualit\u00e9s Africaines","description":"","publisher":{"@id":"http:\/\/www.africascoop.net\/#organization"},"potentialAction":[{"@type":"SearchAction","target":{"@type":"EntryPoint","urlTemplate":"http:\/\/www.africascoop.net\/?s={search_term_string}"},"query-input":{"@type":"PropertyValueSpecification","valueRequired":true,"valueName":"search_term_string"}}],"inLanguage":"fr-FR"},{"@type":"Organization","@id":"http:\/\/www.africascoop.net\/#organization","name":"Actualit\u00e9s Africaines","url":"http:\/\/www.africascoop.net\/","logo":{"@type":"ImageObject","inLanguage":"fr-FR","@id":"http:\/\/www.africascoop.net\/#\/schema\/logo\/image\/","url":"https:\/\/www.africascoop.net\/wp-content\/uploads\/2025\/09\/cropped-logo-2.jpg","contentUrl":"https:\/\/www.africascoop.net\/wp-content\/uploads\/2025\/09\/cropped-logo-2.jpg","width":945,"height":591,"caption":"Actualit\u00e9s Africaines"},"image":{"@id":"http:\/\/www.africascoop.net\/#\/schema\/logo\/image\/"}},{"@type":"Person","@id":"http:\/\/www.africascoop.net\/#\/schema\/person\/2cbcc632c110d739d93a6b196c67230a","name":"Africascoop","image":{"@type":"ImageObject","inLanguage":"fr-FR","@id":"http:\/\/www.africascoop.net\/#\/schema\/person\/image\/","url":"https:\/\/secure.gravatar.com\/avatar\/230d851f5173f64fe9487b948bd2daf02707ef49aea942bc1bdad649c82025b9?s=96&d=mm&r=g","contentUrl":"https:\/\/secure.gravatar.com\/avatar\/230d851f5173f64fe9487b948bd2daf02707ef49aea942bc1bdad649c82025b9?s=96&d=mm&r=g","caption":"Africascoop"},"url":"https:\/\/www.africascoop.net\/index.php\/author\/jul\/"}]}},"_links":{"self":[{"href":"https:\/\/www.africascoop.net\/index.php\/wp-json\/wp\/v2\/posts\/990","targetHints":{"allow":["GET"]}}],"collection":[{"href":"https:\/\/www.africascoop.net\/index.php\/wp-json\/wp\/v2\/posts"}],"about":[{"href":"https:\/\/www.africascoop.net\/index.php\/wp-json\/wp\/v2\/types\/post"}],"author":[{"embeddable":true,"href":"https:\/\/www.africascoop.net\/index.php\/wp-json\/wp\/v2\/users\/3"}],"replies":[{"embeddable":true,"href":"https:\/\/www.africascoop.net\/index.php\/wp-json\/wp\/v2\/comments?post=990"}],"version-history":[{"count":1,"href":"https:\/\/www.africascoop.net\/index.php\/wp-json\/wp\/v2\/posts\/990\/revisions"}],"predecessor-version":[{"id":992,"href":"https:\/\/www.africascoop.net\/index.php\/wp-json\/wp\/v2\/posts\/990\/revisions\/992"}],"wp:attachment":[{"href":"https:\/\/www.africascoop.net\/index.php\/wp-json\/wp\/v2\/media?parent=990"}],"wp:term":[{"taxonomy":"category","embeddable":true,"href":"https:\/\/www.africascoop.net\/index.php\/wp-json\/wp\/v2\/categories?post=990"},{"taxonomy":"post_tag","embeddable":true,"href":"https:\/\/www.africascoop.net\/index.php\/wp-json\/wp\/v2\/tags?post=990"}],"curies":[{"name":"wp","href":"https:\/\/api.w.org\/{rel}","templated":true}]}}