{"id":996,"date":"2025-12-17T11:18:41","date_gmt":"2025-12-17T11:18:41","guid":{"rendered":"https:\/\/www.africascoop.net\/?p=996"},"modified":"2025-12-17T11:18:47","modified_gmt":"2025-12-17T11:18:47","slug":"mali-le-precheur-aboubacar-sow-sattaque-a-la-propagande-terroriste","status":"publish","type":"post","link":"https:\/\/www.africascoop.net\/index.php\/2025\/12\/17\/mali-le-precheur-aboubacar-sow-sattaque-a-la-propagande-terroriste\/","title":{"rendered":"Mali : le pr\u00eacheur Aboubacar Sow s\u2019attaque \u00e0 la propagande terroriste"},"content":{"rendered":"\n<figure class=\"wp-block-image size-full\"><img loading=\"lazy\" decoding=\"async\" width=\"1366\" height=\"768\" src=\"https:\/\/www.africascoop.net\/wp-content\/uploads\/2025\/12\/sow.jpg\" alt=\"\" class=\"wp-image-998\" srcset=\"https:\/\/www.africascoop.net\/wp-content\/uploads\/2025\/12\/sow.jpg 1366w, https:\/\/www.africascoop.net\/wp-content\/uploads\/2025\/12\/sow-300x169.jpg 300w, https:\/\/www.africascoop.net\/wp-content\/uploads\/2025\/12\/sow-1024x576.jpg 1024w, https:\/\/www.africascoop.net\/wp-content\/uploads\/2025\/12\/sow-768x432.jpg 768w\" sizes=\"auto, (max-width: 1366px) 100vw, 1366px\" \/><\/figure>\n\n\n\n<p><strong><em>\u00c0 Bamako, Aboubacar Sow, pr\u00eacheur engag\u00e9 et pr\u00e9sident de l\u2019Association des Trois Testaments pour la Paix, a d\u00e9cid\u00e9 de frapper fort contre la diffusion de vid\u00e9os terroristes sur les r\u00e9seaux sociaux. Le 11 d\u00e9cembre 2025, il a saisi la justice malienne apr\u00e8s la circulation sur TikTok de contenus attribu\u00e9s \u00e0 Naby Diarra, alias Moussa Naby Diarra Coulibaly, et \u00e0 deux autres individus arm\u00e9s.<\/em><\/strong><\/p>\n\n\n\n<p>Dans un proc\u00e8s-verbal dress\u00e9 par un huissier-commissaire de justice pr\u00e8s la Cour d\u2019appel de Bamako, \u00e0 la demande d\u2019Aboubacar Sow, cinq vid\u00e9os publi\u00e9es le 17 novembre 2025 ont \u00e9t\u00e9 re\u00e7ues et int\u00e9gralement transcrites. L\u2019objectif : constituer un dossier solide pour une plainte devant le P\u00f4le judiciaire sp\u00e9cialis\u00e9 en mati\u00e8re de terrorisme et de crimes transfrontaliers.<\/p>\n\n\n\n<p>Ces vid\u00e9os, tenues principalement en bambara, comportent des appels explicites au terrorisme, des menaces contre l\u2019\u00c9tat, les forces de d\u00e9fense et des civils, et des justifications de violences dans des r\u00e9gions comme Sikasso. Les auteurs y revendiquent des actes de sabotage li\u00e9s \u00e0 la crise du carburant et appellent \u00e0 des repr\u00e9sailles contre ceux qui ne suivraient pas leurs directives.<\/p>\n\n\n\n<p>Pr\u00eacheur et d\u00e9fenseur de la paix, Aboubacar Sow d\u00e9nonce un grave pr\u00e9judice port\u00e9 \u00e0 l\u2019islam, aux autres confessions et aux autorit\u00e9s de la R\u00e9publique. Son engagement d\u00e9passe la simple action judiciaire : il appelle \u00e0 la vigilance face \u00e0 la manipulation religieuse et \u00e0 l\u2019instrumentalisation de la foi pour la violence.<\/p>\n\n\n\n<p>Par cette initiative, Aboubacar Sow entend prot\u00e9ger la coh\u00e9sion sociale, sensibiliser les citoyens et inciter les autorit\u00e9s \u00e0 agir contre la propagation de la radicalisation en ligne, alors que TikTok et d\u2019autres plateformes deviennent des vecteurs de propagande terroriste.<\/p>\n\n\n\n<p>Par Abdrahamane Baba Kouyat\u00e9<\/p>\n","protected":false},"excerpt":{"rendered":"<p>\u00c0 Bamako, Aboubacar Sow, pr\u00eacheur engag\u00e9 et pr\u00e9sident de l\u2019Association des Trois Testaments pour la Paix, a d\u00e9cid\u00e9<\/p>\n","protected":false},"author":3,"featured_media":0,"comment_status":"open","ping_status":"open","sticky":false,"template":"","format":"standard","meta":{"footnotes":""},"categories":[36,42],"tags":[],"class_list":["post-996","post","type-post","status-publish","format-standard","hentry","category-exclusif","category-justice"],"yoast_head":"<!-- This site is optimized with the Yoast SEO plugin v26.0 - https:\/\/yoast.com\/wordpress\/plugins\/seo\/ -->\n<title>Mali : le pr\u00eacheur Aboubacar Sow s\u2019attaque \u00e0 la propagande terroriste - Actualit\u00e9s Africaines<\/title>\n<meta name=\"robots\" content=\"index, follow, max-snippet:-1, max-image-preview:large, max-video-preview:-1\" \/>\n<link rel=\"canonical\" href=\"https:\/\/www.africascoop.net\/index.php\/2025\/12\/17\/mali-le-precheur-aboubacar-sow-sattaque-a-la-propagande-terroriste\/\" \/>\n<meta property=\"og:locale\" content=\"fr_FR\" \/>\n<meta property=\"og:type\" content=\"article\" \/>\n<meta property=\"og:title\" content=\"Mali : le pr\u00eacheur Aboubacar Sow s\u2019attaque \u00e0 la propagande terroriste - Actualit\u00e9s Africaines\" \/>\n<meta property=\"og:description\" content=\"\u00c0 Bamako, Aboubacar Sow, pr\u00eacheur engag\u00e9 et pr\u00e9sident de l\u2019Association des Trois Testaments pour la Paix, a d\u00e9cid\u00e9\" \/>\n<meta property=\"og:url\" content=\"https:\/\/www.africascoop.net\/index.php\/2025\/12\/17\/mali-le-precheur-aboubacar-sow-sattaque-a-la-propagande-terroriste\/\" \/>\n<meta property=\"og:site_name\" content=\"Actualit\u00e9s Africaines\" \/>\n<meta property=\"article:published_time\" content=\"2025-12-17T11:18:41+00:00\" \/>\n<meta property=\"article:modified_time\" content=\"2025-12-17T11:18:47+00:00\" \/>\n<meta property=\"og:image\" content=\"https:\/\/www.africascoop.net\/wp-content\/uploads\/2025\/12\/sow.jpg\" \/>\n<meta name=\"author\" content=\"Africascoop\" \/>\n<meta name=\"twitter:card\" content=\"summary_large_image\" \/>\n<meta name=\"twitter:label1\" content=\"\u00c9crit par\" \/>\n\t<meta name=\"twitter:data1\" content=\"Africascoop\" \/>\n\t<meta name=\"twitter:label2\" content=\"Dur\u00e9e de lecture estim\u00e9e\" \/>\n\t<meta name=\"twitter:data2\" content=\"2 minutes\" \/>\n<script type=\"application\/ld+json\" class=\"yoast-schema-graph\">{\"@context\":\"https:\/\/schema.org\",\"@graph\":[{\"@type\":\"Article\",\"@id\":\"https:\/\/www.africascoop.net\/index.php\/2025\/12\/17\/mali-le-precheur-aboubacar-sow-sattaque-a-la-propagande-terroriste\/#article\",\"isPartOf\":{\"@id\":\"https:\/\/www.africascoop.net\/index.php\/2025\/12\/17\/mali-le-precheur-aboubacar-sow-sattaque-a-la-propagande-terroriste\/\"},\"author\":{\"name\":\"Africascoop\",\"@id\":\"http:\/\/www.africascoop.net\/#\/schema\/person\/2cbcc632c110d739d93a6b196c67230a\"},\"headline\":\"Mali : le pr\u00eacheur Aboubacar Sow s\u2019attaque \u00e0 la propagande terroriste\",\"datePublished\":\"2025-12-17T11:18:41+00:00\",\"dateModified\":\"2025-12-17T11:18:47+00:00\",\"mainEntityOfPage\":{\"@id\":\"https:\/\/www.africascoop.net\/index.php\/2025\/12\/17\/mali-le-precheur-aboubacar-sow-sattaque-a-la-propagande-terroriste\/\"},\"wordCount\":307,\"commentCount\":0,\"publisher\":{\"@id\":\"http:\/\/www.africascoop.net\/#organization\"},\"image\":{\"@id\":\"https:\/\/www.africascoop.net\/index.php\/2025\/12\/17\/mali-le-precheur-aboubacar-sow-sattaque-a-la-propagande-terroriste\/#primaryimage\"},\"thumbnailUrl\":\"https:\/\/www.africascoop.net\/wp-content\/uploads\/2025\/12\/sow.jpg\",\"articleSection\":[\"Exclusif\",\"Justice\"],\"inLanguage\":\"fr-FR\",\"potentialAction\":[{\"@type\":\"CommentAction\",\"name\":\"Comment\",\"target\":[\"https:\/\/www.africascoop.net\/index.php\/2025\/12\/17\/mali-le-precheur-aboubacar-sow-sattaque-a-la-propagande-terroriste\/#respond\"]}]},{\"@type\":\"WebPage\",\"@id\":\"https:\/\/www.africascoop.net\/index.php\/2025\/12\/17\/mali-le-precheur-aboubacar-sow-sattaque-a-la-propagande-terroriste\/\",\"url\":\"https:\/\/www.africascoop.net\/index.php\/2025\/12\/17\/mali-le-precheur-aboubacar-sow-sattaque-a-la-propagande-terroriste\/\",\"name\":\"Mali : le pr\u00eacheur Aboubacar Sow s\u2019attaque \u00e0 la propagande terroriste - Actualit\u00e9s Africaines\",\"isPartOf\":{\"@id\":\"http:\/\/www.africascoop.net\/#website\"},\"primaryImageOfPage\":{\"@id\":\"https:\/\/www.africascoop.net\/index.php\/2025\/12\/17\/mali-le-precheur-aboubacar-sow-sattaque-a-la-propagande-terroriste\/#primaryimage\"},\"image\":{\"@id\":\"https:\/\/www.africascoop.net\/index.php\/2025\/12\/17\/mali-le-precheur-aboubacar-sow-sattaque-a-la-propagande-terroriste\/#primaryimage\"},\"thumbnailUrl\":\"https:\/\/www.africascoop.net\/wp-content\/uploads\/2025\/12\/sow.jpg\",\"datePublished\":\"2025-12-17T11:18:41+00:00\",\"dateModified\":\"2025-12-17T11:18:47+00:00\",\"breadcrumb\":{\"@id\":\"https:\/\/www.africascoop.net\/index.php\/2025\/12\/17\/mali-le-precheur-aboubacar-sow-sattaque-a-la-propagande-terroriste\/#breadcrumb\"},\"inLanguage\":\"fr-FR\",\"potentialAction\":[{\"@type\":\"ReadAction\",\"target\":[\"https:\/\/www.africascoop.net\/index.php\/2025\/12\/17\/mali-le-precheur-aboubacar-sow-sattaque-a-la-propagande-terroriste\/\"]}]},{\"@type\":\"ImageObject\",\"inLanguage\":\"fr-FR\",\"@id\":\"https:\/\/www.africascoop.net\/index.php\/2025\/12\/17\/mali-le-precheur-aboubacar-sow-sattaque-a-la-propagande-terroriste\/#primaryimage\",\"url\":\"https:\/\/www.africascoop.net\/wp-content\/uploads\/2025\/12\/sow.jpg\",\"contentUrl\":\"https:\/\/www.africascoop.net\/wp-content\/uploads\/2025\/12\/sow.jpg\",\"width\":1366,\"height\":768},{\"@type\":\"BreadcrumbList\",\"@id\":\"https:\/\/www.africascoop.net\/index.php\/2025\/12\/17\/mali-le-precheur-aboubacar-sow-sattaque-a-la-propagande-terroriste\/#breadcrumb\",\"itemListElement\":[{\"@type\":\"ListItem\",\"position\":1,\"name\":\"Accueil\",\"item\":\"http:\/\/www.africascoop.net\/\"},{\"@type\":\"ListItem\",\"position\":2,\"name\":\"Mali : le pr\u00eacheur Aboubacar Sow s\u2019attaque \u00e0 la propagande terroriste\"}]},{\"@type\":\"WebSite\",\"@id\":\"http:\/\/www.africascoop.net\/#website\",\"url\":\"http:\/\/www.africascoop.net\/\",\"name\":\"Actualit\u00e9s Africaines\",\"description\":\"\",\"publisher\":{\"@id\":\"http:\/\/www.africascoop.net\/#organization\"},\"potentialAction\":[{\"@type\":\"SearchAction\",\"target\":{\"@type\":\"EntryPoint\",\"urlTemplate\":\"http:\/\/www.africascoop.net\/?s={search_term_string}\"},\"query-input\":{\"@type\":\"PropertyValueSpecification\",\"valueRequired\":true,\"valueName\":\"search_term_string\"}}],\"inLanguage\":\"fr-FR\"},{\"@type\":\"Organization\",\"@id\":\"http:\/\/www.africascoop.net\/#organization\",\"name\":\"Actualit\u00e9s Africaines\",\"url\":\"http:\/\/www.africascoop.net\/\",\"logo\":{\"@type\":\"ImageObject\",\"inLanguage\":\"fr-FR\",\"@id\":\"http:\/\/www.africascoop.net\/#\/schema\/logo\/image\/\",\"url\":\"https:\/\/www.africascoop.net\/wp-content\/uploads\/2025\/09\/cropped-logo-2.jpg\",\"contentUrl\":\"https:\/\/www.africascoop.net\/wp-content\/uploads\/2025\/09\/cropped-logo-2.jpg\",\"width\":945,\"height\":591,\"caption\":\"Actualit\u00e9s Africaines\"},\"image\":{\"@id\":\"http:\/\/www.africascoop.net\/#\/schema\/logo\/image\/\"}},{\"@type\":\"Person\",\"@id\":\"http:\/\/www.africascoop.net\/#\/schema\/person\/2cbcc632c110d739d93a6b196c67230a\",\"name\":\"Africascoop\",\"image\":{\"@type\":\"ImageObject\",\"inLanguage\":\"fr-FR\",\"@id\":\"http:\/\/www.africascoop.net\/#\/schema\/person\/image\/\",\"url\":\"https:\/\/secure.gravatar.com\/avatar\/230d851f5173f64fe9487b948bd2daf02707ef49aea942bc1bdad649c82025b9?s=96&d=mm&r=g\",\"contentUrl\":\"https:\/\/secure.gravatar.com\/avatar\/230d851f5173f64fe9487b948bd2daf02707ef49aea942bc1bdad649c82025b9?s=96&d=mm&r=g\",\"caption\":\"Africascoop\"},\"url\":\"https:\/\/www.africascoop.net\/index.php\/author\/jul\/\"}]}<\/script>\n<!-- \/ Yoast SEO plugin. -->","yoast_head_json":{"title":"Mali : le pr\u00eacheur Aboubacar Sow s\u2019attaque \u00e0 la propagande terroriste - Actualit\u00e9s Africaines","robots":{"index":"index","follow":"follow","max-snippet":"max-snippet:-1","max-image-preview":"max-image-preview:large","max-video-preview":"max-video-preview:-1"},"canonical":"https:\/\/www.africascoop.net\/index.php\/2025\/12\/17\/mali-le-precheur-aboubacar-sow-sattaque-a-la-propagande-terroriste\/","og_locale":"fr_FR","og_type":"article","og_title":"Mali : le pr\u00eacheur Aboubacar Sow s\u2019attaque \u00e0 la propagande terroriste - Actualit\u00e9s Africaines","og_description":"\u00c0 Bamako, Aboubacar Sow, pr\u00eacheur engag\u00e9 et pr\u00e9sident de l\u2019Association des Trois Testaments pour la Paix, a d\u00e9cid\u00e9","og_url":"https:\/\/www.africascoop.net\/index.php\/2025\/12\/17\/mali-le-precheur-aboubacar-sow-sattaque-a-la-propagande-terroriste\/","og_site_name":"Actualit\u00e9s Africaines","article_published_time":"2025-12-17T11:18:41+00:00","article_modified_time":"2025-12-17T11:18:47+00:00","og_image":[{"url":"https:\/\/www.africascoop.net\/wp-content\/uploads\/2025\/12\/sow.jpg","type":"","width":"","height":""}],"author":"Africascoop","twitter_card":"summary_large_image","twitter_misc":{"\u00c9crit par":"Africascoop","Dur\u00e9e de lecture estim\u00e9e":"2 minutes"},"schema":{"@context":"https:\/\/schema.org","@graph":[{"@type":"Article","@id":"https:\/\/www.africascoop.net\/index.php\/2025\/12\/17\/mali-le-precheur-aboubacar-sow-sattaque-a-la-propagande-terroriste\/#article","isPartOf":{"@id":"https:\/\/www.africascoop.net\/index.php\/2025\/12\/17\/mali-le-precheur-aboubacar-sow-sattaque-a-la-propagande-terroriste\/"},"author":{"name":"Africascoop","@id":"http:\/\/www.africascoop.net\/#\/schema\/person\/2cbcc632c110d739d93a6b196c67230a"},"headline":"Mali : le pr\u00eacheur Aboubacar Sow s\u2019attaque \u00e0 la propagande terroriste","datePublished":"2025-12-17T11:18:41+00:00","dateModified":"2025-12-17T11:18:47+00:00","mainEntityOfPage":{"@id":"https:\/\/www.africascoop.net\/index.php\/2025\/12\/17\/mali-le-precheur-aboubacar-sow-sattaque-a-la-propagande-terroriste\/"},"wordCount":307,"commentCount":0,"publisher":{"@id":"http:\/\/www.africascoop.net\/#organization"},"image":{"@id":"https:\/\/www.africascoop.net\/index.php\/2025\/12\/17\/mali-le-precheur-aboubacar-sow-sattaque-a-la-propagande-terroriste\/#primaryimage"},"thumbnailUrl":"https:\/\/www.africascoop.net\/wp-content\/uploads\/2025\/12\/sow.jpg","articleSection":["Exclusif","Justice"],"inLanguage":"fr-FR","potentialAction":[{"@type":"CommentAction","name":"Comment","target":["https:\/\/www.africascoop.net\/index.php\/2025\/12\/17\/mali-le-precheur-aboubacar-sow-sattaque-a-la-propagande-terroriste\/#respond"]}]},{"@type":"WebPage","@id":"https:\/\/www.africascoop.net\/index.php\/2025\/12\/17\/mali-le-precheur-aboubacar-sow-sattaque-a-la-propagande-terroriste\/","url":"https:\/\/www.africascoop.net\/index.php\/2025\/12\/17\/mali-le-precheur-aboubacar-sow-sattaque-a-la-propagande-terroriste\/","name":"Mali : le pr\u00eacheur Aboubacar Sow s\u2019attaque \u00e0 la propagande terroriste - Actualit\u00e9s Africaines","isPartOf":{"@id":"http:\/\/www.africascoop.net\/#website"},"primaryImageOfPage":{"@id":"https:\/\/www.africascoop.net\/index.php\/2025\/12\/17\/mali-le-precheur-aboubacar-sow-sattaque-a-la-propagande-terroriste\/#primaryimage"},"image":{"@id":"https:\/\/www.africascoop.net\/index.php\/2025\/12\/17\/mali-le-precheur-aboubacar-sow-sattaque-a-la-propagande-terroriste\/#primaryimage"},"thumbnailUrl":"https:\/\/www.africascoop.net\/wp-content\/uploads\/2025\/12\/sow.jpg","datePublished":"2025-12-17T11:18:41+00:00","dateModified":"2025-12-17T11:18:47+00:00","breadcrumb":{"@id":"https:\/\/www.africascoop.net\/index.php\/2025\/12\/17\/mali-le-precheur-aboubacar-sow-sattaque-a-la-propagande-terroriste\/#breadcrumb"},"inLanguage":"fr-FR","potentialAction":[{"@type":"ReadAction","target":["https:\/\/www.africascoop.net\/index.php\/2025\/12\/17\/mali-le-precheur-aboubacar-sow-sattaque-a-la-propagande-terroriste\/"]}]},{"@type":"ImageObject","inLanguage":"fr-FR","@id":"https:\/\/www.africascoop.net\/index.php\/2025\/12\/17\/mali-le-precheur-aboubacar-sow-sattaque-a-la-propagande-terroriste\/#primaryimage","url":"https:\/\/www.africascoop.net\/wp-content\/uploads\/2025\/12\/sow.jpg","contentUrl":"https:\/\/www.africascoop.net\/wp-content\/uploads\/2025\/12\/sow.jpg","width":1366,"height":768},{"@type":"BreadcrumbList","@id":"https:\/\/www.africascoop.net\/index.php\/2025\/12\/17\/mali-le-precheur-aboubacar-sow-sattaque-a-la-propagande-terroriste\/#breadcrumb","itemListElement":[{"@type":"ListItem","position":1,"name":"Accueil","item":"http:\/\/www.africascoop.net\/"},{"@type":"ListItem","position":2,"name":"Mali : le pr\u00eacheur Aboubacar Sow s\u2019attaque \u00e0 la propagande terroriste"}]},{"@type":"WebSite","@id":"http:\/\/www.africascoop.net\/#website","url":"http:\/\/www.africascoop.net\/","name":"Actualit\u00e9s Africaines","description":"","publisher":{"@id":"http:\/\/www.africascoop.net\/#organization"},"potentialAction":[{"@type":"SearchAction","target":{"@type":"EntryPoint","urlTemplate":"http:\/\/www.africascoop.net\/?s={search_term_string}"},"query-input":{"@type":"PropertyValueSpecification","valueRequired":true,"valueName":"search_term_string"}}],"inLanguage":"fr-FR"},{"@type":"Organization","@id":"http:\/\/www.africascoop.net\/#organization","name":"Actualit\u00e9s Africaines","url":"http:\/\/www.africascoop.net\/","logo":{"@type":"ImageObject","inLanguage":"fr-FR","@id":"http:\/\/www.africascoop.net\/#\/schema\/logo\/image\/","url":"https:\/\/www.africascoop.net\/wp-content\/uploads\/2025\/09\/cropped-logo-2.jpg","contentUrl":"https:\/\/www.africascoop.net\/wp-content\/uploads\/2025\/09\/cropped-logo-2.jpg","width":945,"height":591,"caption":"Actualit\u00e9s Africaines"},"image":{"@id":"http:\/\/www.africascoop.net\/#\/schema\/logo\/image\/"}},{"@type":"Person","@id":"http:\/\/www.africascoop.net\/#\/schema\/person\/2cbcc632c110d739d93a6b196c67230a","name":"Africascoop","image":{"@type":"ImageObject","inLanguage":"fr-FR","@id":"http:\/\/www.africascoop.net\/#\/schema\/person\/image\/","url":"https:\/\/secure.gravatar.com\/avatar\/230d851f5173f64fe9487b948bd2daf02707ef49aea942bc1bdad649c82025b9?s=96&d=mm&r=g","contentUrl":"https:\/\/secure.gravatar.com\/avatar\/230d851f5173f64fe9487b948bd2daf02707ef49aea942bc1bdad649c82025b9?s=96&d=mm&r=g","caption":"Africascoop"},"url":"https:\/\/www.africascoop.net\/index.php\/author\/jul\/"}]}},"_links":{"self":[{"href":"https:\/\/www.africascoop.net\/index.php\/wp-json\/wp\/v2\/posts\/996","targetHints":{"allow":["GET"]}}],"collection":[{"href":"https:\/\/www.africascoop.net\/index.php\/wp-json\/wp\/v2\/posts"}],"about":[{"href":"https:\/\/www.africascoop.net\/index.php\/wp-json\/wp\/v2\/types\/post"}],"author":[{"embeddable":true,"href":"https:\/\/www.africascoop.net\/index.php\/wp-json\/wp\/v2\/users\/3"}],"replies":[{"embeddable":true,"href":"https:\/\/www.africascoop.net\/index.php\/wp-json\/wp\/v2\/comments?post=996"}],"version-history":[{"count":1,"href":"https:\/\/www.africascoop.net\/index.php\/wp-json\/wp\/v2\/posts\/996\/revisions"}],"predecessor-version":[{"id":999,"href":"https:\/\/www.africascoop.net\/index.php\/wp-json\/wp\/v2\/posts\/996\/revisions\/999"}],"wp:attachment":[{"href":"https:\/\/www.africascoop.net\/index.php\/wp-json\/wp\/v2\/media?parent=996"}],"wp:term":[{"taxonomy":"category","embeddable":true,"href":"https:\/\/www.africascoop.net\/index.php\/wp-json\/wp\/v2\/categories?post=996"},{"taxonomy":"post_tag","embeddable":true,"href":"https:\/\/www.africascoop.net\/index.php\/wp-json\/wp\/v2\/tags?post=996"}],"curies":[{"name":"wp","href":"https:\/\/api.w.org\/{rel}","templated":true}]}}